{"id":3265,"date":"2016-01-26T09:40:19","date_gmt":"2016-01-26T08:40:19","guid":{"rendered":"https:\/\/www.herole.de\/blog\/?p=3265"},"modified":"2024-10-01T13:58:09","modified_gmt":"2024-10-01T11:58:09","slug":"klassenfahrtregelungen-bayern","status":"publish","type":"post","link":"https:\/\/www.herole.de\/blog\/klassenfahrtregelungen-bayern\/","title":{"rendered":"Alles \u00fcber Klassenfahrten in Bayern"},"content":{"rendered":"\t\t<div data-elementor-type=\"wp-post\" data-elementor-id=\"3265\" class=\"elementor elementor-3265\" data-elementor-post-type=\"post\">\n\t\t\t\t\t\t<section class=\"elementor-section elementor-top-section elementor-element elementor-element-45094536 elementor-section-boxed elementor-section-height-default elementor-section-height-default\" data-id=\"45094536\" data-element_type=\"section\">\n\t\t\t\t\t\t<div class=\"elementor-container elementor-column-gap-default\">\n\t\t\t\t\t<div class=\"elementor-column elementor-col-100 elementor-top-column elementor-element elementor-element-6a5920e7\" data-id=\"6a5920e7\" data-element_type=\"column\">\n\t\t\t<div class=\"elementor-widget-wrap elementor-element-populated\">\n\t\t\t\t\t\t<div class=\"elementor-element elementor-element-b1cee9d elementor-widget elementor-widget-text-editor\" data-id=\"b1cee9d\" data-element_type=\"widget\" data-widget_type=\"text-editor.default\">\n\t\t\t\t<div class=\"elementor-widget-container\">\n\t\t\t\t\t\t\t\t\t<h2>Art und Dauer von Sch\u00fclerfahrten<\/h2><p>Grunds\u00e4tzlich gilt: Eine Sch\u00fclerfahrt ist eine Schulveranstaltung. Sie steht im Aufsichtsbereich der Schule und im Zusammenhang mit dem Schulbesuch. Daher d\u00fcrfen\u00a0Sch\u00fclerfahrten grunds\u00e4tzlich nicht in den Ferien stattfinden.<\/p><p>Als <a href=\"https:\/\/www.herole.de\/klassenfahrten\"><strong>Sch\u00fclerfahrten<\/strong><\/a> gelten im Sinne der\u00a0Bekanntmachung des Bayerischen Staatsministeriums\u00a0f\u00fcr Unterricht und Kultus\u00a0vom 9. Juli 2010 unter anderem Schullandheimaufenthalte, Schul- und\u00a0Studienfahrten, Fachexkursionen, Sch\u00fclerwanderungen und\u00a0Skikurse. Der internationale Sch\u00fcleraustausch f\u00e4llt nicht in diese Kategorie.<\/p><p>Jede Schule stellt ihr Fahrtenprogramm\u00a0f\u00fcr das Schuljahr selbst zusammen. Wie viele Fahrten durchgef\u00fchrt werden, welche p\u00e4dagogischen Ziele sie verfolgen und wie die Fahrt gestaltet ist, richtet sich nach dem Budget und den Mitteln, die der Schule f\u00fcr die Erstattung der Reisekosten der Lehrkr\u00e4fte zur Verf\u00fcgung\u00a0stehen.<\/p>\t\t\t\t\t\t\t\t<\/div>\n\t\t\t\t<\/div>\n\t\t\t\t<section class=\"elementor-section elementor-inner-section elementor-element elementor-element-d63d7be elementor-section-boxed elementor-section-height-default elementor-section-height-default\" data-id=\"d63d7be\" data-element_type=\"section\">\n\t\t\t\t\t\t<div class=\"elementor-container elementor-column-gap-default\">\n\t\t\t\t\t<div class=\"elementor-column elementor-col-50 elementor-inner-column elementor-element elementor-element-409184a auto-width\" data-id=\"409184a\" data-element_type=\"column\">\n\t\t\t<div class=\"elementor-widget-wrap elementor-element-populated\">\n\t\t\t\t\t\t<div class=\"elementor-element elementor-element-8ede1e3 elementor-view-default elementor-widget elementor-widget-icon\" data-id=\"8ede1e3\" data-element_type=\"widget\" data-widget_type=\"icon.default\">\n\t\t\t\t<div class=\"elementor-widget-container\">\n\t\t\t\t\t\t\t<div class=\"elementor-icon-wrapper\">\n\t\t\t<div class=\"elementor-icon\">\n\t\t\t<i aria-hidden=\"true\" class=\"icon icon-blog_tip\"><\/i>\t\t\t<\/div>\n\t\t<\/div>\n\t\t\t\t\t\t<\/div>\n\t\t\t\t<\/div>\n\t\t\t\t\t<\/div>\n\t\t<\/div>\n\t\t\t\t<div class=\"elementor-column elementor-col-50 elementor-inner-column elementor-element elementor-element-7826b36\" data-id=\"7826b36\" data-element_type=\"column\">\n\t\t\t<div class=\"elementor-widget-wrap elementor-element-populated\">\n\t\t\t\t\t\t<div class=\"elementor-element elementor-element-70c8ab0 tip elementor-widget elementor-widget-text-editor\" data-id=\"70c8ab0\" data-element_type=\"widget\" data-widget_type=\"text-editor.default\">\n\t\t\t\t<div class=\"elementor-widget-container\">\n\t\t\t\t\t\t\t\t\t<p>Damit Wassersport im Rahmen von Klassenfahrten ein sicheres Erlebnis bleibt, haben wir in unserem Blogartikel \u201e<a href=\"https:\/\/www.herole.de\/blog\/schwimmen-auf-klassenfahrt\/\">Schwimmen auf Klassenfahrt<\/a>\u201c viele wissenswerte Regeln und Tipps zur Aufsichtsf\u00fchrung zusammengetragen.<\/p>\t\t\t\t\t\t\t\t<\/div>\n\t\t\t\t<\/div>\n\t\t\t\t\t<\/div>\n\t\t<\/div>\n\t\t\t\t\t<\/div>\n\t\t<\/section>\n\t\t\t\t<div class=\"elementor-element elementor-element-c65ef51 elementor-widget elementor-widget-text-editor\" data-id=\"c65ef51\" data-element_type=\"widget\" data-widget_type=\"text-editor.default\">\n\t\t\t\t<div class=\"elementor-widget-container\">\n\t\t\t\t\t\t\t\t\t<h2>Vorbereitung und Genehmigungen<\/h2><p>Die Entscheidung ob die <a href=\"https:\/\/www.herole.de\/klassenfahrten-ruegen\">Klassenfahrt z.B. nach R\u00fcgen<\/a> geht, oder es doch eine <a href=\"https:\/\/www.herole.de\/klassenfahrten-paris\">Klassenfahrt nach Paris<\/a> sein soll, sowie p\u00e4dagogische Ziele, Dauer, Verpflichtung der Teilnahme und teilnehmende Klassen trifft in Bayern die <strong>Lehrerkonferenz <\/strong>f\u00fcr das jeweilige Schuljahr, wobei immer die Lehrplaninhalte ber\u00fccksichtigt werden m\u00fcssen. Auch der <strong>Sch\u00fclerausschuss<\/strong>\u00a0und der Elternbeirat in Abh\u00e4ngigkeit der jeweiligen Schulordnung sind anzuh\u00f6ren. Die letztendliche Entscheidung \u00fcber Reisezeitpunktund Personaleinsatz bleibt jedoch dem <strong>Schulleiter<\/strong> vorbehalten.<\/p><p>Wenn die Sch\u00fcler noch nicht vollj\u00e4hrig sind, brauchen sie f\u00fcr die Teilnahme eine\u00a0schriftliche <strong>Einverst\u00e4ndniserkl\u00e4rung der Erziehungsberechtigten<\/strong>. Alle\u00a0Sch\u00fcler sollten an einer Sch\u00fclerfahrt teilnehmen. Ist ihnen das in begr\u00fcndeten Ausnahmef\u00e4llen nicht m\u00f6glich oder ist ihnen die Teilnahme freigestellt, m\u00fcssen sie w\u00e4hrenddessen\u00a0andere Klassen oder sonstige Schulveranstaltungen\u00a0besuchen.<\/p><p>Bei der Suche der <strong>Unterkunft<\/strong> muss darauf geachtet werden, dass bei gemischten Gruppen eine geschlechterspezifische Trennung von Schlafr\u00e4umen,\u00a0Waschr\u00e4umen und Toiletten gew\u00e4hrleistet ist. F\u00fcr die Gestaltung der Fahrt d\u00fcrfen\u00a0auch <strong>kommerzielle Angebote<\/strong> wahrgenommen\u00a0werden, die Unterweisung in lehrplanrelevante Inhalte muss jedoch trotzdem der Lehrer \u00fcbernehmen. Ausgenommen hiervon sind\u00a0<strong>befristete Schnupperangebote,<\/strong> wie z.B. Sportaktivit\u00e4ten. Hier darf die Unterweisung auch durch den Anbieter erfolgen, solange der Lehrer\u00a0jedoch mit den Sicherheitsanforderungen der\u00a0Sportart vertraut ist.<\/p><p>Auch in puncto<strong> Gesundheit<\/strong> sind einige Vorbereitungen zu treffen: Der Lehrer muss auf einer Klassenfahrt ein Erste-Hilfe-Set\u00a0inklusive Verbandszeug mitf\u00fchren.\u00a0Die Eltern m\u00fcssen die Lehrkraft im Vorfeld dar\u00fcber informieren, wenn ihr Kind regelm\u00e4\u00dfig Medikamente einnehmen muss oder Allergien und sonstige gesundheitliche Einschr\u00e4nkungen aufweist.\u00a0Ist der Sch\u00fcler nicht in der Lage, sich\u00a0selbst zu behandeln (z.B. mit Medikamenten, Spritzen etc.), muss die medizinische\u00a0Versorgung anderweitig sichergestellt werden, indem beispielsweise ein Erziehungsberechtigter an der Fahrt teilnimmt.<\/p>\t\t\t\t\t\t\t\t<\/div>\n\t\t\t\t<\/div>\n\t\t\t\t<div class=\"elementor-element elementor-element-63a6eb8 elementor-cta--valign-top lines lines-2 elementor-cta--skin-classic elementor-animated-content elementor-bg-transform elementor-bg-transform-zoom-in elementor-widget elementor-widget-call-to-action\" data-id=\"63a6eb8\" data-element_type=\"widget\" data-widget_type=\"call-to-action.default\">\n\t\t\t\t<div class=\"elementor-widget-container\">\n\t\t\t\t\t\t\t<div class=\"elementor-cta\">\n\t\t\t\t\t\t\t<div class=\"elementor-cta__content\">\n\t\t\t\t\n\t\t\t\t\t\t\t\t\t<h2 class=\"elementor-cta__title elementor-cta__content-item elementor-content-item\">\n\t\t\t\t\t\tUnsere Angebote\t\t\t\t\t<\/h2>\n\t\t\t\t\n\t\t\t\t\t\t\t\t\t<div class=\"elementor-cta__description elementor-cta__content-item elementor-content-item\">\n\t\t\t\t\t\tStellen Sie sich jetzt Ihre individuelle Reise zusammen !\t\t\t\t\t<\/div>\n\t\t\t\t\n\t\t\t\t\t\t\t\t\t<div class=\"elementor-cta__button-wrapper elementor-cta__content-item elementor-content-item \">\n\t\t\t\t\t<a class=\"elementor-cta__button elementor-button elementor-size-\" href=\"https:\/\/www.herole.de\/klassenfahrten-bayern\" target=\"_blank\">\n\t\t\t\t\t\tMehr dazu\t\t\t\t\t<\/a>\n\t\t\t\t\t<\/div>\n\t\t\t\t\t\t\t<\/div>\n\t\t\t\t\t\t<\/div>\n\t\t\t\t\t\t<\/div>\n\t\t\t\t<\/div>\n\t\t\t\t<div class=\"elementor-element elementor-element-7e339b0 elementor-widget elementor-widget-text-editor\" data-id=\"7e339b0\" data-element_type=\"widget\" data-widget_type=\"text-editor.default\">\n\t\t\t\t<div class=\"elementor-widget-container\">\n\t\t\t\t\t\t\t\t\t<h2>Aufsicht und Begleitpersonen<\/h2><p>Jede Gruppe muss bei einer mehrt\u00e4gigen Sch\u00fclerfahrt durch <strong>zwei Personen<\/strong>, darunter mindestens eine Lehrkraft, begleitet werden. Die Lehrkraft ist gegen\u00fcber den anderen Begleitpersonen weisungsberechtigt.\u00a0Auch wenn kommerzielle Angebote wahrgenommen werden, bleibt die Aufsichtspflicht bei den Begleitpersonen.<\/p><p>Die <strong>Begleitpersonen<\/strong> werden vom Schulleiter ausgesucht. Ihre Anzahl richtet sich nach den Anforderungen an die Sch\u00fcler, ihrem\u00a0Alter und der Art der Sch\u00fclerfahrt.\u00a0Bei mehrt\u00e4gigen Fahrten gemischter Gruppen ab Jahrgangsstufe 5 ist die Teilnahme von mindestens einer m\u00e4nnlichen und\u00a0einer weiblichen Begleitperson erforderlich. Mindestens eine der Begleitpersonen muss mit <strong>Erste-Hilfe-Ma\u00dfnahmen<\/strong> vertraut zu sein. Ist Wassersport geplant, muss mindestens eine Begleitperson <strong>rettungsf\u00e4hig<\/strong> sein\u00a0(Mindestqualifikation: Rettungsschwimmabzeichen Bronze).<\/p><p>Der <strong>Umfang der Aufsichtspflicht<\/strong> richtet sich nach der Reife der Sch\u00fcler und der Art der\u00a0Sch\u00fclerfahrt. Dabei ist auf die Einhaltung der Schulordnung und\u00a0des Jugendschutzgesetzes zu achten. Der Konsum von Nikotin,\u00a0<a href=\"https:\/\/www.herole.de\/blog\/alkohol-auf-klassenfahrt\/\" target=\"_blank\" rel=\"noopener\">alkoholischen Getr\u00e4nken<\/a> und sonstigen Rauschmitteln ist untersagt.\u00a0Ab Jahrgangsstufe 10 kann den Sch\u00fclern erlaubt werden,<strong>\u00a0in kleinen Gruppen<\/strong>\u00a0<strong>auszugehen<\/strong>, jedoch\u00a0ist bei nicht vollj\u00e4hrigen\u00a0Sch\u00fclern hierf\u00fcr die schriftliche Zustimmung der Erziehungsberechtigten erforderlich. Au\u00dferdem ist der genaue Zeitpunkt der\u00a0R\u00fcckkehr festzulegen.<\/p>\t\t\t\t\t\t\t\t<\/div>\n\t\t\t\t<\/div>\n\t\t\t\t<section class=\"elementor-section elementor-inner-section elementor-element elementor-element-c14dfde elementor-section-boxed elementor-section-height-default elementor-section-height-default\" data-id=\"c14dfde\" data-element_type=\"section\">\n\t\t\t\t\t\t<div class=\"elementor-container elementor-column-gap-default\">\n\t\t\t\t\t<div class=\"elementor-column elementor-col-50 elementor-inner-column elementor-element elementor-element-30c443d auto-width\" data-id=\"30c443d\" data-element_type=\"column\">\n\t\t\t<div class=\"elementor-widget-wrap elementor-element-populated\">\n\t\t\t\t\t\t<div class=\"elementor-element elementor-element-96e02ba elementor-view-default elementor-widget elementor-widget-icon\" data-id=\"96e02ba\" data-element_type=\"widget\" data-widget_type=\"icon.default\">\n\t\t\t\t<div class=\"elementor-widget-container\">\n\t\t\t\t\t\t\t<div class=\"elementor-icon-wrapper\">\n\t\t\t<div class=\"elementor-icon\">\n\t\t\t<i aria-hidden=\"true\" class=\"icon icon-blog_tip\"><\/i>\t\t\t<\/div>\n\t\t<\/div>\n\t\t\t\t\t\t<\/div>\n\t\t\t\t<\/div>\n\t\t\t\t\t<\/div>\n\t\t<\/div>\n\t\t\t\t<div class=\"elementor-column elementor-col-50 elementor-inner-column elementor-element elementor-element-3d99105\" data-id=\"3d99105\" data-element_type=\"column\">\n\t\t\t<div class=\"elementor-widget-wrap elementor-element-populated\">\n\t\t\t\t\t\t<div class=\"elementor-element elementor-element-b99f3fc tip elementor-widget elementor-widget-text-editor\" data-id=\"b99f3fc\" data-element_type=\"widget\" data-widget_type=\"text-editor.default\">\n\t\t\t\t<div class=\"elementor-widget-container\">\n\t\t\t\t\t\t\t\t\t<p>Die Eltern sind darauf hinzuweisen, dass Sch\u00fcler, die sich \u00fcber die getroffenen Regeln hinwegsetzen, unter Umst\u00e4nden ihren gesetzlichen Schutz f\u00fcr die Unfallversicherung verlieren. Zudem k\u00f6nnen Sch\u00fcler, die den Ablauf und das Gelingen der Sch\u00fclerfahrt durch ihr Verhalten behindern, fr\u00fchzeitig nachhause geschickt werden. Die f\u00fcr die Heimreise entstehenden Kosten haben die Erziehungsberechtigten bzw. die vollj\u00e4hrigen Sch\u00fcler dann selbst zu tragen.<\/p>\t\t\t\t\t\t\t\t<\/div>\n\t\t\t\t<\/div>\n\t\t\t\t\t<\/div>\n\t\t<\/div>\n\t\t\t\t\t<\/div>\n\t\t<\/section>\n\t\t\t\t<div class=\"elementor-element elementor-element-623433f elementor-widget elementor-widget-text-editor\" data-id=\"623433f\" data-element_type=\"widget\" data-widget_type=\"text-editor.default\">\n\t\t\t\t<div class=\"elementor-widget-container\">\n\t\t\t\t\t\t\t\t\t<h2>Kosten und Finanzen<\/h2><p>Die entstehenden Kosten sind von den\u00a0Erziehungsberechtigten bzw. den vollj\u00e4hrigen Sch\u00fclern zu tragen und m\u00fcssen sich deshalb\u00a0in einem <strong>zumutbaren Rahmen<\/strong> halten. Speziell Sch\u00fclern aus finanziell\u00a0schlechter gestellten Familien sollte die Teilnahme erm\u00f6glicht werden. In diesem Fall sollten die Erziehungsberechtigten diskret \u00fcber\u00a0<strong>M\u00f6glichkeiten der Unterst\u00fctzung<\/strong> informiert werden.<\/p>\t\t\t\t\t\t\t\t<\/div>\n\t\t\t\t<\/div>\n\t\t\t\t<div class=\"elementor-element elementor-element-d9fb6c5 elementor-cta--valign-top lines lines-1 elementor-cta--skin-classic elementor-animated-content elementor-bg-transform elementor-bg-transform-zoom-in elementor-widget elementor-widget-call-to-action\" data-id=\"d9fb6c5\" data-element_type=\"widget\" data-widget_type=\"call-to-action.default\">\n\t\t\t\t<div class=\"elementor-widget-container\">\n\t\t\t\t\t\t\t<div class=\"elementor-cta\">\n\t\t\t\t\t\t\t<div class=\"elementor-cta__content\">\n\t\t\t\t\n\t\t\t\t\t\t\t\t\t<h2 class=\"elementor-cta__title elementor-cta__content-item elementor-content-item\">\n\t\t\t\t\t\tLesetipp\t\t\t\t\t<\/h2>\n\t\t\t\t\n\t\t\t\t\t\t\t\t\t<div class=\"elementor-cta__description elementor-cta__content-item elementor-content-item\">\n\t\t\t\t\t\t\u00dcber das Bildungs- und Teilhabepaket der Bundesregierung f\u00fcr Familien in finanziellen Engp\u00e4ssen sowie \u00fcber viele andere Finanzzusch\u00fcsse informieren wir ausf\u00fchrlich in unserem Artikel \u201eF\u00f6rderungsm\u00f6glichkeiten f\u00fcr Klassenfahrten\".\t\t\t\t\t<\/div>\n\t\t\t\t\n\t\t\t\t\t\t\t\t\t<div class=\"elementor-cta__button-wrapper elementor-cta__content-item elementor-content-item \">\n\t\t\t\t\t<a class=\"elementor-cta__button elementor-button elementor-size-\" href=\"https:\/\/www.herole.de\/blog\/foerderung-moeglichkeiten-klassenfahrten\/\" target=\"_blank\">\n\t\t\t\t\t\tJetzt mehr erfahren\t\t\t\t\t<\/a>\n\t\t\t\t\t<\/div>\n\t\t\t\t\t\t\t<\/div>\n\t\t\t\t\t\t<\/div>\n\t\t\t\t\t\t<\/div>\n\t\t\t\t<\/div>\n\t\t\t\t<div class=\"elementor-element elementor-element-28eae25 elementor-widget elementor-widget-text-editor\" data-id=\"28eae25\" data-element_type=\"widget\" data-widget_type=\"text-editor.default\">\n\t\t\t\t<div class=\"elementor-widget-container\">\n\t\t\t\t\t\t\t\t\t<h2>Versicherungen<\/h2><p>Lehrer sind im Rahmen der <strong>beamtenrechtlichen Unfallf\u00fcrsorge<\/strong> bzw. der gesetzlichen\u00a0Unfallversicherung versichert. Begleitpersonen sind\u00a0im Rahmen der <strong>gesetzlichen Unfallversicherung<\/strong> versichert.\u00a0Lehrkr\u00e4fte, die Sch\u00fcler mit ihren privaten Kraftfahrzeugen bef\u00f6rdern,\u00a0genie\u00dfen f\u00fcr diese Fahrten <strong>Dienstunfallschutz<\/strong>, wenn diese vorher schriftlich als Dienstreise genehmigt\u00a0wurden. Gegebenenfalls besteht f\u00fcr Besch\u00e4ftigte des Freistaats Bayern Versicherungsschutz f\u00fcr\u00a0Sachsch\u00e4den am privaten Pkw.<\/p><p>Sch\u00fcler sind bei Schulfahrten im Rahmen der <strong>gesetzlichen\u00a0Sch\u00fclerunfallversicherung<\/strong> gegen k\u00f6rperliche Sch\u00e4den versichert. Das gilt in der Regel auch f\u00fcr Fahrten ins\u00a0Ausland. Daf\u00fcr sollten Eltern bei ihren gesetzlichen Krankenkassen jedoch eine\u00a0<strong>Anspruchsbescheinigung<\/strong> f\u00fcr die Inanspruchnahme der Leistungen im Ausland beantragen, die die Sch\u00fcler auf der Fahrt dann mit sich f\u00fchren.\u00a0Privatversicherte Sch\u00fcler sollten sich im Vorfeld nach ihrem Versicherungsumfang im Ausland erkundigen.<\/p>\t\t\t\t\t\t\t\t<\/div>\n\t\t\t\t<\/div>\n\t\t\t\t<section class=\"elementor-section elementor-inner-section elementor-element elementor-element-77263a0 elementor-section-boxed elementor-section-height-default elementor-section-height-default\" data-id=\"77263a0\" data-element_type=\"section\">\n\t\t\t\t\t\t<div class=\"elementor-container elementor-column-gap-default\">\n\t\t\t\t\t<div class=\"elementor-column elementor-col-50 elementor-inner-column elementor-element elementor-element-7d6dcb7 auto-width\" data-id=\"7d6dcb7\" data-element_type=\"column\">\n\t\t\t<div class=\"elementor-widget-wrap elementor-element-populated\">\n\t\t\t\t\t\t<div class=\"elementor-element elementor-element-0b2a85f elementor-view-default elementor-widget elementor-widget-icon\" data-id=\"0b2a85f\" data-element_type=\"widget\" data-widget_type=\"icon.default\">\n\t\t\t\t<div class=\"elementor-widget-container\">\n\t\t\t\t\t\t\t<div class=\"elementor-icon-wrapper\">\n\t\t\t<div class=\"elementor-icon\">\n\t\t\t<i aria-hidden=\"true\" class=\"icon icon-blog_tip\"><\/i>\t\t\t<\/div>\n\t\t<\/div>\n\t\t\t\t\t\t<\/div>\n\t\t\t\t<\/div>\n\t\t\t\t\t<\/div>\n\t\t<\/div>\n\t\t\t\t<div class=\"elementor-column elementor-col-50 elementor-inner-column elementor-element elementor-element-e75684f\" data-id=\"e75684f\" data-element_type=\"column\">\n\t\t\t<div class=\"elementor-widget-wrap elementor-element-populated\">\n\t\t\t\t\t\t<div class=\"elementor-element elementor-element-f41fa57 tip elementor-widget elementor-widget-text-editor\" data-id=\"f41fa57\" data-element_type=\"widget\" data-widget_type=\"text-editor.default\">\n\t\t\t\t<div class=\"elementor-widget-container\">\n\t\t\t\t\t\t\t\t\t<p>Es ist empfehlenswert, eine Haftpflichtversicherung f\u00fcr die gesamte Gruppe und gegebenenfalls eine Krankenversicherung f\u00fcr das Ausland abzuschlie\u00dfen. Die Kosten daf\u00fcr sind von den Eltern bzw. den vollj\u00e4hrigen Sch\u00fclern zu tragen.<\/p>\t\t\t\t\t\t\t\t<\/div>\n\t\t\t\t<\/div>\n\t\t\t\t\t<\/div>\n\t\t<\/div>\n\t\t\t\t\t<\/div>\n\t\t<\/section>\n\t\t\t\t<div class=\"elementor-element elementor-element-9d902d8 elementor-widget elementor-widget-text-editor\" data-id=\"9d902d8\" data-element_type=\"widget\" data-widget_type=\"text-editor.default\">\n\t\t\t\t<div class=\"elementor-widget-container\">\n\t\t\t\t\t\t\t\t\t<h2>An- und Abreise<\/h2><p>An- und\u00a0R\u00fcckreise erfolgen gemeinsam. Treff- und\u00a0Endpunkt sollten m\u00f6glichst <strong>in der\u00a0N\u00e4he der Schule<\/strong> liegen, in jedem Fall aber gut f\u00fcr die Sch\u00fcler erreichbar sein.\u00a0Grunds\u00e4tzlich ist die Bef\u00f6rderung mit <strong>\u00f6ffentlichen Verkehrsmitteln<\/strong>\u00a0durchzuf\u00fchren. Das schlie\u00dft die eventuell erforderliche Benutzung von privaten Bef\u00f6rderungsmitteln\u00a0ein.\u00a0Die Benutzung privater Kraftfahrzeuge durch Begleitpersonen und Sch\u00fcler\u00a0ist nicht bzw. nur in begr\u00fcndeten Ausnahmef\u00e4llen gestattet.<\/p><p>Sch\u00fclern und Erziehungsberichtigten sind vor der Sch\u00fclerfahrt genaue Anweisungen f\u00fcr die <strong>Heimfahrt<\/strong>\u00a0(Treffpunkt, Zeitpunkt, etc.) zu geben.<\/p><h2>Besonderheiten bei Skikursen<\/h2><p>Wenn ein Schulskikurs ansteht, muss die Leitung, Vorbereitung und Durchf\u00fchrung durch eine <strong>ausgebildete Lehrkraft der Schule<\/strong> erfolgen, die \u00fcber <strong>eine<\/strong> der\u00a0folgenden Qualifikationen verf\u00fcgt:<\/p>\t\t\t\t\t\t\t\t<\/div>\n\t\t\t\t<\/div>\n\t\t\t\t<div class=\"elementor-element elementor-element-856c198 elementor-icon-list--layout-traditional elementor-list-item-link-full_width elementor-widget elementor-widget-icon-list\" data-id=\"856c198\" data-element_type=\"widget\" data-widget_type=\"icon-list.default\">\n\t\t\t\t<div class=\"elementor-widget-container\">\n\t\t\t\t\t\t\t<ul class=\"elementor-icon-list-items\">\n\t\t\t\t\t\t\t<li class=\"elementor-icon-list-item\">\n\t\t\t\t\t\t\t\t\t\t\t<span class=\"elementor-icon-list-icon\">\n\t\t\t\t\t\t\t<i aria-hidden=\"true\" class=\"icon icon-ok\"><\/i>\t\t\t\t\t\t<\/span>\n\t\t\t\t\t\t\t\t\t\t<span class=\"elementor-icon-list-text\">Pr\u00fcfung im alpinen Skilauf im Rahmen eines Studien- bzw. Ausbildungsganges Sport,<\/span>\n\t\t\t\t\t\t\t\t\t<\/li>\n\t\t\t\t\t\t\t\t<li class=\"elementor-icon-list-item\">\n\t\t\t\t\t\t\t\t\t\t\t<span class=\"elementor-icon-list-icon\">\n\t\t\t\t\t\t\t<i aria-hidden=\"true\" class=\"icon icon-ok\"><\/i>\t\t\t\t\t\t<\/span>\n\t\t\t\t\t\t\t\t\t\t<span class=\"elementor-icon-list-text\">Erfolgreiche Teilnahme an einem im Rahmen der staatlichen Lehrerfortbildung durchgef\u00fchrten Lehrgang f\u00fcr Schulskikursleiter,<\/span>\n\t\t\t\t\t\t\t\t\t<\/li>\n\t\t\t\t\t\t\t\t<li class=\"elementor-icon-list-item\">\n\t\t\t\t\t\t\t\t\t\t\t<span class=\"elementor-icon-list-icon\">\n\t\t\t\t\t\t\t<i aria-hidden=\"true\" class=\"icon icon-ok\"><\/i>\t\t\t\t\t\t<\/span>\n\t\t\t\t\t\t\t\t\t\t<span class=\"elementor-icon-list-text\">Au\u00dferschulische Qualifikationen: staatlich gepr\u00fcfter Skilehrer, staatlich gepr\u00fcfter Snowboardlehrer, Verbandsskilehrer, Verbandssnowboardlehrer, DSVSkilehrer alpin, DSVSnowboardlehrer, gegebenenfalls staatlich gepr\u00fcfter Skilanglauflehrer, Verbandsskilanglauflehrer, DSVSkilehrer Langlauf.<\/span>\n\t\t\t\t\t\t\t\t\t<\/li>\n\t\t\t\t\t\t<\/ul>\n\t\t\t\t\t\t<\/div>\n\t\t\t\t<\/div>\n\t\t\t\t<div class=\"elementor-element elementor-element-94e4ece elementor-widget elementor-widget-text-editor\" data-id=\"94e4ece\" data-element_type=\"widget\" data-widget_type=\"text-editor.default\">\n\t\t\t\t<div class=\"elementor-widget-container\">\n\t\t\t\t\t\t\t\t\t<p>Die Sch\u00fcler sind\u00a0die <strong>Ski-und\u00a0Snowboardunterweisung<\/strong> in Niveaugruppen einzuteilen, die jeweils von\u00a0einem Kursgruppenleiter betreut werden. Die Gruppenst\u00e4rke soll dabei\u00a0<strong>zw\u00f6lf Sch\u00fcler<\/strong>\u00a0nicht \u00fcberschreiten. Die Unterweisung erfolgt durch Ski- und\u00a0Snowboardlehrkr\u00e4fte der Schule mit\u00a0der Lehrbef\u00e4higung in Sport, die\u00a0\u00fcber eine der folgenden Qualifikationen verf\u00fcgen:<\/p>\t\t\t\t\t\t\t\t<\/div>\n\t\t\t\t<\/div>\n\t\t\t\t<div class=\"elementor-element elementor-element-0afd334 elementor-icon-list--layout-traditional elementor-list-item-link-full_width elementor-widget elementor-widget-icon-list\" data-id=\"0afd334\" data-element_type=\"widget\" data-widget_type=\"icon-list.default\">\n\t\t\t\t<div class=\"elementor-widget-container\">\n\t\t\t\t\t\t\t<ul class=\"elementor-icon-list-items\">\n\t\t\t\t\t\t\t<li class=\"elementor-icon-list-item\">\n\t\t\t\t\t\t\t\t\t\t\t<span class=\"elementor-icon-list-icon\">\n\t\t\t\t\t\t\t<i aria-hidden=\"true\" class=\"icon icon-ok\"><\/i>\t\t\t\t\t\t<\/span>\n\t\t\t\t\t\t\t\t\t\t<span class=\"elementor-icon-list-text\">Pr\u00fcfung im alpinen Skilauf, Snowboardfahren bzw. Skilanglauf im Rahmen eines Studien- bzw. Ausbildungsganges Sport,<\/span>\n\t\t\t\t\t\t\t\t\t<\/li>\n\t\t\t\t\t\t\t\t<li class=\"elementor-icon-list-item\">\n\t\t\t\t\t\t\t\t\t\t\t<span class=\"elementor-icon-list-icon\">\n\t\t\t\t\t\t\t<i aria-hidden=\"true\" class=\"icon icon-ok\"><\/i>\t\t\t\t\t\t<\/span>\n\t\t\t\t\t\t\t\t\t\t<span class=\"elementor-icon-list-text\">Erfolgreiche Teilnahme an einem im Rahmen der staatlichen Lehrerfortbildung durchgef\u00fchrten Weiterbildungslehrgang im alpinen Skilauf, Snowboardfahren bzw. Skilanglauf, entsprechende fachsportspezifische au\u00dferschulische Qualifikation aus dem Bereich des Deutschen Skilehrerverbandes (DSLV) oder des Deutschen Skiverbandes (DSV) oder gleichwertiger Qualifikationsnachweis.<\/span>\n\t\t\t\t\t\t\t\t\t<\/li>\n\t\t\t\t\t\t<\/ul>\n\t\t\t\t\t\t<\/div>\n\t\t\t\t<\/div>\n\t\t\t\t<section class=\"elementor-section elementor-inner-section elementor-element elementor-element-01b87a0 elementor-section-boxed elementor-section-height-default elementor-section-height-default\" data-id=\"01b87a0\" data-element_type=\"section\">\n\t\t\t\t\t\t<div class=\"elementor-container elementor-column-gap-default\">\n\t\t\t\t\t<div class=\"elementor-column elementor-col-50 elementor-inner-column elementor-element elementor-element-0897acd auto-width\" data-id=\"0897acd\" data-element_type=\"column\">\n\t\t\t<div class=\"elementor-widget-wrap elementor-element-populated\">\n\t\t\t\t\t\t<div class=\"elementor-element elementor-element-b59b817 elementor-view-default elementor-widget elementor-widget-icon\" data-id=\"b59b817\" data-element_type=\"widget\" data-widget_type=\"icon.default\">\n\t\t\t\t<div class=\"elementor-widget-container\">\n\t\t\t\t\t\t\t<div class=\"elementor-icon-wrapper\">\n\t\t\t<div class=\"elementor-icon\">\n\t\t\t<i aria-hidden=\"true\" class=\"icon icon-blog_tip\"><\/i>\t\t\t<\/div>\n\t\t<\/div>\n\t\t\t\t\t\t<\/div>\n\t\t\t\t<\/div>\n\t\t\t\t\t<\/div>\n\t\t<\/div>\n\t\t\t\t<div class=\"elementor-column elementor-col-50 elementor-inner-column elementor-element elementor-element-cefe22e\" data-id=\"cefe22e\" data-element_type=\"column\">\n\t\t\t<div class=\"elementor-widget-wrap elementor-element-populated\">\n\t\t\t\t\t\t<div class=\"elementor-element elementor-element-ca23df6 tip elementor-widget elementor-widget-text-editor\" data-id=\"ca23df6\" data-element_type=\"widget\" data-widget_type=\"text-editor.default\">\n\t\t\t\t<div class=\"elementor-widget-container\">\n\t\t\t\t\t\t\t\t\t<p>In unserem Artikel \u201eWelche Ausr\u00fcstung brauche ich f\u00fcr den Skikurs?\u201c haben wir die wichtigsten Hinweise f\u00fcr geeignetes Ski-Equipment zusammengefasst.<\/p>\t\t\t\t\t\t\t\t<\/div>\n\t\t\t\t<\/div>\n\t\t\t\t\t<\/div>\n\t\t<\/div>\n\t\t\t\t\t<\/div>\n\t\t<\/section>\n\t\t\t\t<div class=\"elementor-element elementor-element-f1c1a4d elementor-widget elementor-widget-text-editor\" data-id=\"f1c1a4d\" data-element_type=\"widget\" data-widget_type=\"text-editor.default\">\n\t\t\t\t<div class=\"elementor-widget-container\">\n\t\t\t\t\t\t\t\t\t<p>Falls an der Schule nicht gen\u00fcgend Ski- und\u00a0Snowboardlehrkr\u00e4fte verf\u00fcgbar sind, kann der\u00a0Schulleiter auch andere Personen mit entsprechender, nachweisbarer Qualifikation einsetzen.\u00a0In begr\u00fcndeten Ausnahmef\u00e4llen k\u00f6nnen vom Schulleiter andere,\u00a0bereits in der sportlichen Unterweisung ins Ski- und im Snowboardfahren erfahrene\u00a0Lehrkr\u00e4fte der Schule eingesetzt werden.\u00a0Alle unterweisenden Personen m\u00fcssen <strong>in Erster Hilfe gepr\u00fcft<\/strong>\u00a0sein und sind an die Weisungen des Leiters\u00a0gebunden.<\/p><p>Alle Begleitpersonen sollen darauf achten, dass jeder Sch\u00fcler mit <strong>geeignetem\u00a0Equipment<\/strong> ausger\u00fcstet ist. Die Sicherheits- und Benutzungshinweise der Hersteller bei Skisportger\u00e4ten und\u00a0Snowboards m\u00fcssen beachtet werden. F\u00fcr die fachgerechte Einstellung der\u00a0Sicherheitsbindung sind die Erziehungsberechtigten verantwortlich. Dem Schulskikursleiter oder den Kursgruppenleitern wird jedoch dazu geraten, die Bindungseinstellung und den ordnungsgem\u00e4\u00dfen Zustand der\u00a0Bindungen vor Skikursbeginn zu kontrollieren.<\/p><p>Das <strong>Tragen von Skihelmen<\/strong> wird empfohlen, wobei l\u00e4nderspezifische Regelungen zu beachten sind.\u00a0Es ist nicht gestattet, dass Sch\u00fcler unbeaufsichtigt auf der Piste \u00fcben.\u00a0Skikursgruppen haben sich grunds\u00e4tzlich an ausgewiesene Abfahrten zu halten.\u00a0Der Skikursleiter und die Ski-und\u00a0Snowboardlehrkr\u00e4fte m\u00fcssen sich t\u00e4glich vor Kursbeginn \u00fcber die <strong>Wetter- und\u00a0Lawinensituation im\u00a0\u00dcbungsgebiet<\/strong>\u00a0informieren.<\/p>\t\t\t\t\t\t\t\t<\/div>\n\t\t\t\t<\/div>\n\t\t\t\t<div class=\"elementor-element elementor-element-c7d04fa elementor-cta--valign-top lines lines-1 elementor-cta--skin-classic elementor-animated-content elementor-bg-transform elementor-bg-transform-zoom-in elementor-widget elementor-widget-call-to-action\" data-id=\"c7d04fa\" data-element_type=\"widget\" data-widget_type=\"call-to-action.default\">\n\t\t\t\t<div class=\"elementor-widget-container\">\n\t\t\t\t\t\t\t<div class=\"elementor-cta\">\n\t\t\t\t\t\t\t<div class=\"elementor-cta__content\">\n\t\t\t\t\n\t\t\t\t\t\t\t\t\t<h2 class=\"elementor-cta__title elementor-cta__content-item elementor-content-item\">\n\t\t\t\t\t\tLesetipp\t\t\t\t\t<\/h2>\n\t\t\t\t\n\t\t\t\t\t\t\t\t\t<div class=\"elementor-cta__description elementor-cta__content-item elementor-content-item\">\n\t\t\t\t\t\tWelche Rahmenbedingungen f\u00fcr Klassenfahrten in den anderen Bundesl\u00e4ndern gelten, kann hier nachgelesen werden.\t\t\t\t\t<\/div>\n\t\t\t\t\n\t\t\t\t\t\t\t\t\t<div class=\"elementor-cta__button-wrapper elementor-cta__content-item elementor-content-item \">\n\t\t\t\t\t<a class=\"elementor-cta__button elementor-button elementor-size-\" href=\"https:\/\/www.herole.de\/blog\/klassenfahrten\/organisation\/rechtliches\/\" target=\"_blank\">\n\t\t\t\t\t\tJetzt mehr erfahren\t\t\t\t\t<\/a>\n\t\t\t\t\t<\/div>\n\t\t\t\t\t\t\t<\/div>\n\t\t\t\t\t\t<\/div>\n\t\t\t\t\t\t<\/div>\n\t\t\t\t<\/div>\n\t\t\t\t\t<\/div>\n\t\t<\/div>\n\t\t\t\t\t<\/div>\n\t\t<\/section>\n\t\t\t\t<section class=\"elementor-section elementor-top-section elementor-element elementor-element-acb6c1d elementor-section-boxed elementor-section-height-default elementor-section-height-default\" data-id=\"acb6c1d\" data-element_type=\"section\">\n\t\t\t\t\t\t<div class=\"elementor-container elementor-column-gap-default\">\n\t\t\t\t\t<div class=\"elementor-column elementor-col-100 elementor-top-column elementor-element elementor-element-6ce2ed06\" data-id=\"6ce2ed06\" data-element_type=\"column\">\n\t\t\t<div class=\"elementor-widget-wrap elementor-element-populated\">\n\t\t\t\t\t\t<div class=\"elementor-element elementor-element-4ed960 elementor-widget elementor-widget-text-editor\" data-id=\"4ed960\" data-element_type=\"widget\" data-widget_type=\"text-editor.default\">\n\t\t\t\t<div class=\"elementor-widget-container\">\n\t\t\t\t\t\t\t\t\t<h2>Bildnachweis<\/h2><ul><li>Titelbild: HEROL\u00c9<\/li><\/ul>\t\t\t\t\t\t\t\t<\/div>\n\t\t\t\t<\/div>\n\t\t\t\t\t<\/div>\n\t\t<\/div>\n\t\t\t\t\t<\/div>\n\t\t<\/section>\n\t\t\t\t<\/div>\n\t\t","protected":false},"excerpt":{"rendered":"<p>Auch dem Freistaat Bayern hat f\u00fcr Klassenfahrten spezielle Regelungen festgelegt. Wir fassen zusammen, worauf bayerische Schulen laut Bayerischem Staatsministerium f\u00fcr Unterricht und Kultus bei der Durchf\u00fchrung von Sch\u00fclerfahrten achten m\u00fcssen.<\/p>\n","protected":false},"author":6,"featured_media":3083,"comment_status":"closed","ping_status":"closed","sticky":false,"template":"","format":"standard","meta":{"footnotes":""},"categories":[33],"tags":[],"class_list":["post-3265","post","type-post","status-publish","format-standard","has-post-thumbnail","hentry","category-bayern"],"yoast_head":"<!-- This site is optimized with the Yoast SEO plugin v26.0 - https:\/\/yoast.com\/wordpress\/plugins\/seo\/ -->\n<title>Alles \u00fcber Klassenfahrten in Bayern<\/title>\n<meta name=\"description\" content=\"Wir fassen zusammen, worauf Schulen im Freistaat Bayern bei der Durchf\u00fchrung von Sch\u00fclerfahrten achten m\u00fcssen.\" \/>\n<meta name=\"robots\" content=\"index, follow, max-snippet:-1, max-image-preview:large, max-video-preview:-1\" \/>\n<link rel=\"canonical\" href=\"https:\/\/www.herole.de\/blog\/klassenfahrtregelungen-bayern\/\" \/>\n<meta property=\"og:locale\" content=\"de_DE\" \/>\n<meta property=\"og:type\" content=\"article\" \/>\n<meta property=\"og:title\" content=\"Alles \u00fcber Klassenfahrten in Bayern\" \/>\n<meta property=\"og:description\" content=\"Wir fassen zusammen, worauf Schulen im Freistaat Bayern bei der Durchf\u00fchrung von Sch\u00fclerfahrten achten m\u00fcssen.\" \/>\n<meta property=\"og:url\" content=\"https:\/\/www.herole.de\/blog\/klassenfahrtregelungen-bayern\/\" \/>\n<meta property=\"og:site_name\" content=\"HEROL\u00c9 Ratgeber\" \/>\n<meta property=\"article:publisher\" content=\"https:\/\/www.facebook.com\/HeroleKlassenfahrten\" \/>\n<meta property=\"article:published_time\" content=\"2016-01-26T08:40:19+00:00\" \/>\n<meta property=\"article:modified_time\" content=\"2024-10-01T11:58:09+00:00\" \/>\n<meta property=\"og:image\" content=\"https:\/\/www.herole.de\/blog\/wp-content\/uploads\/Alles-\u00fcber-Klassenfahrten-in_Bayern.jpg\" \/>\n\t<meta property=\"og:image:width\" content=\"750\" \/>\n\t<meta property=\"og:image:height\" content=\"422\" \/>\n\t<meta property=\"og:image:type\" content=\"image\/jpeg\" \/>\n<meta name=\"author\" content=\"Heike Philipp\" \/>\n<meta name=\"twitter:card\" content=\"summary_large_image\" \/>\n<meta name=\"twitter:creator\" content=\"@heike.bach\" \/>\n<meta name=\"twitter:site\" content=\"@herole_reisen\" \/>\n<meta name=\"twitter:label1\" content=\"Verfasst von\" \/>\n\t<meta name=\"twitter:data1\" content=\"Heike Philipp\" \/>\n\t<meta name=\"twitter:label2\" content=\"Gesch\u00e4tzte Lesezeit\" \/>\n\t<meta name=\"twitter:data2\" content=\"8\u00a0Minuten\" \/>\n<script type=\"application\/ld+json\" class=\"yoast-schema-graph\">{\"@context\":\"https:\/\/schema.org\",\"@graph\":[{\"@type\":\"Article\",\"@id\":\"https:\/\/www.herole.de\/blog\/klassenfahrtregelungen-bayern\/#article\",\"isPartOf\":{\"@id\":\"https:\/\/www.herole.de\/blog\/klassenfahrtregelungen-bayern\/\"},\"author\":{\"name\":\"Heike Philipp\",\"@id\":\"https:\/\/www.herole.de\/blog\/#\/schema\/person\/13fb982c1909aaffcf2c09f0fde399ba\"},\"headline\":\"Alles \u00fcber Klassenfahrten in Bayern\",\"datePublished\":\"2016-01-26T08:40:19+00:00\",\"dateModified\":\"2024-10-01T11:58:09+00:00\",\"mainEntityOfPage\":{\"@id\":\"https:\/\/www.herole.de\/blog\/klassenfahrtregelungen-bayern\/\"},\"wordCount\":1520,\"publisher\":{\"@id\":\"https:\/\/www.herole.de\/blog\/#organization\"},\"image\":{\"@id\":\"https:\/\/www.herole.de\/blog\/klassenfahrtregelungen-bayern\/#primaryimage\"},\"thumbnailUrl\":\"https:\/\/www.herole.de\/blog\/wp-content\/uploads\/Alles-\u00fcber-Klassenfahrten-in_Bayern.jpg\",\"articleSection\":[\"Bayern\"],\"inLanguage\":\"de\"},{\"@type\":\"WebPage\",\"@id\":\"https:\/\/www.herole.de\/blog\/klassenfahrtregelungen-bayern\/\",\"url\":\"https:\/\/www.herole.de\/blog\/klassenfahrtregelungen-bayern\/\",\"name\":\"Alles \u00fcber Klassenfahrten in Bayern\",\"isPartOf\":{\"@id\":\"https:\/\/www.herole.de\/blog\/#website\"},\"primaryImageOfPage\":{\"@id\":\"https:\/\/www.herole.de\/blog\/klassenfahrtregelungen-bayern\/#primaryimage\"},\"image\":{\"@id\":\"https:\/\/www.herole.de\/blog\/klassenfahrtregelungen-bayern\/#primaryimage\"},\"thumbnailUrl\":\"https:\/\/www.herole.de\/blog\/wp-content\/uploads\/Alles-\u00fcber-Klassenfahrten-in_Bayern.jpg\",\"datePublished\":\"2016-01-26T08:40:19+00:00\",\"dateModified\":\"2024-10-01T11:58:09+00:00\",\"description\":\"Wir fassen zusammen, worauf Schulen im Freistaat Bayern bei der Durchf\u00fchrung von Sch\u00fclerfahrten achten m\u00fcssen.\",\"breadcrumb\":{\"@id\":\"https:\/\/www.herole.de\/blog\/klassenfahrtregelungen-bayern\/#breadcrumb\"},\"inLanguage\":\"de\",\"potentialAction\":[{\"@type\":\"ReadAction\",\"target\":[\"https:\/\/www.herole.de\/blog\/klassenfahrtregelungen-bayern\/\"]}]},{\"@type\":\"ImageObject\",\"inLanguage\":\"de\",\"@id\":\"https:\/\/www.herole.de\/blog\/klassenfahrtregelungen-bayern\/#primaryimage\",\"url\":\"https:\/\/www.herole.de\/blog\/wp-content\/uploads\/Alles-\u00fcber-Klassenfahrten-in_Bayern.jpg\",\"contentUrl\":\"https:\/\/www.herole.de\/blog\/wp-content\/uploads\/Alles-\u00fcber-Klassenfahrten-in_Bayern.jpg\",\"width\":750,\"height\":422,\"caption\":\"Alles \u00fcber Klassenfahrten in Bayern\"},{\"@type\":\"BreadcrumbList\",\"@id\":\"https:\/\/www.herole.de\/blog\/klassenfahrtregelungen-bayern\/#breadcrumb\",\"itemListElement\":[{\"@type\":\"ListItem\",\"position\":1,\"name\":\"Startseite\",\"item\":\"https:\/\/www.herole.de\/blog\/\"},{\"@type\":\"ListItem\",\"position\":2,\"name\":\"Alles \u00fcber Klassenfahrten in Bayern\"}]},{\"@type\":\"WebSite\",\"@id\":\"https:\/\/www.herole.de\/blog\/#website\",\"url\":\"https:\/\/www.herole.de\/blog\/\",\"name\":\"HEROL\u00c9 Ratgeber\",\"description\":\"Wissenswertes rund um die Organisation von Klassenfahrten, zudem Lehrertipps und Themen des Schulalltags.\",\"publisher\":{\"@id\":\"https:\/\/www.herole.de\/blog\/#organization\"},\"potentialAction\":[{\"@type\":\"SearchAction\",\"target\":{\"@type\":\"EntryPoint\",\"urlTemplate\":\"https:\/\/www.herole.de\/blog\/?s={search_term_string}\"},\"query-input\":{\"@type\":\"PropertyValueSpecification\",\"valueRequired\":true,\"valueName\":\"search_term_string\"}}],\"inLanguage\":\"de\"},{\"@type\":\"Organization\",\"@id\":\"https:\/\/www.herole.de\/blog\/#organization\",\"name\":\"HEROL\u00c9 Reisen GmbH\",\"url\":\"https:\/\/www.herole.de\/blog\/\",\"logo\":{\"@type\":\"ImageObject\",\"inLanguage\":\"de\",\"@id\":\"https:\/\/www.herole.de\/blog\/#\/schema\/logo\/image\/\",\"url\":\"https:\/\/www.herole.de\/blog\/wp-content\/uploads\/herole-logo.png\",\"contentUrl\":\"https:\/\/www.herole.de\/blog\/wp-content\/uploads\/herole-logo.png\",\"width\":274,\"height\":70,\"caption\":\"HEROL\u00c9 Reisen GmbH\"},\"image\":{\"@id\":\"https:\/\/www.herole.de\/blog\/#\/schema\/logo\/image\/\"},\"sameAs\":[\"https:\/\/www.facebook.com\/HeroleKlassenfahrten\",\"https:\/\/x.com\/herole_reisen\",\"https:\/\/instagram.com\/heroleklassenfahrten\",\"https:\/\/www.youtube.com\/HeroleReisen\"]},{\"@type\":\"Person\",\"@id\":\"https:\/\/www.herole.de\/blog\/#\/schema\/person\/13fb982c1909aaffcf2c09f0fde399ba\",\"name\":\"Heike Philipp\",\"image\":{\"@type\":\"ImageObject\",\"inLanguage\":\"de\",\"@id\":\"https:\/\/www.herole.de\/blog\/#\/schema\/person\/image\/\",\"url\":\"https:\/\/secure.gravatar.com\/avatar\/6010203aefccca33c04c1b210ceba8ee7e5a734d5844451cfadfb0913f869e7a?s=96&d=mm&r=g\",\"contentUrl\":\"https:\/\/secure.gravatar.com\/avatar\/6010203aefccca33c04c1b210ceba8ee7e5a734d5844451cfadfb0913f869e7a?s=96&d=mm&r=g\",\"caption\":\"Heike Philipp\"},\"sameAs\":[\"https:\/\/x.com\/heike.bach\"]}]}<\/script>\n<!-- \/ Yoast SEO plugin. -->","yoast_head_json":{"title":"Alles \u00fcber Klassenfahrten in Bayern","description":"Wir fassen zusammen, worauf Schulen im Freistaat Bayern bei der Durchf\u00fchrung von Sch\u00fclerfahrten achten m\u00fcssen.","robots":{"index":"index","follow":"follow","max-snippet":"max-snippet:-1","max-image-preview":"max-image-preview:large","max-video-preview":"max-video-preview:-1"},"canonical":"https:\/\/www.herole.de\/blog\/klassenfahrtregelungen-bayern\/","og_locale":"de_DE","og_type":"article","og_title":"Alles \u00fcber Klassenfahrten in Bayern","og_description":"Wir fassen zusammen, worauf Schulen im Freistaat Bayern bei der Durchf\u00fchrung von Sch\u00fclerfahrten achten m\u00fcssen.","og_url":"https:\/\/www.herole.de\/blog\/klassenfahrtregelungen-bayern\/","og_site_name":"HEROL\u00c9 Ratgeber","article_publisher":"https:\/\/www.facebook.com\/HeroleKlassenfahrten","article_published_time":"2016-01-26T08:40:19+00:00","article_modified_time":"2024-10-01T11:58:09+00:00","og_image":[{"width":750,"height":422,"url":"https:\/\/www.herole.de\/blog\/wp-content\/uploads\/Alles-\u00fcber-Klassenfahrten-in_Bayern.jpg","type":"image\/jpeg"}],"author":"Heike Philipp","twitter_card":"summary_large_image","twitter_creator":"@heike.bach","twitter_site":"@herole_reisen","twitter_misc":{"Verfasst von":"Heike Philipp","Gesch\u00e4tzte Lesezeit":"8\u00a0Minuten"},"schema":{"@context":"https:\/\/schema.org","@graph":[{"@type":"Article","@id":"https:\/\/www.herole.de\/blog\/klassenfahrtregelungen-bayern\/#article","isPartOf":{"@id":"https:\/\/www.herole.de\/blog\/klassenfahrtregelungen-bayern\/"},"author":{"name":"Heike Philipp","@id":"https:\/\/www.herole.de\/blog\/#\/schema\/person\/13fb982c1909aaffcf2c09f0fde399ba"},"headline":"Alles \u00fcber Klassenfahrten in Bayern","datePublished":"2016-01-26T08:40:19+00:00","dateModified":"2024-10-01T11:58:09+00:00","mainEntityOfPage":{"@id":"https:\/\/www.herole.de\/blog\/klassenfahrtregelungen-bayern\/"},"wordCount":1520,"publisher":{"@id":"https:\/\/www.herole.de\/blog\/#organization"},"image":{"@id":"https:\/\/www.herole.de\/blog\/klassenfahrtregelungen-bayern\/#primaryimage"},"thumbnailUrl":"https:\/\/www.herole.de\/blog\/wp-content\/uploads\/Alles-\u00fcber-Klassenfahrten-in_Bayern.jpg","articleSection":["Bayern"],"inLanguage":"de"},{"@type":"WebPage","@id":"https:\/\/www.herole.de\/blog\/klassenfahrtregelungen-bayern\/","url":"https:\/\/www.herole.de\/blog\/klassenfahrtregelungen-bayern\/","name":"Alles \u00fcber Klassenfahrten in Bayern","isPartOf":{"@id":"https:\/\/www.herole.de\/blog\/#website"},"primaryImageOfPage":{"@id":"https:\/\/www.herole.de\/blog\/klassenfahrtregelungen-bayern\/#primaryimage"},"image":{"@id":"https:\/\/www.herole.de\/blog\/klassenfahrtregelungen-bayern\/#primaryimage"},"thumbnailUrl":"https:\/\/www.herole.de\/blog\/wp-content\/uploads\/Alles-\u00fcber-Klassenfahrten-in_Bayern.jpg","datePublished":"2016-01-26T08:40:19+00:00","dateModified":"2024-10-01T11:58:09+00:00","description":"Wir fassen zusammen, worauf Schulen im Freistaat Bayern bei der Durchf\u00fchrung von Sch\u00fclerfahrten achten m\u00fcssen.","breadcrumb":{"@id":"https:\/\/www.herole.de\/blog\/klassenfahrtregelungen-bayern\/#breadcrumb"},"inLanguage":"de","potentialAction":[{"@type":"ReadAction","target":["https:\/\/www.herole.de\/blog\/klassenfahrtregelungen-bayern\/"]}]},{"@type":"ImageObject","inLanguage":"de","@id":"https:\/\/www.herole.de\/blog\/klassenfahrtregelungen-bayern\/#primaryimage","url":"https:\/\/www.herole.de\/blog\/wp-content\/uploads\/Alles-\u00fcber-Klassenfahrten-in_Bayern.jpg","contentUrl":"https:\/\/www.herole.de\/blog\/wp-content\/uploads\/Alles-\u00fcber-Klassenfahrten-in_Bayern.jpg","width":750,"height":422,"caption":"Alles \u00fcber Klassenfahrten in Bayern"},{"@type":"BreadcrumbList","@id":"https:\/\/www.herole.de\/blog\/klassenfahrtregelungen-bayern\/#breadcrumb","itemListElement":[{"@type":"ListItem","position":1,"name":"Startseite","item":"https:\/\/www.herole.de\/blog\/"},{"@type":"ListItem","position":2,"name":"Alles \u00fcber Klassenfahrten in Bayern"}]},{"@type":"WebSite","@id":"https:\/\/www.herole.de\/blog\/#website","url":"https:\/\/www.herole.de\/blog\/","name":"HEROL\u00c9 Ratgeber","description":"Wissenswertes rund um die Organisation von Klassenfahrten, zudem Lehrertipps und Themen des Schulalltags.","publisher":{"@id":"https:\/\/www.herole.de\/blog\/#organization"},"potentialAction":[{"@type":"SearchAction","target":{"@type":"EntryPoint","urlTemplate":"https:\/\/www.herole.de\/blog\/?s={search_term_string}"},"query-input":{"@type":"PropertyValueSpecification","valueRequired":true,"valueName":"search_term_string"}}],"inLanguage":"de"},{"@type":"Organization","@id":"https:\/\/www.herole.de\/blog\/#organization","name":"HEROL\u00c9 Reisen GmbH","url":"https:\/\/www.herole.de\/blog\/","logo":{"@type":"ImageObject","inLanguage":"de","@id":"https:\/\/www.herole.de\/blog\/#\/schema\/logo\/image\/","url":"https:\/\/www.herole.de\/blog\/wp-content\/uploads\/herole-logo.png","contentUrl":"https:\/\/www.herole.de\/blog\/wp-content\/uploads\/herole-logo.png","width":274,"height":70,"caption":"HEROL\u00c9 Reisen GmbH"},"image":{"@id":"https:\/\/www.herole.de\/blog\/#\/schema\/logo\/image\/"},"sameAs":["https:\/\/www.facebook.com\/HeroleKlassenfahrten","https:\/\/x.com\/herole_reisen","https:\/\/instagram.com\/heroleklassenfahrten","https:\/\/www.youtube.com\/HeroleReisen"]},{"@type":"Person","@id":"https:\/\/www.herole.de\/blog\/#\/schema\/person\/13fb982c1909aaffcf2c09f0fde399ba","name":"Heike Philipp","image":{"@type":"ImageObject","inLanguage":"de","@id":"https:\/\/www.herole.de\/blog\/#\/schema\/person\/image\/","url":"https:\/\/secure.gravatar.com\/avatar\/6010203aefccca33c04c1b210ceba8ee7e5a734d5844451cfadfb0913f869e7a?s=96&d=mm&r=g","contentUrl":"https:\/\/secure.gravatar.com\/avatar\/6010203aefccca33c04c1b210ceba8ee7e5a734d5844451cfadfb0913f869e7a?s=96&d=mm&r=g","caption":"Heike Philipp"},"sameAs":["https:\/\/x.com\/heike.bach"]}]}},"_links":{"self":[{"href":"https:\/\/www.herole.de\/blog\/wp-json\/wp\/v2\/posts\/3265","targetHints":{"allow":["GET"]}}],"collection":[{"href":"https:\/\/www.herole.de\/blog\/wp-json\/wp\/v2\/posts"}],"about":[{"href":"https:\/\/www.herole.de\/blog\/wp-json\/wp\/v2\/types\/post"}],"author":[{"embeddable":true,"href":"https:\/\/www.herole.de\/blog\/wp-json\/wp\/v2\/users\/6"}],"replies":[{"embeddable":true,"href":"https:\/\/www.herole.de\/blog\/wp-json\/wp\/v2\/comments?post=3265"}],"version-history":[{"count":0,"href":"https:\/\/www.herole.de\/blog\/wp-json\/wp\/v2\/posts\/3265\/revisions"}],"wp:featuredmedia":[{"embeddable":true,"href":"https:\/\/www.herole.de\/blog\/wp-json\/wp\/v2\/media\/3083"}],"wp:attachment":[{"href":"https:\/\/www.herole.de\/blog\/wp-json\/wp\/v2\/media?parent=3265"}],"wp:term":[{"taxonomy":"category","embeddable":true,"href":"https:\/\/www.herole.de\/blog\/wp-json\/wp\/v2\/categories?post=3265"},{"taxonomy":"post_tag","embeddable":true,"href":"https:\/\/www.herole.de\/blog\/wp-json\/wp\/v2\/tags?post=3265"}],"curies":[{"name":"wp","href":"https:\/\/api.w.org\/{rel}","templated":true}]}}