{"id":3095,"date":"2016-02-16T12:58:33","date_gmt":"2016-02-16T11:58:33","guid":{"rendered":"https:\/\/www.herole.de\/blog\/?p=3095"},"modified":"2026-03-13T10:21:40","modified_gmt":"2026-03-13T09:21:40","slug":"klassenfahrtregelung-berlin","status":"publish","type":"post","link":"https:\/\/www.herole.de\/blog\/klassenfahrtregelung-berlin\/","title":{"rendered":"Alles \u00fcber Klassenfahrten in Berlin"},"content":{"rendered":"\t\t<div data-elementor-type=\"wp-post\" data-elementor-id=\"3095\" class=\"elementor elementor-3095\" data-elementor-post-type=\"post\">\n\t\t\t\t\t\t<section class=\"elementor-section elementor-top-section elementor-element elementor-element-231ea173 elementor-section-boxed elementor-section-height-default elementor-section-height-default\" data-id=\"231ea173\" data-element_type=\"section\">\n\t\t\t\t\t\t<div class=\"elementor-container elementor-column-gap-default\">\n\t\t\t\t\t<div class=\"elementor-column elementor-col-100 elementor-top-column elementor-element elementor-element-40b1cf9a\" data-id=\"40b1cf9a\" data-element_type=\"column\">\n\t\t\t<div class=\"elementor-widget-wrap elementor-element-populated\">\n\t\t\t\t\t\t<div class=\"elementor-element elementor-element-17b3407b elementor-widget elementor-widget-text-editor\" data-id=\"17b3407b\" data-element_type=\"widget\" data-widget_type=\"text-editor.default\">\n\t\t\t\t<div class=\"elementor-widget-container\">\n\t\t\t\t\t\t\t\t\t<h2>Art und Dauer von Sch\u00fclerfahrten<\/h2><p>Laut den Ausf\u00fchrungsvorschriften zu Veranstaltungen der Schule\u00a0vom 09. 12. 2013 ist eine \u201eSch\u00fclerfahrt\u201c eine mehrt\u00e4gige Schulveranstaltung. Sie dient dazu, die jeweiligen\u00a0Bildungs- und Erziehungsziele und den Gruppenzusammenhalt unter den Sch\u00fclern zu festigen und\u00a0muss daher im Unterricht vor- und nachbereitet werden. Eine Sch\u00fclerfahrt sollte nicht l\u00e4nger als <strong>zwei Wochen<\/strong>, eine Sch\u00fcleraustauschfahrt nicht l\u00e4nger als vier Wochen\u00a0dauern.\u00a0Sch\u00fclerfahrten d\u00fcrfen in Berlin\u00a0im Rahmen erg\u00e4nzender schulischer Betreuungsangebote <strong>auch in den Ferien<\/strong> durchgef\u00fchrt werden.<\/p><p>Da eine Sch\u00fclerfahrt als Schulveranstaltung gilt, sollte eine m\u00f6glichst gro\u00dfe Zahl der Sch\u00fcler einer Klasse oder Lerngruppe auch an ihr teilnehmen. Wenn das einzelnen Sch\u00fclern nicht m\u00f6glich ist, sind sie verpflichtet, w\u00e4hrend der Zeit der Sch\u00fclerfahrt am Unterricht einer anderen Klasse oder Lerngruppe teilzunehmen.<\/p><h2>Vorbereitung und Genehmigungen<\/h2><p>\u00dcber die Art und Durchf\u00fchrung einer <a href=\"https:\/\/www.herole.de\/\">Sch\u00fclerfahrt<\/a>, ihre p\u00e4dagogische Zielsetzung, die Mindestteilnehmerzahl, Dauer, Art der Unterbringung und Bef\u00f6rderung sowie \u00fcber die Kostenobergrenze pro Sch\u00fcler entscheidet die <strong>Schulkonferenz<\/strong>. Unter der Voraussetzung, dass ausreichend Dienstreisekostenmittel zur Verf\u00fcgung stehen, wird die Sch\u00fclerfahrt dann von der <strong>Schulleitung<\/strong> genehmigt. Mit der Zustimmung \u00fcbertr\u00e4gt der Schulleiter\u00a0der verantwortlichen Lehrkraft die rechtsgesch\u00e4ftliche Vertretungsmacht zum Abschluss von\u00a0Vertr\u00e4gen und den Auftrag zur Bewirtschaftung der Einnahmen und Ausgaben im Rahmen der Organisation der Sch\u00fclerfahrt. Au\u00dferdem erteilt der Schulleiter den teilnehmenden Lehrern und Begleitpersonen die Dienstreisegenehmigung.<\/p>\t\t\t\t\t\t\t\t<\/div>\n\t\t\t\t<\/div>\n\t\t\t\t<section class=\"elementor-section elementor-inner-section elementor-element elementor-element-63771e8 elementor-section-boxed elementor-section-height-default elementor-section-height-default\" data-id=\"63771e8\" data-element_type=\"section\">\n\t\t\t\t\t\t<div class=\"elementor-container elementor-column-gap-default\">\n\t\t\t\t\t<div class=\"elementor-column elementor-col-50 elementor-inner-column elementor-element elementor-element-7b6aa75 auto-width\" data-id=\"7b6aa75\" data-element_type=\"column\">\n\t\t\t<div class=\"elementor-widget-wrap elementor-element-populated\">\n\t\t\t\t\t\t<div class=\"elementor-element elementor-element-5d39128 elementor-view-default elementor-widget elementor-widget-icon\" data-id=\"5d39128\" data-element_type=\"widget\" data-widget_type=\"icon.default\">\n\t\t\t\t<div class=\"elementor-widget-container\">\n\t\t\t\t\t\t\t<div class=\"elementor-icon-wrapper\">\n\t\t\t<div class=\"elementor-icon\">\n\t\t\t<i aria-hidden=\"true\" class=\"icon icon-blog_tip\"><\/i>\t\t\t<\/div>\n\t\t<\/div>\n\t\t\t\t\t\t<\/div>\n\t\t\t\t<\/div>\n\t\t\t\t\t<\/div>\n\t\t<\/div>\n\t\t\t\t<div class=\"elementor-column elementor-col-50 elementor-inner-column elementor-element elementor-element-8727e74\" data-id=\"8727e74\" data-element_type=\"column\">\n\t\t\t<div class=\"elementor-widget-wrap elementor-element-populated\">\n\t\t\t\t\t\t<div class=\"elementor-element elementor-element-69e23b6 tip elementor-widget elementor-widget-text-editor\" data-id=\"69e23b6\" data-element_type=\"widget\" data-widget_type=\"text-editor.default\">\n\t\t\t\t<div class=\"elementor-widget-container\">\n\t\t\t\t\t\t\t\t\t<p>Sch\u00fclerfahrten in Gebiete, vor deren Besuch das Ausw\u00e4rtige Amt gewarnt hat, k\u00f6nnen nicht genehmigt werden!<\/p>\t\t\t\t\t\t\t\t<\/div>\n\t\t\t\t<\/div>\n\t\t\t\t\t<\/div>\n\t\t<\/div>\n\t\t\t\t\t<\/div>\n\t\t<\/section>\n\t\t\t\t<div class=\"elementor-element elementor-element-60be5dea elementor-widget elementor-widget-text-editor\" data-id=\"60be5dea\" data-element_type=\"widget\" data-widget_type=\"text-editor.default\">\n\t\t\t\t<div class=\"elementor-widget-container\">\n\t\t\t\t\t\t\t\t\t<p>Bevor die Sch\u00fclerfahrt genehmigt wurde, darf die verantwortliche Lehrkraft keine finanziellen Verpflichtungen und rechtsverbindlichen Vertr\u00e4ge zur <strong>Vorbereitung der Sch\u00fclerfahrt<\/strong> eingehen. Das sollte allen potenziellen Vertragspartnern deutlich gemacht werden. Au\u00dferdem gilt bei der Verhandlung mit Vertragspartnern nach\u00a0Nr. 7.4 der AV zu \u00a7 55 LHO Folgendes:<\/p>\t\t\t\t\t\t\t\t<\/div>\n\t\t\t\t<\/div>\n\t\t\t\t<div class=\"elementor-element elementor-element-18112a4 elementor-blockquote--skin-clean elementor-blockquote--button-color-official elementor-widget elementor-widget-blockquote\" data-id=\"18112a4\" data-element_type=\"widget\" data-widget_type=\"blockquote.default\">\n\t\t\t\t<div class=\"elementor-widget-container\">\n\t\t\t\t\t\t\t<blockquote class=\"elementor-blockquote\">\n\t\t\t<p class=\"elementor-blockquote__content\">\n\t\t\t\t\u201eAuch bei freih\u00e4ndiger Vergabe sind im Allgemeinen mindestens drei Angebote einzuholen es sei denn, dass nur ein Bieter in Betracht kommt. Bei einem Auftrag mit einem voraussichtlichen Wert von bis zu 500 \u20ac ist ein formloser Preisvergleich ausreichend.\u201c\t\t\t<\/p>\n\t\t\t\t\t<\/blockquote>\n\t\t\t\t\t\t<\/div>\n\t\t\t\t<\/div>\n\t\t\t\t<div class=\"elementor-element elementor-element-5d21154 elementor-widget elementor-widget-text-editor\" data-id=\"5d21154\" data-element_type=\"widget\" data-widget_type=\"text-editor.default\">\n\t\t\t\t<div class=\"elementor-widget-container\">\n\t\t\t\t\t\t\t\t\t<p>Die verantwortliche Lehrkraft muss die <strong>Erziehungsberechtigten<\/strong> in einer <a href=\"https:\/\/www.herole.de\/blog\/klassenfahrt-elternabend\/\">Elternversammlung<\/a> \u00fcber die geplante Sch\u00fclerfahrt, deren Gestaltung und die voraussichtlichen Kosten informieren. Bei der Planung ist inhaltlich und zeitlich auch auf die Erziehungsberechtigten und die Sch\u00fcler einzugehen. F\u00fcr die Durchf\u00fchrung\u00a0der Sch\u00fclerfahrt sind die <strong>schriftliche Zustimmung zur Teilnahme des Sch\u00fclers<\/strong>\u00a0und andere Einverst\u00e4ndniserkl\u00e4rungen, insbesondere die <strong>Verpflichtung zur \u00dcbernahme der entstehenden Kosten<\/strong> und die <strong>Erlaubnis zur Teilnahme an geplanten Aktivit\u00e4ten<\/strong>, wie z.B. w\u00e4hrend der <a href=\"https:\/\/www.herole.de\/klassenfahrten-sport-erlebnis\">Sport&amp;- Erlbenisreise<\/a>: Kanu-und Skitouren,\u00a0 <a href=\"https:\/\/www.herole.de\/blog\/schwimmen-auf-klassenfahrt\/\">Schwimmen<\/a>,und\u00a0 <a href=\"https:\/\/www.herole.de\/blog\/fahrradtouren-auf-klassenfahrt\/\">Fahrradtouren<\/a> erforderlich. Die Erziehungsberechtigten oder vollj\u00e4hrigen Sch\u00fcler k\u00f6nnen die M\u00f6glichkeit wahrnehmen, vor der Abgabe der schriftlichen Zustimmung in einem geheimen Verfahren \u00fcber die geplante Fahrt abzustimmen.<\/p>\t\t\t\t\t\t\t\t<\/div>\n\t\t\t\t<\/div>\n\t\t\t\t<section class=\"elementor-section elementor-inner-section elementor-element elementor-element-830f862 elementor-section-boxed elementor-section-height-default elementor-section-height-default\" data-id=\"830f862\" data-element_type=\"section\">\n\t\t\t\t\t\t<div class=\"elementor-container elementor-column-gap-default\">\n\t\t\t\t\t<div class=\"elementor-column elementor-col-50 elementor-inner-column elementor-element elementor-element-1613fbd auto-width\" data-id=\"1613fbd\" data-element_type=\"column\">\n\t\t\t<div class=\"elementor-widget-wrap elementor-element-populated\">\n\t\t\t\t\t\t<div class=\"elementor-element elementor-element-54179d8 elementor-view-default elementor-widget elementor-widget-icon\" data-id=\"54179d8\" data-element_type=\"widget\" data-widget_type=\"icon.default\">\n\t\t\t\t<div class=\"elementor-widget-container\">\n\t\t\t\t\t\t\t<div class=\"elementor-icon-wrapper\">\n\t\t\t<div class=\"elementor-icon\">\n\t\t\t<i aria-hidden=\"true\" class=\"icon icon-blog_tip\"><\/i>\t\t\t<\/div>\n\t\t<\/div>\n\t\t\t\t\t\t<\/div>\n\t\t\t\t<\/div>\n\t\t\t\t\t<\/div>\n\t\t<\/div>\n\t\t\t\t<div class=\"elementor-column elementor-col-50 elementor-inner-column elementor-element elementor-element-ee3bc35\" data-id=\"ee3bc35\" data-element_type=\"column\">\n\t\t\t<div class=\"elementor-widget-wrap elementor-element-populated\">\n\t\t\t\t\t\t<div class=\"elementor-element elementor-element-fb7c688 tip elementor-widget elementor-widget-text-editor\" data-id=\"fb7c688\" data-element_type=\"widget\" data-widget_type=\"text-editor.default\">\n\t\t\t\t<div class=\"elementor-widget-container\">\n\t\t\t\t\t\t\t\t\t<p>Welche Sportarten bei Klassenfahrten besonders beliebt sind und was im Einzelnen bei der Planung und Durchf\u00fchrung sportlicher Aktivit\u00e4ten zu beachten ist, stellen wir in unserem Artikel \u201e<a href=\"https:\/\/www.herole.de\/blog\/die-besten-sportarten-klassenfahrt\/\">Die 5 besten Sportarten f\u00fcr Klassenfahrten<\/a>\u201c vor.<\/p>\t\t\t\t\t\t\t\t<\/div>\n\t\t\t\t<\/div>\n\t\t\t\t\t<\/div>\n\t\t<\/div>\n\t\t\t\t\t<\/div>\n\t\t<\/section>\n\t\t\t\t<div class=\"elementor-element elementor-element-28d8ee8 elementor-cta--valign-top lines lines-2 elementor-cta--skin-classic elementor-animated-content elementor-bg-transform elementor-bg-transform-zoom-in elementor-widget elementor-widget-call-to-action\" data-id=\"28d8ee8\" data-element_type=\"widget\" data-widget_type=\"call-to-action.default\">\n\t\t\t\t<div class=\"elementor-widget-container\">\n\t\t\t\t\t\t\t<div class=\"elementor-cta\">\n\t\t\t\t\t\t\t<div class=\"elementor-cta__content\">\n\t\t\t\t\n\t\t\t\t\t\t\t\t\t<h2 class=\"elementor-cta__title elementor-cta__content-item elementor-content-item\">\n\t\t\t\t\t\tUnsere Angebote\t\t\t\t\t<\/h2>\n\t\t\t\t\n\t\t\t\t\t\t\t\t\t<div class=\"elementor-cta__description elementor-cta__content-item elementor-content-item\">\n\t\t\t\t\t\tLassen Sie sich jetzt von unseren Berlinexperten beraten und stellen Sie sich Ihre individuelle Reise zusammen. \t\t\t\t\t<\/div>\n\t\t\t\t\n\t\t\t\t\t\t\t\t\t<div class=\"elementor-cta__button-wrapper elementor-cta__content-item elementor-content-item \">\n\t\t\t\t\t<a class=\"elementor-cta__button elementor-button elementor-size-\" href=\"https:\/\/www.herole.de\/klassenfahrten-berlin\" target=\"_blank\">\n\t\t\t\t\t\tMehr dazu\t\t\t\t\t<\/a>\n\t\t\t\t\t<\/div>\n\t\t\t\t\t\t\t<\/div>\n\t\t\t\t\t\t<\/div>\n\t\t\t\t\t\t<\/div>\n\t\t\t\t<\/div>\n\t\t\t\t<div class=\"elementor-element elementor-element-e2c496f elementor-widget elementor-widget-text-editor\" data-id=\"e2c496f\" data-element_type=\"widget\" data-widget_type=\"text-editor.default\">\n\t\t\t\t<div class=\"elementor-widget-container\">\n\t\t\t\t\t\t\t\t\t<h2>Aufsicht und Begleitpersonen<\/h2><p>Au\u00dfer dem verantwortlichen Lehrer oder p\u00e4dagogischen Mitarbeiter sollen Sch\u00fclerfahrten von <strong>mindestens einer weiteren geeigneten Person<\/strong> begleitet werden. Ausnahme sind\u00a0Sch\u00fcleraustauschfahrten: Wenn hier weniger als elf Sch\u00fcler teilnehmen, kann auf die Begleitperson verzichtet werden.<\/p><p>Die Lehrkraft oder der p\u00e4dagogische Mitarbeiter haben auf der Sch\u00fclerfahrt die Aufsichts- und F\u00fcrsorgepflicht gegen\u00fcber den Sch\u00fclern. Die Leitungsposition ist nicht auf andere\u00a0Personen \u00fcbertragbar.<\/p><p>Wenn der Schulleiter selbst eine Sch\u00fclerfahrt durchf\u00fchren soll, muss das erst von der zust\u00e4ndigen Schulaufsicht genehmigt werden.<\/p><h2>Kosten und Finanzen<\/h2><p>Die Kosten der Fahrt werden von den Erziehungsberechtigten oder den vollj\u00e4hrigen Sch\u00fclern selbst getragen. Die Finanzplanung sollte sich daher an der <strong>finanziellen Ausgangslage der Erziehungsberechtigten und Sch\u00fcler<\/strong> orientieren, u.a. wird die Unterbringung in Schullandheimen, Jugendherbergen und Einrichtungen anerkannter Tr\u00e4ger der Jugendarbeit bevorzugt.<\/p><h3>Zusch\u00fcsse und F\u00f6rderungen<\/h3><p>Da alle Sch\u00fcler unabh\u00e4ngig von ihrer finanziellen Situation an einer Sch\u00fclerfahrt teilnehmen sollen, sind die Erziehungsberechtigten auf das\u00a0<strong>Bildungs- und Teilhabepaket der Bundesregierung<\/strong> hinzuweisen. \u00dcber dieses Paket kann die \u00dcbernahme der Fahrkosten, Kosten f\u00fcr Unterkunft und Verpflegung sowie Nebenkosten ohne Taschengeld beantragt werden, die bei Bewilligung direkt auf das Klassenfahrtkonto eingezahlt werden.<\/p><p>F\u00fcr mehrt\u00e4gige Veranstaltungen der politischen Bildungsarbeit kann auch die zust\u00e4ndige Senatsverwaltung im Rahmen der zur Verf\u00fcgung stehenden Haushaltsmittel <strong>Zusch\u00fcsse zu den Fahrtkosten<\/strong> gew\u00e4hren. Dabei werden jedoch nur Sch\u00fcler unterst\u00fctzt, die keine Leistungen aus dem Bildungs- und Teilhabepaket erhalten. Solche\u00a0Zusch\u00fcsse werden gew\u00e4hrt, wenn die Sch\u00fclerfahrt<\/p>\t\t\t\t\t\t\t\t<\/div>\n\t\t\t\t<\/div>\n\t\t\t\t<div class=\"elementor-element elementor-element-1f2e52f elementor-icon-list--layout-traditional elementor-list-item-link-full_width elementor-widget elementor-widget-icon-list\" data-id=\"1f2e52f\" data-element_type=\"widget\" data-widget_type=\"icon-list.default\">\n\t\t\t\t<div class=\"elementor-widget-container\">\n\t\t\t\t\t\t\t<ul class=\"elementor-icon-list-items\">\n\t\t\t\t\t\t\t<li class=\"elementor-icon-list-item\">\n\t\t\t\t\t\t\t\t\t\t\t<span class=\"elementor-icon-list-icon\">\n\t\t\t\t\t\t\t<i aria-hidden=\"true\" class=\"icon icon-ok\"><\/i>\t\t\t\t\t\t<\/span>\n\t\t\t\t\t\t\t\t\t\t<span class=\"elementor-icon-list-text\">der Repr\u00e4sentation der Schule dient (\u00dcbernahme von maximal 50% der Fahrkosten),<\/span>\n\t\t\t\t\t\t\t\t\t<\/li>\n\t\t\t\t\t\t\t\t<li class=\"elementor-icon-list-item\">\n\t\t\t\t\t\t\t\t\t\t\t<span class=\"elementor-icon-list-icon\">\n\t\t\t\t\t\t\t<i aria-hidden=\"true\" class=\"icon icon-ok\"><\/i>\t\t\t\t\t\t<\/span>\n\t\t\t\t\t\t\t\t\t\t<span class=\"elementor-icon-list-text\">zu einer Gedenkst\u00e4tte zur Auseinandersetzung mit dem nationalsozialistischen Unrecht oder der SED-Herrschaft f\u00fchrt (\u00dcbernahme von 10-50 \u20ac),<\/span>\n\t\t\t\t\t\t\t\t\t<\/li>\n\t\t\t\t\t\t\t\t<li class=\"elementor-icon-list-item\">\n\t\t\t\t\t\t\t\t\t\t\t<span class=\"elementor-icon-list-icon\">\n\t\t\t\t\t\t\t<i aria-hidden=\"true\" class=\"icon icon-ok\"><\/i>\t\t\t\t\t\t<\/span>\n\t\t\t\t\t\t\t\t\t\t<span class=\"elementor-icon-list-text\">im Rahmen einer Schulpartnerschaft stattfindet und zu einer Schule in Mittel-, Ost- und S\u00fcdosteuropa (\u00dcbernahme bis 50 \u20ac), in einem Mitgliedsland der GUS, in einem Land au\u00dferhalb Europas (\u00dcbernahme bis 100 \u20ac) oder nach Israel (\u00dcbernahme bis 150 \u20ac) f\u00fchrt.<\/span>\n\t\t\t\t\t\t\t\t\t<\/li>\n\t\t\t\t\t\t<\/ul>\n\t\t\t\t\t\t<\/div>\n\t\t\t\t<\/div>\n\t\t\t\t<div class=\"elementor-element elementor-element-126dfab elementor-widget elementor-widget-text-editor\" data-id=\"126dfab\" data-element_type=\"widget\" data-widget_type=\"text-editor.default\">\n\t\t\t\t<div class=\"elementor-widget-container\">\n\t\t\t\t\t\t\t\t\t<p>Damit der Zuschuss gew\u00e4hrt werden kann, muss der Antrag rechtzeitig, sp\u00e4testens <strong>vier Wochen vor Beginn<\/strong>\u00a0mit allen Unterlagen bei der Senatsverwaltung gestellt werden.\u00a0Bei Gedenkst\u00e4ttenfahrten muss der zeitlich \u00fcberwiegende Anteil des Programms thematisch im Zusammenhang mit dem Besuch der Gedenkst\u00e4tte stehen.<\/p>\t\t\t\t\t\t\t\t<\/div>\n\t\t\t\t<\/div>\n\t\t\t\t<section class=\"elementor-section elementor-inner-section elementor-element elementor-element-72dc706 elementor-section-boxed elementor-section-height-default elementor-section-height-default\" data-id=\"72dc706\" data-element_type=\"section\">\n\t\t\t\t\t\t<div class=\"elementor-container elementor-column-gap-default\">\n\t\t\t\t\t<div class=\"elementor-column elementor-col-50 elementor-inner-column elementor-element elementor-element-808d32d auto-width\" data-id=\"808d32d\" data-element_type=\"column\">\n\t\t\t<div class=\"elementor-widget-wrap elementor-element-populated\">\n\t\t\t\t\t\t<div class=\"elementor-element elementor-element-404c336 elementor-view-default elementor-widget elementor-widget-icon\" data-id=\"404c336\" data-element_type=\"widget\" data-widget_type=\"icon.default\">\n\t\t\t\t<div class=\"elementor-widget-container\">\n\t\t\t\t\t\t\t<div class=\"elementor-icon-wrapper\">\n\t\t\t<div class=\"elementor-icon\">\n\t\t\t<i aria-hidden=\"true\" class=\"icon icon-blog_tip\"><\/i>\t\t\t<\/div>\n\t\t<\/div>\n\t\t\t\t\t\t<\/div>\n\t\t\t\t<\/div>\n\t\t\t\t\t<\/div>\n\t\t<\/div>\n\t\t\t\t<div class=\"elementor-column elementor-col-50 elementor-inner-column elementor-element elementor-element-82220e8\" data-id=\"82220e8\" data-element_type=\"column\">\n\t\t\t<div class=\"elementor-widget-wrap elementor-element-populated\">\n\t\t\t\t\t\t<div class=\"elementor-element elementor-element-51ae872 tip elementor-widget elementor-widget-text-editor\" data-id=\"51ae872\" data-element_type=\"widget\" data-widget_type=\"text-editor.default\">\n\t\t\t\t<div class=\"elementor-widget-container\">\n\t\t\t\t\t\t\t\t\t<p>Wie die Exkursion zu einer Gedenkst\u00e4tte nationalsozialistischen Unrechts, z.B. zum KZ Sachsenhausen bei Oranienburg, vor- und nachbereitet werden kann, l\u00e4sst sich in unserem Artikel \u201e<a href=\"https:\/\/www.herole.de\/blog\/exkursionen-zu-konzentrationslagern\/\">KZ-Exkursionen<\/a>\u201c nachlesen.<\/p>\t\t\t\t\t\t\t\t<\/div>\n\t\t\t\t<\/div>\n\t\t\t\t\t<\/div>\n\t\t<\/div>\n\t\t\t\t\t<\/div>\n\t\t<\/section>\n\t\t\t\t<div class=\"elementor-element elementor-element-5f4f313 elementor-widget elementor-widget-text-editor\" data-id=\"5f4f313\" data-element_type=\"widget\" data-widget_type=\"text-editor.default\">\n\t\t\t\t<div class=\"elementor-widget-container\">\n\t\t\t\t\t\t\t\t\t<p>Bei einem Sch\u00fcleraustausch sollen die Gastsch\u00fcler in den Familien aufgenommen werden und mehrmals am Unterricht teilnehmen. Auch <strong>Zusch\u00fcsse zu den Programmkosten der G\u00e4ste<\/strong> k\u00f6nnen von der Senatsverwaltung geleistet werden: Der Zuschuss betr\u00e4gt hier 30 \u20ac, bei G\u00e4sten aus Israel 50 \u20ac pro Gast.<\/p>\t\t\t\t\t\t\t\t<\/div>\n\t\t\t\t<\/div>\n\t\t\t\t<section class=\"elementor-section elementor-inner-section elementor-element elementor-element-8b267e3 elementor-section-boxed elementor-section-height-default elementor-section-height-default\" data-id=\"8b267e3\" data-element_type=\"section\">\n\t\t\t\t\t\t<div class=\"elementor-container elementor-column-gap-default\">\n\t\t\t\t\t<div class=\"elementor-column elementor-col-50 elementor-inner-column elementor-element elementor-element-2937465 auto-width\" data-id=\"2937465\" data-element_type=\"column\">\n\t\t\t<div class=\"elementor-widget-wrap elementor-element-populated\">\n\t\t\t\t\t\t<div class=\"elementor-element elementor-element-8b47fe5 elementor-view-default elementor-widget elementor-widget-icon\" data-id=\"8b47fe5\" data-element_type=\"widget\" data-widget_type=\"icon.default\">\n\t\t\t\t<div class=\"elementor-widget-container\">\n\t\t\t\t\t\t\t<div class=\"elementor-icon-wrapper\">\n\t\t\t<div class=\"elementor-icon\">\n\t\t\t<i aria-hidden=\"true\" class=\"icon icon-blog_tip\"><\/i>\t\t\t<\/div>\n\t\t<\/div>\n\t\t\t\t\t\t<\/div>\n\t\t\t\t<\/div>\n\t\t\t\t\t<\/div>\n\t\t<\/div>\n\t\t\t\t<div class=\"elementor-column elementor-col-50 elementor-inner-column elementor-element elementor-element-e4dc428\" data-id=\"e4dc428\" data-element_type=\"column\">\n\t\t\t<div class=\"elementor-widget-wrap elementor-element-populated\">\n\t\t\t\t\t\t<div class=\"elementor-element elementor-element-e1b6351 tip elementor-widget elementor-widget-text-editor\" data-id=\"e1b6351\" data-element_type=\"widget\" data-widget_type=\"text-editor.default\">\n\t\t\t\t<div class=\"elementor-widget-container\">\n\t\t\t\t\t\t\t\t\t<p>In unserem Artikel \u201e<a href=\"https:\/\/www.herole.de\/blog\/foerderung-moeglichkeiten-klassenfahrten\/\">M\u00f6glichkeiten der F\u00f6rderung von Klassenfahrten<\/a>\u201c haben wir viele weitere M\u00f6glichkeiten zur F\u00f6rderung und Finanzierung von Klassenfahrten zusammengefasst.<\/p>\t\t\t\t\t\t\t\t<\/div>\n\t\t\t\t<\/div>\n\t\t\t\t\t<\/div>\n\t\t<\/div>\n\t\t\t\t\t<\/div>\n\t\t<\/section>\n\t\t\t\t<div class=\"elementor-element elementor-element-1b53281 elementor-widget elementor-widget-text-editor\" data-id=\"1b53281\" data-element_type=\"widget\" data-widget_type=\"text-editor.default\">\n\t\t\t\t<div class=\"elementor-widget-container\">\n\t\t\t\t\t\t\t\t\t<h3>Verwaltung und Abrechnung<\/h3><p>Alle Einnahmen und Ausgaben im Zusammenhang einer Sch\u00fclerfahrt sind Mittel des Landes Berlin und m\u00fcssen daher nach den Vorschriften \u00fcber Selbstbewirtschaftungsmittel (\u00a7\u00a7 15, 34 Landeshaushaltsordnung und Ausf\u00fchrungsvorschriften) verwaltet werden. Der verantwortliche Lehrer muss daf\u00fcr die Kostenbeitr\u00e4ge der Sch\u00fcler und alle sonstigen Einnahmen (z.B. Zusch\u00fcsse, Spenden) unter Angabe des Verwendungszwecks auf ein <strong>gesondertes Konto<\/strong> \u00fcberweisen.<\/p><p>Jede Einnahme und Ausgabe muss in der <strong>Abrechnung<\/strong>\u00a0(Vordruck) durch eine quittierte Rechnung belegt, nummeriert und gekennzeichnet aufgef\u00fchrt werden. Bei \u00dcberweisungen gilt der Kontoauszug als Beleg. Wenn Leistungen aus dem Bildungs- und Teilhabepaket wegen Nichtteilnahme oder vorzeitiger Heimreise nicht in Anspruch genommen wurden, m\u00fcssen sie zur\u00fcckgezahlt werden. Das gleiche gilt bei \u00dcbersch\u00fcssen: Sie m\u00fcssen an die jeweiligen Leistungstr\u00e4ger, z.B. auch an die Erziehungsberechtigten, zur\u00fcckgezahlt werden. Auch \u00fcber solche R\u00fcckzahlungen muss der Abrechnung ein Beleg beigef\u00fcgt werden. Der Lehrer legt die Abrechnung dem Schulleiter sp\u00e4testens <strong>sechs Unterrichtswochen nach Beendigung der Sch\u00fclerfahrt<\/strong> zur Pr\u00fcfung vor. Alle Abrechnungsbelege werden in der Schule sechs Kalenderjahre aufbewahrt.<\/p><h3>Reisekostenverg\u00fctung f\u00fcr Lehrer<\/h3><p>Den Schulen wird j\u00e4hrlich ein Kontingent zur Erstattung von Dienstreisekosten zur Durchf\u00fchrung von Sch\u00fclerfahrten zur Verf\u00fcgung gestellt. Nach \u00a7 77 Landesbeamtengesetz bzw. \u00a7 23 Absatz 4 Tarifvertrag der L\u00e4nder in Verbindung mit \u00a7 3 Bundesreisekostengesetz zur Abgeltung der dienstlich veranlassten Mehraufwendungen haben Lehrkr\u00e4fte und andere Dienstkr\u00e4fte <strong>Anspruch auf die Erstattung ihrer Dienstreisekosten<\/strong>. Die Erstattung muss <strong>schriftlich innerhalb von sechs Monaten nach Beendigung der\u00a0Dienstreise<\/strong>\u00a0bei der Schulleitung beantragt werden. Die Lehr- und Dienstkr\u00e4fte k\u00f6nnen laut\u00a0\u00a7 77 Absatz 3 LBG, \u00a7 23 Absatz 4 TV L gegen\u00fcber dem Schulleiter schriftlich ganz oder teilweise auf die Erstattung verzichten.<\/p><p>Dienstreisekosten setzen sich zusammen aus den Fahrtkosten, der Aufwandsverg\u00fctung und den Nebenkosten und k\u00f6nnen folgenderma\u00dfen verrechnet werden:<\/p>\t\t\t\t\t\t\t\t<\/div>\n\t\t\t\t<\/div>\n\t\t\t\t<div class=\"elementor-element elementor-element-f4a5285 elementor-widget elementor-widget-toggle\" data-id=\"f4a5285\" data-element_type=\"widget\" data-widget_type=\"toggle.default\">\n\t\t\t\t<div class=\"elementor-widget-container\">\n\t\t\t\t\t\t\t<div class=\"elementor-toggle\">\n\t\t\t\t\t\t\t<div class=\"elementor-toggle-item\">\n\t\t\t\t\t<h3 id=\"elementor-tab-title-2561\" class=\"elementor-tab-title\" data-tab=\"1\" role=\"button\" aria-controls=\"elementor-tab-content-2561\" aria-expanded=\"false\">\n\t\t\t\t\t\t\t\t\t\t\t\t<span class=\"elementor-toggle-icon elementor-toggle-icon-right\" aria-hidden=\"true\">\n\t\t\t\t\t\t\t\t\t\t\t\t\t\t\t<span class=\"elementor-toggle-icon-closed\"><i class=\"icon icon-down-open\"><\/i><\/span>\n\t\t\t\t\t\t\t\t<span class=\"elementor-toggle-icon-opened\"><i class=\"elementor-toggle-icon-opened icon icon-up-open\"><\/i><\/span>\n\t\t\t\t\t\t\t\t\t\t\t\t\t<\/span>\n\t\t\t\t\t\t\t\t\t\t\t\t<a class=\"elementor-toggle-title\" tabindex=\"0\">Fahrtkosten<\/a>\n\t\t\t\t\t<\/h3>\n\n\t\t\t\t\t<div id=\"elementor-tab-content-2561\" class=\"elementor-tab-content elementor-clearfix\" data-tab=\"1\" role=\"region\" aria-labelledby=\"elementor-tab-title-2561\"><p>Wenn regelm\u00e4\u00dfig verkehrende Bef\u00f6rderungsmittel benutzt wurden, werden die Kosten bis zum jeweils g\u00fcnstigsten Tarif erstattet.<\/p><\/div>\n\t\t\t\t<\/div>\n\t\t\t\t\t\t\t<div class=\"elementor-toggle-item\">\n\t\t\t\t\t<h3 id=\"elementor-tab-title-2562\" class=\"elementor-tab-title\" data-tab=\"2\" role=\"button\" aria-controls=\"elementor-tab-content-2562\" aria-expanded=\"false\">\n\t\t\t\t\t\t\t\t\t\t\t\t<span class=\"elementor-toggle-icon elementor-toggle-icon-right\" aria-hidden=\"true\">\n\t\t\t\t\t\t\t\t\t\t\t\t\t\t\t<span class=\"elementor-toggle-icon-closed\"><i class=\"icon icon-down-open\"><\/i><\/span>\n\t\t\t\t\t\t\t\t<span class=\"elementor-toggle-icon-opened\"><i class=\"elementor-toggle-icon-opened icon icon-up-open\"><\/i><\/span>\n\t\t\t\t\t\t\t\t\t\t\t\t\t<\/span>\n\t\t\t\t\t\t\t\t\t\t\t\t<a class=\"elementor-toggle-title\" tabindex=\"0\">Aufwandsverg\u00fctung<\/a>\n\t\t\t\t\t<\/h3>\n\n\t\t\t\t\t<div id=\"elementor-tab-content-2562\" class=\"elementor-tab-content elementor-clearfix\" data-tab=\"2\" role=\"region\" aria-labelledby=\"elementor-tab-title-2562\">Aufwandsverg\u00fctungen werden im Rahmen von Sch\u00fclerfahrten anstelle des Tage- und \u00dcbernachtungsgeldes in Form einer Pauschale gew\u00e4hrt:\n<ul>\n \t<li> pro Tag 20 \u20ac bei Fahrten im Inland<\/li>\n \t<li>pro Tag 30 \u20ac bei Fahrten ins Ausland<\/li>\n \t<li>pro Tag 10 \u20ac f\u00fcr Fahrten innerhalb Berlins, nach Potsdam und in die an Berlin angrenzenden Landkreise.<\/li>\n<\/ul>\nIst der entstandene Aufwand niedriger als die Pauschale, wird der tats\u00e4chliche Aufwand verg\u00fctet.<\/div>\n\t\t\t\t<\/div>\n\t\t\t\t\t\t\t\t<\/div>\n\t\t\t\t\t\t<\/div>\n\t\t\t\t<\/div>\n\t\t\t\t<div class=\"elementor-element elementor-element-9289c30 elementor-widget elementor-widget-text-editor\" data-id=\"9289c30\" data-element_type=\"widget\" data-widget_type=\"text-editor.default\">\n\t\t\t\t<div class=\"elementor-widget-container\">\n\t\t\t\t\t\t\t\t\t<p>Wenn der Schule Drittmittel zur Verf\u00fcgung stehen, k\u00f6nnen die Dienstreisekosten auch aus diesen Mitteln ersetzt werden.<\/p><h3>Stundenaufstockung von teilzeitbesch\u00e4ftigten Dienstkr\u00e4ften f\u00fcr Sch\u00fclerfahrten<\/h3><p>An den Schulen teilzeitbesch\u00e4ftigte Dienstkr\u00e4fte k\u00f6nnen f\u00fcr die Dauer der Teilnahme an einer Sch\u00fclerfahrt <strong>befristet in die Vollbesch\u00e4ftigung<\/strong> <strong>\u00fcberf\u00fchrt und verg\u00fctet<\/strong> werden. Das gilt nicht, wenn sie sich in Altersteilzeit oder in einem Vollzeitsabbatical befinden.\u00a0Sollen teilzeitbesch\u00e4ftigte Dienstkr\u00e4fte an einer Sch\u00fclerfahrt teilnehmen, darf der Schulleiter die Dienstreisegenehmigung erst erteilen, wenn dem Antrag auf Stundenaufstockung entsprochen wurde.\u00a0Der Antrag ist unter Angabe des Zeitraumes der Sch\u00fclerfahrt und mit der Best\u00e4tigung, dass verf\u00fcgbare Mittel vorhanden sind, beim\u00a0Schulleiter zu stellen. Dieser richtet ihn dann an die f\u00fcr das Schulwesen zust\u00e4ndige Senatsverwaltung (Abteilung Stellenwirtschaft). Wenn der Dienstkraft der Anspruch auf zus\u00e4tzliche Verg\u00fctung zugesprochen wird, schlie\u00dft die Schulleitung mit ihr eine Nebenabrede zum Arbeitsvertrag \u00fcber die verl\u00e4ngerte Arbeitszeit.<\/p><h2>Versicherungen<\/h2><p>Sch\u00fcler d\u00fcrfen nur an einer Sch\u00fclerfahrt teilnehmen, wenn sie \u00fcber einen\u00a0<strong>ausreichenden Krankenversicherungsschutz<\/strong> verf\u00fcgen. Au\u00dferdem muss der Lehrer von den vollj\u00e4hrigen Sch\u00fclern oder den Erziehungsberechtigten eine<strong> schriftliche Zusicherung<\/strong> einholen, dass sie\u00a0die zus\u00e4tzlichen Kosten im Falle einer vorzeitigen R\u00fcckreise selbst \u00fcbernehmen. Sie sollen in diesem Zusammenhang auf die <strong>M\u00f6glichkeit einer Reiser\u00fccktrittsversicherung<\/strong> hingewiesen werden.<\/p>\t\t\t\t\t\t\t\t<\/div>\n\t\t\t\t<\/div>\n\t\t\t\t<section class=\"elementor-section elementor-inner-section elementor-element elementor-element-66b2cc1 elementor-section-boxed elementor-section-height-default elementor-section-height-default\" data-id=\"66b2cc1\" data-element_type=\"section\">\n\t\t\t\t\t\t<div class=\"elementor-container elementor-column-gap-default\">\n\t\t\t\t\t<div class=\"elementor-column elementor-col-50 elementor-inner-column elementor-element elementor-element-687c908 auto-width\" data-id=\"687c908\" data-element_type=\"column\">\n\t\t\t<div class=\"elementor-widget-wrap elementor-element-populated\">\n\t\t\t\t\t\t<div class=\"elementor-element elementor-element-b3623d7 elementor-view-default elementor-widget elementor-widget-icon\" data-id=\"b3623d7\" data-element_type=\"widget\" data-widget_type=\"icon.default\">\n\t\t\t\t<div class=\"elementor-widget-container\">\n\t\t\t\t\t\t\t<div class=\"elementor-icon-wrapper\">\n\t\t\t<div class=\"elementor-icon\">\n\t\t\t<i aria-hidden=\"true\" class=\"icon icon-blog_tip\"><\/i>\t\t\t<\/div>\n\t\t<\/div>\n\t\t\t\t\t\t<\/div>\n\t\t\t\t<\/div>\n\t\t\t\t\t<\/div>\n\t\t<\/div>\n\t\t\t\t<div class=\"elementor-column elementor-col-50 elementor-inner-column elementor-element elementor-element-61824f7\" data-id=\"61824f7\" data-element_type=\"column\">\n\t\t\t<div class=\"elementor-widget-wrap elementor-element-populated\">\n\t\t\t\t\t\t<div class=\"elementor-element elementor-element-8a3562b tip elementor-widget elementor-widget-text-editor\" data-id=\"8a3562b\" data-element_type=\"widget\" data-widget_type=\"text-editor.default\">\n\t\t\t\t<div class=\"elementor-widget-container\">\n\t\t\t\t\t\t\t\t\t<p>G\u00fcnstige Versicherungsangebote f\u00fcr eine Klassenfahrt, wie z.B. die HEROL\u00c9-Versicherung f\u00fcr den Reiser\u00fccktritt, stellen wir <a href=\"https:\/\/www.herole.de\/blog\/reiseversicherung-klassenfahrt\/\">hier<\/a>\u00a0vor.<\/p>\t\t\t\t\t\t\t\t<\/div>\n\t\t\t\t<\/div>\n\t\t\t\t\t<\/div>\n\t\t<\/div>\n\t\t\t\t\t<\/div>\n\t\t<\/section>\n\t\t\t\t<div class=\"elementor-element elementor-element-ae0681d elementor-cta--valign-top lines lines-2 elementor-cta--skin-classic elementor-animated-content elementor-bg-transform elementor-bg-transform-zoom-in elementor-widget elementor-widget-call-to-action\" data-id=\"ae0681d\" data-element_type=\"widget\" data-widget_type=\"call-to-action.default\">\n\t\t\t\t<div class=\"elementor-widget-container\">\n\t\t\t\t\t\t\t<div class=\"elementor-cta\">\n\t\t\t\t\t\t\t<div class=\"elementor-cta__content\">\n\t\t\t\t\n\t\t\t\t\t\t\t\t\t<h2 class=\"elementor-cta__title elementor-cta__content-item elementor-content-item\">\n\t\t\t\t\t\tUnsere Angebote\t\t\t\t\t<\/h2>\n\t\t\t\t\n\t\t\t\t\t\t\t\t\t<div class=\"elementor-cta__description elementor-cta__content-item elementor-content-item\">\n\t\t\t\t\t\tLassen Sie sich jetzt von unseren Berlinexperten beraten und stellen Sie sich Ihre individuelle Reise zusammen. \t\t\t\t\t<\/div>\n\t\t\t\t\n\t\t\t\t\t\t\t\t\t<div class=\"elementor-cta__button-wrapper elementor-cta__content-item elementor-content-item \">\n\t\t\t\t\t<a class=\"elementor-cta__button elementor-button elementor-size-\" href=\"https:\/\/www.herole.de\/klassenfahrten-berlin\" target=\"_blank\">\n\t\t\t\t\t\tMehr dazu\t\t\t\t\t<\/a>\n\t\t\t\t\t<\/div>\n\t\t\t\t\t\t\t<\/div>\n\t\t\t\t\t\t<\/div>\n\t\t\t\t\t\t<\/div>\n\t\t\t\t<\/div>\n\t\t\t\t<div class=\"elementor-element elementor-element-6b43a21d elementor-widget elementor-widget-heading\" data-id=\"6b43a21d\" data-element_type=\"widget\" data-widget_type=\"heading.default\">\n\t\t\t\t<div class=\"elementor-widget-container\">\n\t\t\t\t\t<h2 class=\"elementor-heading-title elementor-size-default\">Weitere Informationen f\u00fcr Ihre Klassenfahrt nach Berlin<\/h2>\t\t\t\t<\/div>\n\t\t\t\t<\/div>\n\t\t\t\t<div class=\"elementor-element elementor-element-57a7363a elementor-posts__hover-none one-line-tiles elementor-widget-tablet__width-initial elementor-widget-mobile__width-initial elementor-grid-3 elementor-grid-tablet-2 elementor-grid-mobile-1 elementor-posts--thumbnail-top elementor-card-shadow-yes elementor-widget elementor-widget-posts\" data-id=\"57a7363a\" data-element_type=\"widget\" data-settings=\"{&quot;cards_columns&quot;:&quot;3&quot;,&quot;cards_columns_tablet&quot;:&quot;2&quot;,&quot;cards_columns_mobile&quot;:&quot;1&quot;,&quot;cards_row_gap&quot;:{&quot;unit&quot;:&quot;px&quot;,&quot;size&quot;:35,&quot;sizes&quot;:[]},&quot;cards_row_gap_tablet&quot;:{&quot;unit&quot;:&quot;px&quot;,&quot;size&quot;:&quot;&quot;,&quot;sizes&quot;:[]},&quot;cards_row_gap_mobile&quot;:{&quot;unit&quot;:&quot;px&quot;,&quot;size&quot;:&quot;&quot;,&quot;sizes&quot;:[]}}\" data-widget_type=\"posts.cards\">\n\t\t\t\t<div class=\"elementor-widget-container\">\n\t\t\t\t\t\t\t<div class=\"elementor-posts-container elementor-posts elementor-posts--skin-cards elementor-grid\">\n\t\t\t\t<article class=\"elementor-post elementor-grid-item post-2469 post type-post status-publish format-standard has-post-thumbnail hentry category-staedte tag-berlin tag-cluster-berlin tag-cluster-berlin-programm tag-cluster-content\">\n\t\t\t<div class=\"elementor-post__card\">\n\t\t\t\t<a class=\"elementor-post__thumbnail__link\" href=\"https:\/\/www.herole.de\/blog\/insider-tipps-berlin\/\" tabindex=\"-1\" ><div class=\"elementor-post__thumbnail\"><img fetchpriority=\"high\" decoding=\"async\" width=\"300\" height=\"200\" src=\"https:\/\/www.herole.de\/blog\/wp-content\/uploads\/berliner-mauer-schriftzug-300x200.jpg\" class=\"attachment-medium size-medium wp-image-2472\" alt=\"7 Insider-Tipps f\u00fcr die Klassenfahrt nach Berlin\" srcset=\"https:\/\/www.herole.de\/blog\/wp-content\/uploads\/berliner-mauer-schriftzug-300x200.jpg 300w, https:\/\/www.herole.de\/blog\/wp-content\/uploads\/berliner-mauer-schriftzug-768x511.jpg 768w, https:\/\/www.herole.de\/blog\/wp-content\/uploads\/berliner-mauer-schriftzug-1024x681.jpg 1024w, https:\/\/www.herole.de\/blog\/wp-content\/uploads\/berliner-mauer-schriftzug.jpg 1203w\" sizes=\"(max-width: 300px) 100vw, 300px\" \/><\/div><\/a>\n\t\t\t\t<div class=\"elementor-post__badge\">St\u00e4dte<\/div>\n\t\t\t\t<div class=\"elementor-post__text\">\n\t\t\t\t<h3 class=\"elementor-post__title\">\n\t\t\t<a href=\"https:\/\/www.herole.de\/blog\/insider-tipps-berlin\/\" >\n\t\t\t\t7 Insider-Tipps f\u00fcr die Klassenfahrt nach Berlin\t\t\t<\/a>\n\t\t<\/h3>\n\t\t\t\t<\/div>\n\t\t\t\t<div class=\"elementor-post__meta-data\">\n\t\t\t\t\t<span class=\"elementor-post-date\">\n\t\t\t29. November 2016\t\t<\/span>\n\t\t\t\t<\/div>\n\t\t\t\t\t<\/div>\n\t\t<\/article>\n\t\t\t\t<article class=\"elementor-post elementor-grid-item post-1218 post type-post status-publish format-standard has-post-thumbnail hentry category-staedte tag-berlin tag-cluster-berlin tag-cluster-berlin-programm tag-cluster-content\">\n\t\t\t<div class=\"elementor-post__card\">\n\t\t\t\t<a class=\"elementor-post__thumbnail__link\" href=\"https:\/\/www.herole.de\/blog\/12-gruende-warum-sie-mit-ihren-schuelern-nach-berlin-fahren-sollten\/\" tabindex=\"-1\" ><div class=\"elementor-post__thumbnail\"><img decoding=\"async\" width=\"300\" height=\"200\" src=\"https:\/\/www.herole.de\/blog\/wp-content\/uploads\/Auf-Klassenfahrt-in-Berlin-300x200.jpg\" class=\"attachment-medium size-medium wp-image-22931\" alt=\"Den Abend auf der Klassenfahrt ausklingen lassen\" srcset=\"https:\/\/www.herole.de\/blog\/wp-content\/uploads\/Auf-Klassenfahrt-in-Berlin-300x200.jpg 300w, https:\/\/www.herole.de\/blog\/wp-content\/uploads\/Auf-Klassenfahrt-in-Berlin-1024x683.jpg 1024w, https:\/\/www.herole.de\/blog\/wp-content\/uploads\/Auf-Klassenfahrt-in-Berlin-768x512.jpg 768w, https:\/\/www.herole.de\/blog\/wp-content\/uploads\/Auf-Klassenfahrt-in-Berlin-1536x1024.jpg 1536w, https:\/\/www.herole.de\/blog\/wp-content\/uploads\/Auf-Klassenfahrt-in-Berlin.jpg 1920w\" sizes=\"(max-width: 300px) 100vw, 300px\" \/><\/div><\/a>\n\t\t\t\t<div class=\"elementor-post__badge\">St\u00e4dte<\/div>\n\t\t\t\t<div class=\"elementor-post__text\">\n\t\t\t\t<h3 class=\"elementor-post__title\">\n\t\t\t<a href=\"https:\/\/www.herole.de\/blog\/12-gruende-warum-sie-mit-ihren-schuelern-nach-berlin-fahren-sollten\/\" >\n\t\t\t\tWarum auf Klassenfahrt nach Berlin?\t\t\t<\/a>\n\t\t<\/h3>\n\t\t\t\t<\/div>\n\t\t\t\t<div class=\"elementor-post__meta-data\">\n\t\t\t\t\t<span class=\"elementor-post-date\">\n\t\t\t1. April 2015\t\t<\/span>\n\t\t\t\t<\/div>\n\t\t\t\t\t<\/div>\n\t\t<\/article>\n\t\t\t\t<article class=\"elementor-post elementor-grid-item post-1280 post type-post status-publish format-standard has-post-thumbnail hentry category-programme tag-berlin tag-cluster-berlin tag-cluster-berlin-programm tag-cluster-content tag-la001293\">\n\t\t\t<div class=\"elementor-post__card\">\n\t\t\t\t<a class=\"elementor-post__thumbnail__link\" href=\"https:\/\/www.herole.de\/blog\/abends-in-berlin\/\" tabindex=\"-1\" ><div class=\"elementor-post__thumbnail\"><img decoding=\"async\" width=\"300\" height=\"200\" src=\"https:\/\/www.herole.de\/blog\/wp-content\/uploads\/hinterm-horizont-rockkonzert-300x200.jpg\" class=\"attachment-medium size-medium wp-image-1282\" alt=\"Blick auf den S\u00e4nger beim Hinterm Horizont Rockkonzert\" srcset=\"https:\/\/www.herole.de\/blog\/wp-content\/uploads\/hinterm-horizont-rockkonzert-300x200.jpg 300w, https:\/\/www.herole.de\/blog\/wp-content\/uploads\/hinterm-horizont-rockkonzert-768x513.jpg 768w, https:\/\/www.herole.de\/blog\/wp-content\/uploads\/hinterm-horizont-rockkonzert.jpg 905w\" sizes=\"(max-width: 300px) 100vw, 300px\" \/><\/div><\/a>\n\t\t\t\t<div class=\"elementor-post__badge\">Programme<\/div>\n\t\t\t\t<div class=\"elementor-post__text\">\n\t\t\t\t<h3 class=\"elementor-post__title\">\n\t\t\t<a href=\"https:\/\/www.herole.de\/blog\/abends-in-berlin\/\" >\n\t\t\t\tAbends in Berlin\t\t\t<\/a>\n\t\t<\/h3>\n\t\t\t\t<\/div>\n\t\t\t\t<div class=\"elementor-post__meta-data\">\n\t\t\t\t\t<span class=\"elementor-post-date\">\n\t\t\t27. Februar 2015\t\t<\/span>\n\t\t\t\t<\/div>\n\t\t\t\t\t<\/div>\n\t\t<\/article>\n\t\t\t\t<\/div>\n\t\t\n\t\t\t\t\t\t<\/div>\n\t\t\t\t<\/div>\n\t\t\t\t<div class=\"elementor-element elementor-element-767e99fb elementor-widget elementor-widget-button\" data-id=\"767e99fb\" data-element_type=\"widget\" data-widget_type=\"button.default\">\n\t\t\t\t<div class=\"elementor-widget-container\">\n\t\t\t\t\t\t\t\t\t<div class=\"elementor-button-wrapper\">\n\t\t\t\t\t<a class=\"elementor-button elementor-button-link elementor-size-sm\" href=\"https:\/\/www.herole.de\/blog\/klassenfahrten\/reiseziele\/staedte\/berlin-tipps\/\">\n\t\t\t\t\t\t<span class=\"elementor-button-content-wrapper\">\n\t\t\t\t\t\t\t\t\t<span class=\"elementor-button-text\">Alle Berlin Tipps<\/span>\n\t\t\t\t\t<\/span>\n\t\t\t\t\t<\/a>\n\t\t\t\t<\/div>\n\t\t\t\t\t\t\t\t<\/div>\n\t\t\t\t<\/div>\n\t\t\t\t\t<\/div>\n\t\t<\/div>\n\t\t\t\t\t<\/div>\n\t\t<\/section>\n\t\t\t\t<section class=\"elementor-section elementor-top-section elementor-element elementor-element-2d0ee2a8 elementor-section-boxed elementor-section-height-default elementor-section-height-default\" data-id=\"2d0ee2a8\" data-element_type=\"section\">\n\t\t\t\t\t\t<div class=\"elementor-container elementor-column-gap-default\">\n\t\t\t\t\t<div class=\"elementor-column elementor-col-100 elementor-top-column elementor-element elementor-element-67d87021\" data-id=\"67d87021\" data-element_type=\"column\">\n\t\t\t<div class=\"elementor-widget-wrap elementor-element-populated\">\n\t\t\t\t\t\t<div class=\"elementor-element elementor-element-53836a61 elementor-widget elementor-widget-text-editor\" data-id=\"53836a61\" data-element_type=\"widget\" data-widget_type=\"text-editor.default\">\n\t\t\t\t<div class=\"elementor-widget-container\">\n\t\t\t\t\t\t\t\t\t<h2>Bildnachweis<\/h2><ul><li>Titelbild: HEROL\u00c9<\/li><\/ul>\t\t\t\t\t\t\t\t<\/div>\n\t\t\t\t<\/div>\n\t\t\t\t\t<\/div>\n\t\t<\/div>\n\t\t\t\t\t<\/div>\n\t\t<\/section>\n\t\t\t\t<\/div>\n\t\t","protected":false},"excerpt":{"rendered":"<p>Was m\u00fcssen Lehrer in Berlin bei der Durchf\u00fchrung einer Sch\u00fclerfahrt beachten? Die Senatsverwaltung f\u00fcr Bildung, Jugend und Wissenschaft gibt Lehrkr\u00e4ften und schulischen Dienstkr\u00e4ften an \u00f6ffentlichen allgemein bildenden und beruflichen Schulen sowie Einrichtungen zum nachtr\u00e4glichen Erwerb schulischer Abschl\u00fcsse einige rechtliche und p\u00e4dagogische Hinweise zur Gestaltung einer Sch\u00fclerfahrt. Wir haben die wichtigsten Punkte zusammengefasst.<\/p>\n","protected":false},"author":6,"featured_media":3099,"comment_status":"closed","ping_status":"closed","sticky":false,"template":"","format":"standard","meta":{"footnotes":""},"categories":[22],"tags":[64,181,186,192],"class_list":["post-3095","post","type-post","status-publish","format-standard","has-post-thumbnail","hentry","category-berlin","tag-berlin","tag-cluster-berlin","tag-cluster-berlin-absicherung","tag-cluster-content"],"yoast_head":"<!-- This site is optimized with the Yoast SEO plugin v26.0 - https:\/\/yoast.com\/wordpress\/plugins\/seo\/ -->\n<title>Alles \u00fcber Klassenfahrten in Berlin - HEROL\u00c9 Ratgeber<\/title>\n<meta name=\"description\" content=\"Was m\u00fcssen Lehrer in Berlin bei der Durchf\u00fchrung einer Sch\u00fclerfahrt beachten? Wir haben wichtige p\u00e4dagogische und rechtliche Punkte\u00a0zusammengefasst.\" \/>\n<meta name=\"robots\" content=\"index, follow, max-snippet:-1, max-image-preview:large, max-video-preview:-1\" \/>\n<link rel=\"canonical\" href=\"https:\/\/www.herole.de\/klassenfahrten-berlin\" \/>\n<meta property=\"og:locale\" content=\"de_DE\" \/>\n<meta property=\"og:type\" content=\"article\" \/>\n<meta property=\"og:title\" content=\"Alles \u00fcber Klassenfahrten in Berlin - HEROL\u00c9 Ratgeber\" \/>\n<meta property=\"og:description\" content=\"Was m\u00fcssen Lehrer in Berlin bei der Durchf\u00fchrung einer Sch\u00fclerfahrt beachten? Wir haben wichtige p\u00e4dagogische und rechtliche Punkte\u00a0zusammengefasst.\" \/>\n<meta property=\"og:url\" content=\"https:\/\/www.herole.de\/klassenfahrten-berlin\" \/>\n<meta property=\"og:site_name\" content=\"HEROL\u00c9 Ratgeber\" \/>\n<meta property=\"article:publisher\" content=\"https:\/\/www.facebook.com\/HeroleKlassenfahrten\" \/>\n<meta property=\"article:published_time\" content=\"2016-02-16T11:58:33+00:00\" \/>\n<meta property=\"article:modified_time\" content=\"2026-03-13T09:21:40+00:00\" \/>\n<meta property=\"og:image\" content=\"https:\/\/www.herole.de\/blog\/wp-content\/uploads\/Alles-\u00fcber-Klassenfahrten-in_Berlin.jpg\" \/>\n\t<meta property=\"og:image:width\" content=\"750\" \/>\n\t<meta property=\"og:image:height\" content=\"422\" \/>\n\t<meta property=\"og:image:type\" content=\"image\/jpeg\" \/>\n<meta name=\"author\" content=\"Heike Philipp\" \/>\n<meta name=\"twitter:card\" content=\"summary_large_image\" \/>\n<meta name=\"twitter:creator\" content=\"@heike.bach\" \/>\n<meta name=\"twitter:site\" content=\"@herole_reisen\" \/>\n<meta name=\"twitter:label1\" content=\"Verfasst von\" \/>\n\t<meta name=\"twitter:data1\" content=\"Heike Philipp\" \/>\n\t<meta name=\"twitter:label2\" content=\"Gesch\u00e4tzte Lesezeit\" \/>\n\t<meta name=\"twitter:data2\" content=\"9\u00a0Minuten\" \/>\n<script type=\"application\/ld+json\" class=\"yoast-schema-graph\">{\"@context\":\"https:\/\/schema.org\",\"@graph\":[{\"@type\":\"Article\",\"@id\":\"https:\/\/www.herole.de\/klassenfahrten-berlin#article\",\"isPartOf\":{\"@id\":\"https:\/\/www.herole.de\/blog\/klassenfahrtregelung-berlin\/\"},\"author\":{\"name\":\"Heike Philipp\",\"@id\":\"https:\/\/www.herole.de\/blog\/#\/schema\/person\/13fb982c1909aaffcf2c09f0fde399ba\"},\"headline\":\"Alles \u00fcber Klassenfahrten in Berlin\",\"datePublished\":\"2016-02-16T11:58:33+00:00\",\"dateModified\":\"2026-03-13T09:21:40+00:00\",\"mainEntityOfPage\":{\"@id\":\"https:\/\/www.herole.de\/blog\/klassenfahrtregelung-berlin\/\"},\"wordCount\":1681,\"publisher\":{\"@id\":\"https:\/\/www.herole.de\/blog\/#organization\"},\"image\":{\"@id\":\"https:\/\/www.herole.de\/klassenfahrten-berlin#primaryimage\"},\"thumbnailUrl\":\"https:\/\/www.herole.de\/blog\/wp-content\/uploads\/Alles-\u00fcber-Klassenfahrten-in_Berlin.jpg\",\"keywords\":[\"BERLIN\",\"Cluster:Berlin\",\"Cluster:Berlin:Absicherung\",\"Cluster:Content\"],\"articleSection\":[\"Berlin\"],\"inLanguage\":\"de\"},{\"@type\":\"WebPage\",\"@id\":\"https:\/\/www.herole.de\/blog\/klassenfahrtregelung-berlin\/\",\"url\":\"https:\/\/www.herole.de\/klassenfahrten-berlin\",\"name\":\"Alles \u00fcber Klassenfahrten in Berlin - HEROL\u00c9 Ratgeber\",\"isPartOf\":{\"@id\":\"https:\/\/www.herole.de\/blog\/#website\"},\"primaryImageOfPage\":{\"@id\":\"https:\/\/www.herole.de\/klassenfahrten-berlin#primaryimage\"},\"image\":{\"@id\":\"https:\/\/www.herole.de\/klassenfahrten-berlin#primaryimage\"},\"thumbnailUrl\":\"https:\/\/www.herole.de\/blog\/wp-content\/uploads\/Alles-\u00fcber-Klassenfahrten-in_Berlin.jpg\",\"datePublished\":\"2016-02-16T11:58:33+00:00\",\"dateModified\":\"2026-03-13T09:21:40+00:00\",\"description\":\"Was m\u00fcssen Lehrer in Berlin bei der Durchf\u00fchrung einer Sch\u00fclerfahrt beachten? Wir haben wichtige p\u00e4dagogische und rechtliche Punkte\u00a0zusammengefasst.\",\"breadcrumb\":{\"@id\":\"https:\/\/www.herole.de\/klassenfahrten-berlin#breadcrumb\"},\"inLanguage\":\"de\",\"potentialAction\":[{\"@type\":\"ReadAction\",\"target\":[\"https:\/\/www.herole.de\/klassenfahrten-berlin\"]}]},{\"@type\":\"ImageObject\",\"inLanguage\":\"de\",\"@id\":\"https:\/\/www.herole.de\/klassenfahrten-berlin#primaryimage\",\"url\":\"https:\/\/www.herole.de\/blog\/wp-content\/uploads\/Alles-\u00fcber-Klassenfahrten-in_Berlin.jpg\",\"contentUrl\":\"https:\/\/www.herole.de\/blog\/wp-content\/uploads\/Alles-\u00fcber-Klassenfahrten-in_Berlin.jpg\",\"width\":750,\"height\":422,\"caption\":\"Alles \u00fcber Klassenfahrten in Berlin\"},{\"@type\":\"BreadcrumbList\",\"@id\":\"https:\/\/www.herole.de\/klassenfahrten-berlin#breadcrumb\",\"itemListElement\":[{\"@type\":\"ListItem\",\"position\":1,\"name\":\"Startseite\",\"item\":\"https:\/\/www.herole.de\/blog\/\"},{\"@type\":\"ListItem\",\"position\":2,\"name\":\"Alles \u00fcber Klassenfahrten in Berlin\"}]},{\"@type\":\"WebSite\",\"@id\":\"https:\/\/www.herole.de\/blog\/#website\",\"url\":\"https:\/\/www.herole.de\/blog\/\",\"name\":\"HEROL\u00c9 Ratgeber\",\"description\":\"Wissenswertes rund um die Organisation von Klassenfahrten, zudem Lehrertipps und Themen des Schulalltags.\",\"publisher\":{\"@id\":\"https:\/\/www.herole.de\/blog\/#organization\"},\"potentialAction\":[{\"@type\":\"SearchAction\",\"target\":{\"@type\":\"EntryPoint\",\"urlTemplate\":\"https:\/\/www.herole.de\/blog\/?s={search_term_string}\"},\"query-input\":{\"@type\":\"PropertyValueSpecification\",\"valueRequired\":true,\"valueName\":\"search_term_string\"}}],\"inLanguage\":\"de\"},{\"@type\":\"Organization\",\"@id\":\"https:\/\/www.herole.de\/blog\/#organization\",\"name\":\"HEROL\u00c9 Reisen GmbH\",\"url\":\"https:\/\/www.herole.de\/blog\/\",\"logo\":{\"@type\":\"ImageObject\",\"inLanguage\":\"de\",\"@id\":\"https:\/\/www.herole.de\/blog\/#\/schema\/logo\/image\/\",\"url\":\"https:\/\/www.herole.de\/blog\/wp-content\/uploads\/herole-logo.png\",\"contentUrl\":\"https:\/\/www.herole.de\/blog\/wp-content\/uploads\/herole-logo.png\",\"width\":274,\"height\":70,\"caption\":\"HEROL\u00c9 Reisen GmbH\"},\"image\":{\"@id\":\"https:\/\/www.herole.de\/blog\/#\/schema\/logo\/image\/\"},\"sameAs\":[\"https:\/\/www.facebook.com\/HeroleKlassenfahrten\",\"https:\/\/x.com\/herole_reisen\",\"https:\/\/instagram.com\/heroleklassenfahrten\",\"https:\/\/www.youtube.com\/HeroleReisen\"]},{\"@type\":\"Person\",\"@id\":\"https:\/\/www.herole.de\/blog\/#\/schema\/person\/13fb982c1909aaffcf2c09f0fde399ba\",\"name\":\"Heike Philipp\",\"image\":{\"@type\":\"ImageObject\",\"inLanguage\":\"de\",\"@id\":\"https:\/\/www.herole.de\/blog\/#\/schema\/person\/image\/\",\"url\":\"https:\/\/secure.gravatar.com\/avatar\/6010203aefccca33c04c1b210ceba8ee7e5a734d5844451cfadfb0913f869e7a?s=96&d=mm&r=g\",\"contentUrl\":\"https:\/\/secure.gravatar.com\/avatar\/6010203aefccca33c04c1b210ceba8ee7e5a734d5844451cfadfb0913f869e7a?s=96&d=mm&r=g\",\"caption\":\"Heike Philipp\"},\"sameAs\":[\"https:\/\/x.com\/heike.bach\"]}]}<\/script>\n<!-- \/ Yoast SEO plugin. -->","yoast_head_json":{"title":"Alles \u00fcber Klassenfahrten in Berlin - HEROL\u00c9 Ratgeber","description":"Was m\u00fcssen Lehrer in Berlin bei der Durchf\u00fchrung einer Sch\u00fclerfahrt beachten? Wir haben wichtige p\u00e4dagogische und rechtliche Punkte\u00a0zusammengefasst.","robots":{"index":"index","follow":"follow","max-snippet":"max-snippet:-1","max-image-preview":"max-image-preview:large","max-video-preview":"max-video-preview:-1"},"canonical":"https:\/\/www.herole.de\/klassenfahrten-berlin","og_locale":"de_DE","og_type":"article","og_title":"Alles \u00fcber Klassenfahrten in Berlin - HEROL\u00c9 Ratgeber","og_description":"Was m\u00fcssen Lehrer in Berlin bei der Durchf\u00fchrung einer Sch\u00fclerfahrt beachten? Wir haben wichtige p\u00e4dagogische und rechtliche Punkte\u00a0zusammengefasst.","og_url":"https:\/\/www.herole.de\/klassenfahrten-berlin","og_site_name":"HEROL\u00c9 Ratgeber","article_publisher":"https:\/\/www.facebook.com\/HeroleKlassenfahrten","article_published_time":"2016-02-16T11:58:33+00:00","article_modified_time":"2026-03-13T09:21:40+00:00","og_image":[{"width":750,"height":422,"url":"https:\/\/www.herole.de\/blog\/wp-content\/uploads\/Alles-\u00fcber-Klassenfahrten-in_Berlin.jpg","type":"image\/jpeg"}],"author":"Heike Philipp","twitter_card":"summary_large_image","twitter_creator":"@heike.bach","twitter_site":"@herole_reisen","twitter_misc":{"Verfasst von":"Heike Philipp","Gesch\u00e4tzte Lesezeit":"9\u00a0Minuten"},"schema":{"@context":"https:\/\/schema.org","@graph":[{"@type":"Article","@id":"https:\/\/www.herole.de\/klassenfahrten-berlin#article","isPartOf":{"@id":"https:\/\/www.herole.de\/blog\/klassenfahrtregelung-berlin\/"},"author":{"name":"Heike Philipp","@id":"https:\/\/www.herole.de\/blog\/#\/schema\/person\/13fb982c1909aaffcf2c09f0fde399ba"},"headline":"Alles \u00fcber Klassenfahrten in Berlin","datePublished":"2016-02-16T11:58:33+00:00","dateModified":"2026-03-13T09:21:40+00:00","mainEntityOfPage":{"@id":"https:\/\/www.herole.de\/blog\/klassenfahrtregelung-berlin\/"},"wordCount":1681,"publisher":{"@id":"https:\/\/www.herole.de\/blog\/#organization"},"image":{"@id":"https:\/\/www.herole.de\/klassenfahrten-berlin#primaryimage"},"thumbnailUrl":"https:\/\/www.herole.de\/blog\/wp-content\/uploads\/Alles-\u00fcber-Klassenfahrten-in_Berlin.jpg","keywords":["BERLIN","Cluster:Berlin","Cluster:Berlin:Absicherung","Cluster:Content"],"articleSection":["Berlin"],"inLanguage":"de"},{"@type":"WebPage","@id":"https:\/\/www.herole.de\/blog\/klassenfahrtregelung-berlin\/","url":"https:\/\/www.herole.de\/klassenfahrten-berlin","name":"Alles \u00fcber Klassenfahrten in Berlin - HEROL\u00c9 Ratgeber","isPartOf":{"@id":"https:\/\/www.herole.de\/blog\/#website"},"primaryImageOfPage":{"@id":"https:\/\/www.herole.de\/klassenfahrten-berlin#primaryimage"},"image":{"@id":"https:\/\/www.herole.de\/klassenfahrten-berlin#primaryimage"},"thumbnailUrl":"https:\/\/www.herole.de\/blog\/wp-content\/uploads\/Alles-\u00fcber-Klassenfahrten-in_Berlin.jpg","datePublished":"2016-02-16T11:58:33+00:00","dateModified":"2026-03-13T09:21:40+00:00","description":"Was m\u00fcssen Lehrer in Berlin bei der Durchf\u00fchrung einer Sch\u00fclerfahrt beachten? Wir haben wichtige p\u00e4dagogische und rechtliche Punkte\u00a0zusammengefasst.","breadcrumb":{"@id":"https:\/\/www.herole.de\/klassenfahrten-berlin#breadcrumb"},"inLanguage":"de","potentialAction":[{"@type":"ReadAction","target":["https:\/\/www.herole.de\/klassenfahrten-berlin"]}]},{"@type":"ImageObject","inLanguage":"de","@id":"https:\/\/www.herole.de\/klassenfahrten-berlin#primaryimage","url":"https:\/\/www.herole.de\/blog\/wp-content\/uploads\/Alles-\u00fcber-Klassenfahrten-in_Berlin.jpg","contentUrl":"https:\/\/www.herole.de\/blog\/wp-content\/uploads\/Alles-\u00fcber-Klassenfahrten-in_Berlin.jpg","width":750,"height":422,"caption":"Alles \u00fcber Klassenfahrten in Berlin"},{"@type":"BreadcrumbList","@id":"https:\/\/www.herole.de\/klassenfahrten-berlin#breadcrumb","itemListElement":[{"@type":"ListItem","position":1,"name":"Startseite","item":"https:\/\/www.herole.de\/blog\/"},{"@type":"ListItem","position":2,"name":"Alles \u00fcber Klassenfahrten in Berlin"}]},{"@type":"WebSite","@id":"https:\/\/www.herole.de\/blog\/#website","url":"https:\/\/www.herole.de\/blog\/","name":"HEROL\u00c9 Ratgeber","description":"Wissenswertes rund um die Organisation von Klassenfahrten, zudem Lehrertipps und Themen des Schulalltags.","publisher":{"@id":"https:\/\/www.herole.de\/blog\/#organization"},"potentialAction":[{"@type":"SearchAction","target":{"@type":"EntryPoint","urlTemplate":"https:\/\/www.herole.de\/blog\/?s={search_term_string}"},"query-input":{"@type":"PropertyValueSpecification","valueRequired":true,"valueName":"search_term_string"}}],"inLanguage":"de"},{"@type":"Organization","@id":"https:\/\/www.herole.de\/blog\/#organization","name":"HEROL\u00c9 Reisen GmbH","url":"https:\/\/www.herole.de\/blog\/","logo":{"@type":"ImageObject","inLanguage":"de","@id":"https:\/\/www.herole.de\/blog\/#\/schema\/logo\/image\/","url":"https:\/\/www.herole.de\/blog\/wp-content\/uploads\/herole-logo.png","contentUrl":"https:\/\/www.herole.de\/blog\/wp-content\/uploads\/herole-logo.png","width":274,"height":70,"caption":"HEROL\u00c9 Reisen GmbH"},"image":{"@id":"https:\/\/www.herole.de\/blog\/#\/schema\/logo\/image\/"},"sameAs":["https:\/\/www.facebook.com\/HeroleKlassenfahrten","https:\/\/x.com\/herole_reisen","https:\/\/instagram.com\/heroleklassenfahrten","https:\/\/www.youtube.com\/HeroleReisen"]},{"@type":"Person","@id":"https:\/\/www.herole.de\/blog\/#\/schema\/person\/13fb982c1909aaffcf2c09f0fde399ba","name":"Heike Philipp","image":{"@type":"ImageObject","inLanguage":"de","@id":"https:\/\/www.herole.de\/blog\/#\/schema\/person\/image\/","url":"https:\/\/secure.gravatar.com\/avatar\/6010203aefccca33c04c1b210ceba8ee7e5a734d5844451cfadfb0913f869e7a?s=96&d=mm&r=g","contentUrl":"https:\/\/secure.gravatar.com\/avatar\/6010203aefccca33c04c1b210ceba8ee7e5a734d5844451cfadfb0913f869e7a?s=96&d=mm&r=g","caption":"Heike Philipp"},"sameAs":["https:\/\/x.com\/heike.bach"]}]}},"_links":{"self":[{"href":"https:\/\/www.herole.de\/blog\/wp-json\/wp\/v2\/posts\/3095","targetHints":{"allow":["GET"]}}],"collection":[{"href":"https:\/\/www.herole.de\/blog\/wp-json\/wp\/v2\/posts"}],"about":[{"href":"https:\/\/www.herole.de\/blog\/wp-json\/wp\/v2\/types\/post"}],"author":[{"embeddable":true,"href":"https:\/\/www.herole.de\/blog\/wp-json\/wp\/v2\/users\/6"}],"replies":[{"embeddable":true,"href":"https:\/\/www.herole.de\/blog\/wp-json\/wp\/v2\/comments?post=3095"}],"version-history":[{"count":1,"href":"https:\/\/www.herole.de\/blog\/wp-json\/wp\/v2\/posts\/3095\/revisions"}],"predecessor-version":[{"id":34507,"href":"https:\/\/www.herole.de\/blog\/wp-json\/wp\/v2\/posts\/3095\/revisions\/34507"}],"wp:featuredmedia":[{"embeddable":true,"href":"https:\/\/www.herole.de\/blog\/wp-json\/wp\/v2\/media\/3099"}],"wp:attachment":[{"href":"https:\/\/www.herole.de\/blog\/wp-json\/wp\/v2\/media?parent=3095"}],"wp:term":[{"taxonomy":"category","embeddable":true,"href":"https:\/\/www.herole.de\/blog\/wp-json\/wp\/v2\/categories?post=3095"},{"taxonomy":"post_tag","embeddable":true,"href":"https:\/\/www.herole.de\/blog\/wp-json\/wp\/v2\/tags?post=3095"}],"curies":[{"name":"wp","href":"https:\/\/api.w.org\/{rel}","templated":true}]}}