{"id":2264,"date":"2025-12-05T10:37:59","date_gmt":"2025-12-05T09:37:59","guid":{"rendered":"https:\/\/www.herole.de\/blog\/?p=2264"},"modified":"2025-12-05T10:39:24","modified_gmt":"2025-12-05T09:39:24","slug":"foerdermittel-gedenkstaettenfahrten","status":"publish","type":"post","link":"https:\/\/www.herole.de\/blog\/foerdermittel-gedenkstaettenfahrten\/","title":{"rendered":"\u00d6ffentliche F\u00f6rdermittel f\u00fcr Gedenkst\u00e4ttenfahrten"},"content":{"rendered":"\t\t<div data-elementor-type=\"wp-post\" data-elementor-id=\"2264\" class=\"elementor elementor-2264\" data-elementor-post-type=\"post\">\n\t\t\t\t\t\t<section class=\"elementor-section elementor-top-section elementor-element elementor-element-5cc3e36f elementor-section-boxed elementor-section-height-default elementor-section-height-default\" data-id=\"5cc3e36f\" data-element_type=\"section\">\n\t\t\t\t\t\t<div class=\"elementor-container elementor-column-gap-default\">\n\t\t\t\t\t<div class=\"elementor-column elementor-col-100 elementor-top-column elementor-element elementor-element-185a9073\" data-id=\"185a9073\" data-element_type=\"column\">\n\t\t\t<div class=\"elementor-widget-wrap elementor-element-populated\">\n\t\t\t\t\t\t<div class=\"elementor-element elementor-element-3602ebf0 elementor-widget elementor-widget-text-editor\" data-id=\"3602ebf0\" data-element_type=\"widget\" data-widget_type=\"text-editor.default\">\n\t\t\t\t<div class=\"elementor-widget-container\">\n\t\t\t\t\t\t\t\t\t<h2>Gedenkst\u00e4ttenfahrt f\u00f6rdern lassen: So finanzieren Sie Erinnerungs-Exkursionen<\/h2><p>Bei jeder <a href=\"https:\/\/www.herole.de\/klassenfahrten-berlin\">Klassenfahrt nach Berlin<\/a> sollte ein Besuch in einer Gedenkst\u00e4tte nicht fehlen. Neben dem Bund f\u00f6rdern die L\u00e4nder Fahrten zu Gedenkst\u00e4tten durch teils sehr unterschiedliche Strukturen und Programme. Internationale Begegnungsprojekte werden vorrangig durch die internationalen Jugendwerke unterst\u00fctzt, aber auch eine F\u00f6rderung durch die Europ\u00e4ische Union ist im Kontext gr\u00f6\u00dferer Projekte m\u00f6glich.<\/p><p>In s\u00e4mtlichen Bereichen der Bildungsf\u00f6rderung in Deutschland \u2013 so auch im Bereich der F\u00f6rderung von Gedenkst\u00e4ttenfahrten \u2013 dominieren nach wie vor \u00f6ffentliche antragsbasierte F\u00f6rdermittel. Meist wird unterschieden zwischen multi- bzw. bilateralen F\u00f6rdermitteln (beispielsweise durch eine EU-F\u00f6rderung oder vom Deutsch-Polnischen Jugendwerk), nationaler F\u00f6rderung (durch die Bundesstiftung Aufarbeitung der SED-Diktatur) und landesweiter (Landeszentralen f\u00fcr politische Bildungsarbeit) oder regionaler \/ kommunaler F\u00f6rderung. Daneben k\u00f6nnen Bildungseinrichtungen F\u00f6rdermittel bei Stiftungen beantragen. Im Idealfall lassen sich diese F\u00f6rdermittel durch eine gezielte Spendenakquise erg\u00e4nzen und zu einem \u201eF\u00f6rdermix\u201c kombinieren. Je professioneller die Einrichtung hier aufgestellt ist, desto erfolgreicher wird die Mittelbeschaffung ausfallen. Gut entwickelte Standards und Routinen k\u00f6nnen den Zeitaufwand erheblich reduzieren.<\/p>\t\t\t\t\t\t\t\t<\/div>\n\t\t\t\t<\/div>\n\t\t\t\t<section class=\"elementor-section elementor-inner-section elementor-element elementor-element-bba8722 elementor-section-boxed elementor-section-height-default elementor-section-height-default\" data-id=\"bba8722\" data-element_type=\"section\">\n\t\t\t\t\t\t<div class=\"elementor-container elementor-column-gap-default\">\n\t\t\t\t\t<div class=\"elementor-column elementor-col-50 elementor-inner-column elementor-element elementor-element-6b53c72 auto-width\" data-id=\"6b53c72\" data-element_type=\"column\">\n\t\t\t<div class=\"elementor-widget-wrap elementor-element-populated\">\n\t\t\t\t\t\t<div class=\"elementor-element elementor-element-df6dc9e elementor-view-default elementor-widget elementor-widget-icon\" data-id=\"df6dc9e\" data-element_type=\"widget\" data-widget_type=\"icon.default\">\n\t\t\t\t<div class=\"elementor-widget-container\">\n\t\t\t\t\t\t\t<div class=\"elementor-icon-wrapper\">\n\t\t\t<div class=\"elementor-icon\">\n\t\t\t<i aria-hidden=\"true\" class=\"icon icon-blog_tip\"><\/i>\t\t\t<\/div>\n\t\t<\/div>\n\t\t\t\t\t\t<\/div>\n\t\t\t\t<\/div>\n\t\t\t\t\t<\/div>\n\t\t<\/div>\n\t\t\t\t<div class=\"elementor-column elementor-col-50 elementor-inner-column elementor-element elementor-element-20d72e3\" data-id=\"20d72e3\" data-element_type=\"column\">\n\t\t\t<div class=\"elementor-widget-wrap elementor-element-populated\">\n\t\t\t\t\t\t<div class=\"elementor-element elementor-element-4756b89 tip elementor-widget elementor-widget-text-editor\" data-id=\"4756b89\" data-element_type=\"widget\" data-widget_type=\"text-editor.default\">\n\t\t\t\t<div class=\"elementor-widget-container\">\n\t\t\t\t\t\t\t\t\t<p><a href=\"https:\/\/www.bpb.de\/gesellschaft\/bildung\/kulturelle-bildung\/60068\/checkliste\" target=\"_blank\" rel=\"noopener noreferrer\">Hier<\/a> finden Sie eine Checkliste zur Entwicklung eines Antragskonzepts.<\/p>\t\t\t\t\t\t\t\t<\/div>\n\t\t\t\t<\/div>\n\t\t\t\t\t<\/div>\n\t\t<\/div>\n\t\t\t\t\t<\/div>\n\t\t<\/section>\n\t\t\t\t<div class=\"elementor-element elementor-element-544e3f5 elementor-widget elementor-widget-text-editor\" data-id=\"544e3f5\" data-element_type=\"widget\" data-widget_type=\"text-editor.default\">\n\t\t\t\t<div class=\"elementor-widget-container\">\n\t\t\t\t\t\t\t\t\t<h2>Gedenkst\u00e4ttenfahrt in Deutschland: Landesf\u00f6rderprogramme im \u00dcberblick<\/h2><p>Die F\u00f6rderung von Fahrten zu Gedenkst\u00e4tten der SED-Diktatur ist in den 16 Bundesl\u00e4ndern sehr unterschiedlich organisiert. Ebenso wie sich individuelle Schwerpunkte auspr\u00e4gt haben, l\u00e4sst sich auch keine \u00fcbergreifende Regel bei m\u00f6glichen Ansprechpartner:innen oder Gesch\u00e4ftsbereichen feststellen. Nicht ber\u00fccksichtigt werden im untenstehenden Katalog die M\u00f6glichkeiten kommunaler F\u00f6rderung. Die M\u00f6glichkeiten, in denen die Landesbeh\u00f6rden als Zentralstellen f\u00fcr bundesweite F\u00f6rderprogramme (internationaler Jugendaustausch, Kinder- und Jugendplan usw.) agieren, sind hier ebenfalls nur teilweise dargestellt. Angesichts der F\u00fclle der F\u00f6rderprogramme besteht trotz intensiver Recherche kein Anspruch auf Vollst\u00e4ndigkeit oder Gew\u00e4hr auf Korrektheit der Angaben.<\/p><h3><span id=\"Baden-Wuerttemberg\">Baden-W\u00fcrttemberg<\/span><\/h3><p>In Baden-W\u00fcrttemberg existiert eine F\u00f6rderung f\u00fcr Studienfahrten zu Gedenkst\u00e4tten nationalsozialistischen Unrechts. Das gilt f\u00fcr Sch\u00fcler aller Schularten ab einem bestimmten Alter (Sch\u00fcler ab etwa 12 Jahren).\u00a0<\/p><p>Gef\u00f6rdert werden Besuche von Gedenkst\u00e4tten im Land oder bis zu 100 km von der Landesgrenze \u2014 das schlie\u00dft manche Gedenkst\u00e4tten \u00fcber die Grenze hinaus ein.\u00a0<\/p><p>Antr\u00e4ge m\u00fcssen bei den zust\u00e4ndigen Regierungspr\u00e4sidien eingebracht werden; die Fahrten m\u00fcssen den p\u00e4dagogischen und inhaltlichen Richtlinien zur Jugendbildung entsprechen.<\/p>\t\t\t\t\t\t\t\t<\/div>\n\t\t\t\t<\/div>\n\t\t\t\t<div class=\"elementor-element elementor-element-a408189 elementor-widget elementor-widget-text-editor\" data-id=\"a408189\" data-element_type=\"widget\" data-widget_type=\"text-editor.default\">\n\t\t\t\t<div class=\"elementor-widget-container\">\n\t\t\t\t\t\t\t\t\t<h3><span id=\"Bayern\">Bayern<\/span><\/h3><p>Die Bayerische Landeszentrale f\u00fcr politische Bildungsarbeit f\u00f6rdert Klassenfahrten zu den bayerischen\u00a0KZ-Gedenkst\u00e4tten <a href=\"#linksammlung\" target=\"_blank\" rel=\"noopener noreferrer\">Dachau<\/a>\u00a0und\u00a0<a href=\"#linksammlung\" target=\"_blank\" rel=\"noopener noreferrer\">Flossenb\u00fcrg<\/a>\u00a0sowie zum\u00a0<a href=\"https:\/\/moedlareuth.de\/\" target=\"_blank\" rel=\"noopener noreferrer\">Deutsch-Deutschen Museum M\u00f6dlareuth<\/a>.<\/p>\t\t\t\t\t\t\t\t<\/div>\n\t\t\t\t<\/div>\n\t\t\t\t<div class=\"elementor-element elementor-element-6298ce1 elementor-icon-list--layout-traditional elementor-list-item-link-full_width elementor-widget elementor-widget-icon-list\" data-id=\"6298ce1\" data-element_type=\"widget\" data-widget_type=\"icon-list.default\">\n\t\t\t\t<div class=\"elementor-widget-container\">\n\t\t\t\t\t\t\t<ul class=\"elementor-icon-list-items\">\n\t\t\t\t\t\t\t<li class=\"elementor-icon-list-item\">\n\t\t\t\t\t\t\t\t\t\t\t<span class=\"elementor-icon-list-icon\">\n\t\t\t\t\t\t\t<i aria-hidden=\"true\" class=\"icon icon-ok\"><\/i>\t\t\t\t\t\t<\/span>\n\t\t\t\t\t\t\t\t\t\t<span class=\"elementor-icon-list-text\">Kriterien: Mittel-, Haupt- und F\u00f6rderschulen ab der 8. Jahrgangsstufe, Gymnasien, Realschulen und berufliche Schulen ab 9. Jahrgangsstufe.<\/span>\n\t\t\t\t\t\t\t\t\t<\/li>\n\t\t\t\t\t\t\t\t<li class=\"elementor-icon-list-item\">\n\t\t\t\t\t\t\t\t\t\t\t<span class=\"elementor-icon-list-icon\">\n\t\t\t\t\t\t\t<i aria-hidden=\"true\" class=\"icon icon-ok\"><\/i>\t\t\t\t\t\t<\/span>\n\t\t\t\t\t\t\t\t\t\t<span class=\"elementor-icon-list-text\">Gruppengr\u00f6\u00dfe: Die F\u00f6rderung erfolgt je \u201eangefangene 60 teilnehmende Sch\u00fcler:innen\u201c<\/span>\n\t\t\t\t\t\t\t\t\t<\/li>\n\t\t\t\t\t\t\t\t<li class=\"elementor-icon-list-item\">\n\t\t\t\t\t\t\t\t\t\t\t<span class=\"elementor-icon-list-icon\">\n\t\t\t\t\t\t\t<i aria-hidden=\"true\" class=\"icon icon-ok\"><\/i>\t\t\t\t\t\t<\/span>\n\t\t\t\t\t\t\t\t\t\t<span class=\"elementor-icon-list-text\">F\u00f6rderh\u00f6he: 1 Euro pro Kilometer zur n\u00e4chstgelegenen Gedenkst\u00e4tte.<\/span>\n\t\t\t\t\t\t\t\t\t<\/li>\n\t\t\t\t\t\t\t\t<li class=\"elementor-icon-list-item\">\n\t\t\t\t\t\t\t\t\t\t\t<span class=\"elementor-icon-list-icon\">\n\t\t\t\t\t\t\t<i aria-hidden=\"true\" class=\"icon icon-ok\"><\/i>\t\t\t\t\t\t<\/span>\n\t\t\t\t\t\t\t\t\t\t<span class=\"elementor-icon-list-text\">Abgabefristen: bis zu einem Monat nach der Fahrt, der Besuch muss von der Gedenkst\u00e4tte best\u00e4tigt werden.<\/span>\n\t\t\t\t\t\t\t\t\t<\/li>\n\t\t\t\t\t\t<\/ul>\n\t\t\t\t\t\t<\/div>\n\t\t\t\t<\/div>\n\t\t\t\t<div class=\"elementor-element elementor-element-a540cdf elementor-cta--valign-top lines lines-1 elementor-cta--skin-classic elementor-animated-content elementor-bg-transform elementor-bg-transform-zoom-in elementor-widget elementor-widget-call-to-action\" data-id=\"a540cdf\" data-element_type=\"widget\" data-widget_type=\"call-to-action.default\">\n\t\t\t\t<div class=\"elementor-widget-container\">\n\t\t\t\t\t\t\t<div class=\"elementor-cta\">\n\t\t\t\t\t\t\t<div class=\"elementor-cta__content\">\n\t\t\t\t\n\t\t\t\t\t\t\t\t\t<h2 class=\"elementor-cta__title elementor-cta__content-item elementor-content-item\">\n\t\t\t\t\t\tMehr Erfahren\t\t\t\t\t<\/h2>\n\t\t\t\t\n\t\t\t\t\t\t\t\t\t<div class=\"elementor-cta__description elementor-cta__content-item elementor-content-item\">\n\t\t\t\t\t\tIn unserem Blogbeitrag \u201eExkursionen zu Konzentrationslagern\u201c geben wir wertvolle Hinweise zur Vorbereitung und p\u00e4dagogischen Durchf\u00fchrung einer Fahrt zu einer Gedenkst\u00e4tte nationalsozialistischen Unrechts, u.a. zum KZ Dachau.\t\t\t\t\t<\/div>\n\t\t\t\t\n\t\t\t\t\t\t\t\t\t<div class=\"elementor-cta__button-wrapper elementor-cta__content-item elementor-content-item \">\n\t\t\t\t\t<a class=\"elementor-cta__button elementor-button elementor-size-\" href=\"https:\/\/www.herole.de\/blog\/exkursionen-zu-konzentrationslagern\/\">\n\t\t\t\t\t\tHier Lesen\t\t\t\t\t<\/a>\n\t\t\t\t\t<\/div>\n\t\t\t\t\t\t\t<\/div>\n\t\t\t\t\t\t<\/div>\n\t\t\t\t\t\t<\/div>\n\t\t\t\t<\/div>\n\t\t\t\t<section class=\"elementor-section elementor-inner-section elementor-element elementor-element-4ac6ec2 elementor-reverse-tablet elementor-reverse-mobile elementor-section-boxed elementor-section-height-default elementor-section-height-default\" data-id=\"4ac6ec2\" data-element_type=\"section\">\n\t\t\t\t\t\t<div class=\"elementor-container elementor-column-gap-no\">\n\t\t\t\t\t<div class=\"elementor-column elementor-col-100 elementor-inner-column elementor-element elementor-element-b19db1d\" data-id=\"b19db1d\" data-element_type=\"column\">\n\t\t\t<div class=\"elementor-widget-wrap elementor-element-populated\">\n\t\t\t\t\t\t<div class=\"elementor-element elementor-element-7b3fc7e elementor-widget elementor-widget-text-editor\" data-id=\"7b3fc7e\" data-element_type=\"widget\" data-widget_type=\"text-editor.default\">\n\t\t\t\t<div class=\"elementor-widget-container\">\n\t\t\t\t\t\t\t\t\t<h3><span id=\"Berlin\">Berlin<\/span><\/h3><p data-start=\"1264\" data-end=\"1452\"><!--StartFragment --><\/p><p class=\"pf0\"><span class=\"cf0\">In Berlin gibt es mehrere Programme und Stiftungen, die Klassenfahrten zu Gedenkst\u00e4tten f\u00f6rdern. Hier sind einige der wichtigsten Programme und deren F\u00f6rderm\u00f6glichkeiten:<\/span><\/p><p class=\"pf0\"><span class=\"cf0\"><strong>Bethe-Stiftung:<\/strong> F\u00f6rdert Sch\u00fclerfahrten zu Gedenkst\u00e4tten in den ehemaligen NS-Konzentrations- und Vernichtungslagern in Polen. <\/span><\/p><p class=\"pf0\"><strong><span class=\"cf0\">Bundeszentrale f\u00fcr politische Bildung (<\/span><span class=\"cf0\">bpb<\/span><\/strong><span class=\"cf0\"><strong>)<\/strong>: F\u00f6rdert Schulfahrten zu Gedenkst\u00e4tten in Brandenburg und Berlin. <\/span><\/p><p class=\"pf0\"><span class=\"cf0\"><strong>Ministerium f\u00fcr Bildung, Jugend und Sport (MBJS)<\/strong>: F\u00f6rdert Schulfahrten nach Polen mit verbindlichen Besuchen von Gedenkst\u00e4tten der Geschichte des Nationalsozialismus. <\/span><\/p><p class=\"pf0\"><span class=\"cf0\"><strong>IBB gGmbH<\/strong>: Zentralstelle zur F\u00f6rderung von Gedenkst\u00e4ttenfahrten gemeinn\u00fctziger, au\u00dferschulischer Bildungstr\u00e4ger. <\/span><\/p><p class=\"pf0\"><span class=\"cf0\">Diese Programme bieten eine Vielzahl von M\u00f6glichkeiten, um Sch\u00fclerfahrten zu Gedenkst\u00e4tten zu unterst\u00fctzen und somit die Demokratiebildung zu f\u00f6rdern. Es ist wichtig, die spezifischen Anforderungen und Antragsformulare der jeweiligen Programme zu beachten, um die F\u00f6rdermittel erfolgreich zu beantragen.<\/span><\/p><p data-start=\"1264\" data-end=\"1452\"><!--EndFragment --><\/p>\t\t\t\t\t\t\t\t<\/div>\n\t\t\t\t<\/div>\n\t\t\t\t<div class=\"elementor-element elementor-element-dc23e89 elementor-cta--valign-top lines lines-2 elementor-cta--skin-classic elementor-animated-content elementor-bg-transform elementor-bg-transform-zoom-in elementor-widget elementor-widget-call-to-action\" data-id=\"dc23e89\" data-element_type=\"widget\" data-widget_type=\"call-to-action.default\">\n\t\t\t\t<div class=\"elementor-widget-container\">\n\t\t\t\t\t\t\t<div class=\"elementor-cta\">\n\t\t\t\t\t\t\t<div class=\"elementor-cta__content\">\n\t\t\t\t\n\t\t\t\t\t\t\t\t\t<h2 class=\"elementor-cta__title elementor-cta__content-item elementor-content-item\">\n\t\t\t\t\t\tKlassenfahrt Geschichte: Berlin\t\t\t\t\t<\/h2>\n\t\t\t\t\n\t\t\t\t\t\t\t\t\t<div class=\"elementor-cta__description elementor-cta__content-item elementor-content-item\">\n\t\t\t\t\t\tEntdecken Sie unsere spannende Themenfahrt mit Schwerpunkt Geschichte nach Berlin!\t\t\t\t\t<\/div>\n\t\t\t\t\n\t\t\t\t\t\t\t\t\t<div class=\"elementor-cta__button-wrapper elementor-cta__content-item elementor-content-item \">\n\t\t\t\t\t<a class=\"elementor-cta__button elementor-button elementor-size-\" href=\"https:\/\/www.herole.de\/klassenfahrten\/berlin-fach-geschichte\" target=\"_blank\">\n\t\t\t\t\t\tJetzt Klassenfahrt nach Berlin buchen\t\t\t\t\t<\/a>\n\t\t\t\t\t<\/div>\n\t\t\t\t\t\t\t<\/div>\n\t\t\t\t\t\t<\/div>\n\t\t\t\t\t\t<\/div>\n\t\t\t\t<\/div>\n\t\t\t\t\t<\/div>\n\t\t<\/div>\n\t\t\t\t\t<\/div>\n\t\t<\/section>\n\t\t\t\t<div class=\"elementor-element elementor-element-ecb27a1 elementor-widget elementor-widget-text-editor\" data-id=\"ecb27a1\" data-element_type=\"widget\" data-widget_type=\"text-editor.default\">\n\t\t\t\t<div class=\"elementor-widget-container\">\n\t\t\t\t\t\t\t\t\t<h3><span id=\"Brandenburg\">Brandenburg<\/span><\/h3><p data-start=\"1701\" data-end=\"2433\">In Brandenburg gibt es eine landeseigene F\u00f6rderung f\u00fcr Schulfahrten mit Gedenkst\u00e4ttenbesuch: Schulen bzw. F\u00f6rdervereine k\u00f6nnen Zusch\u00fcsse beantragen \u2014 etwa zur An- und Abreise sowie f\u00fcr Eintrittsgelder, wenn die Fahrt zu Gedenkst\u00e4tten in Brandenburg, Berlin oder bei Fahrten nach Polen f\u00fchrt. F\u00fcr Fahrten innerhalb Brandenburgs oder nach Berlin gibt es eine Pauschalf\u00f6rderung pro Sch\u00fclerin\/Sch\u00fcler \u2014 der Zuschuss betr\u00e4gt bis zu 35 \u20ac pro Person. Bei Fahrten nach Polen oder bei komplexeren Fahrtzielen deckt die F\u00f6rderung u.a. kosten f\u00fcr Fahrt, Unterkunft, Verpflegung und Eintritt ab \u2014 dann gelten andere S\u00e4tze.\u00a0<\/p><p data-start=\"2435\" data-end=\"2598\">In 2024 wurde das F\u00f6rderbudget f\u00fcr solche Fahrten sp\u00fcrbar erh\u00f6ht, um mehr Schulen und Sch\u00fcler*innen zug\u00e4nglich zu machen.<\/p>\t\t\t\t\t\t\t\t<\/div>\n\t\t\t\t<\/div>\n\t\t\t\t<section class=\"elementor-section elementor-inner-section elementor-element elementor-element-5158920 elementor-section-boxed elementor-section-height-default elementor-section-height-default\" data-id=\"5158920\" data-element_type=\"section\">\n\t\t\t\t\t\t<div class=\"elementor-container elementor-column-gap-default\">\n\t\t\t\t\t<div class=\"elementor-column elementor-col-50 elementor-inner-column elementor-element elementor-element-c2092b7 auto-width\" data-id=\"c2092b7\" data-element_type=\"column\">\n\t\t\t<div class=\"elementor-widget-wrap elementor-element-populated\">\n\t\t\t\t\t\t<div class=\"elementor-element elementor-element-6e48244 elementor-view-default elementor-widget elementor-widget-icon\" data-id=\"6e48244\" data-element_type=\"widget\" data-widget_type=\"icon.default\">\n\t\t\t\t<div class=\"elementor-widget-container\">\n\t\t\t\t\t\t\t<div class=\"elementor-icon-wrapper\">\n\t\t\t<div class=\"elementor-icon\">\n\t\t\t<i aria-hidden=\"true\" class=\"icon icon-blog_tip\"><\/i>\t\t\t<\/div>\n\t\t<\/div>\n\t\t\t\t\t\t<\/div>\n\t\t\t\t<\/div>\n\t\t\t\t\t<\/div>\n\t\t<\/div>\n\t\t\t\t<div class=\"elementor-column elementor-col-50 elementor-inner-column elementor-element elementor-element-5384170\" data-id=\"5384170\" data-element_type=\"column\">\n\t\t\t<div class=\"elementor-widget-wrap elementor-element-populated\">\n\t\t\t\t\t\t<div class=\"elementor-element elementor-element-09c2519 tip elementor-widget elementor-widget-text-editor\" data-id=\"09c2519\" data-element_type=\"widget\" data-widget_type=\"text-editor.default\">\n\t\t\t\t<div class=\"elementor-widget-container\">\n\t\t\t\t\t\t\t\t\t<p>Weitere Informationen, unter anderem \u00fcber die\u00a0Richtlinie zur F\u00f6rderung der Jugendbildung und Jugendbegegnung, finden Sie <a href=\"#linksammlung\" target=\"_blank\" rel=\"noopener noreferrer\">hier<\/a>.<\/p>\t\t\t\t\t\t\t\t<\/div>\n\t\t\t\t<\/div>\n\t\t\t\t\t<\/div>\n\t\t<\/div>\n\t\t\t\t\t<\/div>\n\t\t<\/section>\n\t\t\t\t<div class=\"elementor-element elementor-element-f5c2a30 elementor-widget elementor-widget-text-editor\" data-id=\"f5c2a30\" data-element_type=\"widget\" data-widget_type=\"text-editor.default\">\n\t\t\t\t<div class=\"elementor-widget-container\">\n\t\t\t\t\t\t\t\t\t<h3><span id=\"Bremen\">Bremen<\/span><\/h3><p>Die <a href=\"#linksammlung\" target=\"_blank\" rel=\"noopener noreferrer\">Bremer Landeszentrale f\u00fcr politische Bildung<\/a> f\u00f6rdert keine Gedenkst\u00e4ttenfahrten von Schulen oder Jugendgruppen an Orte der SED-Diktatur. Im Rahmen der eigenen T\u00e4tigkeiten werden jedoch Veranstaltungen in dem Kontext DDR-Geschichte durchgef\u00fchrt, beispielsweise auch im Rahmen von Fahrten nach Berlin. Hier steht in der Regel auch ein Besuch in der Gedenkst\u00e4tte Hohensch\u00f6nhausen auf dem Programm.<\/p><h3><span id=\"Hamburg\">Hamburg<\/span><\/h3><p>Gef\u00f6rdert werden Gedenkst\u00e4ttenfahrten im Rahmen der allgemeinen F\u00f6rderung politischer Bildungsarbeit durch die <a href=\"#linksammlung\" target=\"_blank\" rel=\"noopener noreferrer\">Landeszentrale f\u00fcr politische Bildung Hamburg<\/a>.<\/p>\t\t\t\t\t\t\t\t<\/div>\n\t\t\t\t<\/div>\n\t\t\t\t<div class=\"elementor-element elementor-element-928f2ba elementor-widget elementor-widget-text-editor\" data-id=\"928f2ba\" data-element_type=\"widget\" data-widget_type=\"text-editor.default\">\n\t\t\t\t<div class=\"elementor-widget-container\">\n\t\t\t\t\t\t\t\t\t<h3><span id=\"Hessen\">Hessen<\/span><\/h3><p>In Hessen \u00fcbernimmt die HLZ F\u00f6rderungen f\u00fcr Gedenkst\u00e4tten- und Erinnerungsfahrten f\u00fcr hessische Sch\u00fcler- und Jugendgruppen. Das umfasst sowohl Gedenkst\u00e4tten zur Zeit des Nationalsozialismus, Orte der SED-Diktaturaufarbeitung, als auch Lern- und Erinnerungsorte der Demokratiegeschichte.\u00a0<\/p><p>Das hei\u00dft: Schulklassen, Jugendgruppen oder Bildungstr\u00e4ger aus Hessen k\u00f6nnen Zusch\u00fcsse beantragen \u2014 zum Beispiel f\u00fcr Fahrtkosten oder Programm bei Gedenkst\u00e4ttenbesuchen.<\/p>\t\t\t\t\t\t\t\t<\/div>\n\t\t\t\t<\/div>\n\t\t\t\t<div class=\"elementor-element elementor-element-c472087 elementor-widget elementor-widget-text-editor\" data-id=\"c472087\" data-element_type=\"widget\" data-widget_type=\"text-editor.default\">\n\t\t\t\t<div class=\"elementor-widget-container\">\n\t\t\t\t\t\t\t\t\t<h3><span id=\"Mecklenburg-Vorpommern\">Mecklenburg-Vorpommern<\/span><\/h3><p data-start=\"266\" data-end=\"645\">In Mecklenburg\u2011Vorpommern gibt es eine offizielle Landesf\u00f6rderung f\u00fcr Klassenfahrten und Gedenkst\u00e4ttenfahrten. \u00d6ffentliche Schulen (allgemeinbildende und berufliche Schulen) k\u00f6nnen F\u00f6rdermittel f\u00fcr Fahrten zu KZ\u2011Gedenkst\u00e4tten, Erinnerungst\u00e4tten der deutschen Geschichte sowie zu St\u00e4tten kulturellen oder naturhistorischen Erbes beantragen.\u00a0<\/p><p data-start=\"647\" data-end=\"856\">Die F\u00f6rderung gilt grunds\u00e4tzlich ab der Jahrgangsstufe 7. Pro Schulklasse k\u00f6nnen bis zu <strong data-start=\"773\" data-end=\"785\">500\u202fEuro<\/strong> als Zuschuss beantragt werden.\u00a0<\/p><p data-start=\"858\" data-end=\"1217\">F\u00fcr mehrt\u00e4gige Fahrten, insbesondere zu ehemaligen NS\u2011Vernichtungslagern in Polen (z.\u202fB. Auschwitz-Birkenau, Majdanek etc.), stehen gesonderte F\u00f6rdermittel bereit \u2014 hierbei arbeitet das Land mit externen Partnern zusammen (z.\u202fB. mit der Europ\u00e4ische Akademie Mecklenburg-Vorpommern in Waren (M\u00fcritz) bzw. der IBB gGmbH).\u00a0<\/p><p data-start=\"1219\" data-end=\"1474\">2025 hat das Land das F\u00f6rderbudget f\u00fcr derartige Fahrten deutlich aufgestockt: Die Mittel wurden im Vergleich zu Vorjahren erh\u00f6ht \u2014 das erm\u00f6glicht mehr Klassen und Jugendlichen die Teilnahme an Gedenkst\u00e4ttenfahrten.\u00a0<\/p><p data-start=\"1476\" data-end=\"1903\">Parallel dazu f\u00f6rdert die Landeszentrale f\u00fcr politische Bildung Mecklenburg-Vorpommern (LpB\u2011MV) nicht nur Gedenkst\u00e4tten als Einrichtungen, sondern unterst\u00fctzt auch Projekte, Ausstellungen und p\u00e4dagogische Angebote an Gedenkst\u00e4tten. Damit k\u00f6nnen Schulen oder andere Bildungstr\u00e4ger Unterst\u00fctzung bekommen, wenn sie begleitende Programme planen oder Gedenkst\u00e4ttenarbeit initiieren wollen.<\/p>\t\t\t\t\t\t\t\t<\/div>\n\t\t\t\t<\/div>\n\t\t\t\t<div class=\"elementor-element elementor-element-cabfb0a elementor-widget elementor-widget-text-editor\" data-id=\"cabfb0a\" data-element_type=\"widget\" data-widget_type=\"text-editor.default\">\n\t\t\t\t<div class=\"elementor-widget-container\">\n\t\t\t\t\t\t\t\t\t<h3><span id=\"Niedersachsen\">Niedersachsen<\/span><\/h3><p data-start=\"273\" data-end=\"663\">In Niedersachsen ist die F\u00f6rderung von Gedenkst\u00e4ttenfahrten grunds\u00e4tzlich \u00fcber die Stiftung nieders\u00e4chsische Gedenkst\u00e4tten geregelt. Gruppen \u2013 also schulische wie auch au\u00dferschulische \u2013 k\u00f6nnen bei dieser Stiftung einen Antrag auf finanzielle Unterst\u00fctzung einreichen, wenn sie eine Gedenk\u2011 oder Dokumentationsst\u00e4tte in Niedersachsen besuchen m\u00f6chten.<\/p><p data-start=\"665\" data-end=\"971\">Die F\u00f6rderung kann bis zu 50\u202fProzent der Fahrtkosten \u00fcbernehmen. Damit wird bezweckt, insbesondere jungen Menschen die M\u00f6glichkeit zu geben, sich mit der NS\u2011Geschichte und anderen Erinnerungsanl\u00e4ssen vor Ort auseinanderzusetzen.<\/p><h3><span id=\"Nordrhein-Westfalen\">Nordrhein-Westfalen<\/span><\/h3><p>In NRW gibt es ein etabliertes F\u00f6rderprogramm f\u00fcr schulische Gedenkst\u00e4ttenfahrten, das Fahrten innerhalb NRWs, in andere Bundesl\u00e4nder und ins europ\u00e4ische Ausland unterst\u00fctzt.\u00a0<\/p><p>F\u00f6rderbar sind Klassen ab der Sekundarstufe (meist Klassen 8\u201313 bzw. 9\u201313 je nach Schulform).\u00a0<\/p><p>F\u00fcr eine Fahrt ins Inland betr\u00e4gt die F\u00f6rderung pro Person 50 \u20ac, f\u00fcr Fahrten ins Ausland 150 \u20ac.\u00a0<\/p><p>F\u00f6rderf\u00e4hig sind unter anderem Fahrtkosten, Unterbringung\/Verpflegung in Jugendherbergen oder vergleichbaren Einrichtungen, Eintrittsgelder, Honorare und p\u00e4dagogische Programmkosten.\u00a0<\/p><p>Voraussetzungen sind u.a. eine Gruppenanreise mit \u00f6ffentlichen Verkehrsmitteln oder Reisebus, eine p\u00e4dagogische Begleitung, mindestens 6 Schulstunden am Gedenkort (bei Auslandsfahrten 2 Tage mit jeweils 6 Schulstunden), mindestens zehn Sch\u00fclerinnen und Sch\u00fcler und ein Eigenanteil von mindestens 20 %.<\/p><h3><span id=\"Rheinland-Pfalz\">Rheinland-Pfalz<\/span><\/h3><p>Auch in Rheinland-Pfalz gibt es eine Landesf\u00f6rderung f\u00fcr Gedenkst\u00e4ttenfahrten, und seit dem Schuljahr 2024\/2025 gilt eine neue Stichtagsregelung f\u00fcr Antr\u00e4ge.\u00a0<\/p><p>Demnach gibt es zwei F\u00f6rderzeitr\u00e4ume pro Schuljahr: Der erste geht vom Schuljahresbeginn bis Ende des Kalenderjahres, Antr\u00e4ge m\u00fcssen bis 30.04. vorliegen; der zweite von 01.01. bis Ende des Schuljahres \u2014 Antr\u00e4ge hierf\u00fcr bis 31.10. des vorangehenden Jahres.\u00a0<\/p><p>Die F\u00f6rderung deckt gedenkkulturelle Projekte und Fahrten ab \u2014 Fahrten m\u00fcssen gemeldet und abgerechnet werden, das Maximum pro Antrag liegt bei 500 \u20ac.<\/p>\t\t\t\t\t\t\t\t<\/div>\n\t\t\t\t<\/div>\n\t\t\t\t<div class=\"elementor-element elementor-element-9080b18 elementor-widget elementor-widget-text-editor\" data-id=\"9080b18\" data-element_type=\"widget\" data-widget_type=\"text-editor.default\">\n\t\t\t\t<div class=\"elementor-widget-container\">\n\t\t\t\t\t\t\t\t\t<h3><span id=\"Saarland\">Saarland<\/span><\/h3><p data-start=\"2697\" data-end=\"3042\">F\u00fcr Schulklassen oder Jugendgruppen im Saarland gibt es durchaus gute \u2014 wenn auch eingeschr\u00e4nkte \u2014 M\u00f6glichkeiten der Erinnerungskultur: Die LpB bietet Bildungsangebote, F\u00fchrungen und Seminarformate rund um historische Gedenkst\u00e4tten \u2014 insbesondere im Saarland bzw. der Region. Wer eine solche Fahrt plant, kann auf diese Angebote zur\u00fcckgreifen.<\/p><p data-start=\"3044\" data-end=\"3409\">Doch eine generelle finanzielle F\u00f6rderung \u2014 etwa Kostenerstattung f\u00fcr Busfahrt, Bahn oder sonstige Reisekosten \u2014 ist derzeit <strong data-start=\"3169\" data-end=\"3178\">nicht<\/strong> gesichert. Wenn ihr eine Gedenkst\u00e4ttenfahrt mit eigener Anreise plant, solltet ihr pr\u00fcfen, ob alternative F\u00f6rderquellen existieren \u2014 etwa Bundesprogramme, \u00fcberregionale Stiftungen oder Kooperationen mit Tr\u00e4gern der Jugendarbeit.<\/p>\t\t\t\t\t\t\t\t<\/div>\n\t\t\t\t<\/div>\n\t\t\t\t<div class=\"elementor-element elementor-element-2b16695 elementor-widget elementor-widget-text-editor\" data-id=\"2b16695\" data-element_type=\"widget\" data-widget_type=\"text-editor.default\">\n\t\t\t\t<div class=\"elementor-widget-container\">\n\t\t\t\t\t\t\t\t\t<h3><span id=\"Sachsen\">Sachsen<\/span><\/h3><p data-start=\"300\" data-end=\"597\">In Sachsen gibt es mit Stiftung S\u00e4chsische Gedenkst\u00e4tten sowie der dazugeh\u00f6rigen Landesservicestelle Lernorte des Erinnerns und Gedenkens (bei der Br\u00fccke\/Most\u2011Stiftung) eine offizielle M\u00f6glichkeit, Klassenfahrten zu Gedenkst\u00e4tten finanziell zu unterst\u00fctzen.\u00a0<\/p><p data-start=\"599\" data-end=\"822\">Diese F\u00f6rderung gilt f\u00fcr Fahrten zu Gedenkst\u00e4tten innerhalb Sachsens \u2014 dabei k\u00f6nnen sowohl Einrichtungen der Stiftung als auch Gedenkst\u00e4tten in freier Tr\u00e4gerschaft unterst\u00fctzt werden.\u00a0<\/p><p data-start=\"824\" data-end=\"951\">F\u00fcr Klassenfahrten innerhalb Sachsens liegt die maximale F\u00f6rderung bei bis zu 500\u202fEuro.<\/p>\t\t\t\t\t\t\t\t<\/div>\n\t\t\t\t<\/div>\n\t\t\t\t<div class=\"elementor-element elementor-element-0f2fe47 elementor-cta--valign-top lines lines-2 elementor-cta--skin-classic elementor-animated-content elementor-bg-transform elementor-bg-transform-zoom-in elementor-widget elementor-widget-call-to-action\" data-id=\"0f2fe47\" data-element_type=\"widget\" data-widget_type=\"call-to-action.default\">\n\t\t\t\t<div class=\"elementor-widget-container\">\n\t\t\t\t\t\t\t<div class=\"elementor-cta\">\n\t\t\t\t\t\t\t<div class=\"elementor-cta__content\">\n\t\t\t\t\n\t\t\t\t\t\t\t\t\t<h2 class=\"elementor-cta__title elementor-cta__content-item elementor-content-item\">\n\t\t\t\t\t\tKlassenfahrt Geschichte: Dresden\t\t\t\t\t<\/h2>\n\t\t\t\t\n\t\t\t\t\t\t\t\t\t<div class=\"elementor-cta__description elementor-cta__content-item elementor-content-item\">\n\t\t\t\t\t\tEntdecken Sie unsere spannende Themenfahrt mit Schwerpunkt Geschichte in Dresden!\t\t\t\t\t<\/div>\n\t\t\t\t\n\t\t\t\t\t\t\t\t\t<div class=\"elementor-cta__button-wrapper elementor-cta__content-item elementor-content-item \">\n\t\t\t\t\t<a class=\"elementor-cta__button elementor-button elementor-size-\" href=\"https:\/\/www.herole.de\/klassenfahrten-london\" target=\"_blank\">\n\t\t\t\t\t\tJetzt Klassenfahrt nach London buchen\t\t\t\t\t<\/a>\n\t\t\t\t\t<\/div>\n\t\t\t\t\t\t\t<\/div>\n\t\t\t\t\t\t<\/div>\n\t\t\t\t\t\t<\/div>\n\t\t\t\t<\/div>\n\t\t\t\t<div class=\"elementor-element elementor-element-6028f4f elementor-widget elementor-widget-text-editor\" data-id=\"6028f4f\" data-element_type=\"widget\" data-widget_type=\"text-editor.default\">\n\t\t\t\t<div class=\"elementor-widget-container\">\n\t\t\t\t\t\t\t\t\t<p>Da sich die Richtlinien auf das gesamte Spektrum der jugendpolitischen F\u00f6rderungen bezieht, ist es ratsam, direkt Kontakt mit dem KSV aufzunehmen, um eine auf den eigenen Bedarf ausgerichtete Antwort zu erhalten.<\/p><p>In Sachsen ist die p\u00e4dagogische Arbeit in Gedenkst\u00e4tten eng mit den schulischen <strong>Lehrplananforderungen<\/strong> verkn\u00fcpft. Entsprechend haben s\u00e4chsische Gedenkst\u00e4tten Bildungsmaterial und Seminarkonzepte passend aufbereitet. F\u00fcr Schulklassen sind Eintritt und F\u00fchrung kostenfrei, eine weitergehende finanzielle Unterst\u00fctzung besteht nicht. Eine Kontaktaufnahme mit den Gedenkst\u00e4tten im Vorfeld wird erwartet. F\u00fcr die au\u00dferschulische Bildung bietet die S\u00e4chsische Landeszentrale f\u00fcr politische Bildung selbst Seminare in der Gedenkst\u00e4ttenarbeit an. Veranstaltungen in diesem Kontext werden auch von der Stiftung S\u00e4chsischer Gedenkst\u00e4tten durchgef\u00fchrt.<\/p><p>Eine F\u00f6rderung von Gedenkst\u00e4ttenfahrten durch den <strong>S\u00e4chsischen Landesbeauftragten f\u00fcr Stasi-Unterlagen<\/strong> ist grunds\u00e4tzlich m\u00f6glich und erfolgt als Zuwendung nach vorheriger Absprache mit der Beh\u00f6rde. Die Mittel sind beschr\u00e4nkt.<\/p>\t\t\t\t\t\t\t\t<\/div>\n\t\t\t\t<\/div>\n\t\t\t\t<div class=\"elementor-element elementor-element-bb868a8 elementor-widget elementor-widget-text-editor\" data-id=\"bb868a8\" data-element_type=\"widget\" data-widget_type=\"text-editor.default\">\n\t\t\t\t<div class=\"elementor-widget-container\">\n\t\t\t\t\t\t\t\t\t<h3><span id=\"Sachsen-Anhalt\">Sachsen-Anhalt<\/span><\/h3><p data-start=\"293\" data-end=\"766\">In Sachsen\u2011Anhalt existiert ein etabliertes und relativ umfassendes F\u00f6rderprogramm f\u00fcr Gedenkst\u00e4ttenfahrten. Das zust\u00e4ndige Organ ist die Landeszentrale f\u00fcr politische Bildung Sachsen-Anhalt (LpB). Fahrten zu Gedenkst\u00e4tten, die zur Stiftung Gedenkst\u00e4tten Sachsen-Anhalt geh\u00f6ren, werden von der LpB vollst\u00e4ndig finanziert \u2014 das hei\u00dft, Fahrtkosten der Sch\u00fclerinnen und Sch\u00fcler sowie der p\u00e4dagogischen Begleitpersonen werden \u00fcbernommen.<\/p><p data-start=\"768\" data-end=\"1147\">F\u00fcr Gedenkst\u00e4tten au\u00dferhalb Sachsen\u2011Anhalts \u2014 beispielsweise ehemalige NS\u2011Vernichtungslager oder Erinnerungsorte in Deutschland oder im europ\u00e4ischen Ausland \u2014 besteht eine weitere F\u00f6rderoption: \u00dcber eine Richtlinie zur Gew\u00e4hrung von Zuwendungen f\u00fcr politische Bildungsma\u00dfnahmen k\u00f6nnen bis zu 60\u202f% der f\u00f6rderf\u00e4higen Kosten erstattet werden.\u00a0<\/p><p data-start=\"1149\" data-end=\"1633\">Dar\u00fcber hinaus nimmt Sachsen\u2011Anhalt am Bundesprogramm Jugend erinnert teil. Durch dieses Programm werden besonders internationale bzw. europaweite Studienfahrten zu Gedenkst\u00e4tten gef\u00f6rdert. F\u00fcr Gruppen aus Sachsen\u2011Anhalt \u00fcbernimmt der beauftragte Bildungstr\u00e4ger \u2014 Arbeit und Leben Sachsen-Anhalt \u2014 die fachliche und organisatorische Abwicklung. Die Landeszentrale unterst\u00fctzt diese Fahrten zus\u00e4tzlich mit einem festen Zuschuss je Teilnehmer*in.<\/p>\t\t\t\t\t\t\t\t<\/div>\n\t\t\t\t<\/div>\n\t\t\t\t<div class=\"elementor-element elementor-element-f146593 elementor-widget elementor-widget-text-editor\" data-id=\"f146593\" data-element_type=\"widget\" data-widget_type=\"text-editor.default\">\n\t\t\t\t<div class=\"elementor-widget-container\">\n\t\t\t\t\t\t\t\t\t<h3><span id=\"Schleswig-Holstein\">Schleswig-Holstein<\/span><\/h3><p>Gedenkst\u00e4ttenfahrten zu Orten des SED-Unrechts werden in Schleswig-Holstein nicht gef\u00f6rdert. Auf Anfrage bietet der zust\u00e4ndige Referent der Landeszentrale f\u00fcr politische Bildung Vortr\u00e4ge in diesem Themenbereich an.<\/p><h3><span id=\"Thueringen\">Th\u00fcringen<\/span><\/h3><p>In Th\u00fcringen ist im <strong>schulischen Bereich <\/strong>f\u00fcr die F\u00f6rderung von Gedenkst\u00e4ttenfahrten die \u201eRichtlinie zur F\u00f6rderung von unterrichtsbegleitenden und au\u00dferunterrichtlichen schulischen Ma\u00dfnahmen an Th\u00fcringer Schulen\u201c vom 19. April 2008 (ABl.TMBWK 7\/2008) ma\u00dfgeblich.<\/p>\t\t\t\t\t\t\t\t<\/div>\n\t\t\t\t<\/div>\n\t\t\t\t<div class=\"elementor-element elementor-element-43e0fae elementor-widget elementor-widget-text-editor\" data-id=\"43e0fae\" data-element_type=\"widget\" data-widget_type=\"text-editor.default\">\n\t\t\t\t<div class=\"elementor-widget-container\">\n\t\t\t\t\t\t\t\t\t<ul><li data-start=\"357\" data-end=\"598\"><p data-start=\"359\" data-end=\"598\">Th\u00fcringen f\u00f6rdert in Kooperation mit der Bethe-Stiftung regelm\u00e4\u00dfig Gedenkst\u00e4ttenfahrten zu ehemaligen NS\u2011Vernichtungslagern in Polen (z.\u202fB. Auschwitz, Majdanek, Treblinka etc.) f\u00fcr Th\u00fcringer Schulen.\u00a0<\/p><\/li><li data-start=\"599\" data-end=\"760\"><p data-start=\"601\" data-end=\"760\">Das Programm richtet sich an weiterf\u00fchrende allgemein bildende Schulen (Klassenstufen\u202f9\u201313) und berufsbildende Schulen. Gef\u00f6rdert werden Fahrten mit Gruppen von <strong data-start=\"804\" data-end=\"862\">mindestens 15 und maximal 27 Sch\u00fclerinnen und Sch\u00fclern<\/strong> (teilweise angegeben: 14\u201325 Jahre) je Gruppe \u2014 sowie <strong data-start=\"916\" data-end=\"955\">maximal zwei begleitende Lehrkr\u00e4fte<\/strong>.<\/p><\/li><li data-start=\"599\" data-end=\"760\">Die Reisedauer muss mindestens <strong data-start=\"1030\" data-end=\"1043\">vier Tage<\/strong> betragen: davon <strong data-start=\"1060\" data-end=\"1097\">drei Tage am Ort der Gedenkst\u00e4tte<\/strong> und ein zus\u00e4tzlicher Tag mit landeskundlichem Programm.<\/li><li data-start=\"1507\" data-end=\"1792\"><p data-start=\"1509\" data-end=\"1792\">Das F\u00f6rderprogramm sieht eine Grundf\u00f6rderung vor: pro teilnehmender Sch\u00fclerin bzw. Sch\u00fcler 100\u202f\u20ac. Das Land Th\u00fcringen gew\u00e4hrt zus\u00e4tzlich 100\u202f\u20ac pro Teilnehmer, damit ergibt sich eine F\u00f6rderung von bis zu 200\u202f\u20ac pro Person im Rahmen der F\u00f6rderung.<\/p><\/li><li data-start=\"1793\" data-end=\"1951\"><p data-start=\"1795\" data-end=\"1951\">Insgesamt kann die F\u00f6rderung je Fahrt bzw. Projekt f\u00fcr eine Gruppe laut Stand 2024\/2025 <strong data-start=\"1883\" data-end=\"1901\">bis zu 8.100\u202f\u20ac<\/strong> betragen.<\/p><\/li><\/ul>\t\t\t\t\t\t\t\t<\/div>\n\t\t\t\t<\/div>\n\t\t\t\t<section class=\"elementor-section elementor-inner-section elementor-element elementor-element-839ad9a elementor-reverse-tablet elementor-reverse-mobile elementor-section-boxed elementor-section-height-default elementor-section-height-default\" data-id=\"839ad9a\" data-element_type=\"section\">\n\t\t\t\t\t\t<div class=\"elementor-container elementor-column-gap-no\">\n\t\t\t\t\t<div class=\"elementor-column elementor-col-50 elementor-inner-column elementor-element elementor-element-d631945\" data-id=\"d631945\" data-element_type=\"column\">\n\t\t\t<div class=\"elementor-widget-wrap elementor-element-populated\">\n\t\t\t\t\t\t<div class=\"elementor-element elementor-element-13ade37 elementor-widget elementor-widget-text-editor\" data-id=\"13ade37\" data-element_type=\"widget\" data-widget_type=\"text-editor.default\">\n\t\t\t\t<div class=\"elementor-widget-container\">\n\t\t\t\t\t\t\t\t\t<h2><span id=\"Foerderung_auf_Bundesebene\">F\u00f6rderung auf Bundesebene<\/span><\/h2><p>F\u00fcr Jugendgruppen, gemeinn\u00fctzige Vereine und andere nicht-schulische Organisationen bestehen bundesweit F\u00f6rderm\u00f6glichkeiten. Die IBB gGmbH ist als Zentralstelle f\u00fcr diese F\u00f6rderung anerkannt und vergibt Zusch\u00fcsse \u00fcber das Programm \u201eJugend erinnert\u201c.\u00a0<\/p><p>Diese F\u00f6rderung umfasst Fahrten zu Gedenkst\u00e4tten im In- und Ausland und richtet sich an Gruppen mit Jugendlichen und jungen Erwachsenen. Voraussetzungen sind u.a. eine p\u00e4dagogische Konzeption und eine inhaltliche Auseinandersetzung mit der Geschichte der Gedenkst\u00e4tte.<\/p>\t\t\t\t\t\t\t\t<\/div>\n\t\t\t\t<\/div>\n\t\t\t\t\t<\/div>\n\t\t<\/div>\n\t\t\t\t<div class=\"elementor-column elementor-col-50 elementor-inner-column elementor-element elementor-element-e39e477\" data-id=\"e39e477\" data-element_type=\"column\">\n\t\t\t<div class=\"elementor-widget-wrap elementor-element-populated\">\n\t\t\t\t\t\t<div class=\"elementor-element elementor-element-de357e2 elementor-widget elementor-widget-image\" data-id=\"de357e2\" data-element_type=\"widget\" data-widget_type=\"image.default\">\n\t\t\t\t<div class=\"elementor-widget-container\">\n\t\t\t\t\t\t\t\t\t\t\t\t\t\t\t\t<a href=\"https:\/\/www.herole.de\/blog\/wp-content\/uploads\/Berlin-Klassenfahrt-1.jpg\" data-elementor-open-lightbox=\"yes\" data-elementor-lightbox-title=\"Berlin-Klassenfahrt-Gedenkst\u00e4tte\" data-e-action-hash=\"#elementor-action%3Aaction%3Dlightbox%26settings%3DeyJpZCI6MjI5MjcsInVybCI6Imh0dHBzOlwvXC93d3cuaGVyb2xlLmRlXC9ibG9nXC93cC1jb250ZW50XC91cGxvYWRzXC9CZXJsaW4tS2xhc3NlbmZhaHJ0LTEuanBnIn0%3D\">\n\t\t\t\t\t\t\t<img fetchpriority=\"high\" decoding=\"async\" width=\"1024\" height=\"584\" src=\"https:\/\/www.herole.de\/blog\/wp-content\/uploads\/Berlin-Klassenfahrt-1-1024x584.jpg\" class=\"attachment-large size-large wp-image-22927\" alt=\"Auf Klassenfahrt in Berlin\" srcset=\"https:\/\/www.herole.de\/blog\/wp-content\/uploads\/Berlin-Klassenfahrt-1-1024x584.jpg 1024w, https:\/\/www.herole.de\/blog\/wp-content\/uploads\/Berlin-Klassenfahrt-1-300x171.jpg 300w, https:\/\/www.herole.de\/blog\/wp-content\/uploads\/Berlin-Klassenfahrt-1-768x438.jpg 768w, https:\/\/www.herole.de\/blog\/wp-content\/uploads\/Berlin-Klassenfahrt-1-1536x876.jpg 1536w, https:\/\/www.herole.de\/blog\/wp-content\/uploads\/Berlin-Klassenfahrt-1.jpg 1920w\" sizes=\"(max-width: 1024px) 100vw, 1024px\" \/>\t\t\t\t\t\t\t\t<\/a>\n\t\t\t\t\t\t\t\t\t\t\t\t\t\t\t<\/div>\n\t\t\t\t<\/div>\n\t\t\t\t\t<\/div>\n\t\t<\/div>\n\t\t\t\t\t<\/div>\n\t\t<\/section>\n\t\t\t\t<div class=\"elementor-element elementor-element-5aeca59 elementor-cta--valign-top lines lines-2 elementor-cta--skin-classic elementor-animated-content elementor-bg-transform elementor-bg-transform-zoom-in elementor-widget elementor-widget-call-to-action\" data-id=\"5aeca59\" data-element_type=\"widget\" data-widget_type=\"call-to-action.default\">\n\t\t\t\t<div class=\"elementor-widget-container\">\n\t\t\t\t\t\t\t<div class=\"elementor-cta\">\n\t\t\t\t\t\t\t<div class=\"elementor-cta__content\">\n\t\t\t\t\n\t\t\t\t\t\t\t\t\t<h2 class=\"elementor-cta__title elementor-cta__content-item elementor-content-item\">\n\t\t\t\t\t\tKlassenfahrten Angebote\t\t\t\t\t<\/h2>\n\t\t\t\t\n\t\t\t\t\t\t\t\t\t<div class=\"elementor-cta__description elementor-cta__content-item elementor-content-item\">\n\t\t\t\t\t\tIhre n\u00e4chste Klassenfahrt steht an? Lassen Sie sich von spannenden Angeboten inspirieren!\t\t\t\t\t<\/div>\n\t\t\t\t\n\t\t\t\t\t\t\t\t\t<div class=\"elementor-cta__button-wrapper elementor-cta__content-item elementor-content-item \">\n\t\t\t\t\t<a class=\"elementor-cta__button elementor-button elementor-size-\" href=\"https:\/\/www.herole.de\" target=\"_blank\">\n\t\t\t\t\t\tJetzt Klassenfahrten entdecken\t\t\t\t\t<\/a>\n\t\t\t\t\t<\/div>\n\t\t\t\t\t\t\t<\/div>\n\t\t\t\t\t\t<\/div>\n\t\t\t\t\t\t<\/div>\n\t\t\t\t<\/div>\n\t\t\t\t<section class=\"elementor-section elementor-inner-section elementor-element elementor-element-fcab7a4 elementor-section-boxed elementor-section-height-default elementor-section-height-default\" data-id=\"fcab7a4\" data-element_type=\"section\">\n\t\t\t\t\t\t<div class=\"elementor-container elementor-column-gap-default\">\n\t\t\t\t\t<div class=\"elementor-column elementor-col-50 elementor-inner-column elementor-element elementor-element-caf4c1c auto-width\" data-id=\"caf4c1c\" data-element_type=\"column\">\n\t\t\t<div class=\"elementor-widget-wrap elementor-element-populated\">\n\t\t\t\t\t\t<div class=\"elementor-element elementor-element-069c1b0 elementor-view-default elementor-widget elementor-widget-icon\" data-id=\"069c1b0\" data-element_type=\"widget\" data-widget_type=\"icon.default\">\n\t\t\t\t<div class=\"elementor-widget-container\">\n\t\t\t\t\t\t\t<div class=\"elementor-icon-wrapper\">\n\t\t\t<div class=\"elementor-icon\">\n\t\t\t<i aria-hidden=\"true\" class=\"icon icon-blog_tip\"><\/i>\t\t\t<\/div>\n\t\t<\/div>\n\t\t\t\t\t\t<\/div>\n\t\t\t\t<\/div>\n\t\t\t\t\t<\/div>\n\t\t<\/div>\n\t\t\t\t<div class=\"elementor-column elementor-col-50 elementor-inner-column elementor-element elementor-element-5840c2b\" data-id=\"5840c2b\" data-element_type=\"column\">\n\t\t\t<div class=\"elementor-widget-wrap elementor-element-populated\">\n\t\t\t\t\t\t<div class=\"elementor-element elementor-element-d91bd09 tip elementor-widget elementor-widget-text-editor\" data-id=\"d91bd09\" data-element_type=\"widget\" data-widget_type=\"text-editor.default\">\n\t\t\t\t<div class=\"elementor-widget-container\">\n\t\t\t\t\t\t\t\t\t<p><a href=\"#linksammlung\" target=\"_blank\" rel=\"noopener noreferrer\">Hier<\/a> finden Sie Hinweise zur F\u00f6rderung von Gedenkst\u00e4ttenfahrten von der Bundeszentrale f\u00fcr politische Bildung.<\/p>\t\t\t\t\t\t\t\t<\/div>\n\t\t\t\t<\/div>\n\t\t\t\t\t<\/div>\n\t\t<\/div>\n\t\t\t\t\t<\/div>\n\t\t<\/section>\n\t\t\t\t<div class=\"elementor-element elementor-element-76adf07 elementor-widget elementor-widget-text-editor\" data-id=\"76adf07\" data-element_type=\"widget\" data-widget_type=\"text-editor.default\">\n\t\t\t\t<div class=\"elementor-widget-container\">\n\t\t\t\t\t\t\t\t\t<h2><span id=\"Foerderung_der_Europaeischen_Union\">F\u00f6rderung der Europ\u00e4ischen Union<\/span><\/h2><p data-start=\"517\" data-end=\"1031\">Mit dem gemeinsamen Programm Roma Holocaust Remembrance and Education (RomaMemory) \u2014 ein Gemeinschaftsprojekt der EU und des Council of Europe \u2014 gibt es seit Mai 2024 eine gezielte F\u00f6rderung f\u00fcr Holocaust\u2011Erinnerung, insbesondere mit Fokus auf die Geschichte der Roma und Sinti im NS\u2011Deutschland. Ziel des Projekts ist es, Erinnerung an den Roma\u2011Holocaust europaweit sichtbarer zu machen und schulische bzw. gesellschaftliche Bildungsangebote zur Roma\u2011Geschichte zu f\u00f6rdern.\u00a0<\/p><p data-start=\"1034\" data-end=\"1659\">\u00dcber die F\u00f6rderlinie Strengthening the remembrance of the Holocaust, genocide, war crimes and crimes against humanity to reinforce democracy in the EU (kurz: ein EU\u2011F\u00f6rderaufruf) k\u00f6nnen Nicht\u2011Gewinnorganisationen, \u00f6ffentliche Einrichtungen oder Bildungsinstitutionen F\u00f6rdermittel f\u00fcr Projekte beantragen, die sich mit Holocaust\u2011Gedenken, Kriegsverbrechen, Verbrechen gegen die Menschlichkeit oder \u00e4hnlichem historischen Unrecht auseinandersetzen. Gef\u00f6rdert werden u.a. Bildungs\u2011, Forschungs\u2011 und Erinnerungsprojekte \u2014 also klassischerweise auch Fahrten oder programme zu Gedenkst\u00e4tten.<\/p><ul><li data-start=\"2255\" data-end=\"2753\"><p data-start=\"2257\" data-end=\"2753\">Man kann EU\u2011Mittel nicht einfach automatisch erwarten \u2014 sondern je nach Projektgr\u00f6\u00dfe, Antrag und Zielsetzung. Eine F\u00f6rderung durch die EU funktioniert meist \u00fcber <strong data-start=\"2419\" data-end=\"2431\">Projekte<\/strong> (z.\u202fB. Bildungsprojekte, Forschung, Erinnerungskultur, transnationale Kooperation) und <strong data-start=\"2519\" data-end=\"2533\">Konsortien<\/strong> (mehrere Partner in verschiedenen L\u00e4ndern). Einzelne Schulklassenfahrten werden nur selten direkt gef\u00f6rdert \u2014 eher Programme oder Initiativen, die mehrere Fahrten, Workshops oder bildungspolitische Elemente verbinden.<\/p><\/li><li data-start=\"2754\" data-end=\"2994\"><p data-start=\"2756\" data-end=\"2994\">F\u00f6rderantr\u00e4ge m\u00fcssen in der Regel gut begr\u00fcndet sein: Sie sollten zeigen, wie die Fahrt\/Projekt dem Ziel der Erinnerungskultur dient \u2014 z.\u202fB. mit p\u00e4dagogischem Konzept, historischer Aufarbeitung, Inklusion oder transnationalem Austausch.<\/p><\/li><\/ul>\t\t\t\t\t\t\t\t<\/div>\n\t\t\t\t<\/div>\n\t\t\t\t<section class=\"elementor-section elementor-inner-section elementor-element elementor-element-495299d elementor-section-boxed elementor-section-height-default elementor-section-height-default\" data-id=\"495299d\" data-element_type=\"section\">\n\t\t\t\t\t\t<div class=\"elementor-container elementor-column-gap-default\">\n\t\t\t\t\t<div class=\"elementor-column elementor-col-50 elementor-inner-column elementor-element elementor-element-c618236 auto-width\" data-id=\"c618236\" data-element_type=\"column\">\n\t\t\t<div class=\"elementor-widget-wrap elementor-element-populated\">\n\t\t\t\t\t\t<div class=\"elementor-element elementor-element-89de0a5 elementor-view-default elementor-widget elementor-widget-icon\" data-id=\"89de0a5\" data-element_type=\"widget\" data-widget_type=\"icon.default\">\n\t\t\t\t<div class=\"elementor-widget-container\">\n\t\t\t\t\t\t\t<div class=\"elementor-icon-wrapper\">\n\t\t\t<div class=\"elementor-icon\">\n\t\t\t<i aria-hidden=\"true\" class=\"icon icon-blog_tip\"><\/i>\t\t\t<\/div>\n\t\t<\/div>\n\t\t\t\t\t\t<\/div>\n\t\t\t\t<\/div>\n\t\t\t\t\t<\/div>\n\t\t<\/div>\n\t\t\t\t<div class=\"elementor-column elementor-col-50 elementor-inner-column elementor-element elementor-element-f74c471\" data-id=\"f74c471\" data-element_type=\"column\">\n\t\t\t<div class=\"elementor-widget-wrap elementor-element-populated\">\n\t\t\t\t\t\t<div class=\"elementor-element elementor-element-53ed73c tip elementor-widget elementor-widget-text-editor\" data-id=\"53ed73c\" data-element_type=\"widget\" data-widget_type=\"text-editor.default\">\n\t\t\t\t<div class=\"elementor-widget-container\">\n\t\t\t\t\t\t\t\t\t<p>Viele Informationen zu weiteren Finanzzusch\u00fcssen f\u00fcr Klassenfahrten finden Sie in unserem Artikel \u201e<a href=\"https:\/\/www.herole.de\/blog\/foerderung-moeglichkeiten-klassenfahrten\/\">F\u00f6rderungsm\u00f6glichkeiten f\u00fcr Klassenfahrten<\/a>&#8222;.<\/p>\t\t\t\t\t\t\t\t<\/div>\n\t\t\t\t<\/div>\n\t\t\t\t\t<\/div>\n\t\t<\/div>\n\t\t\t\t\t<\/div>\n\t\t<\/section>\n\t\t\t\t<div class=\"elementor-element elementor-element-ea504b5 elementor-widget elementor-widget-text-editor\" data-id=\"ea504b5\" data-element_type=\"widget\" data-widget_type=\"text-editor.default\">\n\t\t\t\t<div class=\"elementor-widget-container\">\n\t\t\t\t\t\t\t\t\t<p>Vom F\u00f6rderprogramm \u201eJugend f\u00fcr Europa\u201c wurde auch eine entsprechende Handreichung publiziert:<\/p>\t\t\t\t\t\t\t\t<\/div>\n\t\t\t\t<\/div>\n\t\t\t\t<div class=\"elementor-element elementor-element-5e6731a5 elementor-cta--valign-top lines lines-1 elementor-cta--skin-classic elementor-animated-content elementor-bg-transform elementor-bg-transform-zoom-in elementor-widget elementor-widget-call-to-action\" data-id=\"5e6731a5\" data-element_type=\"widget\" data-widget_type=\"call-to-action.default\">\n\t\t\t\t<div class=\"elementor-widget-container\">\n\t\t\t\t\t\t\t<div class=\"elementor-cta\">\n\t\t\t\t\t\t\t<div class=\"elementor-cta__content\">\n\t\t\t\t\n\t\t\t\t\t\t\t\t\t<h2 class=\"elementor-cta__title elementor-cta__content-item elementor-content-item\">\n\t\t\t\t\t\tDownload\t\t\t\t\t<\/h2>\n\t\t\t\t\n\t\t\t\t\t\t\t\t\t<div class=\"elementor-cta__description elementor-cta__content-item elementor-content-item\">\n\t\t\t\t\t\tDie Handreichung zur Finanzierung von Projekten der internationalen Jugendbegegnung haben wir f\u00fcr Sie hier zum kostenlosen Download hinterlegt.\t\t\t\t\t<\/div>\n\t\t\t\t\n\t\t\t\t\t\t\t\t\t<div class=\"elementor-cta__button-wrapper elementor-cta__content-item elementor-content-item \">\n\t\t\t\t\t<a class=\"elementor-cta__button elementor-button elementor-size-\" href=\"https:\/\/www.herole.de\/checklisten-downloads\/blog\">\n\t\t\t\t\t\tGratis Download\t\t\t\t\t<\/a>\n\t\t\t\t\t<\/div>\n\t\t\t\t\t\t\t<\/div>\n\t\t\t\t\t\t<\/div>\n\t\t\t\t\t\t<\/div>\n\t\t\t\t<\/div>\n\t\t\t\t<div class=\"elementor-element elementor-element-cc15b24 elementor-widget elementor-widget-text-editor\" data-id=\"cc15b24\" data-element_type=\"widget\" data-widget_type=\"text-editor.default\">\n\t\t\t\t<div class=\"elementor-widget-container\">\n\t\t\t\t\t\t\t\t\t<h2><span id=\"Foerderung_auf_Landesebene\">Linksammlung<br \/><\/span><\/h2><ul><li>Antragskonzept: <a href=\"https:\/\/www.bpb.de\/gesellschaft\/bildung\/kulturelle-bildung\/60068\/checkliste\">Website<\/a><\/li><li>Gegenvergessen e.V. : <a href=\"https:\/\/www.pforzheim-ddr-museum.de\/\">Website<\/a><\/li><li>KZ Dachau: <a href=\"https:\/\/www.kz-gedenkstaette-dachau.de\/\">Website<\/a><\/li><li>KZ Flossenb\u00fcrg: <a href=\"https:\/\/www.gedenkstaette-flossenbuerg.de\/de\">Website<\/a><\/li><li>Deutsch Deutsche Museum M\u00f6dlareuth: <a href=\"https:\/\/moedlareuth.de\/\">Website<\/a><\/li><li>Gedenkst\u00e4tte Hohensch\u00f6nhausen: <a href=\"https:\/\/www.stiftung-hsh.de\/\">Website<\/a><\/li><li>Berliner Landesbeauftragte f\u00fcr Stasiunterlagen: <a href=\"https:\/\/www.berlin.de\/aufarbeitung\/politische-bildung\/\">Website<\/a><\/li><li>Schul\u00e4mter Brandenburg: <a href=\"https:\/\/schulaemter.brandenburg.de\/sixcms\/list.php\/stsch\">Website<\/a><\/li><li>F\u00f6rderung der Jugendbildung: <a href=\"https:\/\/schulaemter.brandenburg.de\/sixcms\/list.php\/stsch\">Website<\/a><\/li><li>Jugend\u00e4mter: <a href=\"https:\/\/service.brandenburg.de\/lis\/detail.php\/13456emter\">Website<\/a><\/li><li>Stadt Bremen: <a href=\"https:\/\/www.lzpb-bremen.de\/sixcms\/detail.php?gsid=bremen02.c.730.de\">Website<\/a><\/li><li>Hamburg: <a href=\"https:\/\/www.hamburg.de\/zuwendungen\">Website<\/a><\/li><li>Hessen: <a href=\"https:\/\/hlz.hessen.de\/angebote\/erinnerungskultur\/fahrten-zu-gedenkstaetten\/\">Website<\/a><\/li><li>Mecklenburg-Vorpommern: <a href=\"https:\/\/www.lpb-mv.de\/\">Website\u00a0<\/a><\/li><li>Leitfaden: <a href=\"https:\/\/www.regierung-mv.de\/serviceassistent\/download?id=1970\">Website<\/a><\/li><li>Projektf\u00f6rderung: <a href=\"https:\/\/www.landesbeauftragter.de\/index.php\">Website<\/a><\/li><li>Rheinland-Pfalz: <a href=\"https:\/\/gewaltpraevention.bildung-rp.de\/service.html\">Website<\/a><\/li><li>Weimar Schulamt: <a href=\"https:\/\/www.thueringen.de\/th2\/schulaemter\/\">Website<\/a><\/li><li>F\u00f6rderung durch BpB: <a href=\"https:\/\/www.bpb.de\/partner\/akquisos\/151146\/foerderung-fuer-gedenkstaettenfahrten\">Website<\/a><\/li><\/ul>\t\t\t\t\t\t\t\t<\/div>\n\t\t\t\t<\/div>\n\t\t\t\t<div class=\"elementor-element elementor-element-db6488f elementor-widget elementor-widget-text-editor\" data-id=\"db6488f\" data-element_type=\"widget\" data-widget_type=\"text-editor.default\">\n\t\t\t\t<div class=\"elementor-widget-container\">\n\t\t\t\t\t\t\t\t\t<h2><span id=\"Foerderung_auf_Landesebene\">Bildnachweis<br \/><\/span><\/h2><ul><li>Titelbild: Gedenkst\u00e4tte Hohensch\u00f6nhausen<\/li><li>KZ: Gedenkst\u00e4tte Hohensch\u00f6nhausen<\/li><li>Gedenkst\u00e4tte: <a class=\"jss320 jss107 jss109 jss108\" href=\"https:\/\/www.shutterstock.com\/de\/g\/sebgross\">SebGross<\/a>\/ Shutterstock<\/li><\/ul>\t\t\t\t\t\t\t\t<\/div>\n\t\t\t\t<\/div>\n\t\t\t\t<div class=\"elementor-element elementor-element-33670339 elementor-widget elementor-widget-menu-anchor\" data-id=\"33670339\" data-element_type=\"widget\" data-widget_type=\"menu-anchor.default\">\n\t\t\t\t<div class=\"elementor-widget-container\">\n\t\t\t\t\t\t\t<div class=\"elementor-menu-anchor\" id=\"linksammlung\"><\/div>\n\t\t\t\t\t\t<\/div>\n\t\t\t\t<\/div>\n\t\t\t\t\t<\/div>\n\t\t<\/div>\n\t\t\t\t\t<\/div>\n\t\t<\/section>\n\t\t\t\t<\/div>\n\t\t","protected":false},"excerpt":{"rendered":"<p>Erinnern, nachdenken, nicht vergessen \u2013 Klassenausfl\u00fcge zu Gedenkst\u00e4tten stehen an vielen Schulen fest auf dem Lehrplan. F\u00fcr die Vorbereitung und Durchf\u00fchrung einer solchen Exkursion ist es n\u00fctzlich zu wissen, wie bzw. ob eine solche Fahrt finanziell gef\u00f6rdert werden kann. Verschiedene M\u00f6glichkeiten der \u00f6ffentlichen F\u00f6rderung f\u00fcr Gedenkst\u00e4ttenfahrten haben wir f\u00fcr Sie zusammengefasst.<\/p>\n","protected":false},"author":6,"featured_media":2267,"comment_status":"closed","ping_status":"closed","sticky":true,"template":"","format":"standard","meta":{"footnotes":""},"categories":[36],"tags":[],"class_list":["post-2264","post","type-post","status-publish","format-standard","has-post-thumbnail","hentry","category-finanzen"],"yoast_head":"<!-- This site is optimized with the Yoast SEO plugin v26.0 - https:\/\/yoast.com\/wordpress\/plugins\/seo\/ -->\n<title>\u00d6ffentliche F\u00f6rdermittel f\u00fcr Gedenkst\u00e4ttenfahrten<\/title>\n<meta name=\"description\" content=\"Verschiedene M\u00f6glichkeiten der \u00f6ffentlichen F\u00f6rderung f\u00fcr Klassenausfl\u00fcge zu Gedenkst\u00e4tten haben wir f\u00fcr Sie in diesem Beitrag zusammengefasst.\" \/>\n<meta name=\"robots\" content=\"index, follow, max-snippet:-1, max-image-preview:large, max-video-preview:-1\" \/>\n<link rel=\"canonical\" href=\"https:\/\/www.herole.de\/blog\/foerdermittel-gedenkstaettenfahrten\/\" \/>\n<meta property=\"og:locale\" content=\"de_DE\" \/>\n<meta property=\"og:type\" content=\"article\" \/>\n<meta property=\"og:title\" content=\"\u00d6ffentliche F\u00f6rdermittel f\u00fcr Gedenkst\u00e4ttenfahrten\" \/>\n<meta property=\"og:description\" content=\"Verschiedene M\u00f6glichkeiten der \u00f6ffentlichen F\u00f6rderung f\u00fcr Klassenausfl\u00fcge zu Gedenkst\u00e4tten haben wir f\u00fcr Sie in diesem Beitrag zusammengefasst.\" \/>\n<meta property=\"og:url\" content=\"https:\/\/www.herole.de\/blog\/foerdermittel-gedenkstaettenfahrten\/\" \/>\n<meta property=\"og:site_name\" content=\"HEROL\u00c9 Ratgeber\" \/>\n<meta property=\"article:publisher\" content=\"https:\/\/www.facebook.com\/HeroleKlassenfahrten\" \/>\n<meta property=\"article:published_time\" content=\"2025-12-05T09:37:59+00:00\" \/>\n<meta property=\"article:modified_time\" content=\"2025-12-05T09:39:24+00:00\" \/>\n<meta property=\"og:image\" content=\"https:\/\/www.herole.de\/blog\/wp-content\/uploads\/gedenkstaette-hohenschoenhausen.jpg\" \/>\n\t<meta property=\"og:image:width\" content=\"768\" \/>\n\t<meta property=\"og:image:height\" content=\"866\" \/>\n\t<meta property=\"og:image:type\" content=\"image\/jpeg\" \/>\n<meta name=\"author\" content=\"Heike Philipp\" \/>\n<meta name=\"twitter:card\" content=\"summary_large_image\" \/>\n<meta name=\"twitter:creator\" content=\"@heike.bach\" \/>\n<meta name=\"twitter:site\" content=\"@herole_reisen\" \/>\n<meta name=\"twitter:label1\" content=\"Verfasst von\" \/>\n\t<meta name=\"twitter:data1\" content=\"Heike Philipp\" \/>\n\t<meta name=\"twitter:label2\" content=\"Gesch\u00e4tzte Lesezeit\" \/>\n\t<meta name=\"twitter:data2\" content=\"14\u00a0Minuten\" \/>\n<script type=\"application\/ld+json\" class=\"yoast-schema-graph\">{\"@context\":\"https:\/\/schema.org\",\"@graph\":[{\"@type\":\"Article\",\"@id\":\"https:\/\/www.herole.de\/blog\/foerdermittel-gedenkstaettenfahrten\/#article\",\"isPartOf\":{\"@id\":\"https:\/\/www.herole.de\/blog\/foerdermittel-gedenkstaettenfahrten\/\"},\"author\":{\"name\":\"Heike Philipp\",\"@id\":\"https:\/\/www.herole.de\/blog\/#\/schema\/person\/13fb982c1909aaffcf2c09f0fde399ba\"},\"headline\":\"\u00d6ffentliche F\u00f6rdermittel f\u00fcr Gedenkst\u00e4ttenfahrten\",\"datePublished\":\"2025-12-05T09:37:59+00:00\",\"dateModified\":\"2025-12-05T09:39:24+00:00\",\"mainEntityOfPage\":{\"@id\":\"https:\/\/www.herole.de\/blog\/foerdermittel-gedenkstaettenfahrten\/\"},\"wordCount\":2713,\"publisher\":{\"@id\":\"https:\/\/www.herole.de\/blog\/#organization\"},\"image\":{\"@id\":\"https:\/\/www.herole.de\/blog\/foerdermittel-gedenkstaettenfahrten\/#primaryimage\"},\"thumbnailUrl\":\"https:\/\/www.herole.de\/blog\/wp-content\/uploads\/gedenkstaette-hohenschoenhausen.jpg\",\"articleSection\":[\"Finanzen\"],\"inLanguage\":\"de\"},{\"@type\":\"WebPage\",\"@id\":\"https:\/\/www.herole.de\/blog\/foerdermittel-gedenkstaettenfahrten\/\",\"url\":\"https:\/\/www.herole.de\/blog\/foerdermittel-gedenkstaettenfahrten\/\",\"name\":\"\u00d6ffentliche F\u00f6rdermittel f\u00fcr Gedenkst\u00e4ttenfahrten\",\"isPartOf\":{\"@id\":\"https:\/\/www.herole.de\/blog\/#website\"},\"primaryImageOfPage\":{\"@id\":\"https:\/\/www.herole.de\/blog\/foerdermittel-gedenkstaettenfahrten\/#primaryimage\"},\"image\":{\"@id\":\"https:\/\/www.herole.de\/blog\/foerdermittel-gedenkstaettenfahrten\/#primaryimage\"},\"thumbnailUrl\":\"https:\/\/www.herole.de\/blog\/wp-content\/uploads\/gedenkstaette-hohenschoenhausen.jpg\",\"datePublished\":\"2025-12-05T09:37:59+00:00\",\"dateModified\":\"2025-12-05T09:39:24+00:00\",\"description\":\"Verschiedene M\u00f6glichkeiten der \u00f6ffentlichen F\u00f6rderung f\u00fcr Klassenausfl\u00fcge zu Gedenkst\u00e4tten haben wir f\u00fcr Sie in diesem Beitrag zusammengefasst.\",\"breadcrumb\":{\"@id\":\"https:\/\/www.herole.de\/blog\/foerdermittel-gedenkstaettenfahrten\/#breadcrumb\"},\"inLanguage\":\"de\",\"potentialAction\":[{\"@type\":\"ReadAction\",\"target\":[\"https:\/\/www.herole.de\/blog\/foerdermittel-gedenkstaettenfahrten\/\"]}]},{\"@type\":\"ImageObject\",\"inLanguage\":\"de\",\"@id\":\"https:\/\/www.herole.de\/blog\/foerdermittel-gedenkstaettenfahrten\/#primaryimage\",\"url\":\"https:\/\/www.herole.de\/blog\/wp-content\/uploads\/gedenkstaette-hohenschoenhausen.jpg\",\"contentUrl\":\"https:\/\/www.herole.de\/blog\/wp-content\/uploads\/gedenkstaette-hohenschoenhausen.jpg\",\"width\":768,\"height\":866,\"caption\":\"Blick in den Durchgang der Gedenkst\u00e4tte Hohensch\u00f6nhaus\"},{\"@type\":\"BreadcrumbList\",\"@id\":\"https:\/\/www.herole.de\/blog\/foerdermittel-gedenkstaettenfahrten\/#breadcrumb\",\"itemListElement\":[{\"@type\":\"ListItem\",\"position\":1,\"name\":\"Startseite\",\"item\":\"https:\/\/www.herole.de\/blog\/\"},{\"@type\":\"ListItem\",\"position\":2,\"name\":\"\u00d6ffentliche F\u00f6rdermittel f\u00fcr Gedenkst\u00e4ttenfahrten\"}]},{\"@type\":\"WebSite\",\"@id\":\"https:\/\/www.herole.de\/blog\/#website\",\"url\":\"https:\/\/www.herole.de\/blog\/\",\"name\":\"HEROL\u00c9 Ratgeber\",\"description\":\"Wissenswertes rund um die Organisation von Klassenfahrten, zudem Lehrertipps und Themen des Schulalltags.\",\"publisher\":{\"@id\":\"https:\/\/www.herole.de\/blog\/#organization\"},\"potentialAction\":[{\"@type\":\"SearchAction\",\"target\":{\"@type\":\"EntryPoint\",\"urlTemplate\":\"https:\/\/www.herole.de\/blog\/?s={search_term_string}\"},\"query-input\":{\"@type\":\"PropertyValueSpecification\",\"valueRequired\":true,\"valueName\":\"search_term_string\"}}],\"inLanguage\":\"de\"},{\"@type\":\"Organization\",\"@id\":\"https:\/\/www.herole.de\/blog\/#organization\",\"name\":\"HEROL\u00c9 Reisen GmbH\",\"url\":\"https:\/\/www.herole.de\/blog\/\",\"logo\":{\"@type\":\"ImageObject\",\"inLanguage\":\"de\",\"@id\":\"https:\/\/www.herole.de\/blog\/#\/schema\/logo\/image\/\",\"url\":\"https:\/\/www.herole.de\/blog\/wp-content\/uploads\/herole-logo.png\",\"contentUrl\":\"https:\/\/www.herole.de\/blog\/wp-content\/uploads\/herole-logo.png\",\"width\":274,\"height\":70,\"caption\":\"HEROL\u00c9 Reisen GmbH\"},\"image\":{\"@id\":\"https:\/\/www.herole.de\/blog\/#\/schema\/logo\/image\/\"},\"sameAs\":[\"https:\/\/www.facebook.com\/HeroleKlassenfahrten\",\"https:\/\/x.com\/herole_reisen\",\"https:\/\/instagram.com\/heroleklassenfahrten\",\"https:\/\/www.youtube.com\/HeroleReisen\"]},{\"@type\":\"Person\",\"@id\":\"https:\/\/www.herole.de\/blog\/#\/schema\/person\/13fb982c1909aaffcf2c09f0fde399ba\",\"name\":\"Heike Philipp\",\"image\":{\"@type\":\"ImageObject\",\"inLanguage\":\"de\",\"@id\":\"https:\/\/www.herole.de\/blog\/#\/schema\/person\/image\/\",\"url\":\"https:\/\/secure.gravatar.com\/avatar\/6010203aefccca33c04c1b210ceba8ee7e5a734d5844451cfadfb0913f869e7a?s=96&d=mm&r=g\",\"contentUrl\":\"https:\/\/secure.gravatar.com\/avatar\/6010203aefccca33c04c1b210ceba8ee7e5a734d5844451cfadfb0913f869e7a?s=96&d=mm&r=g\",\"caption\":\"Heike Philipp\"},\"sameAs\":[\"https:\/\/x.com\/heike.bach\"]}]}<\/script>\n<!-- \/ Yoast SEO plugin. -->","yoast_head_json":{"title":"\u00d6ffentliche F\u00f6rdermittel f\u00fcr Gedenkst\u00e4ttenfahrten","description":"Verschiedene M\u00f6glichkeiten der \u00f6ffentlichen F\u00f6rderung f\u00fcr Klassenausfl\u00fcge zu Gedenkst\u00e4tten haben wir f\u00fcr Sie in diesem Beitrag zusammengefasst.","robots":{"index":"index","follow":"follow","max-snippet":"max-snippet:-1","max-image-preview":"max-image-preview:large","max-video-preview":"max-video-preview:-1"},"canonical":"https:\/\/www.herole.de\/blog\/foerdermittel-gedenkstaettenfahrten\/","og_locale":"de_DE","og_type":"article","og_title":"\u00d6ffentliche F\u00f6rdermittel f\u00fcr Gedenkst\u00e4ttenfahrten","og_description":"Verschiedene M\u00f6glichkeiten der \u00f6ffentlichen F\u00f6rderung f\u00fcr Klassenausfl\u00fcge zu Gedenkst\u00e4tten haben wir f\u00fcr Sie in diesem Beitrag zusammengefasst.","og_url":"https:\/\/www.herole.de\/blog\/foerdermittel-gedenkstaettenfahrten\/","og_site_name":"HEROL\u00c9 Ratgeber","article_publisher":"https:\/\/www.facebook.com\/HeroleKlassenfahrten","article_published_time":"2025-12-05T09:37:59+00:00","article_modified_time":"2025-12-05T09:39:24+00:00","og_image":[{"width":768,"height":866,"url":"https:\/\/www.herole.de\/blog\/wp-content\/uploads\/gedenkstaette-hohenschoenhausen.jpg","type":"image\/jpeg"}],"author":"Heike Philipp","twitter_card":"summary_large_image","twitter_creator":"@heike.bach","twitter_site":"@herole_reisen","twitter_misc":{"Verfasst von":"Heike Philipp","Gesch\u00e4tzte Lesezeit":"14\u00a0Minuten"},"schema":{"@context":"https:\/\/schema.org","@graph":[{"@type":"Article","@id":"https:\/\/www.herole.de\/blog\/foerdermittel-gedenkstaettenfahrten\/#article","isPartOf":{"@id":"https:\/\/www.herole.de\/blog\/foerdermittel-gedenkstaettenfahrten\/"},"author":{"name":"Heike Philipp","@id":"https:\/\/www.herole.de\/blog\/#\/schema\/person\/13fb982c1909aaffcf2c09f0fde399ba"},"headline":"\u00d6ffentliche F\u00f6rdermittel f\u00fcr Gedenkst\u00e4ttenfahrten","datePublished":"2025-12-05T09:37:59+00:00","dateModified":"2025-12-05T09:39:24+00:00","mainEntityOfPage":{"@id":"https:\/\/www.herole.de\/blog\/foerdermittel-gedenkstaettenfahrten\/"},"wordCount":2713,"publisher":{"@id":"https:\/\/www.herole.de\/blog\/#organization"},"image":{"@id":"https:\/\/www.herole.de\/blog\/foerdermittel-gedenkstaettenfahrten\/#primaryimage"},"thumbnailUrl":"https:\/\/www.herole.de\/blog\/wp-content\/uploads\/gedenkstaette-hohenschoenhausen.jpg","articleSection":["Finanzen"],"inLanguage":"de"},{"@type":"WebPage","@id":"https:\/\/www.herole.de\/blog\/foerdermittel-gedenkstaettenfahrten\/","url":"https:\/\/www.herole.de\/blog\/foerdermittel-gedenkstaettenfahrten\/","name":"\u00d6ffentliche F\u00f6rdermittel f\u00fcr Gedenkst\u00e4ttenfahrten","isPartOf":{"@id":"https:\/\/www.herole.de\/blog\/#website"},"primaryImageOfPage":{"@id":"https:\/\/www.herole.de\/blog\/foerdermittel-gedenkstaettenfahrten\/#primaryimage"},"image":{"@id":"https:\/\/www.herole.de\/blog\/foerdermittel-gedenkstaettenfahrten\/#primaryimage"},"thumbnailUrl":"https:\/\/www.herole.de\/blog\/wp-content\/uploads\/gedenkstaette-hohenschoenhausen.jpg","datePublished":"2025-12-05T09:37:59+00:00","dateModified":"2025-12-05T09:39:24+00:00","description":"Verschiedene M\u00f6glichkeiten der \u00f6ffentlichen F\u00f6rderung f\u00fcr Klassenausfl\u00fcge zu Gedenkst\u00e4tten haben wir f\u00fcr Sie in diesem Beitrag zusammengefasst.","breadcrumb":{"@id":"https:\/\/www.herole.de\/blog\/foerdermittel-gedenkstaettenfahrten\/#breadcrumb"},"inLanguage":"de","potentialAction":[{"@type":"ReadAction","target":["https:\/\/www.herole.de\/blog\/foerdermittel-gedenkstaettenfahrten\/"]}]},{"@type":"ImageObject","inLanguage":"de","@id":"https:\/\/www.herole.de\/blog\/foerdermittel-gedenkstaettenfahrten\/#primaryimage","url":"https:\/\/www.herole.de\/blog\/wp-content\/uploads\/gedenkstaette-hohenschoenhausen.jpg","contentUrl":"https:\/\/www.herole.de\/blog\/wp-content\/uploads\/gedenkstaette-hohenschoenhausen.jpg","width":768,"height":866,"caption":"Blick in den Durchgang der Gedenkst\u00e4tte Hohensch\u00f6nhaus"},{"@type":"BreadcrumbList","@id":"https:\/\/www.herole.de\/blog\/foerdermittel-gedenkstaettenfahrten\/#breadcrumb","itemListElement":[{"@type":"ListItem","position":1,"name":"Startseite","item":"https:\/\/www.herole.de\/blog\/"},{"@type":"ListItem","position":2,"name":"\u00d6ffentliche F\u00f6rdermittel f\u00fcr Gedenkst\u00e4ttenfahrten"}]},{"@type":"WebSite","@id":"https:\/\/www.herole.de\/blog\/#website","url":"https:\/\/www.herole.de\/blog\/","name":"HEROL\u00c9 Ratgeber","description":"Wissenswertes rund um die Organisation von Klassenfahrten, zudem Lehrertipps und Themen des Schulalltags.","publisher":{"@id":"https:\/\/www.herole.de\/blog\/#organization"},"potentialAction":[{"@type":"SearchAction","target":{"@type":"EntryPoint","urlTemplate":"https:\/\/www.herole.de\/blog\/?s={search_term_string}"},"query-input":{"@type":"PropertyValueSpecification","valueRequired":true,"valueName":"search_term_string"}}],"inLanguage":"de"},{"@type":"Organization","@id":"https:\/\/www.herole.de\/blog\/#organization","name":"HEROL\u00c9 Reisen GmbH","url":"https:\/\/www.herole.de\/blog\/","logo":{"@type":"ImageObject","inLanguage":"de","@id":"https:\/\/www.herole.de\/blog\/#\/schema\/logo\/image\/","url":"https:\/\/www.herole.de\/blog\/wp-content\/uploads\/herole-logo.png","contentUrl":"https:\/\/www.herole.de\/blog\/wp-content\/uploads\/herole-logo.png","width":274,"height":70,"caption":"HEROL\u00c9 Reisen GmbH"},"image":{"@id":"https:\/\/www.herole.de\/blog\/#\/schema\/logo\/image\/"},"sameAs":["https:\/\/www.facebook.com\/HeroleKlassenfahrten","https:\/\/x.com\/herole_reisen","https:\/\/instagram.com\/heroleklassenfahrten","https:\/\/www.youtube.com\/HeroleReisen"]},{"@type":"Person","@id":"https:\/\/www.herole.de\/blog\/#\/schema\/person\/13fb982c1909aaffcf2c09f0fde399ba","name":"Heike Philipp","image":{"@type":"ImageObject","inLanguage":"de","@id":"https:\/\/www.herole.de\/blog\/#\/schema\/person\/image\/","url":"https:\/\/secure.gravatar.com\/avatar\/6010203aefccca33c04c1b210ceba8ee7e5a734d5844451cfadfb0913f869e7a?s=96&d=mm&r=g","contentUrl":"https:\/\/secure.gravatar.com\/avatar\/6010203aefccca33c04c1b210ceba8ee7e5a734d5844451cfadfb0913f869e7a?s=96&d=mm&r=g","caption":"Heike Philipp"},"sameAs":["https:\/\/x.com\/heike.bach"]}]}},"_links":{"self":[{"href":"https:\/\/www.herole.de\/blog\/wp-json\/wp\/v2\/posts\/2264","targetHints":{"allow":["GET"]}}],"collection":[{"href":"https:\/\/www.herole.de\/blog\/wp-json\/wp\/v2\/posts"}],"about":[{"href":"https:\/\/www.herole.de\/blog\/wp-json\/wp\/v2\/types\/post"}],"author":[{"embeddable":true,"href":"https:\/\/www.herole.de\/blog\/wp-json\/wp\/v2\/users\/6"}],"replies":[{"embeddable":true,"href":"https:\/\/www.herole.de\/blog\/wp-json\/wp\/v2\/comments?post=2264"}],"version-history":[{"count":2,"href":"https:\/\/www.herole.de\/blog\/wp-json\/wp\/v2\/posts\/2264\/revisions"}],"predecessor-version":[{"id":34305,"href":"https:\/\/www.herole.de\/blog\/wp-json\/wp\/v2\/posts\/2264\/revisions\/34305"}],"wp:featuredmedia":[{"embeddable":true,"href":"https:\/\/www.herole.de\/blog\/wp-json\/wp\/v2\/media\/2267"}],"wp:attachment":[{"href":"https:\/\/www.herole.de\/blog\/wp-json\/wp\/v2\/media?parent=2264"}],"wp:term":[{"taxonomy":"category","embeddable":true,"href":"https:\/\/www.herole.de\/blog\/wp-json\/wp\/v2\/categories?post=2264"},{"taxonomy":"post_tag","embeddable":true,"href":"https:\/\/www.herole.de\/blog\/wp-json\/wp\/v2\/tags?post=2264"}],"curies":[{"name":"wp","href":"https:\/\/api.w.org\/{rel}","templated":true}]}}