{"id":1592,"date":"2021-04-07T11:12:00","date_gmt":"2021-04-07T09:12:00","guid":{"rendered":"https:\/\/www.herole.de\/blog\/?p=1592"},"modified":"2023-04-13T14:55:26","modified_gmt":"2023-04-13T12:55:26","slug":"wie-kann-ich-meine-schueler-erziehen-diese-rechte-haben-lehrer","status":"publish","type":"post","link":"https:\/\/www.herole.de\/blog\/wie-kann-ich-meine-schueler-erziehen-diese-rechte-haben-lehrer\/","title":{"rendered":"Was darf die Lehrkraft gegen\u00fcber Sch\u00fcler:innen?"},"content":{"rendered":"\t\t<div data-elementor-type=\"wp-post\" data-elementor-id=\"1592\" class=\"elementor elementor-1592\" data-elementor-post-type=\"post\">\n\t\t\t\t\t\t<section class=\"elementor-section elementor-top-section elementor-element elementor-element-245124fc elementor-section-boxed elementor-section-height-default elementor-section-height-default\" data-id=\"245124fc\" data-element_type=\"section\">\n\t\t\t\t\t\t<div class=\"elementor-container elementor-column-gap-default\">\n\t\t\t\t\t<div class=\"elementor-column elementor-col-100 elementor-top-column elementor-element elementor-element-506f102b\" data-id=\"506f102b\" data-element_type=\"column\">\n\t\t\t<div class=\"elementor-widget-wrap elementor-element-populated\">\n\t\t\t\t\t\t<div class=\"elementor-element elementor-element-2a5a856d elementor-widget elementor-widget-text-editor\" data-id=\"2a5a856d\" data-element_type=\"widget\" data-widget_type=\"text-editor.default\">\n\t\t\t\t<div class=\"elementor-widget-container\">\n\t\t\t\t\t\t\t\t\t<h2>Rechte der Sch\u00fcler:innen und Lehrekr\u00e4fte prallen aufeinander<\/h2><p>In der Klasse geht es drunter und dr\u00fcber, Kinder schreien durcheinander und bewerfen sich mit Papierkugeln. Beruhigungsversuche der Lehrer:innen scheitern. Da wird zum letzten Mittel gegriffen: Der\/Die Lauteste wird aus der Klasse verwiesen und bekommt einen Eintrag ins Klassenbuch. Soweit so gut. Doch nicht immer ist es so einfach.<\/p><p><strong>Grunds\u00e4tzlich gilt:<\/strong> Lehrkr\u00e4fte sind gegen\u00fcber Sch\u00fcler:innen weisungsbefugt. Werden sie aufgefordert, die Tafel zu putzen, m\u00fcssen diese der Aufforderung nachkommen, denn es handelt es sich um eine <strong>zweckgerichtete schulische Weisung<\/strong>. Allerdings haben auch Sch\u00fcler:innen Rechte, die oft kontr\u00e4r auf die W\u00fcnsche der Lehrkr\u00e4fte prallen.<\/p><h3>K\u00f6rperliche Z\u00fcchtigung ist heute tabu<\/h3><p>Sch\u00fcler:innen mit dem Rohrstock schlagen oder ihnen Backpfeifen geben? Was heute Entsetzen ausl\u00f6sen w\u00fcrde, war fr\u00fcher ganz normal. In der <strong>DDR<\/strong> wurden K\u00f6rperstrafen in der Schule schon 1945 abgeschafft, in der <strong>BRD<\/strong> existierte das Z\u00fcchtigungsrecht formal noch bis 1973 (in Bayern sogar bis 1983). Zu diesem Zeitpunkt hatten die meisten Schulordnungen <strong>k\u00f6rperliche Strafen bereits verboten<\/strong>. Allerdings gibt es eine <strong>Ausnahme<\/strong>: Wird eine Lehrkraft von gewaltt\u00e4tigen Sch\u00fcler:innen k\u00f6rperlich angegriffen, darf sie zur\u00fcckschlagen. In diesem Fall handelt es sich um Notwehr.<\/p>\t\t\t\t\t\t\t\t<\/div>\n\t\t\t\t<\/div>\n\t\t\t\t<section class=\"elementor-section elementor-inner-section elementor-element elementor-element-3b781819 elementor-section-boxed elementor-section-height-default elementor-section-height-default\" data-id=\"3b781819\" data-element_type=\"section\">\n\t\t\t\t\t\t<div class=\"elementor-container elementor-column-gap-no\">\n\t\t\t\t\t<div class=\"elementor-column elementor-col-50 elementor-inner-column elementor-element elementor-element-29be9858\" data-id=\"29be9858\" data-element_type=\"column\">\n\t\t\t<div class=\"elementor-widget-wrap elementor-element-populated\">\n\t\t\t\t\t\t<div class=\"elementor-element elementor-element-58985caf elementor-widget elementor-widget-image\" data-id=\"58985caf\" data-element_type=\"widget\" data-widget_type=\"image.default\">\n\t\t\t\t<div class=\"elementor-widget-container\">\n\t\t\t\t\t\t\t\t\t\t\t\t\t\t\t\t<a href=\"https:\/\/www.herole.de\/blog\/wp-content\/uploads\/schueler-frustriert-nachsitzen.jpg\" data-elementor-open-lightbox=\"yes\" data-elementor-lightbox-title=\"schueler-frustriert-nachsitzen\" data-e-action-hash=\"#elementor-action%3Aaction%3Dlightbox%26settings%3DeyJpZCI6MTg1NzEsInVybCI6Imh0dHBzOlwvXC93d3cuaGVyb2xlLmRlXC9ibG9nXC93cC1jb250ZW50XC91cGxvYWRzXC9zY2h1ZWxlci1mcnVzdHJpZXJ0LW5hY2hzaXR6ZW4uanBnIn0%3D\">\n\t\t\t\t\t\t\t<img fetchpriority=\"high\" decoding=\"async\" width=\"1024\" height=\"683\" src=\"https:\/\/www.herole.de\/blog\/wp-content\/uploads\/schueler-frustriert-nachsitzen-1024x683.jpg\" class=\"attachment-large size-large wp-image-18571\" alt=\"Frustrierte Sch\u00fclerin beim NAchsitzen im Klassenzimmer.\" srcset=\"https:\/\/www.herole.de\/blog\/wp-content\/uploads\/schueler-frustriert-nachsitzen-1024x683.jpg 1024w, https:\/\/www.herole.de\/blog\/wp-content\/uploads\/schueler-frustriert-nachsitzen-300x200.jpg 300w, https:\/\/www.herole.de\/blog\/wp-content\/uploads\/schueler-frustriert-nachsitzen-768x512.jpg 768w, https:\/\/www.herole.de\/blog\/wp-content\/uploads\/schueler-frustriert-nachsitzen-1536x1024.jpg 1536w, https:\/\/www.herole.de\/blog\/wp-content\/uploads\/schueler-frustriert-nachsitzen.jpg 1920w\" sizes=\"(max-width: 1024px) 100vw, 1024px\" \/>\t\t\t\t\t\t\t\t<\/a>\n\t\t\t\t\t\t\t\t\t\t\t\t\t\t\t<\/div>\n\t\t\t\t<\/div>\n\t\t\t\t\t<\/div>\n\t\t<\/div>\n\t\t\t\t<div class=\"elementor-column elementor-col-50 elementor-inner-column elementor-element elementor-element-227be1dd\" data-id=\"227be1dd\" data-element_type=\"column\">\n\t\t\t<div class=\"elementor-widget-wrap elementor-element-populated\">\n\t\t\t\t\t\t<div class=\"elementor-element elementor-element-454df6ce elementor-widget elementor-widget-text-editor\" data-id=\"454df6ce\" data-element_type=\"widget\" data-widget_type=\"text-editor.default\">\n\t\t\t\t<div class=\"elementor-widget-container\">\n\t\t\t\t\t\t\t\t\t<p>Zu einem entsprechenden <a href=\"#linksammlung\">Urteil<\/a> kam auch das Amtsgericht \u00dcberlingen in einem Fall, in dem gleich zwei Lehrkr\u00e4fte der <strong>K\u00f6rperverletzung gegen\u00fcber einem 12-j\u00e4hrigen<\/strong> Sch\u00fcler angeklagt waren. Dieser hatte zuvor versucht, mit einem Stein nach den Lehrer:innen zu werfen. In einem anderen Fall ging eine Lehrerin in Berlin straffrei aus, nachdem sie einem Sch\u00fcler einen <strong>blauen Fleck<\/strong> verpasst hatte. Sie hatte ihn hart angefasst, um ihn aus dem Klassenzimmer zu schieben. Das Landgericht urteilte, dass es sich um eine<strong> alternativlose Ordnungsma\u00dfnahme<\/strong> gehandelt habe und dass ein Blauer Fleck von der Gr\u00f6\u00dfe einer 10 Cent-M\u00fcnze <a href=\"#linksammlung\">keine K\u00f6rperverletzung<\/a> darstellte. Das Urteil gilt jedoch als umstritten. In einem ganz \u00e4hnlichen Fall wurde eine Lehrkraft vom Amtsgericht Waldshut-Tiengen <a href=\"#linksammlung\">wegen K\u00f6rperverletzung verurteilt<\/a> und musste sogar eine Strafe von 650 Euro zahlen.<\/p>\t\t\t\t\t\t\t\t<\/div>\n\t\t\t\t<\/div>\n\t\t\t\t\t<\/div>\n\t\t<\/div>\n\t\t\t\t\t<\/div>\n\t\t<\/section>\n\t\t\t\t<div class=\"elementor-element elementor-element-7d74d69 elementor-widget elementor-widget-text-editor\" data-id=\"7d74d69\" data-element_type=\"widget\" data-widget_type=\"text-editor.default\">\n\t\t\t\t<div class=\"elementor-widget-container\">\n\t\t\t\t\t\t\t\t\t<h3>Das menschliche Bed\u00fcrfnis<\/h3>\n<p>Lehrkr\u00e4fte d\u00fcrfen Sch\u00fcler:innen nicht einfach den Gang zur Toilette w\u00e4hrend der Unterrichtsstunde verweigern. Dies w\u00fcrde einer menschenw\u00fcrdigen Behandlung widersprechen und damit dem <strong>Artikel 1 des Grundgesetzes<\/strong> zur Menschenw\u00fcrde. Sch\u00fcler:innen k\u00f6nnten sich sogar auf<a href=\"#linksammlung\"> \u00a7171 StGB<\/a> berufen, die Misshandlung von Schutzbefohlenen, oder auf <a title=\"Zur Linksammlung\" href=\"#linksammlung\">\u00a7223 StGB<\/a>, der K\u00f6rperverletzung.<\/p>\n<p>Ein entsprechender <a title=\"Zur Linksammlung\" href=\"#linksammlung\">Vorfall an einer M\u00fcnchner Schule<\/a> besch\u00e4ftigte vor einiger Zeit die Boulevardpresse und die Justiz. Ein 10-j\u00e4hriger Junge hatte sich eingen\u00e4sst, weil ihm die Lehrkraft den Gang zur Toilette verboten hatte. Diese verwies darauf, dass die Frage ganze <strong>sechs Minuten nach dem Ende der Pause<\/strong> gestellt worden war. \u00c4hnlich sieht es bei Klausuren und Pr\u00fcfungen aus. Hier trifft ein ganz pers\u00f6nliches Bed\u00fcrfnis auf den Verdacht der Lehrkr\u00e4fte, die Pinkelpause k\u00f6nnte zum heimlichen Spicken genutzt werden. Das <strong>Pr\u00fcfungsrecht<\/strong> darf davon ausgehen, dass von Sch\u00fcler:innen erwartet werden kann, 90 bis 120 Minuten einmal nicht zu m\u00fcssen.<\/p>\n<h3>Ist Nachsitzen Freiheitsberaubung?<\/h3>\n<p>2016 musste sich ein <a href=\"#linksammlung\">Musiklehrer aus Neuss<\/a> wegen Freiheitsberaubung vor Gericht verantworten: Er hatte seiner Klasse eine <strong>Strafarbeit<\/strong> aufgebrummt und sich selbst demonstrativ in die T\u00fcr gesetzt. Sch\u00fcler:innen durften das Klassenzimmer erst nach der Abgabe der Arbeit verlassen. Ein:e Sch\u00fcler:in alarmierte daraufhin die Polizei. Was nach Posse klingt, hatte f\u00fcr den Lehrer ernste Folgen. In erster Instanz wurde er vom Amtsgericht Neuss schuldig gesprochen. Erst das Landgericht D\u00fcsseldorf <strong>sprach ihn in zweiter Instanz frei<\/strong>.<\/p>\t\t\t\t\t\t\t\t<\/div>\n\t\t\t\t<\/div>\n\t\t\t\t<section class=\"elementor-section elementor-inner-section elementor-element elementor-element-71f31de7 elementor-reverse-tablet elementor-reverse-mobile elementor-section-boxed elementor-section-height-default elementor-section-height-default\" data-id=\"71f31de7\" data-element_type=\"section\">\n\t\t\t\t\t\t<div class=\"elementor-container elementor-column-gap-no\">\n\t\t\t\t\t<div class=\"elementor-column elementor-col-50 elementor-inner-column elementor-element elementor-element-f91e560\" data-id=\"f91e560\" data-element_type=\"column\">\n\t\t\t<div class=\"elementor-widget-wrap elementor-element-populated\">\n\t\t\t\t\t\t<div class=\"elementor-element elementor-element-e4a32f6 elementor-widget elementor-widget-text-editor\" data-id=\"e4a32f6\" data-element_type=\"widget\" data-widget_type=\"text-editor.default\">\n\t\t\t\t<div class=\"elementor-widget-container\">\n\t\t\t\t\t\t\t\t\t<p><strong>Grunds\u00e4tzlich gilt f\u00fcr Nachsitzen<\/strong>: Es darf nur als p\u00e4dagogische Ma\u00dfnahme eingesetzt werden, aber nicht als Strafe. Haben sich beispielsweise zwei Sch\u00fcler:innen in der Pause gepr\u00fcgelt, d\u00fcrfen sie nicht mit Nachsitzen bestraft werden. Hat ein:e Sch\u00fcler:in jedoch die halbe Unterrichtsstunde verpasst, weil er\/sie unter dem Tisch am Smartphone spielte, kann die Lehrkraft ihn\/sie eine Stunde nachsitzen lassen, um das Thema aufzuholen. <strong>P\u00e4dagogische Ma\u00dfnahmen<\/strong> sollen erziehen, aber nicht strafen. <br \/>Das gleiche gilt beispielsweise auch f\u00fcr Strafarbeiten. Das ber\u00fcchtigte hundertmalige Schreiben von &#8222;Ich darf im Unterricht nicht am Smartphone spielen&#8220; ist verboten, denn es erzieht nicht. Brummt die Lehrkraft dem\/der Sch\u00fcler:in einen <strong>1000-W\u00f6rter-Aufsatz \u00fcber Karl den Gro\u00dfen<\/strong> auf, weil er\/sie im Unterricht nicht zugeh\u00f6rt hat, ist dies dagegen in Ordnung. Schlie\u00dflich lernt er\/sie bei der Arbeit etwas \u00fcber den fr\u00e4nkischen Kaiser.<\/p>\t\t\t\t\t\t\t\t<\/div>\n\t\t\t\t<\/div>\n\t\t\t\t\t<\/div>\n\t\t<\/div>\n\t\t\t\t<div class=\"elementor-column elementor-col-50 elementor-inner-column elementor-element elementor-element-55bc4ead\" data-id=\"55bc4ead\" data-element_type=\"column\">\n\t\t\t<div class=\"elementor-widget-wrap elementor-element-populated\">\n\t\t\t\t\t\t<div class=\"elementor-element elementor-element-4975d66a elementor-widget elementor-widget-image\" data-id=\"4975d66a\" data-element_type=\"widget\" data-widget_type=\"image.default\">\n\t\t\t\t<div class=\"elementor-widget-container\">\n\t\t\t\t\t\t\t\t\t\t\t\t\t\t\t\t<a href=\"https:\/\/www.herole.de\/blog\/wp-content\/uploads\/kreatives-schreiben-im-unterricht.jpg\" data-elementor-open-lightbox=\"yes\" data-elementor-lightbox-title=\"Im Vertretungsunterricht ist endlich Zeit f\u00fcr kreatives Schreiben.\" data-e-action-hash=\"#elementor-action%3Aaction%3Dlightbox%26settings%3DeyJpZCI6MzMwMiwidXJsIjoiaHR0cHM6XC9cL3d3dy5oZXJvbGUuZGVcL2Jsb2dcL3dwLWNvbnRlbnRcL3VwbG9hZHNcL2tyZWF0aXZlcy1zY2hyZWliZW4taW0tdW50ZXJyaWNodC5qcGcifQ%3D%3D\">\n\t\t\t\t\t\t\t<img decoding=\"async\" width=\"1024\" height=\"620\" src=\"https:\/\/www.herole.de\/blog\/wp-content\/uploads\/kreatives-schreiben-im-unterricht-1024x620.jpg\" class=\"attachment-large size-large wp-image-3302\" alt=\"Im Vertretungsunterricht ist endlich Zeit f\u00fcr kreatives Schreiben.\" srcset=\"https:\/\/www.herole.de\/blog\/wp-content\/uploads\/kreatives-schreiben-im-unterricht-1024x620.jpg 1024w, https:\/\/www.herole.de\/blog\/wp-content\/uploads\/kreatives-schreiben-im-unterricht-300x182.jpg 300w, https:\/\/www.herole.de\/blog\/wp-content\/uploads\/kreatives-schreiben-im-unterricht-768x465.jpg 768w, https:\/\/www.herole.de\/blog\/wp-content\/uploads\/kreatives-schreiben-im-unterricht-1320x799.jpg 1320w, https:\/\/www.herole.de\/blog\/wp-content\/uploads\/kreatives-schreiben-im-unterricht.jpg 1920w\" sizes=\"(max-width: 1024px) 100vw, 1024px\" \/>\t\t\t\t\t\t\t\t<\/a>\n\t\t\t\t\t\t\t\t\t\t\t\t\t\t\t<\/div>\n\t\t\t\t<\/div>\n\t\t\t\t\t<\/div>\n\t\t<\/div>\n\t\t\t\t\t<\/div>\n\t\t<\/section>\n\t\t\t\t<div class=\"elementor-element elementor-element-1f6f3c9 elementor-widget elementor-widget-text-editor\" data-id=\"1f6f3c9\" data-element_type=\"widget\" data-widget_type=\"text-editor.default\">\n\t\t\t\t<div class=\"elementor-widget-container\">\n\t\t\t\t\t\t\t\t\t<h3>Der ewige Streit ums Smartphone<\/h3><p>Apropos Smartphone: Die allgegenw\u00e4rtigen Ger\u00e4te sind heute einer der gr\u00f6\u00dften Streitpunkte zwischen Lehrkr\u00e4ften und Sch\u00fcler:innen. Lehrer:innen k\u00f6nnen kein generelles Handyverbot aussprechen, doch sie k\u00f6nnen die Nutzung auf dem Schulgel\u00e4nde verbieten. <a href=\"https:\/\/www.herole.de\/blog\/smartphones-im-unterricht-chance-oder-risiko\/\">Vor- und Nachteile der Nutzung im Unterricht<\/a> sind ebenfalls umstritten. Jede Schule kann den Umgang in der <strong>Schulordnung<\/strong> selbst festlegen. Die Smartphones m\u00fcssen dann ausgeschaltet bleiben.<\/p><p>Ist die Nutzung auf dem Schulgel\u00e4nde allgemein erlaubt, haben einzelne Lehrkr\u00e4fte dennoch das <strong>Recht sie im Unterricht zu verbieten<\/strong> und den Sch\u00fcler:innen wegzunehmen. <strong>Aber<\/strong>: Lehrer:innen haben weder das Recht, sich den Inhalt des Handys anzusehen, noch sie l\u00e4ngerfristig einzubehalten. Mit dem Ende des Schultages muss das Smartphone dem\/der Sch\u00fcler:in zur\u00fcckgegeben werden. Eine <strong>Ausnahme<\/strong> gibt es jedoch: Hat die Lehrkraft gesehen, dass Sch\u00fcler:innen auf einem Smartphone <strong>gewaltverherrlichendes oder pornografisches Material<\/strong> ansehen, darf sie das Ger\u00e4t konfiszieren und zu einem sp\u00e4teren Zeitpunkt direkt den Eltern \u00fcbergeben. In Ausnahmef\u00e4llen kann sogar die Polizei eingeschaltet werden.<\/p>\t\t\t\t\t\t\t\t<\/div>\n\t\t\t\t<\/div>\n\t\t\t\t<section class=\"elementor-section elementor-inner-section elementor-element elementor-element-cfe8800 elementor-section-boxed elementor-section-height-default elementor-section-height-default\" data-id=\"cfe8800\" data-element_type=\"section\">\n\t\t\t\t\t\t<div class=\"elementor-container elementor-column-gap-default\">\n\t\t\t\t\t<div class=\"elementor-column elementor-col-50 elementor-inner-column elementor-element elementor-element-61ff311 auto-width\" data-id=\"61ff311\" data-element_type=\"column\">\n\t\t\t<div class=\"elementor-widget-wrap elementor-element-populated\">\n\t\t\t\t\t\t<div class=\"elementor-element elementor-element-cecdf61 elementor-view-default elementor-widget elementor-widget-icon\" data-id=\"cecdf61\" data-element_type=\"widget\" data-widget_type=\"icon.default\">\n\t\t\t\t<div class=\"elementor-widget-container\">\n\t\t\t\t\t\t\t<div class=\"elementor-icon-wrapper\">\n\t\t\t<div class=\"elementor-icon\">\n\t\t\t<i aria-hidden=\"true\" class=\"icon icon-blog_tip\"><\/i>\t\t\t<\/div>\n\t\t<\/div>\n\t\t\t\t\t\t<\/div>\n\t\t\t\t<\/div>\n\t\t\t\t\t<\/div>\n\t\t<\/div>\n\t\t\t\t<div class=\"elementor-column elementor-col-50 elementor-inner-column elementor-element elementor-element-dc5621a\" data-id=\"dc5621a\" data-element_type=\"column\">\n\t\t\t<div class=\"elementor-widget-wrap elementor-element-populated\">\n\t\t\t\t\t\t<div class=\"elementor-element elementor-element-1a768ed tip elementor-widget elementor-widget-text-editor\" data-id=\"1a768ed\" data-element_type=\"widget\" data-widget_type=\"text-editor.default\">\n\t\t\t\t<div class=\"elementor-widget-container\">\n\t\t\t\t\t\t\t\t\t<p>Lesetipp: Thomas B\u00f6hn, Experte f\u00fcr Schulrecht, hat zahlreiche Tipps f\u00fcr Lehrkr\u00e4fte in seinem <a title=\"Zur Linksammlung\" href=\"#linksammlung\">Ratgeber<\/a> &#8222;Nein, du gehst jetzt nicht aufs Klo \u2013 was Lehrer d\u00fcrfen&#8220; zusammengestellt.<\/p>\t\t\t\t\t\t\t\t<\/div>\n\t\t\t\t<\/div>\n\t\t\t\t\t<\/div>\n\t\t<\/div>\n\t\t\t\t\t<\/div>\n\t\t<\/section>\n\t\t\t\t<div class=\"elementor-element elementor-element-dc5cf5d elementor-widget elementor-widget-text-editor\" data-id=\"dc5cf5d\" data-element_type=\"widget\" data-widget_type=\"text-editor.default\">\n\t\t\t\t<div class=\"elementor-widget-container\">\n\t\t\t\t\t\t\t\t\t<h2>Weitere Fragen rund um die Rechte der Lehrkr\u00e4fte und Sch\u00fcler:innen in Stichpunkten<\/h2>\t\t\t\t\t\t\t\t<\/div>\n\t\t\t\t<\/div>\n\t\t\t\t<div class=\"elementor-element elementor-element-195c7d15 elementor-icon-list--layout-traditional elementor-list-item-link-full_width elementor-widget elementor-widget-icon-list\" data-id=\"195c7d15\" data-element_type=\"widget\" data-widget_type=\"icon-list.default\">\n\t\t\t\t<div class=\"elementor-widget-container\">\n\t\t\t\t\t\t\t<ul class=\"elementor-icon-list-items\">\n\t\t\t\t\t\t\t<li class=\"elementor-icon-list-item\">\n\t\t\t\t\t\t\t\t\t\t\t<span class=\"elementor-icon-list-icon\">\n\t\t\t\t\t\t\t<i aria-hidden=\"true\" class=\"icon icon-ok\"><\/i>\t\t\t\t\t\t<\/span>\n\t\t\t\t\t\t\t\t\t\t<span class=\"elementor-icon-list-text\">Gelangweilte Sch\u00fcler:innen <strong>kippeln<\/strong> gerne auf den Schulst\u00fchlen. Lehrkr\u00e4fte d\u00fcrfen es ihnen verbieten, denn es besteht erh\u00f6hte Verletzungsgefahr.<\/span>\n\t\t\t\t\t\t\t\t\t<\/li>\n\t\t\t\t\t\t\t\t<li class=\"elementor-icon-list-item\">\n\t\t\t\t\t\t\t\t\t\t\t<span class=\"elementor-icon-list-icon\">\n\t\t\t\t\t\t\t<i aria-hidden=\"true\" class=\"icon icon-ok\"><\/i>\t\t\t\t\t\t<\/span>\n\t\t\t\t\t\t\t\t\t\t<span class=\"elementor-icon-list-text\">Ob Fashion Statement oder winterliche K\u00e4lte: So  manche Sch\u00fcler:innen sitzen gerne mit <strong>Jacke<\/strong> im Unterricht. Ob sie ausgezogen werden muss, wird individuell in den Schulordnungen festgehalten. <\/span>\n\t\t\t\t\t\t\t\t\t<\/li>\n\t\t\t\t\t\t\t\t<li class=\"elementor-icon-list-item\">\n\t\t\t\t\t\t\t\t\t\t\t<span class=\"elementor-icon-list-icon\">\n\t\t\t\t\t\t\t<i aria-hidden=\"true\" class=\"icon icon-ok\"><\/i>\t\t\t\t\t\t<\/span>\n\t\t\t\t\t\t\t\t\t\t<span class=\"elementor-icon-list-text\">Lehrkr\u00e4fte d\u00fcrfen Sch\u00fcler:innen im <strong>Sportunterricht<\/strong> nicht zu \u00dcbungen zwingen, wenn dies eine erh\u00f6hte Verletzungsgefahr bedeuten w\u00fcrde. \u00dcbungen sollten so gestaltet sein, dass sie auch unsportliche Sch\u00fcler:innen meistern k\u00f6nnen. <\/span>\n\t\t\t\t\t\t\t\t\t<\/li>\n\t\t\t\t\t\t\t\t<li class=\"elementor-icon-list-item\">\n\t\t\t\t\t\t\t\t\t\t\t<span class=\"elementor-icon-list-icon\">\n\t\t\t\t\t\t\t<i aria-hidden=\"true\" class=\"icon icon-ok\"><\/i>\t\t\t\t\t\t<\/span>\n\t\t\t\t\t\t\t\t\t\t<span class=\"elementor-icon-list-text\">Es klingelt zum <strong>Ende der Unterrichtsstunde<\/strong> und alle rennen raus? D\u00fcrfen sie nicht. Die Lehrkraft hat das Recht, den Unterricht zu beenden. Allerdings sollte sie dabei nicht stark \u00fcberziehen, sondern kurz und knapp zum Punkt kommen.<\/span>\n\t\t\t\t\t\t\t\t\t<\/li>\n\t\t\t\t\t\t\t\t<li class=\"elementor-icon-list-item\">\n\t\t\t\t\t\t\t\t\t\t\t<span class=\"elementor-icon-list-icon\">\n\t\t\t\t\t\t\t<i aria-hidden=\"true\" class=\"icon icon-ok\"><\/i>\t\t\t\t\t\t<\/span>\n\t\t\t\t\t\t\t\t\t\t<span class=\"elementor-icon-list-text\">Lehrkr\u00e4fte d\u00fcrfen die <strong>Noten<\/strong> der Sch\u00fcler:innen nicht laut vor der ganzen Klasse nennen, denn dies verst\u00f6\u00dft gegen das Pers\u00f6nlichkeitsrecht. Sie d\u00fcrfen lediglich sagen, dass es zum Beispiel \"Zwei Einsen und leider auch eine F\u00fcnf\" gegeben hat<\/span>\n\t\t\t\t\t\t\t\t\t<\/li>\n\t\t\t\t\t\t<\/ul>\n\t\t\t\t\t\t<\/div>\n\t\t\t\t<\/div>\n\t\t\t\t<div class=\"elementor-element elementor-element-e84528e elementor-widget elementor-widget-text-editor\" data-id=\"e84528e\" data-element_type=\"widget\" data-widget_type=\"text-editor.default\">\n\t\t\t\t<div class=\"elementor-widget-container\">\n\t\t\t\t\t\t\t\t\t<p><strong>Keine eindeutige Antwort<\/strong> gibt es auf die Frage, ob Lehrkr\u00e4fte das <strong>Trinken im Unterricht<\/strong> verbieten d\u00fcrfen. W\u00e4hrend es auf der Hand liegt, dass Sch\u00fcler:innen w\u00e4hrend des Unterrichts keine Pausenbrote verzehren oder S\u00fc\u00dfigkeiten naschen d\u00fcrfen, gilt das Trinken als <strong>unverzichtbares Grundbed\u00fcrfnis<\/strong>. Allerdings ist es der Lehrkraft auch nicht zuzumuten, wenn alle paar Minuten jemand an Dosen nuckelt, aus Trinkp\u00e4ckchen schl\u00fcrft oder mit einer halbleeren Plastikflasche knarzt. Hier sollten <strong>Kompromisse<\/strong> gefunden werden, mit denen alle leben k\u00f6nnen.<\/p>\t\t\t\t\t\t\t\t<\/div>\n\t\t\t\t<\/div>\n\t\t\t\t<div class=\"elementor-element elementor-element-7777322b elementor-cta--valign-top elementor-cta--skin-classic elementor-animated-content elementor-widget elementor-widget-call-to-action\" data-id=\"7777322b\" data-element_type=\"widget\" data-widget_type=\"call-to-action.default\">\n\t\t\t\t<div class=\"elementor-widget-container\">\n\t\t\t\t\t\t\t<div class=\"elementor-cta\">\n\t\t\t\t\t<div class=\"elementor-cta__bg-wrapper\">\n\t\t\t\t<div class=\"elementor-cta__bg elementor-bg\" style=\"background-image: url(https:\/\/www.herole.de\/blog\/wp-content\/uploads\/speicherstadt-hamburg-768x514.jpg);\" role=\"img\" aria-label=\"Blick auf die Speicherstadt Hamburg\"><\/div>\n\t\t\t\t<div class=\"elementor-cta__bg-overlay\"><\/div>\n\t\t\t<\/div>\n\t\t\t\t\t\t\t<div class=\"elementor-cta__content\">\n\t\t\t\t\n\t\t\t\t\t\t\t\t\t<h2 class=\"elementor-cta__title elementor-cta__content-item elementor-content-item\">\n\t\t\t\t\t\tKlassenfahrten Hamburg\t\t\t\t\t<\/h2>\n\t\t\t\t\n\t\t\t\t\t\t\t\t\t<div class=\"elementor-cta__description elementor-cta__content-item elementor-content-item\">\n\t\t\t\t\t\t<h3>Hansestadt und Musical Metropole<\/h3>\n<p>\nDiese Vorteile bietet <strong>Hamburg<\/strong> f\u00fcr Sie:<\/p>\n<ul>\n<li>Gute Anbindung aus ganz Deutschland mit Bus und Bahn<\/li>\n<li>Geeignet f\u00fcr alle Klassenstufen durch vielf\u00e4ltige Programme<\/li>\n<li>Tolle Schwerpunkte setzen: Wirtschaft & Geschichte<\/li>\n<li>Zentrale Unterk\u00fcnfte f\u00fcr jedes Budget <\/li>\n<\/ul>\t\t\t\t\t<\/div>\n\t\t\t\t\n\t\t\t\t\t\t\t\t\t<div class=\"elementor-cta__button-wrapper elementor-cta__content-item elementor-content-item \">\n\t\t\t\t\t<a class=\"elementor-cta__button elementor-button elementor-size-\" href=\"https:\/\/www.herole.de\/klassenfahrten-hamburg\" target=\"_blank\" data-stoerer-tracking=\"hamburg\">\n\t\t\t\t\t\tKlassenfahrten Hamburg entdecken\t\t\t\t\t<\/a>\n\t\t\t\t\t<\/div>\n\t\t\t\t\t\t\t<\/div>\n\t\t\t\t\t\t<\/div>\n\t\t\t\t\t\t<\/div>\n\t\t\t\t<\/div>\n\t\t\t\t<div class=\"elementor-element elementor-element-f5657b4 elementor-widget elementor-widget-text-editor\" data-id=\"f5657b4\" data-element_type=\"widget\" data-widget_type=\"text-editor.default\">\n\t\t\t\t<div class=\"elementor-widget-container\">\n\t\t\t\t\t\t\t\t\t<h2>Gibt es Unterschiede zwischen den Bundesl\u00e4ndern?<\/h2><p>Ja, eindeutig. Schule ist in Deutschland L\u00e4nderkompetenz, von daher ist hier Vorsicht geboten. Besonders Lehrer:innen, die einen neuen Job in einem anderen Bundesland antreten, sollten sich daher \u00fcber ihre Rechte informieren. Wir haben einen <strong>\u00dcberblick \u00fcber die Schulgesetze und -ordnungen<\/strong> erstellt:<\/p>\t\t\t\t\t\t\t\t<\/div>\n\t\t\t\t<\/div>\n\t\t\t\t<div class=\"elementor-element elementor-element-78c9d15 elementor-widget elementor-widget-toggle\" data-id=\"78c9d15\" data-element_type=\"widget\" data-widget_type=\"toggle.default\">\n\t\t\t\t<div class=\"elementor-widget-container\">\n\t\t\t\t\t\t\t<div class=\"elementor-toggle\">\n\t\t\t\t\t\t\t<div class=\"elementor-toggle-item\">\n\t\t\t\t\t<h3 id=\"elementor-tab-title-1261\" class=\"elementor-tab-title\" data-tab=\"1\" role=\"button\" aria-controls=\"elementor-tab-content-1261\" aria-expanded=\"false\">\n\t\t\t\t\t\t\t\t\t\t\t\t<span class=\"elementor-toggle-icon elementor-toggle-icon-right\" aria-hidden=\"true\">\n\t\t\t\t\t\t\t\t\t\t\t\t\t\t\t<span class=\"elementor-toggle-icon-closed\"><i class=\"icon icon-down-open\"><\/i><\/span>\n\t\t\t\t\t\t\t\t<span class=\"elementor-toggle-icon-opened\"><i class=\"elementor-toggle-icon-opened icon icon-up-open\"><\/i><\/span>\n\t\t\t\t\t\t\t\t\t\t\t\t\t<\/span>\n\t\t\t\t\t\t\t\t\t\t\t\t<a class=\"elementor-toggle-title\" tabindex=\"0\">Baden-W\u00fcrttemberg<\/a>\n\t\t\t\t\t<\/h3>\n\n\t\t\t\t\t<div id=\"elementor-tab-content-1261\" class=\"elementor-tab-content elementor-clearfix\" data-tab=\"1\" role=\"region\" aria-labelledby=\"elementor-tab-title-1261\"><p>Das hiesige Schulrecht sichert Lehrkr\u00e4ften weitgehende Freiheit bei Erziehungsma\u00dfnahmen zu. P\u00e4dagogen und P\u00e4dagoginnen sollen <strong>im Einzelfall entscheiden<\/strong>, welche Methoden und Sanktionen sie f\u00fcr angemessen halten. Rechtliche Grundlagen finden sich f\u00fcr baden-w\u00fcrttembergische Lehrer vor allem im <a href=\"#linksammlung\" target=\"_blank\" rel=\"noopener\">Schulgesetz<\/a> und der Verordnung \u00fcber die Notenbildung. So d\u00fcrfen Lehrkr\u00e4fte bis zu zwei Stunden Nachsitzen verh\u00e4ngen, Schulleiter:innen haben hingegen weiter gefasste Rechte und k\u00f6nnen Sch\u00fcler:innen in eine Parallelklasse versetzen.<\/p><\/div>\n\t\t\t\t<\/div>\n\t\t\t\t\t\t\t<div class=\"elementor-toggle-item\">\n\t\t\t\t\t<h3 id=\"elementor-tab-title-1262\" class=\"elementor-tab-title\" data-tab=\"2\" role=\"button\" aria-controls=\"elementor-tab-content-1262\" aria-expanded=\"false\">\n\t\t\t\t\t\t\t\t\t\t\t\t<span class=\"elementor-toggle-icon elementor-toggle-icon-right\" aria-hidden=\"true\">\n\t\t\t\t\t\t\t\t\t\t\t\t\t\t\t<span class=\"elementor-toggle-icon-closed\"><i class=\"icon icon-down-open\"><\/i><\/span>\n\t\t\t\t\t\t\t\t<span class=\"elementor-toggle-icon-opened\"><i class=\"elementor-toggle-icon-opened icon icon-up-open\"><\/i><\/span>\n\t\t\t\t\t\t\t\t\t\t\t\t\t<\/span>\n\t\t\t\t\t\t\t\t\t\t\t\t<a class=\"elementor-toggle-title\" tabindex=\"0\">Bayern<\/a>\n\t\t\t\t\t<\/h3>\n\n\t\t\t\t\t<div id=\"elementor-tab-content-1262\" class=\"elementor-tab-content elementor-clearfix\" data-tab=\"2\" role=\"region\" aria-labelledby=\"elementor-tab-title-1262\"><p>Das bayerische <a href=\"#linksammlung\" target=\"_blank\" rel=\"noopener\">Schulgesetz <\/a>definiert Ordnungsma\u00dfnahmen, zu denen unter anderem schriftliche Verweise und Versetzungen in eine Parallelklasse geh\u00f6ren. Festgelegt ist jedoch nicht, welche Strafen bei welchem Fehlverhalten verh\u00e4ngt werden sollen. Eine Besonderheit findet sich in \u00a7 56 BayEUG: Demnach m\u00fcssen Sch\u00fcler:innen auf dem Schulgel\u00e4nde ihr <strong>Handy ausschalten<\/strong> und d\u00fcrfen es nur bei ausdr\u00fccklicher Erlaubnis durch eine Lehrkraft benutzen.<\/p><\/div>\n\t\t\t\t<\/div>\n\t\t\t\t\t\t\t<div class=\"elementor-toggle-item\">\n\t\t\t\t\t<h3 id=\"elementor-tab-title-1263\" class=\"elementor-tab-title\" data-tab=\"3\" role=\"button\" aria-controls=\"elementor-tab-content-1263\" aria-expanded=\"false\">\n\t\t\t\t\t\t\t\t\t\t\t\t<span class=\"elementor-toggle-icon elementor-toggle-icon-right\" aria-hidden=\"true\">\n\t\t\t\t\t\t\t\t\t\t\t\t\t\t\t<span class=\"elementor-toggle-icon-closed\"><i class=\"icon icon-down-open\"><\/i><\/span>\n\t\t\t\t\t\t\t\t<span class=\"elementor-toggle-icon-opened\"><i class=\"elementor-toggle-icon-opened icon icon-up-open\"><\/i><\/span>\n\t\t\t\t\t\t\t\t\t\t\t\t\t<\/span>\n\t\t\t\t\t\t\t\t\t\t\t\t<a class=\"elementor-toggle-title\" tabindex=\"0\">Berlin<\/a>\n\t\t\t\t\t<\/h3>\n\n\t\t\t\t\t<div id=\"elementor-tab-content-1263\" class=\"elementor-tab-content elementor-clearfix\" data-tab=\"3\" role=\"region\" aria-labelledby=\"elementor-tab-title-1263\"><p>Ordnungsma\u00dfnahmen k\u00f6nnen im Sinne des <a href=\"#linksammlung\" target=\"_blank\" rel=\"noopener\">Berliner Schulgesetzes<\/a> angewendet werden, wenn die Erziehungsma\u00dfnahmen nach \u00a762 des Schulgesetzes f\u00fcr das Land Berlin nicht zu einer Konfliktl\u00f6sung gef\u00fchrt haben. Zu Ordnungsma\u00dfnahmen z\u00e4hlen unter anderem schriftliche Verweise und der <strong>Unterrichtsausschluss<\/strong> f\u00fcr bis zu zehn Tage. Allerdings m\u00fcssen der Sch\u00fcler\/ die Sch\u00fclerin und die Erziehungsberechtigten vor der Entscheidung \u00fcber eine Ordnungsma\u00dfnahme angeh\u00f6rt werden.<\/p><\/div>\n\t\t\t\t<\/div>\n\t\t\t\t\t\t\t<div class=\"elementor-toggle-item\">\n\t\t\t\t\t<h3 id=\"elementor-tab-title-1264\" class=\"elementor-tab-title\" data-tab=\"4\" role=\"button\" aria-controls=\"elementor-tab-content-1264\" aria-expanded=\"false\">\n\t\t\t\t\t\t\t\t\t\t\t\t<span class=\"elementor-toggle-icon elementor-toggle-icon-right\" aria-hidden=\"true\">\n\t\t\t\t\t\t\t\t\t\t\t\t\t\t\t<span class=\"elementor-toggle-icon-closed\"><i class=\"icon icon-down-open\"><\/i><\/span>\n\t\t\t\t\t\t\t\t<span class=\"elementor-toggle-icon-opened\"><i class=\"elementor-toggle-icon-opened icon icon-up-open\"><\/i><\/span>\n\t\t\t\t\t\t\t\t\t\t\t\t\t<\/span>\n\t\t\t\t\t\t\t\t\t\t\t\t<a class=\"elementor-toggle-title\" tabindex=\"0\">Brandenburg<\/a>\n\t\t\t\t\t<\/h3>\n\n\t\t\t\t\t<div id=\"elementor-tab-content-1264\" class=\"elementor-tab-content elementor-clearfix\" data-tab=\"4\" role=\"region\" aria-labelledby=\"elementor-tab-title-1264\"><p>Laut dem <a href=\"#linksammlung\" target=\"_blank\" rel=\"noopener\">brandenburgischen Schulgesetz<\/a> m\u00fcssen Strafma\u00dfnahmen immer einem p\u00e4dagogischen Zweck dienen. \u00a7\u00a7 63 und 64 des Brandenburgischen Schulgesetzes f\u00fchren m\u00f6gliche <strong>Ordnungsma\u00dfnahmen<\/strong> auf, zu denen unter anderem der Ausschluss vom Unterricht f\u00fcr maximal drei Tage geh\u00f6ren. Weitere Ausf\u00fchrungen dazu finden sich in der <a href=\"#linksammlung\" target=\"_blank\" rel=\"noopener\">Verordnung \u00fcber Konfliktschlichtung, Erziehungs- und Ordnungsma\u00dfnahmen<\/a>.<\/p><\/div>\n\t\t\t\t<\/div>\n\t\t\t\t\t\t\t<div class=\"elementor-toggle-item\">\n\t\t\t\t\t<h3 id=\"elementor-tab-title-1265\" class=\"elementor-tab-title\" data-tab=\"5\" role=\"button\" aria-controls=\"elementor-tab-content-1265\" aria-expanded=\"false\">\n\t\t\t\t\t\t\t\t\t\t\t\t<span class=\"elementor-toggle-icon elementor-toggle-icon-right\" aria-hidden=\"true\">\n\t\t\t\t\t\t\t\t\t\t\t\t\t\t\t<span class=\"elementor-toggle-icon-closed\"><i class=\"icon icon-down-open\"><\/i><\/span>\n\t\t\t\t\t\t\t\t<span class=\"elementor-toggle-icon-opened\"><i class=\"elementor-toggle-icon-opened icon icon-up-open\"><\/i><\/span>\n\t\t\t\t\t\t\t\t\t\t\t\t\t<\/span>\n\t\t\t\t\t\t\t\t\t\t\t\t<a class=\"elementor-toggle-title\" tabindex=\"0\">Bremen<\/a>\n\t\t\t\t\t<\/h3>\n\n\t\t\t\t\t<div id=\"elementor-tab-content-1265\" class=\"elementor-tab-content elementor-clearfix\" data-tab=\"5\" role=\"region\" aria-labelledby=\"elementor-tab-title-1265\"><p>Erziehungs- und Ordnungsma\u00dfnahmen werden in \u00a7\u00a7 46 und 47 des <a href=\"https:\/\/www.bildung.bremen.de\/sixcms\/media.php\/13\/schulgesetze.pdf\" target=\"_blank\" rel=\"noopener\"><i class=\"svg-icon-doc\"><\/i>Bremischen Schulgesetzes<\/a> definiert. So k\u00f6nnen Sch\u00fcler:innen unter anderem von Klassen- und Schulveranstaltungen ausgeschlossen werden. Wie auch bei den anderen Schulgesetzen werden keine Rechtsvorschriften im Sinne einer \u201eWenn-Dann\u201c-Folge definiert. Geregelt ist allerdings in \u00a740 BremSchulG, dass eine Pr\u00fcfung als nicht bestanden gilt, wenn Sch\u00fcler:innen <strong>beim T\u00e4uschungsversuch erwischt<\/strong> werden.<\/p><\/div>\n\t\t\t\t<\/div>\n\t\t\t\t\t\t\t<div class=\"elementor-toggle-item\">\n\t\t\t\t\t<h3 id=\"elementor-tab-title-1266\" class=\"elementor-tab-title\" data-tab=\"6\" role=\"button\" aria-controls=\"elementor-tab-content-1266\" aria-expanded=\"false\">\n\t\t\t\t\t\t\t\t\t\t\t\t<span class=\"elementor-toggle-icon elementor-toggle-icon-right\" aria-hidden=\"true\">\n\t\t\t\t\t\t\t\t\t\t\t\t\t\t\t<span class=\"elementor-toggle-icon-closed\"><i class=\"icon icon-down-open\"><\/i><\/span>\n\t\t\t\t\t\t\t\t<span class=\"elementor-toggle-icon-opened\"><i class=\"elementor-toggle-icon-opened icon icon-up-open\"><\/i><\/span>\n\t\t\t\t\t\t\t\t\t\t\t\t\t<\/span>\n\t\t\t\t\t\t\t\t\t\t\t\t<a class=\"elementor-toggle-title\" tabindex=\"0\">Hamburg<\/a>\n\t\t\t\t\t<\/h3>\n\n\t\t\t\t\t<div id=\"elementor-tab-content-1266\" class=\"elementor-tab-content elementor-clearfix\" data-tab=\"6\" role=\"region\" aria-labelledby=\"elementor-tab-title-1266\"><p>Das <a class=\"broken_link\" href=\"#linksammlung\" target=\"_blank\" rel=\"noopener\">Hamburger Schulgesetz<\/a> differenziert bei Ordnungs- und Erziehungsma\u00dfnahmen nach <strong>Schulform<\/strong>: Grundsch\u00fcler:innen k\u00f6nnen zum Beispiel in eine andere Klasse oder sogar an eine andere Schule in der Umgebung versetzt werden, Sch\u00fcler:innen der Sekundarstufen I und II drohen unter anderem der Ausschluss von einer Klassenfahrt und vom Unterricht.<\/p><\/div>\n\t\t\t\t<\/div>\n\t\t\t\t\t\t\t<div class=\"elementor-toggle-item\">\n\t\t\t\t\t<h3 id=\"elementor-tab-title-1267\" class=\"elementor-tab-title\" data-tab=\"7\" role=\"button\" aria-controls=\"elementor-tab-content-1267\" aria-expanded=\"false\">\n\t\t\t\t\t\t\t\t\t\t\t\t<span class=\"elementor-toggle-icon elementor-toggle-icon-right\" aria-hidden=\"true\">\n\t\t\t\t\t\t\t\t\t\t\t\t\t\t\t<span class=\"elementor-toggle-icon-closed\"><i class=\"icon icon-down-open\"><\/i><\/span>\n\t\t\t\t\t\t\t\t<span class=\"elementor-toggle-icon-opened\"><i class=\"elementor-toggle-icon-opened icon icon-up-open\"><\/i><\/span>\n\t\t\t\t\t\t\t\t\t\t\t\t\t<\/span>\n\t\t\t\t\t\t\t\t\t\t\t\t<a class=\"elementor-toggle-title\" tabindex=\"0\">Hessen<\/a>\n\t\t\t\t\t<\/h3>\n\n\t\t\t\t\t<div id=\"elementor-tab-content-1267\" class=\"elementor-tab-content elementor-clearfix\" data-tab=\"7\" role=\"region\" aria-labelledby=\"elementor-tab-title-1267\"><p>Bis zu zwei Wochen k\u00f6nnen Sch\u00fcler:innen nach dem <i class=\"svg-icon-doc\"><\/i><a class=\"broken_link\" href=\"#linksammlung\" target=\"_blank\" rel=\"noopener\">Hessischen Schulgesetz<\/a>\u00a0vom Unterricht ausgeschlossen werden. Neben den in \u00a782 des festgehaltenen Bestimmungen\u00a0zu Ordnungsma\u00dfnahmen regelt \u00a764 der <a href=\"#linksammlung\" target=\"_blank\" rel=\"noopener\">Verordnung zur Gestaltung des Schulverh\u00e4ltnisses <\/a>(VOGSV), dass Lehrer:innen <strong>Gegenst\u00e4nde vor\u00fcbergehend konfiszieren<\/strong> d\u00fcrfen, diese aber in der Regel am Ende des Schultages zur\u00fcckgeben m\u00fcssen.<\/p><\/div>\n\t\t\t\t<\/div>\n\t\t\t\t\t\t\t<div class=\"elementor-toggle-item\">\n\t\t\t\t\t<h3 id=\"elementor-tab-title-1268\" class=\"elementor-tab-title\" data-tab=\"8\" role=\"button\" aria-controls=\"elementor-tab-content-1268\" aria-expanded=\"false\">\n\t\t\t\t\t\t\t\t\t\t\t\t<span class=\"elementor-toggle-icon elementor-toggle-icon-right\" aria-hidden=\"true\">\n\t\t\t\t\t\t\t\t\t\t\t\t\t\t\t<span class=\"elementor-toggle-icon-closed\"><i class=\"icon icon-down-open\"><\/i><\/span>\n\t\t\t\t\t\t\t\t<span class=\"elementor-toggle-icon-opened\"><i class=\"elementor-toggle-icon-opened icon icon-up-open\"><\/i><\/span>\n\t\t\t\t\t\t\t\t\t\t\t\t\t<\/span>\n\t\t\t\t\t\t\t\t\t\t\t\t<a class=\"elementor-toggle-title\" tabindex=\"0\">Mecklenburg-Vorpommern<\/a>\n\t\t\t\t\t<\/h3>\n\n\t\t\t\t\t<div id=\"elementor-tab-content-1268\" class=\"elementor-tab-content elementor-clearfix\" data-tab=\"8\" role=\"region\" aria-labelledby=\"elementor-tab-title-1268\"><p>\u00c4hnlich wie in den anderen Bundesl\u00e4ndern gibt es im <a href=\"#linksammlung\" target=\"_blank\" rel=\"noopener\">Schulgesetz Mecklenburg-Vorpommerns<\/a> <strong>keinen abschlie\u00dfenden Ma\u00dfnahmenkatalog<\/strong>. P\u00e4dagogen und P\u00e4dagoginnen haben somit die Freiheit, situationsbedingt \u00fcber Strafen zu entscheiden. Ordnungsma\u00dfnahmen d\u00fcrfen allerdings verh\u00e4ngt werden, wenn Sch\u00fcler:innen erheblich den Unterrichts- oder Schulbetrieb st\u00f6ren, Sachsch\u00e4den verursachen oder wenn sie Personen und Sachen gef\u00e4hrden.<\/p><\/div>\n\t\t\t\t<\/div>\n\t\t\t\t\t\t\t<div class=\"elementor-toggle-item\">\n\t\t\t\t\t<h3 id=\"elementor-tab-title-1269\" class=\"elementor-tab-title\" data-tab=\"9\" role=\"button\" aria-controls=\"elementor-tab-content-1269\" aria-expanded=\"false\">\n\t\t\t\t\t\t\t\t\t\t\t\t<span class=\"elementor-toggle-icon elementor-toggle-icon-right\" aria-hidden=\"true\">\n\t\t\t\t\t\t\t\t\t\t\t\t\t\t\t<span class=\"elementor-toggle-icon-closed\"><i class=\"icon icon-down-open\"><\/i><\/span>\n\t\t\t\t\t\t\t\t<span class=\"elementor-toggle-icon-opened\"><i class=\"elementor-toggle-icon-opened icon icon-up-open\"><\/i><\/span>\n\t\t\t\t\t\t\t\t\t\t\t\t\t<\/span>\n\t\t\t\t\t\t\t\t\t\t\t\t<a class=\"elementor-toggle-title\" tabindex=\"0\">Niedersachsen<\/a>\n\t\t\t\t\t<\/h3>\n\n\t\t\t\t\t<div id=\"elementor-tab-content-1269\" class=\"elementor-tab-content elementor-clearfix\" data-tab=\"9\" role=\"region\" aria-labelledby=\"elementor-tab-title-1269\"><p>In <a href=\"#linksammlung\" target=\"_blank\" rel=\"noopener\">Niedersachsen<\/a> werden Ordnungsma\u00dfnahmen von der <strong>Klassenkonferenz<\/strong> beschlossen. Dazu z\u00e4hlen unter anderem die Versetzung in eine Parallelklasse, die Androhung und der Ausschluss vom Unterricht f\u00fcr drei Monate und der Verweis von allen Schulen nach Beendung der Schulpflicht. Gr\u00f6\u00dfere Freiheit haben Lehrkr\u00e4fte und Schulen hingegen bei der Wahl von Erziehungsmitteln.<\/p><\/div>\n\t\t\t\t<\/div>\n\t\t\t\t\t\t\t<div class=\"elementor-toggle-item\">\n\t\t\t\t\t<h3 id=\"elementor-tab-title-12610\" class=\"elementor-tab-title\" data-tab=\"10\" role=\"button\" aria-controls=\"elementor-tab-content-12610\" aria-expanded=\"false\">\n\t\t\t\t\t\t\t\t\t\t\t\t<span class=\"elementor-toggle-icon elementor-toggle-icon-right\" aria-hidden=\"true\">\n\t\t\t\t\t\t\t\t\t\t\t\t\t\t\t<span class=\"elementor-toggle-icon-closed\"><i class=\"icon icon-down-open\"><\/i><\/span>\n\t\t\t\t\t\t\t\t<span class=\"elementor-toggle-icon-opened\"><i class=\"elementor-toggle-icon-opened icon icon-up-open\"><\/i><\/span>\n\t\t\t\t\t\t\t\t\t\t\t\t\t<\/span>\n\t\t\t\t\t\t\t\t\t\t\t\t<a class=\"elementor-toggle-title\" tabindex=\"0\">Nordrhein-Westfalen<\/a>\n\t\t\t\t\t<\/h3>\n\n\t\t\t\t\t<div id=\"elementor-tab-content-12610\" class=\"elementor-tab-content elementor-clearfix\" data-tab=\"10\" role=\"region\" aria-labelledby=\"elementor-tab-title-12610\"><p>In Nordrhein-Westfalen ist in \u00a753 des <i class=\"svg-icon-doc\"><\/i><strong><a class=\"broken_link\" href=\"#linksammlung\" target=\"_blank\" rel=\"noopener\">Schulgesetzes <\/a><\/strong>geregelt, welche Ordnungsma\u00dfnahmen vom Schulleiter oder der Schulleiterin verh\u00e4ngt werden m\u00fcssen und in welchen F\u00e4llen eine Teilkonferenz der Lehrerkonferenz zust\u00e4ndig ist. In jedem Fall m\u00fcssen Ordnungsma\u00dfnahmen den Eltern minderj\u00e4hriger Sch\u00fcler:innen mitgeteilt werden.<\/p><\/div>\n\t\t\t\t<\/div>\n\t\t\t\t\t\t\t<div class=\"elementor-toggle-item\">\n\t\t\t\t\t<h3 id=\"elementor-tab-title-12611\" class=\"elementor-tab-title\" data-tab=\"11\" role=\"button\" aria-controls=\"elementor-tab-content-12611\" aria-expanded=\"false\">\n\t\t\t\t\t\t\t\t\t\t\t\t<span class=\"elementor-toggle-icon elementor-toggle-icon-right\" aria-hidden=\"true\">\n\t\t\t\t\t\t\t\t\t\t\t\t\t\t\t<span class=\"elementor-toggle-icon-closed\"><i class=\"icon icon-down-open\"><\/i><\/span>\n\t\t\t\t\t\t\t\t<span class=\"elementor-toggle-icon-opened\"><i class=\"elementor-toggle-icon-opened icon icon-up-open\"><\/i><\/span>\n\t\t\t\t\t\t\t\t\t\t\t\t\t<\/span>\n\t\t\t\t\t\t\t\t\t\t\t\t<a class=\"elementor-toggle-title\" tabindex=\"0\">Rheinland-Pfalz<\/a>\n\t\t\t\t\t<\/h3>\n\n\t\t\t\t\t<div id=\"elementor-tab-content-12611\" class=\"elementor-tab-content elementor-clearfix\" data-tab=\"11\" role=\"region\" aria-labelledby=\"elementor-tab-title-12611\"><p>In <i class=\"svg-icon-doc\"><\/i><a href=\"#linksammlung\" target=\"_blank\" rel=\"noopener\">Rheinland-Pfalz<\/a> entscheiden die Schulen in ihren <strong>Hausordnungen<\/strong>, welche Ordnungsma\u00dfnahmen gegen Sch\u00fcler:innen verh\u00e4ngt werden d\u00fcrfen. Laut \u00a753 des Schulgesetzes sind k\u00f6rperliche, seelische und entw\u00fcrdigende Ma\u00dfnahmen sowie Kollektivstrafen kategorisch verboten.<\/p><\/div>\n\t\t\t\t<\/div>\n\t\t\t\t\t\t\t<div class=\"elementor-toggle-item\">\n\t\t\t\t\t<h3 id=\"elementor-tab-title-12612\" class=\"elementor-tab-title\" data-tab=\"12\" role=\"button\" aria-controls=\"elementor-tab-content-12612\" aria-expanded=\"false\">\n\t\t\t\t\t\t\t\t\t\t\t\t<span class=\"elementor-toggle-icon elementor-toggle-icon-right\" aria-hidden=\"true\">\n\t\t\t\t\t\t\t\t\t\t\t\t\t\t\t<span class=\"elementor-toggle-icon-closed\"><i class=\"icon icon-down-open\"><\/i><\/span>\n\t\t\t\t\t\t\t\t<span class=\"elementor-toggle-icon-opened\"><i class=\"elementor-toggle-icon-opened icon icon-up-open\"><\/i><\/span>\n\t\t\t\t\t\t\t\t\t\t\t\t\t<\/span>\n\t\t\t\t\t\t\t\t\t\t\t\t<a class=\"elementor-toggle-title\" tabindex=\"0\">Saarland<\/a>\n\t\t\t\t\t<\/h3>\n\n\t\t\t\t\t<div id=\"elementor-tab-content-12612\" class=\"elementor-tab-content elementor-clearfix\" data-tab=\"12\" role=\"region\" aria-labelledby=\"elementor-tab-title-12612\"><p>In Saarland ist Lehrkr\u00e4ften laut der <a href=\"#linksammlung\" target=\"_blank\" rel=\"noopener\">Allgemeinen Schulordnung <\/a>selbst \u00fcberlassen, welche Erziehungsma\u00dfnahmen sie gegen\u00fcber Sch\u00fcler:innen ergreifen. Das <strong><a href=\"#linksammlung\" target=\"_blank\" rel=\"noopener\">Schulordnungsgesetz (SchoG)<\/a><\/strong> regelt in \u00a732 au\u00dferdem, welche Ordnungsma\u00dfnahmen von Lehrkr\u00e4ften, Schulleiter:innen und den Konferenzen und der Schulaufsichtsbeh\u00f6rde beschlossen werden k\u00f6nnen.<\/p><\/div>\n\t\t\t\t<\/div>\n\t\t\t\t\t\t\t<div class=\"elementor-toggle-item\">\n\t\t\t\t\t<h3 id=\"elementor-tab-title-12613\" class=\"elementor-tab-title\" data-tab=\"13\" role=\"button\" aria-controls=\"elementor-tab-content-12613\" aria-expanded=\"false\">\n\t\t\t\t\t\t\t\t\t\t\t\t<span class=\"elementor-toggle-icon elementor-toggle-icon-right\" aria-hidden=\"true\">\n\t\t\t\t\t\t\t\t\t\t\t\t\t\t\t<span class=\"elementor-toggle-icon-closed\"><i class=\"icon icon-down-open\"><\/i><\/span>\n\t\t\t\t\t\t\t\t<span class=\"elementor-toggle-icon-opened\"><i class=\"elementor-toggle-icon-opened icon icon-up-open\"><\/i><\/span>\n\t\t\t\t\t\t\t\t\t\t\t\t\t<\/span>\n\t\t\t\t\t\t\t\t\t\t\t\t<a class=\"elementor-toggle-title\" tabindex=\"0\">Sachsen<\/a>\n\t\t\t\t\t<\/h3>\n\n\t\t\t\t\t<div id=\"elementor-tab-content-12613\" class=\"elementor-tab-content elementor-clearfix\" data-tab=\"13\" role=\"region\" aria-labelledby=\"elementor-tab-title-12613\"><p>In <strong>\u00a739 des <a href=\"#linksammlung\" target=\"_blank\" rel=\"noopener\">s\u00e4chsischen Schulgesetzes<\/a><\/strong> sind abschlie\u00dfend Ordnungsma\u00dfnahmen aufgef\u00fchrt, die gegen Sch\u00fcler:innen verh\u00e4ngt werden k\u00f6nnen, falls Erziehungsma\u00dfnahmen nicht ausreichend sind. Diese werden in der Primar- und Sekundarstufe I von der Klassenlehrkraft oder der Schulleitung, in der Sekundarstufe II nur von der Schulleitung beschlossen.<\/p><\/div>\n\t\t\t\t<\/div>\n\t\t\t\t\t\t\t<div class=\"elementor-toggle-item\">\n\t\t\t\t\t<h3 id=\"elementor-tab-title-12614\" class=\"elementor-tab-title\" data-tab=\"14\" role=\"button\" aria-controls=\"elementor-tab-content-12614\" aria-expanded=\"false\">\n\t\t\t\t\t\t\t\t\t\t\t\t<span class=\"elementor-toggle-icon elementor-toggle-icon-right\" aria-hidden=\"true\">\n\t\t\t\t\t\t\t\t\t\t\t\t\t\t\t<span class=\"elementor-toggle-icon-closed\"><i class=\"icon icon-down-open\"><\/i><\/span>\n\t\t\t\t\t\t\t\t<span class=\"elementor-toggle-icon-opened\"><i class=\"elementor-toggle-icon-opened icon icon-up-open\"><\/i><\/span>\n\t\t\t\t\t\t\t\t\t\t\t\t\t<\/span>\n\t\t\t\t\t\t\t\t\t\t\t\t<a class=\"elementor-toggle-title\" tabindex=\"0\">Sachsen-Anhalt<\/a>\n\t\t\t\t\t<\/h3>\n\n\t\t\t\t\t<div id=\"elementor-tab-content-12614\" class=\"elementor-tab-content elementor-clearfix\" data-tab=\"14\" role=\"region\" aria-labelledby=\"elementor-tab-title-12614\"><p>Ordnungsma\u00dfnahmen werden in <a href=\"#linksammlung\" target=\"_blank\" rel=\"noopener\">Sachsen-Anhalt<\/a> beschlossen, wenn Sch\u00fclerinnen oder Sch\u00fcler gegen eine Rechtsordnung bzw. die Schulordnung versto\u00dfen oder wenn sie Anordnungen der Schulleitung oder der Lehrkraft nicht befolgen. N\u00e4here <strong>Bestimmungen sind in \u00a744<\/strong> zu finden.<\/p><\/div>\n\t\t\t\t<\/div>\n\t\t\t\t\t\t\t<div class=\"elementor-toggle-item\">\n\t\t\t\t\t<h3 id=\"elementor-tab-title-12615\" class=\"elementor-tab-title\" data-tab=\"15\" role=\"button\" aria-controls=\"elementor-tab-content-12615\" aria-expanded=\"false\">\n\t\t\t\t\t\t\t\t\t\t\t\t<span class=\"elementor-toggle-icon elementor-toggle-icon-right\" aria-hidden=\"true\">\n\t\t\t\t\t\t\t\t\t\t\t\t\t\t\t<span class=\"elementor-toggle-icon-closed\"><i class=\"icon icon-down-open\"><\/i><\/span>\n\t\t\t\t\t\t\t\t<span class=\"elementor-toggle-icon-opened\"><i class=\"elementor-toggle-icon-opened icon icon-up-open\"><\/i><\/span>\n\t\t\t\t\t\t\t\t\t\t\t\t\t<\/span>\n\t\t\t\t\t\t\t\t\t\t\t\t<a class=\"elementor-toggle-title\" tabindex=\"0\">Schleswig-Holstein<\/a>\n\t\t\t\t\t<\/h3>\n\n\t\t\t\t\t<div id=\"elementor-tab-content-12615\" class=\"elementor-tab-content elementor-clearfix\" data-tab=\"15\" role=\"region\" aria-labelledby=\"elementor-tab-title-12615\"><p>Ma\u00dfnahmen bei Erziehungskonflikten werden im <a href=\"#linksammlung\" target=\"_blank\" rel=\"noopener\">Schulgesetz <\/a>beispielhaft aufgef\u00fchrt. Sind diese nicht ausreichend, d\u00fcrfen <strong>Ordnungsma\u00dfnahmen laut \u00a725<\/strong> angewendet werden. Zuvor m\u00fcssen allerdings betroffene Sch\u00fcler:innen und, im Falle von Minderj\u00e4hrigen, die Eltern angeh\u00f6rt werden.<\/p><\/div>\n\t\t\t\t<\/div>\n\t\t\t\t\t\t\t<div class=\"elementor-toggle-item\">\n\t\t\t\t\t<h3 id=\"elementor-tab-title-12616\" class=\"elementor-tab-title\" data-tab=\"16\" role=\"button\" aria-controls=\"elementor-tab-content-12616\" aria-expanded=\"false\">\n\t\t\t\t\t\t\t\t\t\t\t\t<span class=\"elementor-toggle-icon elementor-toggle-icon-right\" aria-hidden=\"true\">\n\t\t\t\t\t\t\t\t\t\t\t\t\t\t\t<span class=\"elementor-toggle-icon-closed\"><i class=\"icon icon-down-open\"><\/i><\/span>\n\t\t\t\t\t\t\t\t<span class=\"elementor-toggle-icon-opened\"><i class=\"elementor-toggle-icon-opened icon icon-up-open\"><\/i><\/span>\n\t\t\t\t\t\t\t\t\t\t\t\t\t<\/span>\n\t\t\t\t\t\t\t\t\t\t\t\t<a class=\"elementor-toggle-title\" tabindex=\"0\">Th\u00fcringen<\/a>\n\t\t\t\t\t<\/h3>\n\n\t\t\t\t\t<div id=\"elementor-tab-content-12616\" class=\"elementor-tab-content elementor-clearfix\" data-tab=\"16\" role=\"region\" aria-labelledby=\"elementor-tab-title-12616\"><p>In <i class=\"svg-icon-doc\"><\/i><a class=\"broken_link\" href=\"#linksammlung\" target=\"_blank\" rel=\"noopener\">Th\u00fcringen<\/a> darf auch Fehlverhalten von Sch\u00fcler:innen <strong>au\u00dferhalb der Schule<\/strong> bestraft werden. Typische Beispiele sind Streitigkeiten auf dem Schulweg wie im Bus. Ordnungsma\u00dfnahmen werden in \u00a751 festgelegt.<\/p><\/div>\n\t\t\t\t<\/div>\n\t\t\t\t\t\t\t\t<\/div>\n\t\t\t\t\t\t<\/div>\n\t\t\t\t<\/div>\n\t\t\t\t<div class=\"elementor-element elementor-element-72aa55a elementor-widget elementor-widget-text-editor\" data-id=\"72aa55a\" data-element_type=\"widget\" data-widget_type=\"text-editor.default\">\n\t\t\t\t<div class=\"elementor-widget-container\">\n\t\t\t\t\t\t\t\t\t<h2>D\u00fcrfen Lehrkr\u00e4fte Sch\u00fcler:innen von einer Klassenfahrt ausschlie\u00dfen?<\/h2><p>Grunds\u00e4tzlich ja, allerdings nur in Ausnahmef\u00e4llen. Klassenfahrten gelten als normaler <strong>Bestandteil des Unterrichts<\/strong>, an dem jede:r Sch\u00fcler:in teilhaben darf und soll. Schlie\u00dflich geht von <strong>Klassenfahrten eine p\u00e4dagogische Wirkung<\/strong> aus, die alle Sch\u00fcler:innen im Idealfall st\u00e4rkt und f\u00f6rdert. Allerdings kann der Ausschluss von einer Klassenfahrt in Einzelf\u00e4llen als Ordnungsma\u00dfnahme angewendet werden, zum Beispiel wenn ein:e Sch\u00fcler:in wiederholt als gewaltt\u00e4tig aufgefallen ist. Um den Teamgeist noch weiter zu st\u00e4rken bietet sich hier eine &#8222;<a href=\"https:\/\/www.herole.de\/klassenfahrten-sport-erlebnis\/ruegen-sport-und-erlebnis\">Sport-und Erlebnis&#8220; Klassenfahrt nach R\u00fcgen<\/a> an. Dort werden mit verschiedenen Aktivit\u00e4ten der Zusammenhalt gest\u00e4rkt und Probleme bew\u00e4ltigt.<\/p>\t\t\t\t\t\t\t\t<\/div>\n\t\t\t\t<\/div>\n\t\t\t\t<div class=\"elementor-element elementor-element-112b44c elementor-cta--valign-top lines lines-1 elementor-cta--skin-classic elementor-animated-content elementor-bg-transform elementor-bg-transform-zoom-in elementor-widget elementor-widget-call-to-action\" data-id=\"112b44c\" data-element_type=\"widget\" data-widget_type=\"call-to-action.default\">\n\t\t\t\t<div class=\"elementor-widget-container\">\n\t\t\t\t\t\t\t<div class=\"elementor-cta\">\n\t\t\t\t\t\t\t<div class=\"elementor-cta__content\">\n\t\t\t\t\n\t\t\t\t\t\t\t\t\t<h2 class=\"elementor-cta__title elementor-cta__content-item elementor-content-item\">\n\t\t\t\t\t\tLesetipp\t\t\t\t\t<\/h2>\n\t\t\t\t\n\t\t\t\t\t\t\t\t\t<div class=\"elementor-cta__description elementor-cta__content-item elementor-content-item\">\n\t\t\t\t\t\tAusf\u00fchrliche Erkl\u00e4rungen rund zum das Thema Ausschluss und vorzeitige Heimreise von einer Klassenfahrt haben wir in diesem Blogbeitrag zusammengestellt.\t\t\t\t\t<\/div>\n\t\t\t\t\n\t\t\t\t\t\t\t\t\t<div class=\"elementor-cta__button-wrapper elementor-cta__content-item elementor-content-item \">\n\t\t\t\t\t<a class=\"elementor-cta__button elementor-button elementor-size-\" href=\"https:\/\/www.herole.de\/blog\/ausschluss-von-klassenfahrten\/\">\n\t\t\t\t\t\tJetzt mehr erfahren\t\t\t\t\t<\/a>\n\t\t\t\t\t<\/div>\n\t\t\t\t\t\t\t<\/div>\n\t\t\t\t\t\t<\/div>\n\t\t\t\t\t\t<\/div>\n\t\t\t\t<\/div>\n\t\t\t\t<div class=\"elementor-element elementor-element-535075e0 elementor-widget elementor-widget-menu-anchor\" data-id=\"535075e0\" data-element_type=\"widget\" data-widget_type=\"menu-anchor.default\">\n\t\t\t\t<div class=\"elementor-widget-container\">\n\t\t\t\t\t\t\t<div class=\"elementor-menu-anchor\" id=\"linksammlung\"><\/div>\n\t\t\t\t\t\t<\/div>\n\t\t\t\t<\/div>\n\t\t\t\t<div class=\"elementor-element elementor-element-73fb0838 elementor-widget elementor-widget-text-editor\" data-id=\"73fb0838\" data-element_type=\"widget\" data-widget_type=\"text-editor.default\">\n\t\t\t\t<div class=\"elementor-widget-container\">\n\t\t\t\t\t\t\t\t\t<h2>Linksammlung<\/h2><ul><li>S\u00fcdkurier: <a href=\"https:\/\/www.suedkurier.de\/region\/bodenseekreis\/ueberlingen\/Richter-spricht-Lehrer-nach-Gerangel-mit-Schueler-frei;art372495,9682897\">Richter spricht Lehrer nach Gerangel mit Sch\u00fcler frei<\/a><\/li><li>Openjur: <a href=\"https:\/\/openjur.de\/u\/281524.html\">Urteil LG Berlin, Beschluss vom 18.12.2009 &#8211; 518 Qs 60\/09<\/a><\/li><li>Badische Zeitung: <a href=\"https:\/\/www.badische-zeitung.de\/teurer-griff-ins-genick--13097752.html\">Teurer Griff ins Genick<\/a><\/li><li>dejur.org: <a href=\"https:\/\/dejure.org\/gesetze\/StGB\/171.html\">\u00a7171 StGB<\/a><\/li><li>dejur.org: <a href=\"https:\/\/dejure.org\/gesetze\/StGB\/223.html\">\u00a7223 StGB<\/a><\/li><li>TZ M\u00fcnchen: <a href=\"https:\/\/www.tz.de\/muenchen\/stadt\/ramersdorf-perlach-ort43348\/lehrer-hindert-schueler-am-austreten-mutter-auf-barrikaden-zr-9378409.html\">Bub darf nicht aufs Klo und n\u00e4sst sich ein<\/a><\/li><li>Spiegel: <a href=\"https:\/\/www.spiegel.de\/lebenundlernen\/schule\/neuss-lehrer-freigesprochen-keine-freiheitsberaubung-a-1135165.html\">Keine Freiheitsberaubung &#8211; Lehrer freigesprochen<\/a><\/li><li>MVG Verlag: Buch &#8211; <a href=\"https:\/\/www.m-vg.de\/mvg\/shop\/article\/13051-nein-du-gehst-jetzt-nicht-aufs-klo-was-lehrer-duerfen\/\">&#8222;Nein, du gehst jetzt nicht aufs Klo &#8211; was Lehrer d\u00fcrfen&#8220;<\/a><\/li><li>\u00a0Schulgesetze:<ul><li><a href=\"http:\/\/www.landesrecht-bw.de\/jportal\/portal\/t\/b45\/page\/bsbawueprod.psml\/action\/portlets.jw.MainAction?p1=1&amp;eventSubmit_doNavigate=searchInSubtreeTOC&amp;showdoccase=1&amp;doc.hl=0&amp;doc.id=jlr-SchulGBW1983V21IVZ&amp;doc.part=S&amp;toc.poskey=#focuspoint\">Baden-W\u00fcrttemberg<\/a><\/li><li><a href=\"https:\/\/www.km.bayern.de\/eltern\/was-tun-bei\/rechte-und-pflichten.html\">Bayern<\/a><\/li><li><a href=\"http:\/\/gesetze.berlin.de\/jportal\/?quelle=jlink&amp;query=SchulG+BE&amp;psml=bsbeprod.psml&amp;max=true&amp;aiz=true\">Berlin<\/a><\/li><li><a href=\"https:\/\/bravors.brandenburg.de\/gesetze\/bbgschulg\">Brandenburg<\/a><\/li><li><a href=\"https:\/\/www.bildung.bremen.de\/sixcms\/media.php\/13\/schulgesetze.pdf\">Bremen<\/a><\/li><li><a href=\"https:\/\/www.hamburg.de\/contentblob\/1995414\/5b23ded37092b4e61d0716878dba9bae\/data\/schulgesetzdownload.pdf\">Hamburg<\/a><\/li><li><a href=\"https:\/\/kultusministerium.hessen.de\/schulsystem\/schulrecht\">Hessen<\/a><\/li><li><a href=\"https:\/\/www.landesrecht-mv.de\/bsmv\/document\/jlr-SchulGMV2010rahmen\">Mecklenburg-Vorpommern<\/a><\/li><li><a href=\"https:\/\/www.mk.niedersachsen.de\/service\/rechts_und_verwaltungsvorschriften\/niedersaechsisches_schulgesetz\/das-niedersaechsische-schulgesetz-6520.html\">Niedersachsen<\/a><\/li><li><a href=\"https:\/\/bass.schul-welt.de\/6043.htm\">Nordrhein-Westfalen<\/a><\/li><li>Saarland (\u00a0<a href=\"https:\/\/recht.saarland.de\/bssl\/search\">Schulordnungsgesetz<\/a>)<\/li><li><a href=\"https:\/\/www.revosax.sachsen.de\/vorschrift\/4192-SchulG\">Sachsen<\/a><\/li><li><a href=\"https:\/\/www.landesrecht.sachsen-anhalt.de\/perma?d=jlr-SchulGST2018rahmen\">Sachsen-Anhalt<\/a><\/li><li><a href=\"http:\/\/www.gesetze-rechtsprechung.sh.juris.de\/jportal\/?quelle=jlink&amp;query=SchulG+SH&amp;psml=bsshoprod.psml&amp;max=true\">Schleswig-Holstein<\/a><\/li><li><a href=\"http:\/\/landesrecht.thueringen.de\/jportal\/?quelle=jlink&amp;query=SchulG+TH&amp;psml=bsthueprod.psml&amp;max=true&amp;aiz=true\">Th\u00fcringen<\/a><\/li><\/ul><\/li><\/ul>\t\t\t\t\t\t\t\t<\/div>\n\t\t\t\t<\/div>\n\t\t\t\t<div class=\"elementor-element elementor-element-1bc4c2c4 elementor-widget elementor-widget-text-editor\" data-id=\"1bc4c2c4\" data-element_type=\"widget\" data-widget_type=\"text-editor.default\">\n\t\t\t\t<div class=\"elementor-widget-container\">\n\t\t\t\t\t\t\t\t\t<h2>Bildnachweis<\/h2><ul><li>Titelbild: Jacob Lund\/ <a href=\"https:\/\/www.shutterstock.com\/de\/\" target=\"_blank\" rel=\"noopener\">Shutterstock.com<\/a><\/li><li>Frustrierter Junge im Klassenzimmer: Monkey Business Images\/ <a href=\"https:\/\/www.shutterstock.com\/de\/\" target=\"_blank\" rel=\"noopener\">Shutterstock.com<\/a><\/li><li>M\u00e4dchen machen ein Selfie: oneinchpunch\/ <a href=\"https:\/\/www.shutterstock.com\/de\/\" target=\"_blank\" rel=\"noopener\">Shutterstock.com<\/a><\/li><\/ul>\t\t\t\t\t\t\t\t<\/div>\n\t\t\t\t<\/div>\n\t\t\t\t\t<\/div>\n\t\t<\/div>\n\t\t\t\t\t<\/div>\n\t\t<\/section>\n\t\t\t\t<\/div>\n\t\t","protected":false},"excerpt":{"rendered":"<p>Vom Rohrstock zum Klassenbucheintrag: f\u00fcr aufs\u00e4ssige Sch\u00fcler:innen gab es schon immer Disziplinierungsma\u00dfnahmen im Klassenzimmer. Doch Lehrkr\u00e4ften ist l\u00e4ngst nicht alles gestattet. Hier haben wir eine kleine \u00dcbersicht zusammengestellt.<\/p>\n","protected":false},"author":6,"featured_media":18560,"comment_status":"closed","ping_status":"closed","sticky":false,"template":"","format":"standard","meta":{"footnotes":""},"categories":[9],"tags":[],"class_list":["post-1592","post","type-post","status-publish","format-standard","has-post-thumbnail","hentry","category-recht"],"yoast_head":"<!-- This site is optimized with the Yoast SEO plugin v26.0 - https:\/\/yoast.com\/wordpress\/plugins\/seo\/ -->\n<title>Was darf die Lehrkraft gegen\u00fcber Sch\u00fcler:innen?<\/title>\n<meta name=\"description\" content=\"Immer h\u00e4ufiger klagen P\u00e4dagog:innen \u00fcber respektlose Sch\u00fcler:innen, die sich nicht an Regeln halten. Wir haben zusammengefasst, welche Rechte Lehrkr\u00e4fte haben.\" \/>\n<meta name=\"robots\" content=\"index, follow, max-snippet:-1, max-image-preview:large, max-video-preview:-1\" \/>\n<link rel=\"canonical\" href=\"https:\/\/www.herole.de\/blog\/wie-kann-ich-meine-schueler-erziehen-diese-rechte-haben-lehrer\/\" \/>\n<meta property=\"og:locale\" content=\"de_DE\" \/>\n<meta property=\"og:type\" content=\"article\" \/>\n<meta property=\"og:title\" content=\"Was darf die Lehrkraft gegen\u00fcber Sch\u00fcler:innen?\" \/>\n<meta property=\"og:description\" content=\"Immer h\u00e4ufiger klagen P\u00e4dagog:innen \u00fcber respektlose Sch\u00fcler:innen, die sich nicht an Regeln halten. Wir haben zusammengefasst, welche Rechte Lehrkr\u00e4fte haben.\" \/>\n<meta property=\"og:url\" content=\"https:\/\/www.herole.de\/blog\/wie-kann-ich-meine-schueler-erziehen-diese-rechte-haben-lehrer\/\" \/>\n<meta property=\"og:site_name\" content=\"HEROL\u00c9 Ratgeber\" \/>\n<meta property=\"article:publisher\" content=\"https:\/\/www.facebook.com\/HeroleKlassenfahrten\" \/>\n<meta property=\"article:published_time\" content=\"2021-04-07T09:12:00+00:00\" \/>\n<meta property=\"article:modified_time\" content=\"2023-04-13T12:55:26+00:00\" \/>\n<meta property=\"og:image\" content=\"https:\/\/www.herole.de\/blog\/wp-content\/uploads\/lehrerin-schuelerin-klassenzimmer.jpg\" \/>\n\t<meta property=\"og:image:width\" content=\"1920\" \/>\n\t<meta property=\"og:image:height\" content=\"1133\" \/>\n\t<meta property=\"og:image:type\" content=\"image\/jpeg\" \/>\n<meta name=\"author\" content=\"Heike Philipp\" \/>\n<meta name=\"twitter:card\" content=\"summary_large_image\" \/>\n<meta name=\"twitter:creator\" content=\"@heike.bach\" \/>\n<meta name=\"twitter:site\" content=\"@herole_reisen\" \/>\n<meta name=\"twitter:label1\" content=\"Verfasst von\" \/>\n\t<meta name=\"twitter:data1\" content=\"Heike Philipp\" \/>\n\t<meta name=\"twitter:label2\" content=\"Gesch\u00e4tzte Lesezeit\" \/>\n\t<meta name=\"twitter:data2\" content=\"13\u00a0Minuten\" \/>\n<script type=\"application\/ld+json\" class=\"yoast-schema-graph\">{\"@context\":\"https:\/\/schema.org\",\"@graph\":[{\"@type\":\"Article\",\"@id\":\"https:\/\/www.herole.de\/blog\/wie-kann-ich-meine-schueler-erziehen-diese-rechte-haben-lehrer\/#article\",\"isPartOf\":{\"@id\":\"https:\/\/www.herole.de\/blog\/wie-kann-ich-meine-schueler-erziehen-diese-rechte-haben-lehrer\/\"},\"author\":{\"name\":\"Heike Philipp\",\"@id\":\"https:\/\/www.herole.de\/blog\/#\/schema\/person\/13fb982c1909aaffcf2c09f0fde399ba\"},\"headline\":\"Was darf die Lehrkraft gegen\u00fcber Sch\u00fcler:innen?\",\"datePublished\":\"2021-04-07T09:12:00+00:00\",\"dateModified\":\"2023-04-13T12:55:26+00:00\",\"mainEntityOfPage\":{\"@id\":\"https:\/\/www.herole.de\/blog\/wie-kann-ich-meine-schueler-erziehen-diese-rechte-haben-lehrer\/\"},\"wordCount\":2456,\"publisher\":{\"@id\":\"https:\/\/www.herole.de\/blog\/#organization\"},\"image\":{\"@id\":\"https:\/\/www.herole.de\/blog\/wie-kann-ich-meine-schueler-erziehen-diese-rechte-haben-lehrer\/#primaryimage\"},\"thumbnailUrl\":\"https:\/\/www.herole.de\/blog\/wp-content\/uploads\/lehrerin-schuelerin-klassenzimmer.jpg\",\"articleSection\":[\"Rechtliches\"],\"inLanguage\":\"de\"},{\"@type\":\"WebPage\",\"@id\":\"https:\/\/www.herole.de\/blog\/wie-kann-ich-meine-schueler-erziehen-diese-rechte-haben-lehrer\/\",\"url\":\"https:\/\/www.herole.de\/blog\/wie-kann-ich-meine-schueler-erziehen-diese-rechte-haben-lehrer\/\",\"name\":\"Was darf die Lehrkraft gegen\u00fcber Sch\u00fcler:innen?\",\"isPartOf\":{\"@id\":\"https:\/\/www.herole.de\/blog\/#website\"},\"primaryImageOfPage\":{\"@id\":\"https:\/\/www.herole.de\/blog\/wie-kann-ich-meine-schueler-erziehen-diese-rechte-haben-lehrer\/#primaryimage\"},\"image\":{\"@id\":\"https:\/\/www.herole.de\/blog\/wie-kann-ich-meine-schueler-erziehen-diese-rechte-haben-lehrer\/#primaryimage\"},\"thumbnailUrl\":\"https:\/\/www.herole.de\/blog\/wp-content\/uploads\/lehrerin-schuelerin-klassenzimmer.jpg\",\"datePublished\":\"2021-04-07T09:12:00+00:00\",\"dateModified\":\"2023-04-13T12:55:26+00:00\",\"description\":\"Immer h\u00e4ufiger klagen P\u00e4dagog:innen \u00fcber respektlose Sch\u00fcler:innen, die sich nicht an Regeln halten. Wir haben zusammengefasst, welche Rechte Lehrkr\u00e4fte haben.\",\"breadcrumb\":{\"@id\":\"https:\/\/www.herole.de\/blog\/wie-kann-ich-meine-schueler-erziehen-diese-rechte-haben-lehrer\/#breadcrumb\"},\"inLanguage\":\"de\",\"potentialAction\":[{\"@type\":\"ReadAction\",\"target\":[\"https:\/\/www.herole.de\/blog\/wie-kann-ich-meine-schueler-erziehen-diese-rechte-haben-lehrer\/\"]}]},{\"@type\":\"ImageObject\",\"inLanguage\":\"de\",\"@id\":\"https:\/\/www.herole.de\/blog\/wie-kann-ich-meine-schueler-erziehen-diese-rechte-haben-lehrer\/#primaryimage\",\"url\":\"https:\/\/www.herole.de\/blog\/wp-content\/uploads\/lehrerin-schuelerin-klassenzimmer.jpg\",\"contentUrl\":\"https:\/\/www.herole.de\/blog\/wp-content\/uploads\/lehrerin-schuelerin-klassenzimmer.jpg\",\"width\":1920,\"height\":1133,\"caption\":\"Jacob Lund \/shutterstock\"},{\"@type\":\"BreadcrumbList\",\"@id\":\"https:\/\/www.herole.de\/blog\/wie-kann-ich-meine-schueler-erziehen-diese-rechte-haben-lehrer\/#breadcrumb\",\"itemListElement\":[{\"@type\":\"ListItem\",\"position\":1,\"name\":\"Startseite\",\"item\":\"https:\/\/www.herole.de\/blog\/\"},{\"@type\":\"ListItem\",\"position\":2,\"name\":\"Was darf die Lehrkraft gegen\u00fcber Sch\u00fcler:innen?\"}]},{\"@type\":\"WebSite\",\"@id\":\"https:\/\/www.herole.de\/blog\/#website\",\"url\":\"https:\/\/www.herole.de\/blog\/\",\"name\":\"HEROL\u00c9 Ratgeber\",\"description\":\"Wissenswertes rund um die Organisation von Klassenfahrten, zudem Lehrertipps und Themen des Schulalltags.\",\"publisher\":{\"@id\":\"https:\/\/www.herole.de\/blog\/#organization\"},\"potentialAction\":[{\"@type\":\"SearchAction\",\"target\":{\"@type\":\"EntryPoint\",\"urlTemplate\":\"https:\/\/www.herole.de\/blog\/?s={search_term_string}\"},\"query-input\":{\"@type\":\"PropertyValueSpecification\",\"valueRequired\":true,\"valueName\":\"search_term_string\"}}],\"inLanguage\":\"de\"},{\"@type\":\"Organization\",\"@id\":\"https:\/\/www.herole.de\/blog\/#organization\",\"name\":\"HEROL\u00c9 Reisen GmbH\",\"url\":\"https:\/\/www.herole.de\/blog\/\",\"logo\":{\"@type\":\"ImageObject\",\"inLanguage\":\"de\",\"@id\":\"https:\/\/www.herole.de\/blog\/#\/schema\/logo\/image\/\",\"url\":\"https:\/\/www.herole.de\/blog\/wp-content\/uploads\/herole-logo.png\",\"contentUrl\":\"https:\/\/www.herole.de\/blog\/wp-content\/uploads\/herole-logo.png\",\"width\":274,\"height\":70,\"caption\":\"HEROL\u00c9 Reisen GmbH\"},\"image\":{\"@id\":\"https:\/\/www.herole.de\/blog\/#\/schema\/logo\/image\/\"},\"sameAs\":[\"https:\/\/www.facebook.com\/HeroleKlassenfahrten\",\"https:\/\/x.com\/herole_reisen\",\"https:\/\/instagram.com\/heroleklassenfahrten\",\"https:\/\/www.youtube.com\/HeroleReisen\"]},{\"@type\":\"Person\",\"@id\":\"https:\/\/www.herole.de\/blog\/#\/schema\/person\/13fb982c1909aaffcf2c09f0fde399ba\",\"name\":\"Heike Philipp\",\"image\":{\"@type\":\"ImageObject\",\"inLanguage\":\"de\",\"@id\":\"https:\/\/www.herole.de\/blog\/#\/schema\/person\/image\/\",\"url\":\"https:\/\/secure.gravatar.com\/avatar\/6010203aefccca33c04c1b210ceba8ee7e5a734d5844451cfadfb0913f869e7a?s=96&d=mm&r=g\",\"contentUrl\":\"https:\/\/secure.gravatar.com\/avatar\/6010203aefccca33c04c1b210ceba8ee7e5a734d5844451cfadfb0913f869e7a?s=96&d=mm&r=g\",\"caption\":\"Heike Philipp\"},\"sameAs\":[\"https:\/\/x.com\/heike.bach\"]}]}<\/script>\n<!-- \/ Yoast SEO plugin. -->","yoast_head_json":{"title":"Was darf die Lehrkraft gegen\u00fcber Sch\u00fcler:innen?","description":"Immer h\u00e4ufiger klagen P\u00e4dagog:innen \u00fcber respektlose Sch\u00fcler:innen, die sich nicht an Regeln halten. Wir haben zusammengefasst, welche Rechte Lehrkr\u00e4fte haben.","robots":{"index":"index","follow":"follow","max-snippet":"max-snippet:-1","max-image-preview":"max-image-preview:large","max-video-preview":"max-video-preview:-1"},"canonical":"https:\/\/www.herole.de\/blog\/wie-kann-ich-meine-schueler-erziehen-diese-rechte-haben-lehrer\/","og_locale":"de_DE","og_type":"article","og_title":"Was darf die Lehrkraft gegen\u00fcber Sch\u00fcler:innen?","og_description":"Immer h\u00e4ufiger klagen P\u00e4dagog:innen \u00fcber respektlose Sch\u00fcler:innen, die sich nicht an Regeln halten. Wir haben zusammengefasst, welche Rechte Lehrkr\u00e4fte haben.","og_url":"https:\/\/www.herole.de\/blog\/wie-kann-ich-meine-schueler-erziehen-diese-rechte-haben-lehrer\/","og_site_name":"HEROL\u00c9 Ratgeber","article_publisher":"https:\/\/www.facebook.com\/HeroleKlassenfahrten","article_published_time":"2021-04-07T09:12:00+00:00","article_modified_time":"2023-04-13T12:55:26+00:00","og_image":[{"width":1920,"height":1133,"url":"https:\/\/www.herole.de\/blog\/wp-content\/uploads\/lehrerin-schuelerin-klassenzimmer.jpg","type":"image\/jpeg"}],"author":"Heike Philipp","twitter_card":"summary_large_image","twitter_creator":"@heike.bach","twitter_site":"@herole_reisen","twitter_misc":{"Verfasst von":"Heike Philipp","Gesch\u00e4tzte Lesezeit":"13\u00a0Minuten"},"schema":{"@context":"https:\/\/schema.org","@graph":[{"@type":"Article","@id":"https:\/\/www.herole.de\/blog\/wie-kann-ich-meine-schueler-erziehen-diese-rechte-haben-lehrer\/#article","isPartOf":{"@id":"https:\/\/www.herole.de\/blog\/wie-kann-ich-meine-schueler-erziehen-diese-rechte-haben-lehrer\/"},"author":{"name":"Heike Philipp","@id":"https:\/\/www.herole.de\/blog\/#\/schema\/person\/13fb982c1909aaffcf2c09f0fde399ba"},"headline":"Was darf die Lehrkraft gegen\u00fcber Sch\u00fcler:innen?","datePublished":"2021-04-07T09:12:00+00:00","dateModified":"2023-04-13T12:55:26+00:00","mainEntityOfPage":{"@id":"https:\/\/www.herole.de\/blog\/wie-kann-ich-meine-schueler-erziehen-diese-rechte-haben-lehrer\/"},"wordCount":2456,"publisher":{"@id":"https:\/\/www.herole.de\/blog\/#organization"},"image":{"@id":"https:\/\/www.herole.de\/blog\/wie-kann-ich-meine-schueler-erziehen-diese-rechte-haben-lehrer\/#primaryimage"},"thumbnailUrl":"https:\/\/www.herole.de\/blog\/wp-content\/uploads\/lehrerin-schuelerin-klassenzimmer.jpg","articleSection":["Rechtliches"],"inLanguage":"de"},{"@type":"WebPage","@id":"https:\/\/www.herole.de\/blog\/wie-kann-ich-meine-schueler-erziehen-diese-rechte-haben-lehrer\/","url":"https:\/\/www.herole.de\/blog\/wie-kann-ich-meine-schueler-erziehen-diese-rechte-haben-lehrer\/","name":"Was darf die Lehrkraft gegen\u00fcber Sch\u00fcler:innen?","isPartOf":{"@id":"https:\/\/www.herole.de\/blog\/#website"},"primaryImageOfPage":{"@id":"https:\/\/www.herole.de\/blog\/wie-kann-ich-meine-schueler-erziehen-diese-rechte-haben-lehrer\/#primaryimage"},"image":{"@id":"https:\/\/www.herole.de\/blog\/wie-kann-ich-meine-schueler-erziehen-diese-rechte-haben-lehrer\/#primaryimage"},"thumbnailUrl":"https:\/\/www.herole.de\/blog\/wp-content\/uploads\/lehrerin-schuelerin-klassenzimmer.jpg","datePublished":"2021-04-07T09:12:00+00:00","dateModified":"2023-04-13T12:55:26+00:00","description":"Immer h\u00e4ufiger klagen P\u00e4dagog:innen \u00fcber respektlose Sch\u00fcler:innen, die sich nicht an Regeln halten. Wir haben zusammengefasst, welche Rechte Lehrkr\u00e4fte haben.","breadcrumb":{"@id":"https:\/\/www.herole.de\/blog\/wie-kann-ich-meine-schueler-erziehen-diese-rechte-haben-lehrer\/#breadcrumb"},"inLanguage":"de","potentialAction":[{"@type":"ReadAction","target":["https:\/\/www.herole.de\/blog\/wie-kann-ich-meine-schueler-erziehen-diese-rechte-haben-lehrer\/"]}]},{"@type":"ImageObject","inLanguage":"de","@id":"https:\/\/www.herole.de\/blog\/wie-kann-ich-meine-schueler-erziehen-diese-rechte-haben-lehrer\/#primaryimage","url":"https:\/\/www.herole.de\/blog\/wp-content\/uploads\/lehrerin-schuelerin-klassenzimmer.jpg","contentUrl":"https:\/\/www.herole.de\/blog\/wp-content\/uploads\/lehrerin-schuelerin-klassenzimmer.jpg","width":1920,"height":1133,"caption":"Jacob Lund \/shutterstock"},{"@type":"BreadcrumbList","@id":"https:\/\/www.herole.de\/blog\/wie-kann-ich-meine-schueler-erziehen-diese-rechte-haben-lehrer\/#breadcrumb","itemListElement":[{"@type":"ListItem","position":1,"name":"Startseite","item":"https:\/\/www.herole.de\/blog\/"},{"@type":"ListItem","position":2,"name":"Was darf die Lehrkraft gegen\u00fcber Sch\u00fcler:innen?"}]},{"@type":"WebSite","@id":"https:\/\/www.herole.de\/blog\/#website","url":"https:\/\/www.herole.de\/blog\/","name":"HEROL\u00c9 Ratgeber","description":"Wissenswertes rund um die Organisation von Klassenfahrten, zudem Lehrertipps und Themen des Schulalltags.","publisher":{"@id":"https:\/\/www.herole.de\/blog\/#organization"},"potentialAction":[{"@type":"SearchAction","target":{"@type":"EntryPoint","urlTemplate":"https:\/\/www.herole.de\/blog\/?s={search_term_string}"},"query-input":{"@type":"PropertyValueSpecification","valueRequired":true,"valueName":"search_term_string"}}],"inLanguage":"de"},{"@type":"Organization","@id":"https:\/\/www.herole.de\/blog\/#organization","name":"HEROL\u00c9 Reisen GmbH","url":"https:\/\/www.herole.de\/blog\/","logo":{"@type":"ImageObject","inLanguage":"de","@id":"https:\/\/www.herole.de\/blog\/#\/schema\/logo\/image\/","url":"https:\/\/www.herole.de\/blog\/wp-content\/uploads\/herole-logo.png","contentUrl":"https:\/\/www.herole.de\/blog\/wp-content\/uploads\/herole-logo.png","width":274,"height":70,"caption":"HEROL\u00c9 Reisen GmbH"},"image":{"@id":"https:\/\/www.herole.de\/blog\/#\/schema\/logo\/image\/"},"sameAs":["https:\/\/www.facebook.com\/HeroleKlassenfahrten","https:\/\/x.com\/herole_reisen","https:\/\/instagram.com\/heroleklassenfahrten","https:\/\/www.youtube.com\/HeroleReisen"]},{"@type":"Person","@id":"https:\/\/www.herole.de\/blog\/#\/schema\/person\/13fb982c1909aaffcf2c09f0fde399ba","name":"Heike Philipp","image":{"@type":"ImageObject","inLanguage":"de","@id":"https:\/\/www.herole.de\/blog\/#\/schema\/person\/image\/","url":"https:\/\/secure.gravatar.com\/avatar\/6010203aefccca33c04c1b210ceba8ee7e5a734d5844451cfadfb0913f869e7a?s=96&d=mm&r=g","contentUrl":"https:\/\/secure.gravatar.com\/avatar\/6010203aefccca33c04c1b210ceba8ee7e5a734d5844451cfadfb0913f869e7a?s=96&d=mm&r=g","caption":"Heike Philipp"},"sameAs":["https:\/\/x.com\/heike.bach"]}]}},"_links":{"self":[{"href":"https:\/\/www.herole.de\/blog\/wp-json\/wp\/v2\/posts\/1592","targetHints":{"allow":["GET"]}}],"collection":[{"href":"https:\/\/www.herole.de\/blog\/wp-json\/wp\/v2\/posts"}],"about":[{"href":"https:\/\/www.herole.de\/blog\/wp-json\/wp\/v2\/types\/post"}],"author":[{"embeddable":true,"href":"https:\/\/www.herole.de\/blog\/wp-json\/wp\/v2\/users\/6"}],"replies":[{"embeddable":true,"href":"https:\/\/www.herole.de\/blog\/wp-json\/wp\/v2\/comments?post=1592"}],"version-history":[{"count":0,"href":"https:\/\/www.herole.de\/blog\/wp-json\/wp\/v2\/posts\/1592\/revisions"}],"wp:featuredmedia":[{"embeddable":true,"href":"https:\/\/www.herole.de\/blog\/wp-json\/wp\/v2\/media\/18560"}],"wp:attachment":[{"href":"https:\/\/www.herole.de\/blog\/wp-json\/wp\/v2\/media?parent=1592"}],"wp:term":[{"taxonomy":"category","embeddable":true,"href":"https:\/\/www.herole.de\/blog\/wp-json\/wp\/v2\/categories?post=1592"},{"taxonomy":"post_tag","embeddable":true,"href":"https:\/\/www.herole.de\/blog\/wp-json\/wp\/v2\/tags?post=1592"}],"curies":[{"name":"wp","href":"https:\/\/api.w.org\/{rel}","templated":true}]}}