{"id":15098,"date":"2020-09-16T10:04:00","date_gmt":"2020-09-16T08:04:00","guid":{"rendered":"https:\/\/www.herole.de\/blog\/?p=15098"},"modified":"2026-03-27T10:59:27","modified_gmt":"2026-03-27T09:59:27","slug":"bne-klassenfahrten-umweltschutz-naturschutz","status":"publish","type":"post","link":"https:\/\/www.herole.de\/blog\/bne-klassenfahrten-umweltschutz-naturschutz\/","title":{"rendered":"BNE-Klassenfahrten: Umwelt- &#038; Naturschutz"},"content":{"rendered":"\t\t<div data-elementor-type=\"wp-post\" data-elementor-id=\"15098\" class=\"elementor elementor-15098\" data-elementor-post-type=\"post\">\n\t\t\t\t\t\t<section class=\"elementor-section elementor-top-section elementor-element elementor-element-72974898 elementor-section-boxed elementor-section-height-default elementor-section-height-default\" data-id=\"72974898\" data-element_type=\"section\">\n\t\t\t\t\t\t<div class=\"elementor-container elementor-column-gap-default\">\n\t\t\t\t\t<div class=\"elementor-column elementor-col-100 elementor-top-column elementor-element elementor-element-5564b20e\" data-id=\"5564b20e\" data-element_type=\"column\">\n\t\t\t<div class=\"elementor-widget-wrap elementor-element-populated\">\n\t\t\t\t\t\t<div class=\"elementor-element elementor-element-662117fb elementor-widget elementor-widget-text-editor\" data-id=\"662117fb\" data-element_type=\"widget\" data-widget_type=\"text-editor.default\">\n\t\t\t\t<div class=\"elementor-widget-container\">\n\t\t\t\t\t\t\t\t\t<h2>Was bedeutet Umwelt eigentlich?<\/h2><p>Der Duden definiert die Umwelt als &#8222;alles, was einen Menschen umgibt, auf ihn einwirkt und seine Lebensbedingungen beeinflusst&#8220;. Die Schule gilt beispielsweise als geistige und soziale Umwelt, die jeden Sch\u00fcler stark beeinflusst. Seit der 1960er-Jahre wird der Begriff Umwelt jedoch vor allem mit der nat\u00fcrlichen Umgebung verbunden. Diese umfasst Landfl\u00e4chen, W\u00e4lder und Meere. In den 70er-Jahren kam dazu erstmals das Thema <strong>Umwelterziehung<\/strong> auf, das Sch\u00fcler zu einem bewussteren Umgang mit der Natur bewegen sollte. In dieser Zeit gr\u00fcndeten sich auch die ersten Organisationen, die sich den Schutz der Natur auf die Fahnen geschrieben hatten.<\/p>\t\t\t\t\t\t\t\t<\/div>\n\t\t\t\t<\/div>\n\t\t\t\t<section class=\"elementor-section elementor-inner-section elementor-element elementor-element-6bcb0eb4 elementor-section-boxed elementor-section-height-default elementor-section-height-default\" data-id=\"6bcb0eb4\" data-element_type=\"section\">\n\t\t\t\t\t\t<div class=\"elementor-container elementor-column-gap-no\">\n\t\t\t\t\t<div class=\"elementor-column elementor-col-50 elementor-inner-column elementor-element elementor-element-50349dde\" data-id=\"50349dde\" data-element_type=\"column\">\n\t\t\t<div class=\"elementor-widget-wrap elementor-element-populated\">\n\t\t\t\t\t\t<div class=\"elementor-element elementor-element-78437c68 elementor-widget elementor-widget-image\" data-id=\"78437c68\" data-element_type=\"widget\" data-widget_type=\"image.default\">\n\t\t\t\t<div class=\"elementor-widget-container\">\n\t\t\t\t\t\t\t\t\t\t\t\t\t\t\t\t<a href=\"https:\/\/www.herole.de\/blog\/wp-content\/uploads\/plastikmuell_strand_nordsee.jpg\" data-elementor-open-lightbox=\"yes\" data-elementor-lightbox-title=\"plastikmuell_strand_nordsee\" data-elementor-lightbox-description=\"(c) Schutzstation Wattenmeer Archiv\" data-e-action-hash=\"#elementor-action%3Aaction%3Dlightbox%26settings%3DeyJpZCI6MTUxMDEsInVybCI6Imh0dHBzOlwvXC93d3cuaGVyb2xlLmRlXC9ibG9nXC93cC1jb250ZW50XC91cGxvYWRzXC9wbGFzdGlrbXVlbGxfc3RyYW5kX25vcmRzZWUuanBnIn0%3D\">\n\t\t\t\t\t\t\t<img fetchpriority=\"high\" decoding=\"async\" width=\"1024\" height=\"685\" src=\"https:\/\/www.herole.de\/blog\/wp-content\/uploads\/plastikmuell_strand_nordsee-1024x685.jpg\" class=\"attachment-large size-large wp-image-15101\" alt=\"Plastikm\u00fcll am Strand von Sylt.\" srcset=\"https:\/\/www.herole.de\/blog\/wp-content\/uploads\/plastikmuell_strand_nordsee-1024x685.jpg 1024w, https:\/\/www.herole.de\/blog\/wp-content\/uploads\/plastikmuell_strand_nordsee-300x201.jpg 300w, https:\/\/www.herole.de\/blog\/wp-content\/uploads\/plastikmuell_strand_nordsee-768x514.jpg 768w, https:\/\/www.herole.de\/blog\/wp-content\/uploads\/plastikmuell_strand_nordsee-1536x1028.jpg 1536w, https:\/\/www.herole.de\/blog\/wp-content\/uploads\/plastikmuell_strand_nordsee.jpg 1920w\" sizes=\"(max-width: 1024px) 100vw, 1024px\" \/>\t\t\t\t\t\t\t\t<\/a>\n\t\t\t\t\t\t\t\t\t\t\t\t\t\t\t<\/div>\n\t\t\t\t<\/div>\n\t\t\t\t\t<\/div>\n\t\t<\/div>\n\t\t\t\t<div class=\"elementor-column elementor-col-50 elementor-inner-column elementor-element elementor-element-702921d2\" data-id=\"702921d2\" data-element_type=\"column\">\n\t\t\t<div class=\"elementor-widget-wrap elementor-element-populated\">\n\t\t\t\t\t\t<div class=\"elementor-element elementor-element-7c499828 elementor-widget elementor-widget-text-editor\" data-id=\"7c499828\" data-element_type=\"widget\" data-widget_type=\"text-editor.default\">\n\t\t\t\t<div class=\"elementor-widget-container\">\n\t\t\t\t\t\t\t\t\t<p>Schon 1961 entstand in Z\u00fcrich der <strong>World Wildlife Fund (WWF)<\/strong>, der sich seit vor allem f\u00fcr den Artenschutz engagiert. 1974 wurde im kanadischen Vancouver die Non-Profit-Organisation <strong>Greenpeace<\/strong> gegr\u00fcndet, die heute in \u00fcber 45 L\u00e4ndern vertreten ist und rund drei Millionen F\u00f6rdermitglieder z\u00e4hlt. In den ersten Jahren weckte Greenpeace beispielsweise internationale Aufmerksamkeit mit dem Kampf gegen den kommerziellen Walfang und Kernwaffentests. Heute geh\u00f6ren die \u00dcberfischung der Meere, die Abholzung der W\u00e4lder und der Klimawandel zu den Kernthemen.<\/p>\t\t\t\t\t\t\t\t<\/div>\n\t\t\t\t<\/div>\n\t\t\t\t\t<\/div>\n\t\t<\/div>\n\t\t\t\t\t<\/div>\n\t\t<\/section>\n\t\t\t\t<div class=\"elementor-element elementor-element-8b6a9ec elementor-widget elementor-widget-text-editor\" data-id=\"8b6a9ec\" data-element_type=\"widget\" data-widget_type=\"text-editor.default\">\n\t\t\t\t<div class=\"elementor-widget-container\">\n\t\t\t\t\t\t\t\t\t<h2>BNE Reisen<\/h2><p>Um das <strong>Bewusstsein<\/strong> f\u00fcr die Umwelt auch in den <strong>Alltag<\/strong> der Sch\u00fcler zu integrieren und sie auf die Entwicklung aufmerksam zu machen, haben wir Klassenfahrten mit dem Schwerpunkt <strong>&#8222;Bildung f\u00fcr nachhaltige Entwicklung&#8220;<\/strong> konzipiert.<\/p>\t\t\t\t\t\t\t\t<\/div>\n\t\t\t\t<\/div>\n\t\t\t\t<div class=\"elementor-element elementor-element-a802a32 elementor-cta--valign-top lines lines-1 elementor-cta--skin-classic elementor-animated-content elementor-bg-transform elementor-bg-transform-zoom-in elementor-widget elementor-widget-call-to-action\" data-id=\"a802a32\" data-element_type=\"widget\" data-widget_type=\"call-to-action.default\">\n\t\t\t\t<div class=\"elementor-widget-container\">\n\t\t\t\t\t\t\t<div class=\"elementor-cta\">\n\t\t\t\t\t\t\t<div class=\"elementor-cta__content\">\n\t\t\t\t\n\t\t\t\t\t\t\t\t\t<h2 class=\"elementor-cta__title elementor-cta__content-item elementor-content-item\">\n\t\t\t\t\t\tGratis Download\t\t\t\t\t<\/h2>\n\t\t\t\t\n\t\t\t\t\t\t\t\t\t<div class=\"elementor-cta__description elementor-cta__content-item elementor-content-item\">\n\t\t\t\t\t\tZur Hilfe und Vorbereitung Ihrer BNE-Klassenfahrt mit Schwerpunkt Natur- und Umweltschutz haben wir f\u00fcr Sie eine Lehrerhandreichung erstellt, die sie hier kostenfrei herunterladen k\u00f6nnen.\t\t\t\t\t<\/div>\n\t\t\t\t\n\t\t\t\t\t\t\t\t\t<div class=\"elementor-cta__button-wrapper elementor-cta__content-item elementor-content-item \">\n\t\t\t\t\t<a class=\"elementor-cta__button elementor-button elementor-size-\" href=\"https:\/\/www.herole.de\/lehrerleitfaden\">\n\t\t\t\t\t\tJetzt herunterladen\t\t\t\t\t<\/a>\n\t\t\t\t\t<\/div>\n\t\t\t\t\t\t\t<\/div>\n\t\t\t\t\t\t<\/div>\n\t\t\t\t\t\t<\/div>\n\t\t\t\t<\/div>\n\t\t\t\t<div class=\"elementor-element elementor-element-74e4381 elementor-widget elementor-widget-text-editor\" data-id=\"74e4381\" data-element_type=\"widget\" data-widget_type=\"text-editor.default\">\n\t\t\t\t<div class=\"elementor-widget-container\">\n\t\t\t\t\t\t\t\t\t<h2>Wie sieht Umweltbildung heute aus?<\/h2><p>Das Thema Umweltbildung ging in den 90er Jahren im Projekt <strong>Bildung f\u00fcr Nachhaltige Entwicklung (BNE)<\/strong> der UNESCO auf. Es umfasst zahlreiche verschiedene Themenfelder, die alle miteinander verbunden sind: Klimawandel, Umweltzerst\u00f6rung und Ressourcenverschwendung. Je nach Alter und Interessengebiet kann Umweltbildung zahlreiche verschiedene Formen annehmen.<\/p>\t\t\t\t\t\t\t\t<\/div>\n\t\t\t\t<\/div>\n\t\t\t\t<section class=\"elementor-section elementor-inner-section elementor-element elementor-element-19582381 elementor-section-boxed elementor-section-height-default elementor-section-height-default\" data-id=\"19582381\" data-element_type=\"section\">\n\t\t\t\t\t\t<div class=\"elementor-container elementor-column-gap-default\">\n\t\t\t\t\t<div class=\"elementor-column elementor-col-50 elementor-inner-column elementor-element elementor-element-34b8e82d auto-width\" data-id=\"34b8e82d\" data-element_type=\"column\">\n\t\t\t<div class=\"elementor-widget-wrap elementor-element-populated\">\n\t\t\t\t\t\t<div class=\"elementor-element elementor-element-56337b5 elementor-view-default elementor-widget elementor-widget-icon\" data-id=\"56337b5\" data-element_type=\"widget\" data-widget_type=\"icon.default\">\n\t\t\t\t<div class=\"elementor-widget-container\">\n\t\t\t\t\t\t\t<div class=\"elementor-icon-wrapper\">\n\t\t\t<div class=\"elementor-icon\">\n\t\t\t<i aria-hidden=\"true\" class=\"icon icon-blog_tip\"><\/i>\t\t\t<\/div>\n\t\t<\/div>\n\t\t\t\t\t\t<\/div>\n\t\t\t\t<\/div>\n\t\t\t\t\t<\/div>\n\t\t<\/div>\n\t\t\t\t<div class=\"elementor-column elementor-col-50 elementor-inner-column elementor-element elementor-element-6d0a3ab9\" data-id=\"6d0a3ab9\" data-element_type=\"column\">\n\t\t\t<div class=\"elementor-widget-wrap elementor-element-populated\">\n\t\t\t\t\t\t<div class=\"elementor-element elementor-element-574812ca tip elementor-widget elementor-widget-text-editor\" data-id=\"574812ca\" data-element_type=\"widget\" data-widget_type=\"text-editor.default\">\n\t\t\t\t<div class=\"elementor-widget-container\">\n\t\t\t\t\t\t\t\t\t<p>Umfassende Ressourcen und Lehrmaterialien zum Thema Umwelt- und Naturschutz stellt die UNESCO auf ihrem eigenen <a href=\"#linksammlung\">BNE-Portal<\/a> bereit.<\/p>\t\t\t\t\t\t\t\t<\/div>\n\t\t\t\t<\/div>\n\t\t\t\t\t<\/div>\n\t\t<\/div>\n\t\t\t\t\t<\/div>\n\t\t<\/section>\n\t\t\t\t<div class=\"elementor-element elementor-element-a06e10e elementor-widget elementor-widget-text-editor\" data-id=\"a06e10e\" data-element_type=\"widget\" data-widget_type=\"text-editor.default\">\n\t\t\t\t<div class=\"elementor-widget-container\">\n\t\t\t\t\t\t\t\t\t<h2>Zur\u00fcck zur Natur<\/h2><p>Immer mehr jungen Leuten geht der direkte Kontakt zur Natur heute verloren. Sie wachsen in St\u00e4dten auf, in denen stark von Menschen gepr\u00e4gte Parklandschaften oft das einzige Gr\u00fcn darstellt. Nicht alle Eltern unternehmen mit ihnen Ausfl\u00fcge in l\u00e4ndliche Gebiete. Schulausfl\u00fcge und Klassenfahrten sind dann die einzige M\u00f6glichkeit, das Interesse der Sch\u00fcler an der Natur zu wecken. Die Angebotspalette ist riesig.<\/p>\t\t\t\t\t\t\t\t<\/div>\n\t\t\t\t<\/div>\n\t\t\t\t<section class=\"elementor-section elementor-inner-section elementor-element elementor-element-179f861 elementor-reverse-tablet elementor-reverse-mobile elementor-section-boxed elementor-section-height-default elementor-section-height-default\" data-id=\"179f861\" data-element_type=\"section\">\n\t\t\t\t\t\t<div class=\"elementor-container elementor-column-gap-no\">\n\t\t\t\t\t<div class=\"elementor-column elementor-col-50 elementor-inner-column elementor-element elementor-element-379b70f8\" data-id=\"379b70f8\" data-element_type=\"column\">\n\t\t\t<div class=\"elementor-widget-wrap elementor-element-populated\">\n\t\t\t\t\t\t<div class=\"elementor-element elementor-element-25e39f86 elementor-widget elementor-widget-text-editor\" data-id=\"25e39f86\" data-element_type=\"widget\" data-widget_type=\"text-editor.default\">\n\t\t\t\t<div class=\"elementor-widget-container\">\n\t\t\t\t\t\t\t\t\t<p>So gibt es in ganz Deutschland heute <strong>8.833 Naturschutzgebiete<\/strong> (Stand 12\/2017) und <strong>16 Nationalparks<\/strong>. Weitere Schutzkategorien sind Landschaftsschutzgebiete und Biosph\u00e4renreservate. In eigentlich allen Naturschutzgebieten gibt es zumindest Schautafeln, die Wanderern die wichtigsten Informationen \u00fcber Flora und Fauna vermitteln. Viele gr\u00f6\u00dfere Schutzgebiete verf\u00fcgen sogar \u00fcber ein <strong>Informationszentrum<\/strong> mit kleinen Ausstellungen und einem Raum, in dem fachkundige Experten Vortr\u00e4ge halten. Bei <strong>gef\u00fchrten Touren<\/strong> erleben die Sch\u00fcler die Natur hautnah und erhalten wertvolle Einblicke in gef\u00e4hrdete \u00d6kosysteme. Entsprechende Ausfl\u00fcge lassen sich in der Regel als Halbtags- oder Tagesausfl\u00fcge organisieren. Eine umfangreichere Lernerfahrung bieten BNE-Klassenfahrten mit dem Schwerpunkt Umweltschutz.<\/p>\t\t\t\t\t\t\t\t<\/div>\n\t\t\t\t<\/div>\n\t\t\t\t\t<\/div>\n\t\t<\/div>\n\t\t\t\t<div class=\"elementor-column elementor-col-50 elementor-inner-column elementor-element elementor-element-6dcb21f0\" data-id=\"6dcb21f0\" data-element_type=\"column\">\n\t\t\t<div class=\"elementor-widget-wrap elementor-element-populated\">\n\t\t\t\t\t\t<div class=\"elementor-element elementor-element-65190d17 elementor-widget elementor-widget-image\" data-id=\"65190d17\" data-element_type=\"widget\" data-widget_type=\"image.default\">\n\t\t\t\t<div class=\"elementor-widget-container\">\n\t\t\t\t\t\t\t\t\t\t\t\t\t\t\t\t<a href=\"https:\/\/www.herole.de\/blog\/wp-content\/uploads\/wanderung-darss_ruegen.jpg\" data-elementor-open-lightbox=\"yes\" data-elementor-lightbox-title=\"wanderung-darss_ruegen\" data-elementor-lightbox-description=\"(c) Nationalpark Vorpommersche Boddenlandschaft\" data-e-action-hash=\"#elementor-action%3Aaction%3Dlightbox%26settings%3DeyJpZCI6MTUxMDIsInVybCI6Imh0dHBzOlwvXC93d3cuaGVyb2xlLmRlXC9ibG9nXC93cC1jb250ZW50XC91cGxvYWRzXC93YW5kZXJ1bmctZGFyc3NfcnVlZ2VuLmpwZyJ9\">\n\t\t\t\t\t\t\t<img decoding=\"async\" width=\"1024\" height=\"768\" src=\"https:\/\/www.herole.de\/blog\/wp-content\/uploads\/wanderung-darss_ruegen.jpg\" class=\"attachment-large size-large wp-image-15102\" alt=\"Eine Gruppe geht auf Wanderung in den Nationalpark Vorpommersche Boddenlandschaft.\" srcset=\"https:\/\/www.herole.de\/blog\/wp-content\/uploads\/wanderung-darss_ruegen.jpg 1024w, https:\/\/www.herole.de\/blog\/wp-content\/uploads\/wanderung-darss_ruegen-300x225.jpg 300w, https:\/\/www.herole.de\/blog\/wp-content\/uploads\/wanderung-darss_ruegen-768x576.jpg 768w\" sizes=\"(max-width: 1024px) 100vw, 1024px\" \/>\t\t\t\t\t\t\t\t<\/a>\n\t\t\t\t\t\t\t\t\t\t\t\t\t\t\t<\/div>\n\t\t\t\t<\/div>\n\t\t\t\t\t<\/div>\n\t\t<\/div>\n\t\t\t\t\t<\/div>\n\t\t<\/section>\n\t\t\t\t<section class=\"elementor-section elementor-inner-section elementor-element elementor-element-6b99c27 elementor-section-boxed elementor-section-height-default elementor-section-height-default\" data-id=\"6b99c27\" data-element_type=\"section\">\n\t\t\t\t\t\t<div class=\"elementor-container elementor-column-gap-default\">\n\t\t\t\t\t<div class=\"elementor-column elementor-col-50 elementor-inner-column elementor-element elementor-element-31ef812 auto-width\" data-id=\"31ef812\" data-element_type=\"column\">\n\t\t\t<div class=\"elementor-widget-wrap elementor-element-populated\">\n\t\t\t\t\t\t<div class=\"elementor-element elementor-element-f534b55 elementor-view-default elementor-widget elementor-widget-icon\" data-id=\"f534b55\" data-element_type=\"widget\" data-widget_type=\"icon.default\">\n\t\t\t\t<div class=\"elementor-widget-container\">\n\t\t\t\t\t\t\t<div class=\"elementor-icon-wrapper\">\n\t\t\t<div class=\"elementor-icon\">\n\t\t\t<i aria-hidden=\"true\" class=\"icon icon-blog_tip\"><\/i>\t\t\t<\/div>\n\t\t<\/div>\n\t\t\t\t\t\t<\/div>\n\t\t\t\t<\/div>\n\t\t\t\t\t<\/div>\n\t\t<\/div>\n\t\t\t\t<div class=\"elementor-column elementor-col-50 elementor-inner-column elementor-element elementor-element-6922b75\" data-id=\"6922b75\" data-element_type=\"column\">\n\t\t\t<div class=\"elementor-widget-wrap elementor-element-populated\">\n\t\t\t\t\t\t<div class=\"elementor-element elementor-element-40b325b tip elementor-widget elementor-widget-text-editor\" data-id=\"40b325b\" data-element_type=\"widget\" data-widget_type=\"text-editor.default\">\n\t\t\t\t<div class=\"elementor-widget-container\">\n\t\t\t\t\t\t\t\t\t<p>Auf <a href=\"#linksammlung\">dieser<\/a> Informationsseite des Bundesamtes f\u00fcr Naturschutzgebiete lassen sich in der n\u00e4heren Umgebung der Schule finden.<\/p>\t\t\t\t\t\t\t\t<\/div>\n\t\t\t\t<\/div>\n\t\t\t\t\t<\/div>\n\t\t<\/div>\n\t\t\t\t\t<\/div>\n\t\t<\/section>\n\t\t\t\t<div class=\"elementor-element elementor-element-310af99 elementor-widget elementor-widget-text-editor\" data-id=\"310af99\" data-element_type=\"widget\" data-widget_type=\"text-editor.default\">\n\t\t\t\t<div class=\"elementor-widget-container\">\n\t\t\t\t\t\t\t\t\t<h2>Bienen und Streuobst: BNE-Klassenfahrt in die S\u00e4chsische Schweiz<\/h2>\t\t\t\t\t\t\t\t<\/div>\n\t\t\t\t<\/div>\n\t\t\t\t<section class=\"elementor-section elementor-inner-section elementor-element elementor-element-b8e684d elementor-section-boxed elementor-section-height-default elementor-section-height-default\" data-id=\"b8e684d\" data-element_type=\"section\">\n\t\t\t\t\t\t<div class=\"elementor-container elementor-column-gap-no\">\n\t\t\t\t\t<div class=\"elementor-column elementor-col-50 elementor-inner-column elementor-element elementor-element-6bffe86\" data-id=\"6bffe86\" data-element_type=\"column\">\n\t\t\t<div class=\"elementor-widget-wrap elementor-element-populated\">\n\t\t\t\t\t\t<div class=\"elementor-element elementor-element-1dfd9d9 elementor-widget elementor-widget-image\" data-id=\"1dfd9d9\" data-element_type=\"widget\" data-widget_type=\"image.default\">\n\t\t\t\t<div class=\"elementor-widget-container\">\n\t\t\t\t\t\t\t\t\t\t\t\t\t\t\t\t<a href=\"https:\/\/www.herole.de\/blog\/wp-content\/uploads\/streuobstwiese_saechsische_schweiz.jpg\" data-elementor-open-lightbox=\"yes\" data-elementor-lightbox-title=\"streuobstwiese_saechsische_schweiz\" data-elementor-lightbox-description=\"Landgut Kemper und Schlomski\" data-e-action-hash=\"#elementor-action%3Aaction%3Dlightbox%26settings%3DeyJpZCI6MTUxMDUsInVybCI6Imh0dHBzOlwvXC93d3cuaGVyb2xlLmRlXC9ibG9nXC93cC1jb250ZW50XC91cGxvYWRzXC9zdHJldW9ic3R3aWVzZV9zYWVjaHNpc2NoZV9zY2h3ZWl6LmpwZyJ9\">\n\t\t\t\t\t\t\t<img decoding=\"async\" width=\"1024\" height=\"683\" src=\"https:\/\/www.herole.de\/blog\/wp-content\/uploads\/streuobstwiese_saechsische_schweiz-1024x683.jpg\" class=\"attachment-large size-large wp-image-15105\" alt=\"Eine Streuobstwiese in der S\u00e4chsischen Schweiz steht in voller Bl\u00fcte.\" srcset=\"https:\/\/www.herole.de\/blog\/wp-content\/uploads\/streuobstwiese_saechsische_schweiz-1024x683.jpg 1024w, https:\/\/www.herole.de\/blog\/wp-content\/uploads\/streuobstwiese_saechsische_schweiz-300x200.jpg 300w, https:\/\/www.herole.de\/blog\/wp-content\/uploads\/streuobstwiese_saechsische_schweiz-768x512.jpg 768w, https:\/\/www.herole.de\/blog\/wp-content\/uploads\/streuobstwiese_saechsische_schweiz-1536x1024.jpg 1536w, https:\/\/www.herole.de\/blog\/wp-content\/uploads\/streuobstwiese_saechsische_schweiz.jpg 1920w\" sizes=\"(max-width: 1024px) 100vw, 1024px\" \/>\t\t\t\t\t\t\t\t<\/a>\n\t\t\t\t\t\t\t\t\t\t\t\t\t\t\t<\/div>\n\t\t\t\t<\/div>\n\t\t\t\t\t<\/div>\n\t\t<\/div>\n\t\t\t\t<div class=\"elementor-column elementor-col-50 elementor-inner-column elementor-element elementor-element-aa6a5fb\" data-id=\"aa6a5fb\" data-element_type=\"column\">\n\t\t\t<div class=\"elementor-widget-wrap elementor-element-populated\">\n\t\t\t\t\t\t<div class=\"elementor-element elementor-element-d8a46ad elementor-widget elementor-widget-text-editor\" data-id=\"d8a46ad\" data-element_type=\"widget\" data-widget_type=\"text-editor.default\">\n\t\t\t\t<div class=\"elementor-widget-container\">\n\t\t\t\t\t\t\t\t\t<p>Fr\u00fcher ging es doch auch anders? Dieser Frage gehen Sch\u00fcler bei einer BNE-Klassenfahrt in der S\u00e4chsischen Schweiz nach. Bei einer <strong>gef\u00fchrten Kr\u00e4uterwanderung<\/strong> oder beim Besuch in einer Art <strong>Freilichtmuseum mit historischen Handwerksbetrieben<\/strong> erfahren sie, wie fr\u00fcher Lebensmittel erzeugt wurden und warum dies heute keine Option mehr ist. Ein Highlight dieser BNE-Klassenfahrt mit dem Schwerpunkt Naturschutz ist ein Besuch des ersten <strong>Bienenwalds<\/strong> in Sachsen, der als <a href=\"#linksammlung\">Projekt der UN-Dekade Biologische Vielfalt<\/a> ausgezeichnet wurde. Sch\u00fcler lernen, wie wichtig die Wildbienen f\u00fcr das \u00f6kologische Gleichgewicht der Natur sind und welche Bedeutung eine Streuobstwiese f\u00fcr Wildtiere, Insekten und Pflanzen hat. Dabei wird auch auf die Gefahren des Waldsterbens durch lange D\u00fcrreperioden und Sch\u00e4dlingsbefall hingewiesen.<\/p>\t\t\t\t\t\t\t\t<\/div>\n\t\t\t\t<\/div>\n\t\t\t\t\t<\/div>\n\t\t<\/div>\n\t\t\t\t\t<\/div>\n\t\t<\/section>\n\t\t\t\t<div class=\"elementor-element elementor-element-42210020 elementor-cta--valign-top lines lines-2 elementor-cta--skin-classic elementor-animated-content elementor-bg-transform elementor-bg-transform-zoom-in elementor-widget elementor-widget-call-to-action\" data-id=\"42210020\" data-element_type=\"widget\" data-widget_type=\"call-to-action.default\">\n\t\t\t\t<div class=\"elementor-widget-container\">\n\t\t\t\t\t\t\t<div class=\"elementor-cta\">\n\t\t\t\t\t\t\t<div class=\"elementor-cta__content\">\n\t\t\t\t\n\t\t\t\t\t\t\t\t\t<h2 class=\"elementor-cta__title elementor-cta__content-item elementor-content-item\">\n\t\t\t\t\t\tUnsere Angebote\t\t\t\t\t<\/h2>\n\t\t\t\t\n\t\t\t\t\t\t\t\t\t<div class=\"elementor-cta__description elementor-cta__content-item elementor-content-item\">\n\t\t\t\t\t\tEntdecken Sie tolle Angebote f\u00fcr BNE Klassenfahrten in die S\u00e4chsische Schweiz!\t\t\t\t\t<\/div>\n\t\t\t\t\n\t\t\t\t\t\t\t\t\t<div class=\"elementor-cta__button-wrapper elementor-cta__content-item elementor-content-item \">\n\t\t\t\t\t<a class=\"elementor-cta__button elementor-button elementor-size-\" href=\"https:\/\/www.herole.de\/klassenfahrten-bne\/saechsische-schweiz-bne-bahnreise\" target=\"_blank\">\n\t\t\t\t\t\tMehr dazu\t\t\t\t\t<\/a>\n\t\t\t\t\t<\/div>\n\t\t\t\t\t\t\t<\/div>\n\t\t\t\t\t\t<\/div>\n\t\t\t\t\t\t<\/div>\n\t\t\t\t<\/div>\n\t\t\t\t<div class=\"elementor-element elementor-element-a2dd234 elementor-widget elementor-widget-text-editor\" data-id=\"a2dd234\" data-element_type=\"widget\" data-widget_type=\"text-editor.default\">\n\t\t\t\t<div class=\"elementor-widget-container\">\n\t\t\t\t\t\t\t\t\t<h2>Gef\u00e4hrdete Meere: BNE-Klassenfahrt an Nordsee- und Ostsee<\/h2><p>Eine noch intensivere Lernerfahrung ist eine BNE-Klassenfahrt mit dem Schwerpunkt Umweltschutz an den deutschen K\u00fcsten. Bei einer Klassenfahrt auf die Nordseeinsel <strong>Sylt<\/strong> steht beispielsweise der Schutz der Meere im Mittelpunkt. Die Sch\u00fcler besuchen die <strong>Schutzstation Wattenmeer in H\u00f6rnum<\/strong>, in der ihnen das einzigartige \u00d6kosystem des Nationalparks Wattenmeer n\u00e4hergebracht wird.<\/p><p>Das <strong>Aktivprogramm &#8222;Umwelt sch\u00fctzen&#8220;<\/strong> umfasst verschiedene Aktivit\u00e4ten wie das Ausrupfen invasiver Pflanzenarten oder das Einsammeln von M\u00fcll am Strand. Sp\u00e4testens dabei wird den Sch\u00fclern deutlich, wie stark das Meer verm\u00fcllt ist. Bei einem Vortrag mit anschlie\u00dfender Gespr\u00e4chsrunde in der Unterkunft teilen sie ihre Eindr\u00fccke mit einem fachkundigen Experten und erhalten praktische Vorschl\u00e4ge zur M\u00fcllvermeidung.<\/p><p>Hautnah l\u00e4sst sich die Arbeit engagierter Wissenschaftler bei einem <strong>Besuch des Alfred-Wegener-Instituts des Helmholtz-Zentrums f\u00fcr Polar- und Meeresforschung<\/strong> beobachten. Weitere spannende Programmpunkte umfassen eine Bootsfahrt zu den Seehundb\u00e4nken in der Nordsee, ein Rundgang durch das Sylt-Aquarium in Westerland und ein Besuch des Erlebniszentrums Naturgewalten Sylt in List. Witterungsabh\u00e4ngig sind auch F\u00fchrungen durch das <strong>Wattenmeer<\/strong> oder die Sylter D\u00fcnenlandschaft m\u00f6glich.<\/p><h3>Meereskunde im Ozeaneum Stralsund<\/h3>\t\t\t\t\t\t\t\t<\/div>\n\t\t\t\t<\/div>\n\t\t\t\t<section class=\"elementor-section elementor-inner-section elementor-element elementor-element-7243e06 elementor-reverse-tablet elementor-reverse-mobile elementor-section-boxed elementor-section-height-default elementor-section-height-default\" data-id=\"7243e06\" data-element_type=\"section\">\n\t\t\t\t\t\t<div class=\"elementor-container elementor-column-gap-no\">\n\t\t\t\t\t<div class=\"elementor-column elementor-col-50 elementor-inner-column elementor-element elementor-element-5688fd3\" data-id=\"5688fd3\" data-element_type=\"column\">\n\t\t\t<div class=\"elementor-widget-wrap elementor-element-populated\">\n\t\t\t\t\t\t<div class=\"elementor-element elementor-element-0cc20a4 elementor-widget elementor-widget-text-editor\" data-id=\"0cc20a4\" data-element_type=\"widget\" data-widget_type=\"text-editor.default\">\n\t\t\t\t<div class=\"elementor-widget-container\">\n\t\t\t\t\t\t\t\t\t<p>Vergleichbare BNE-Klassenfahrten mit Schwerpunkt Schutz der Meere sind auch an die <strong>niederl\u00e4ndische Nordseek\u00fcste<\/strong> und an die deutsche Ostseek\u00fcste m\u00f6glich. In den Niederlanden besteht die M\u00f6glichkeit, auf der beliebten Insel Terschelling an Strands\u00e4uberungen teilzunehmen und eine Bootsfahrt mit einem traditionellen Fischkutter zu unternehmen.<\/p><p>Bei Klassenfahrten nach Mecklenburg-Vorpommern steht ein Besuch des OZEANEUMS in Stralsund im Mittelpunkt. Auch hier werden sich die Sch\u00fcler in der <strong>Themenwerkstatt<\/strong> umfassend mit dem Themenkomplex Verm\u00fcllung der Meere und Artenschutz besch\u00e4ftigen. Erg\u00e4nzend dazu ist ein Workshop zum Thema Klimawandel im <strong>\u00d6kohaus Rostock<\/strong> empfehlenswert. Hier begreifen die Sch\u00fcler die Zusammenh\u00e4nge zwischen der globalen Klimaerw\u00e4rmung, dem Anstieg des Meeresspiegels und der Zerst\u00f6rung ganzer Lebensr\u00e4ume.<\/p>\t\t\t\t\t\t\t\t<\/div>\n\t\t\t\t<\/div>\n\t\t\t\t\t<\/div>\n\t\t<\/div>\n\t\t\t\t<div class=\"elementor-column elementor-col-50 elementor-inner-column elementor-element elementor-element-a515771\" data-id=\"a515771\" data-element_type=\"column\">\n\t\t\t<div class=\"elementor-widget-wrap elementor-element-populated\">\n\t\t\t\t\t\t<div class=\"elementor-element elementor-element-00a2695 elementor-widget elementor-widget-image\" data-id=\"00a2695\" data-element_type=\"widget\" data-widget_type=\"image.default\">\n\t\t\t\t<div class=\"elementor-widget-container\">\n\t\t\t\t\t\t\t\t\t\t\t\t\t\t\t\t<a href=\"https:\/\/www.herole.de\/blog\/wp-content\/uploads\/OZEANEUM_RadfahrervorOzeaneum_FotoJohannes-MariaSchlorke_img1640.jpg\" data-elementor-open-lightbox=\"yes\" data-elementor-lightbox-title=\"OZEANEUM_RadfahrervorOzeaneum_FotoJohannes-MariaSchlorke_img1640\" data-elementor-lightbox-description=\"Foto: Johannes-Maria Schlorke (c) OZEANEUM\" data-e-action-hash=\"#elementor-action%3Aaction%3Dlightbox%26settings%3DeyJpZCI6MTUxMDgsInVybCI6Imh0dHBzOlwvXC93d3cuaGVyb2xlLmRlXC9ibG9nXC93cC1jb250ZW50XC91cGxvYWRzXC9PWkVBTkVVTV9SYWRmYWhyZXJ2b3JPemVhbmV1bV9Gb3RvSm9oYW5uZXMtTWFyaWFTY2hsb3JrZV9pbWcxNjQwLmpwZyJ9\">\n\t\t\t\t\t\t\t<img loading=\"lazy\" decoding=\"async\" width=\"1024\" height=\"683\" src=\"https:\/\/www.herole.de\/blog\/wp-content\/uploads\/OZEANEUM_RadfahrervorOzeaneum_FotoJohannes-MariaSchlorke_img1640-1024x683.jpg\" class=\"attachment-large size-large wp-image-15108\" alt=\"Radfahrer stehen vor dem OZEANEUM in Stalsund.\" srcset=\"https:\/\/www.herole.de\/blog\/wp-content\/uploads\/OZEANEUM_RadfahrervorOzeaneum_FotoJohannes-MariaSchlorke_img1640-1024x683.jpg 1024w, https:\/\/www.herole.de\/blog\/wp-content\/uploads\/OZEANEUM_RadfahrervorOzeaneum_FotoJohannes-MariaSchlorke_img1640-300x200.jpg 300w, https:\/\/www.herole.de\/blog\/wp-content\/uploads\/OZEANEUM_RadfahrervorOzeaneum_FotoJohannes-MariaSchlorke_img1640-768x512.jpg 768w, https:\/\/www.herole.de\/blog\/wp-content\/uploads\/OZEANEUM_RadfahrervorOzeaneum_FotoJohannes-MariaSchlorke_img1640-1536x1024.jpg 1536w, https:\/\/www.herole.de\/blog\/wp-content\/uploads\/OZEANEUM_RadfahrervorOzeaneum_FotoJohannes-MariaSchlorke_img1640.jpg 1920w\" sizes=\"(max-width: 1024px) 100vw, 1024px\" \/>\t\t\t\t\t\t\t\t<\/a>\n\t\t\t\t\t\t\t\t\t\t\t\t\t\t\t<\/div>\n\t\t\t\t<\/div>\n\t\t\t\t\t<\/div>\n\t\t<\/div>\n\t\t\t\t\t<\/div>\n\t\t<\/section>\n\t\t\t\t<div class=\"elementor-element elementor-element-90642d9 elementor-cta--valign-top lines lines-2 elementor-cta--skin-classic elementor-animated-content elementor-bg-transform elementor-bg-transform-zoom-in elementor-widget elementor-widget-call-to-action\" data-id=\"90642d9\" data-element_type=\"widget\" data-widget_type=\"call-to-action.default\">\n\t\t\t\t<div class=\"elementor-widget-container\">\n\t\t\t\t\t\t\t<div class=\"elementor-cta\">\n\t\t\t\t\t\t\t<div class=\"elementor-cta__content\">\n\t\t\t\t\n\t\t\t\t\t\t\t\t\t<h2 class=\"elementor-cta__title elementor-cta__content-item elementor-content-item\">\n\t\t\t\t\t\tUnsere Angebote\t\t\t\t\t<\/h2>\n\t\t\t\t\n\t\t\t\t\t\t\t\t\t<div class=\"elementor-cta__description elementor-cta__content-item elementor-content-item\">\n\t\t\t\t\t\tEntdecken Sie tolle Angebote f\u00fcr BNE Klassenfahrten an die Ostsee!\t\t\t\t\t<\/div>\n\t\t\t\t\n\t\t\t\t\t\t\t\t\t<div class=\"elementor-cta__button-wrapper elementor-cta__content-item elementor-content-item \">\n\t\t\t\t\t<a class=\"elementor-cta__button elementor-button elementor-size-\" href=\"https:\/\/www.herole.de\/klassenfahrten-bne\/ostsee-warnemuende-bne-reise-bahnreise\" target=\"_blank\">\n\t\t\t\t\t\tMehr dazu\t\t\t\t\t<\/a>\n\t\t\t\t\t<\/div>\n\t\t\t\t\t\t\t<\/div>\n\t\t\t\t\t\t<\/div>\n\t\t\t\t\t\t<\/div>\n\t\t\t\t<\/div>\n\t\t\t\t<div class=\"elementor-element elementor-element-167e1a0a elementor-widget elementor-widget-text-editor\" data-id=\"167e1a0a\" data-element_type=\"widget\" data-widget_type=\"text-editor.default\">\n\t\t\t\t<div class=\"elementor-widget-container\">\n\t\t\t\t\t\t\t\t\t<h2>Umweltschutz im Kleinen und im Gro\u00dfen<\/h2><p>BNE-Klassenfahrten zum Thema Umweltschutz k\u00f6nnen viele Formen annehmen. Je nach Alter und Engagement der Sch\u00fcler kann ein mehrt\u00e4giges Aktivprogramm aus verschiedenen Bausteinen zusammengestellt werden. Gerade j\u00fcngere Sch\u00fcler sind damit jedoch h\u00e4ufig noch \u00fcberfordert. F\u00fcr sie empfiehlt es sich, ein oder zwei halbt\u00e4gige Programmbausteine mit anderen Aktivit\u00e4ten zu kombinieren. Sie k\u00f6nnen zum Beispiel im Rahmen der <a href=\"#linksammlung\">Aktion Plastic Pirates <\/a>an einem Flussabschnitt oder Seeufer in Deutschland Plastikm\u00fcll einsammeln und sp\u00e4ter zur Belohnung eine spannende Schnitzeljagd unternehmen oder im Freizeitbad toben.<\/p><p>\u00c4ltere Sch\u00fcler k\u00f6nnen sich vor allem in den <strong>MINT-F\u00e4chern<\/strong> mit Themen wie <strong>erneuerbaren Energien<\/strong> auseinandersetzen. Sie lernen wie Energie aus Sonnenlicht oder Windkraft generiert werden und wie sich mit verschiedenen kleinen Ma\u00dfnahmen im eigenen Heim Strom sparen l\u00e4sst. Bei vielen BNE-Klassenfahrten k\u00f6nnen entsprechende Workshops, Laborexperimente oder auch Besichtigungen arrangiert werden. Die <strong>Gl\u00e4serne Manufaktur von VW in Dresden<\/strong> bietet beispielsweise Workshops zum Thema <strong>Elektromobilit\u00e4t<\/strong> an.<\/p><p>Nicht minder interessant ist ein Einblick in das<strong> Innenleben der allgegenw\u00e4rtigen Smartphones<\/strong>. Wie funktionieren sie eigentlich, welche wertvollen Materialien werden zur Herstellung ben\u00f6tigt und was bedeutet <strong>geplante Obsolezenz<\/strong>? Die Sch\u00fcler entwickeln nicht nur ein neues technisches Verst\u00e4ndnis f\u00fcr ihre Alltagsbegleiter, sondern auch f\u00fcr die globalen Konflikte, die die F\u00f6rderung sogenannter <strong>seltener Erden<\/strong> ausl\u00f6st und welche Probleme bei der Entsorgung entstehen.<\/p>\t\t\t\t\t\t\t\t<\/div>\n\t\t\t\t<\/div>\n\t\t\t\t<div class=\"elementor-element elementor-element-63244a5 elementor-cta--valign-top lines lines-1 elementor-cta--skin-classic elementor-animated-content elementor-bg-transform elementor-bg-transform-zoom-in elementor-widget elementor-widget-call-to-action\" data-id=\"63244a5\" data-element_type=\"widget\" data-widget_type=\"call-to-action.default\">\n\t\t\t\t<div class=\"elementor-widget-container\">\n\t\t\t\t\t\t\t<div class=\"elementor-cta\">\n\t\t\t\t\t\t\t<div class=\"elementor-cta__content\">\n\t\t\t\t\n\t\t\t\t\t\t\t\t\t<h2 class=\"elementor-cta__title elementor-cta__content-item elementor-content-item\">\n\t\t\t\t\t\tLesetipp\t\t\t\t\t<\/h2>\n\t\t\t\t\n\t\t\t\t\t\t\t\t\t<div class=\"elementor-cta__description elementor-cta__content-item elementor-content-item\">\n\t\t\t\t\t\tHier finden Sie Tipps, wie Sie das Thema Nachhaltigkeit im Unterricht aufgreifen k\u00f6nnen.\t\t\t\t\t<\/div>\n\t\t\t\t\n\t\t\t\t\t\t\t\t\t<div class=\"elementor-cta__button-wrapper elementor-cta__content-item elementor-content-item \">\n\t\t\t\t\t<a class=\"elementor-cta__button elementor-button elementor-size-\" href=\"https:\/\/www.herole.de\/blog\/nachhaltigkeit-im-klassenzimmer\/\">\n\t\t\t\t\t\tJetzt mehr erfahren\t\t\t\t\t<\/a>\n\t\t\t\t\t<\/div>\n\t\t\t\t\t\t\t<\/div>\n\t\t\t\t\t\t<\/div>\n\t\t\t\t\t\t<\/div>\n\t\t\t\t<\/div>\n\t\t\t\t<div class=\"elementor-element elementor-element-5063f68c elementor-widget elementor-widget-heading\" data-id=\"5063f68c\" data-element_type=\"widget\" data-widget_type=\"heading.default\">\n\t\t\t\t<div class=\"elementor-widget-container\">\n\t\t\t\t\t<h2 class=\"elementor-heading-title elementor-size-default\">Weitere Informationen zu BNE-Klassenfahrten<\/h2>\t\t\t\t<\/div>\n\t\t\t\t<\/div>\n\t\t\t\t<div class=\"elementor-element elementor-element-fcb2cdd elementor-posts__hover-none one-line-tiles elementor-widget-tablet__width-initial elementor-widget-mobile__width-initial elementor-grid-3 elementor-grid-tablet-2 elementor-grid-mobile-1 elementor-posts--thumbnail-top elementor-card-shadow-yes elementor-widget elementor-widget-posts\" data-id=\"fcb2cdd\" data-element_type=\"widget\" data-settings=\"{&quot;cards_columns&quot;:&quot;3&quot;,&quot;cards_columns_tablet&quot;:&quot;2&quot;,&quot;cards_columns_mobile&quot;:&quot;1&quot;,&quot;cards_row_gap&quot;:{&quot;unit&quot;:&quot;px&quot;,&quot;size&quot;:35,&quot;sizes&quot;:[]},&quot;cards_row_gap_tablet&quot;:{&quot;unit&quot;:&quot;px&quot;,&quot;size&quot;:&quot;&quot;,&quot;sizes&quot;:[]},&quot;cards_row_gap_mobile&quot;:{&quot;unit&quot;:&quot;px&quot;,&quot;size&quot;:&quot;&quot;,&quot;sizes&quot;:[]}}\" data-widget_type=\"posts.cards\">\n\t\t\t\t<div class=\"elementor-widget-container\">\n\t\t\t\t\t\t\t<div class=\"elementor-posts-container elementor-posts elementor-posts--skin-cards elementor-grid\">\n\t\t\t\t<article class=\"elementor-post elementor-grid-item post-15128 post type-post status-publish format-standard has-post-thumbnail hentry category-unterrichtsvorbereitung tag-cluster-bne\">\n\t\t\t<div class=\"elementor-post__card\">\n\t\t\t\t<a class=\"elementor-post__thumbnail__link\" href=\"https:\/\/www.herole.de\/blog\/bne-im-unterricht\/\" tabindex=\"-1\" ><div class=\"elementor-post__thumbnail\"><img loading=\"lazy\" decoding=\"async\" width=\"300\" height=\"200\" src=\"https:\/\/www.herole.de\/blog\/wp-content\/uploads\/arbeitsgruppe_unterricht_schule-300x200.jpg\" class=\"attachment-medium size-medium wp-image-15129\" alt=\"\" srcset=\"https:\/\/www.herole.de\/blog\/wp-content\/uploads\/arbeitsgruppe_unterricht_schule-300x200.jpg 300w, https:\/\/www.herole.de\/blog\/wp-content\/uploads\/arbeitsgruppe_unterricht_schule-1024x683.jpg 1024w, https:\/\/www.herole.de\/blog\/wp-content\/uploads\/arbeitsgruppe_unterricht_schule-768x512.jpg 768w, https:\/\/www.herole.de\/blog\/wp-content\/uploads\/arbeitsgruppe_unterricht_schule-1536x1025.jpg 1536w, https:\/\/www.herole.de\/blog\/wp-content\/uploads\/arbeitsgruppe_unterricht_schule.jpg 1920w\" sizes=\"(max-width: 300px) 100vw, 300px\" \/><\/div><\/a>\n\t\t\t\t<div class=\"elementor-post__badge\">Unterrichtsvorbereitung<\/div>\n\t\t\t\t<div class=\"elementor-post__text\">\n\t\t\t\t<h3 class=\"elementor-post__title\">\n\t\t\t<a href=\"https:\/\/www.herole.de\/blog\/bne-im-unterricht\/\" >\n\t\t\t\tBNE im Unterricht\t\t\t<\/a>\n\t\t<\/h3>\n\t\t\t\t<\/div>\n\t\t\t\t<div class=\"elementor-post__meta-data\">\n\t\t\t\t\t<span class=\"elementor-post-date\">\n\t\t\t23. September 2020\t\t<\/span>\n\t\t\t\t<\/div>\n\t\t\t\t\t<\/div>\n\t\t<\/article>\n\t\t\t\t<article class=\"elementor-post elementor-grid-item post-14965 post type-post status-publish format-standard has-post-thumbnail hentry category-nachhaltigkeit tag-cluster-bne tag-la007767 tag-la008143 tag-la008144 tag-la008145 tag-la008146 tag-la008147 tag-la008148 tag-la008230 tag-la008290 tag-la008340\">\n\t\t\t<div class=\"elementor-post__card\">\n\t\t\t\t<a class=\"elementor-post__thumbnail__link\" href=\"https:\/\/www.herole.de\/blog\/bne-klassenfahrten-ernaehrung\/\" tabindex=\"-1\" ><div class=\"elementor-post__thumbnail\"><img loading=\"lazy\" decoding=\"async\" width=\"300\" height=\"200\" src=\"https:\/\/www.herole.de\/blog\/wp-content\/uploads\/Einpflanzen-4c0d5add6a5dca05b13aad6eae4e4f79-300x200.jpg\" class=\"attachment-medium size-medium wp-image-14851\" alt=\"Zwei junge Sch\u00fclerinnen Setzen Pflanzen in ein Beet ein.\" srcset=\"https:\/\/www.herole.de\/blog\/wp-content\/uploads\/Einpflanzen-4c0d5add6a5dca05b13aad6eae4e4f79-300x200.jpg 300w, https:\/\/www.herole.de\/blog\/wp-content\/uploads\/Einpflanzen-4c0d5add6a5dca05b13aad6eae4e4f79-1024x683.jpg 1024w, https:\/\/www.herole.de\/blog\/wp-content\/uploads\/Einpflanzen-4c0d5add6a5dca05b13aad6eae4e4f79-768x512.jpg 768w, https:\/\/www.herole.de\/blog\/wp-content\/uploads\/Einpflanzen-4c0d5add6a5dca05b13aad6eae4e4f79-1536x1024.jpg 1536w, https:\/\/www.herole.de\/blog\/wp-content\/uploads\/Einpflanzen-4c0d5add6a5dca05b13aad6eae4e4f79.jpg 1920w\" sizes=\"(max-width: 300px) 100vw, 300px\" \/><\/div><\/a>\n\t\t\t\t<div class=\"elementor-post__badge\">Nachhaltigkeit<\/div>\n\t\t\t\t<div class=\"elementor-post__text\">\n\t\t\t\t<h3 class=\"elementor-post__title\">\n\t\t\t<a href=\"https:\/\/www.herole.de\/blog\/bne-klassenfahrten-ernaehrung\/\" >\n\t\t\t\tBNE-Klassenfahrten zum Thema Ern\u00e4hrung\t\t\t<\/a>\n\t\t<\/h3>\n\t\t\t\t<\/div>\n\t\t\t\t<div class=\"elementor-post__meta-data\">\n\t\t\t\t\t<span class=\"elementor-post-date\">\n\t\t\t2. September 2020\t\t<\/span>\n\t\t\t\t<\/div>\n\t\t\t\t\t<\/div>\n\t\t<\/article>\n\t\t\t\t<article class=\"elementor-post elementor-grid-item post-15098 post type-post status-publish format-standard has-post-thumbnail hentry category-nachhaltigkeit tag-cluster-bne tag-la007767 tag-la008143 tag-la008144 tag-la008145 tag-la008146 tag-la008147 tag-la008148 tag-la008230 tag-la008290 tag-la008340\">\n\t\t\t<div class=\"elementor-post__card\">\n\t\t\t\t<a class=\"elementor-post__thumbnail__link\" href=\"https:\/\/www.herole.de\/blog\/bne-klassenfahrten-umweltschutz-naturschutz\/\" tabindex=\"-1\" ><div class=\"elementor-post__thumbnail\"><img loading=\"lazy\" decoding=\"async\" width=\"300\" height=\"200\" src=\"https:\/\/www.herole.de\/blog\/wp-content\/uploads\/windraeder_wald-300x200.jpg\" class=\"attachment-medium size-medium wp-image-15099\" alt=\"Eine Gruppe steht unter einem Windrad.\" srcset=\"https:\/\/www.herole.de\/blog\/wp-content\/uploads\/windraeder_wald-300x200.jpg 300w, https:\/\/www.herole.de\/blog\/wp-content\/uploads\/windraeder_wald-1024x682.jpg 1024w, https:\/\/www.herole.de\/blog\/wp-content\/uploads\/windraeder_wald-768x511.jpg 768w, https:\/\/www.herole.de\/blog\/wp-content\/uploads\/windraeder_wald-1536x1022.jpg 1536w, https:\/\/www.herole.de\/blog\/wp-content\/uploads\/windraeder_wald.jpg 1920w\" sizes=\"(max-width: 300px) 100vw, 300px\" \/><\/div><\/a>\n\t\t\t\t<div class=\"elementor-post__badge\">Nachhaltigkeit<\/div>\n\t\t\t\t<div class=\"elementor-post__text\">\n\t\t\t\t<h3 class=\"elementor-post__title\">\n\t\t\t<a href=\"https:\/\/www.herole.de\/blog\/bne-klassenfahrten-umweltschutz-naturschutz\/\" >\n\t\t\t\tBNE-Klassenfahrten: Umwelt- &#038; Naturschutz\t\t\t<\/a>\n\t\t<\/h3>\n\t\t\t\t<\/div>\n\t\t\t\t<div class=\"elementor-post__meta-data\">\n\t\t\t\t\t<span class=\"elementor-post-date\">\n\t\t\t16. September 2020\t\t<\/span>\n\t\t\t\t<\/div>\n\t\t\t\t\t<\/div>\n\t\t<\/article>\n\t\t\t\t<\/div>\n\t\t\n\t\t\t\t\t\t<\/div>\n\t\t\t\t<\/div>\n\t\t\t\t<div class=\"elementor-element elementor-element-26c6a360 elementor-widget elementor-widget-button\" data-id=\"26c6a360\" data-element_type=\"widget\" data-widget_type=\"button.default\">\n\t\t\t\t<div class=\"elementor-widget-container\">\n\t\t\t\t\t\t\t\t\t<div class=\"elementor-button-wrapper\">\n\t\t\t\t\t<a class=\"elementor-button elementor-button-link elementor-size-sm\" href=\"https:\/\/www.herole.de\/blog\/bildung-nachhaltige-entwicklung\">\n\t\t\t\t\t\t<span class=\"elementor-button-content-wrapper\">\n\t\t\t\t\t\t\t\t\t<span class=\"elementor-button-text\">Mehr zum Thema BNE<\/span>\n\t\t\t\t\t<\/span>\n\t\t\t\t\t<\/a>\n\t\t\t\t<\/div>\n\t\t\t\t\t\t\t\t<\/div>\n\t\t\t\t<\/div>\n\t\t\t\t<div class=\"elementor-element elementor-element-30cedf6 elementor-widget elementor-widget-menu-anchor\" data-id=\"30cedf6\" data-element_type=\"widget\" data-widget_type=\"menu-anchor.default\">\n\t\t\t\t<div class=\"elementor-widget-container\">\n\t\t\t\t\t\t\t<div class=\"elementor-menu-anchor\" id=\"linksammlung\"><\/div>\n\t\t\t\t\t\t<\/div>\n\t\t\t\t<\/div>\n\t\t\t\t<div class=\"elementor-element elementor-element-38852da8 elementor-widget elementor-widget-text-editor\" data-id=\"38852da8\" data-element_type=\"widget\" data-widget_type=\"text-editor.default\">\n\t\t\t\t<div class=\"elementor-widget-container\">\n\t\t\t\t\t\t\t\t\t<h2>Linksammlung<\/h2><ul><li>BNE-Portal: <a href=\"https:\/\/www.bne-portal.de\/de\/lernmaterialien-2454.php\" target=\"_blank\" rel=\"noopener\">Lehr- und Unterrichtsmaterialien<\/a><\/li><li>Bundesamt f\u00fcr Naturschutz: <a href=\"https:\/\/www.bfn.de\/themen\/gebietsschutz-grossschutzgebiete\/naturschutzgebiete.html\" target=\"_blank\" rel=\"noopener\">Naturschutzgebiete<\/a><\/li><li>Projekt der UN-Dekade Biologische Vielfalt: <a href=\"https:\/\/www.lgks.eu\/de\/bienenwald\/auszeichnung-projekt-der-un-dekade-biologische-vielfalt\">Bienenwald Sachsen<\/a><\/li><li>Plastik Pirates: <a href=\"https:\/\/www.plastic-pirates.eu\/de\">Website<\/a><\/li><\/ul>\t\t\t\t\t\t\t\t<\/div>\n\t\t\t\t<\/div>\n\t\t\t\t<div class=\"elementor-element elementor-element-14cb5db3 elementor-widget elementor-widget-text-editor\" data-id=\"14cb5db3\" data-element_type=\"widget\" data-widget_type=\"text-editor.default\">\n\t\t\t\t<div class=\"elementor-widget-container\">\n\t\t\t\t\t\t\t\t\t<h2>Bildnachweis<\/h2><ul><li>Titelbild: Eine Gruppe steht unter einem Windrad im Wald \u00a9 Daniel Schoenen<\/li><li>Plastikm\u00fcll am Strand \u00a9 Schutzstation Wattenmeer Archiv<\/li><li>Gruppe auf Wanderung in den Nationalpark \u00a9 Nationalparkzentrum Vorpommersche Boddenlandschaft<\/li><li>Streuobstwiese \u00a9 Landgut Kemper und Schlomski<\/li><li>Radfahrer vor dem OZEANEUM in Stralsund \u00a9 OZEANEUM, Foto: Johannes Maria Schlorke<\/li><li>Fuchs auf der Jagd: Sandra Standbridge\/ <a href=\"https:\/\/www.shutterstock.com\/\">shutterstock.com<\/a><\/li><\/ul>\t\t\t\t\t\t\t\t<\/div>\n\t\t\t\t<\/div>\n\t\t\t\t\t<\/div>\n\t\t<\/div>\n\t\t\t\t\t<\/div>\n\t\t<\/section>\n\t\t\t\t<\/div>\n\t\t","protected":false},"excerpt":{"rendered":"<p>In den letzten Jahren wurde immer deutlicher, dass der Mensch auf Kosten der Umwelt lebt und ihr damit massiv schadet. Dadurch kommt dem Umweltschutz eine immer gr\u00f6\u00dfere Bedeutung zu. Auf einer BNE-Klassenfahrt mit dem Schwerpunkt Umweltschutz erfahren die Sch\u00fcler hautnah, wie sie selbst oft unbewusst zur Zerst\u00f6rung der Natur beitragen und was sie selbst zu ihrem Schutz tun k\u00f6nnen. <\/p>\n","protected":false},"author":6,"featured_media":15099,"comment_status":"closed","ping_status":"closed","sticky":false,"template":"","format":"standard","meta":{"footnotes":""},"categories":[207],"tags":[360,348,349,351,352,347,350,354,353,346,359],"class_list":["post-15098","post","type-post","status-publish","format-standard","has-post-thumbnail","hentry","category-nachhaltigkeit","tag-cluster-bne","tag-la007767","tag-la008143","tag-la008144","tag-la008145","tag-la008146","tag-la008147","tag-la008148","tag-la008230","tag-la008290","tag-la008340"],"yoast_head":"<!-- This site is optimized with the Yoast SEO plugin v26.0 - https:\/\/yoast.com\/wordpress\/plugins\/seo\/ -->\n<title>BNE-Klassenfahrten: Umwelt- &amp; Naturschutz - HEROL\u00c9 Ratgeber<\/title>\n<meta name=\"description\" content=\"Was k\u00f6nnen wir f\u00fcr unsere Umwelt tun? Und wie wirken sich allt\u00e4gliche Handlungen auf das gro\u00dfe Ganze aus? Erfahren Sie mehr zu BNE Klassenfahrten.\" \/>\n<meta name=\"robots\" content=\"index, follow, max-snippet:-1, max-image-preview:large, max-video-preview:-1\" \/>\n<link rel=\"canonical\" href=\"https:\/\/www.herole.de\/blog\/bne-klassenfahrten-umweltschutz-naturschutz\/\" \/>\n<meta property=\"og:locale\" content=\"de_DE\" \/>\n<meta property=\"og:type\" content=\"article\" \/>\n<meta property=\"og:title\" content=\"BNE-Klassenfahrten: Umwelt- &amp; Naturschutz - HEROL\u00c9 Ratgeber\" \/>\n<meta property=\"og:description\" content=\"Was k\u00f6nnen wir f\u00fcr unsere Umwelt tun? Und wie wirken sich allt\u00e4gliche Handlungen auf das gro\u00dfe Ganze aus? Erfahren Sie mehr zu BNE Klassenfahrten.\" \/>\n<meta property=\"og:url\" content=\"https:\/\/www.herole.de\/blog\/bne-klassenfahrten-umweltschutz-naturschutz\/\" \/>\n<meta property=\"og:site_name\" content=\"HEROL\u00c9 Ratgeber\" \/>\n<meta property=\"article:publisher\" content=\"https:\/\/www.facebook.com\/HeroleKlassenfahrten\" \/>\n<meta property=\"article:published_time\" content=\"2020-09-16T08:04:00+00:00\" \/>\n<meta property=\"article:modified_time\" content=\"2026-03-27T09:59:27+00:00\" \/>\n<meta property=\"og:image\" content=\"https:\/\/www.herole.de\/blog\/wp-content\/uploads\/windraeder_wald.jpg\" \/>\n\t<meta property=\"og:image:width\" content=\"1920\" \/>\n\t<meta property=\"og:image:height\" content=\"1278\" \/>\n\t<meta property=\"og:image:type\" content=\"image\/jpeg\" \/>\n<meta name=\"author\" content=\"Heike Philipp\" \/>\n<meta name=\"twitter:card\" content=\"summary_large_image\" \/>\n<meta name=\"twitter:creator\" content=\"@heike.bach\" \/>\n<meta name=\"twitter:site\" content=\"@herole_reisen\" \/>\n<meta name=\"twitter:label1\" content=\"Verfasst von\" \/>\n\t<meta name=\"twitter:data1\" content=\"Heike Philipp\" \/>\n\t<meta name=\"twitter:label2\" content=\"Gesch\u00e4tzte Lesezeit\" \/>\n\t<meta name=\"twitter:data2\" content=\"9\u00a0Minuten\" \/>\n<script type=\"application\/ld+json\" class=\"yoast-schema-graph\">{\"@context\":\"https:\/\/schema.org\",\"@graph\":[{\"@type\":\"Article\",\"@id\":\"https:\/\/www.herole.de\/blog\/bne-klassenfahrten-umweltschutz-naturschutz\/#article\",\"isPartOf\":{\"@id\":\"https:\/\/www.herole.de\/blog\/bne-klassenfahrten-umweltschutz-naturschutz\/\"},\"author\":{\"name\":\"Heike Philipp\",\"@id\":\"https:\/\/www.herole.de\/blog\/#\/schema\/person\/13fb982c1909aaffcf2c09f0fde399ba\"},\"headline\":\"BNE-Klassenfahrten: Umwelt- &#038; Naturschutz\",\"datePublished\":\"2020-09-16T08:04:00+00:00\",\"dateModified\":\"2026-03-27T09:59:27+00:00\",\"mainEntityOfPage\":{\"@id\":\"https:\/\/www.herole.de\/blog\/bne-klassenfahrten-umweltschutz-naturschutz\/\"},\"wordCount\":1328,\"publisher\":{\"@id\":\"https:\/\/www.herole.de\/blog\/#organization\"},\"image\":{\"@id\":\"https:\/\/www.herole.de\/blog\/bne-klassenfahrten-umweltschutz-naturschutz\/#primaryimage\"},\"thumbnailUrl\":\"https:\/\/www.herole.de\/blog\/wp-content\/uploads\/windraeder_wald.jpg\",\"keywords\":[\"Cluster: BNE\",\"LA007767\",\"LA008143\",\"LA008144\",\"LA008145\",\"LA008146\",\"LA008147\",\"LA008148\",\"LA008230\",\"LA008290\",\"LA008340\"],\"articleSection\":[\"Nachhaltigkeit\"],\"inLanguage\":\"de\"},{\"@type\":\"WebPage\",\"@id\":\"https:\/\/www.herole.de\/blog\/bne-klassenfahrten-umweltschutz-naturschutz\/\",\"url\":\"https:\/\/www.herole.de\/blog\/bne-klassenfahrten-umweltschutz-naturschutz\/\",\"name\":\"BNE-Klassenfahrten: Umwelt- & Naturschutz - HEROL\u00c9 Ratgeber\",\"isPartOf\":{\"@id\":\"https:\/\/www.herole.de\/blog\/#website\"},\"primaryImageOfPage\":{\"@id\":\"https:\/\/www.herole.de\/blog\/bne-klassenfahrten-umweltschutz-naturschutz\/#primaryimage\"},\"image\":{\"@id\":\"https:\/\/www.herole.de\/blog\/bne-klassenfahrten-umweltschutz-naturschutz\/#primaryimage\"},\"thumbnailUrl\":\"https:\/\/www.herole.de\/blog\/wp-content\/uploads\/windraeder_wald.jpg\",\"datePublished\":\"2020-09-16T08:04:00+00:00\",\"dateModified\":\"2026-03-27T09:59:27+00:00\",\"description\":\"Was k\u00f6nnen wir f\u00fcr unsere Umwelt tun? Und wie wirken sich allt\u00e4gliche Handlungen auf das gro\u00dfe Ganze aus? Erfahren Sie mehr zu BNE Klassenfahrten.\",\"breadcrumb\":{\"@id\":\"https:\/\/www.herole.de\/blog\/bne-klassenfahrten-umweltschutz-naturschutz\/#breadcrumb\"},\"inLanguage\":\"de\",\"potentialAction\":[{\"@type\":\"ReadAction\",\"target\":[\"https:\/\/www.herole.de\/blog\/bne-klassenfahrten-umweltschutz-naturschutz\/\"]}]},{\"@type\":\"ImageObject\",\"inLanguage\":\"de\",\"@id\":\"https:\/\/www.herole.de\/blog\/bne-klassenfahrten-umweltschutz-naturschutz\/#primaryimage\",\"url\":\"https:\/\/www.herole.de\/blog\/wp-content\/uploads\/windraeder_wald.jpg\",\"contentUrl\":\"https:\/\/www.herole.de\/blog\/wp-content\/uploads\/windraeder_wald.jpg\",\"width\":1920,\"height\":1278,\"caption\":\"Eine Gruppe steht unter einem Windrad.\"},{\"@type\":\"BreadcrumbList\",\"@id\":\"https:\/\/www.herole.de\/blog\/bne-klassenfahrten-umweltschutz-naturschutz\/#breadcrumb\",\"itemListElement\":[{\"@type\":\"ListItem\",\"position\":1,\"name\":\"Startseite\",\"item\":\"https:\/\/www.herole.de\/blog\/\"},{\"@type\":\"ListItem\",\"position\":2,\"name\":\"BNE-Klassenfahrten: Umwelt- &#038; Naturschutz\"}]},{\"@type\":\"WebSite\",\"@id\":\"https:\/\/www.herole.de\/blog\/#website\",\"url\":\"https:\/\/www.herole.de\/blog\/\",\"name\":\"HEROL\u00c9 Ratgeber\",\"description\":\"Wissenswertes rund um die Organisation von Klassenfahrten, zudem Lehrertipps und Themen des Schulalltags.\",\"publisher\":{\"@id\":\"https:\/\/www.herole.de\/blog\/#organization\"},\"potentialAction\":[{\"@type\":\"SearchAction\",\"target\":{\"@type\":\"EntryPoint\",\"urlTemplate\":\"https:\/\/www.herole.de\/blog\/?s={search_term_string}\"},\"query-input\":{\"@type\":\"PropertyValueSpecification\",\"valueRequired\":true,\"valueName\":\"search_term_string\"}}],\"inLanguage\":\"de\"},{\"@type\":\"Organization\",\"@id\":\"https:\/\/www.herole.de\/blog\/#organization\",\"name\":\"HEROL\u00c9 Reisen GmbH\",\"url\":\"https:\/\/www.herole.de\/blog\/\",\"logo\":{\"@type\":\"ImageObject\",\"inLanguage\":\"de\",\"@id\":\"https:\/\/www.herole.de\/blog\/#\/schema\/logo\/image\/\",\"url\":\"https:\/\/www.herole.de\/blog\/wp-content\/uploads\/herole-logo.png\",\"contentUrl\":\"https:\/\/www.herole.de\/blog\/wp-content\/uploads\/herole-logo.png\",\"width\":274,\"height\":70,\"caption\":\"HEROL\u00c9 Reisen GmbH\"},\"image\":{\"@id\":\"https:\/\/www.herole.de\/blog\/#\/schema\/logo\/image\/\"},\"sameAs\":[\"https:\/\/www.facebook.com\/HeroleKlassenfahrten\",\"https:\/\/x.com\/herole_reisen\",\"https:\/\/instagram.com\/heroleklassenfahrten\",\"https:\/\/www.youtube.com\/HeroleReisen\"]},{\"@type\":\"Person\",\"@id\":\"https:\/\/www.herole.de\/blog\/#\/schema\/person\/13fb982c1909aaffcf2c09f0fde399ba\",\"name\":\"Heike Philipp\",\"image\":{\"@type\":\"ImageObject\",\"inLanguage\":\"de\",\"@id\":\"https:\/\/www.herole.de\/blog\/#\/schema\/person\/image\/\",\"url\":\"https:\/\/secure.gravatar.com\/avatar\/6010203aefccca33c04c1b210ceba8ee7e5a734d5844451cfadfb0913f869e7a?s=96&d=mm&r=g\",\"contentUrl\":\"https:\/\/secure.gravatar.com\/avatar\/6010203aefccca33c04c1b210ceba8ee7e5a734d5844451cfadfb0913f869e7a?s=96&d=mm&r=g\",\"caption\":\"Heike Philipp\"},\"sameAs\":[\"https:\/\/x.com\/heike.bach\"]}]}<\/script>\n<!-- \/ Yoast SEO plugin. -->","yoast_head_json":{"title":"BNE-Klassenfahrten: Umwelt- & Naturschutz - HEROL\u00c9 Ratgeber","description":"Was k\u00f6nnen wir f\u00fcr unsere Umwelt tun? Und wie wirken sich allt\u00e4gliche Handlungen auf das gro\u00dfe Ganze aus? Erfahren Sie mehr zu BNE Klassenfahrten.","robots":{"index":"index","follow":"follow","max-snippet":"max-snippet:-1","max-image-preview":"max-image-preview:large","max-video-preview":"max-video-preview:-1"},"canonical":"https:\/\/www.herole.de\/blog\/bne-klassenfahrten-umweltschutz-naturschutz\/","og_locale":"de_DE","og_type":"article","og_title":"BNE-Klassenfahrten: Umwelt- & Naturschutz - HEROL\u00c9 Ratgeber","og_description":"Was k\u00f6nnen wir f\u00fcr unsere Umwelt tun? Und wie wirken sich allt\u00e4gliche Handlungen auf das gro\u00dfe Ganze aus? Erfahren Sie mehr zu BNE Klassenfahrten.","og_url":"https:\/\/www.herole.de\/blog\/bne-klassenfahrten-umweltschutz-naturschutz\/","og_site_name":"HEROL\u00c9 Ratgeber","article_publisher":"https:\/\/www.facebook.com\/HeroleKlassenfahrten","article_published_time":"2020-09-16T08:04:00+00:00","article_modified_time":"2026-03-27T09:59:27+00:00","og_image":[{"width":1920,"height":1278,"url":"https:\/\/www.herole.de\/blog\/wp-content\/uploads\/windraeder_wald.jpg","type":"image\/jpeg"}],"author":"Heike Philipp","twitter_card":"summary_large_image","twitter_creator":"@heike.bach","twitter_site":"@herole_reisen","twitter_misc":{"Verfasst von":"Heike Philipp","Gesch\u00e4tzte Lesezeit":"9\u00a0Minuten"},"schema":{"@context":"https:\/\/schema.org","@graph":[{"@type":"Article","@id":"https:\/\/www.herole.de\/blog\/bne-klassenfahrten-umweltschutz-naturschutz\/#article","isPartOf":{"@id":"https:\/\/www.herole.de\/blog\/bne-klassenfahrten-umweltschutz-naturschutz\/"},"author":{"name":"Heike Philipp","@id":"https:\/\/www.herole.de\/blog\/#\/schema\/person\/13fb982c1909aaffcf2c09f0fde399ba"},"headline":"BNE-Klassenfahrten: Umwelt- &#038; Naturschutz","datePublished":"2020-09-16T08:04:00+00:00","dateModified":"2026-03-27T09:59:27+00:00","mainEntityOfPage":{"@id":"https:\/\/www.herole.de\/blog\/bne-klassenfahrten-umweltschutz-naturschutz\/"},"wordCount":1328,"publisher":{"@id":"https:\/\/www.herole.de\/blog\/#organization"},"image":{"@id":"https:\/\/www.herole.de\/blog\/bne-klassenfahrten-umweltschutz-naturschutz\/#primaryimage"},"thumbnailUrl":"https:\/\/www.herole.de\/blog\/wp-content\/uploads\/windraeder_wald.jpg","keywords":["Cluster: BNE","LA007767","LA008143","LA008144","LA008145","LA008146","LA008147","LA008148","LA008230","LA008290","LA008340"],"articleSection":["Nachhaltigkeit"],"inLanguage":"de"},{"@type":"WebPage","@id":"https:\/\/www.herole.de\/blog\/bne-klassenfahrten-umweltschutz-naturschutz\/","url":"https:\/\/www.herole.de\/blog\/bne-klassenfahrten-umweltschutz-naturschutz\/","name":"BNE-Klassenfahrten: Umwelt- & Naturschutz - HEROL\u00c9 Ratgeber","isPartOf":{"@id":"https:\/\/www.herole.de\/blog\/#website"},"primaryImageOfPage":{"@id":"https:\/\/www.herole.de\/blog\/bne-klassenfahrten-umweltschutz-naturschutz\/#primaryimage"},"image":{"@id":"https:\/\/www.herole.de\/blog\/bne-klassenfahrten-umweltschutz-naturschutz\/#primaryimage"},"thumbnailUrl":"https:\/\/www.herole.de\/blog\/wp-content\/uploads\/windraeder_wald.jpg","datePublished":"2020-09-16T08:04:00+00:00","dateModified":"2026-03-27T09:59:27+00:00","description":"Was k\u00f6nnen wir f\u00fcr unsere Umwelt tun? Und wie wirken sich allt\u00e4gliche Handlungen auf das gro\u00dfe Ganze aus? Erfahren Sie mehr zu BNE Klassenfahrten.","breadcrumb":{"@id":"https:\/\/www.herole.de\/blog\/bne-klassenfahrten-umweltschutz-naturschutz\/#breadcrumb"},"inLanguage":"de","potentialAction":[{"@type":"ReadAction","target":["https:\/\/www.herole.de\/blog\/bne-klassenfahrten-umweltschutz-naturschutz\/"]}]},{"@type":"ImageObject","inLanguage":"de","@id":"https:\/\/www.herole.de\/blog\/bne-klassenfahrten-umweltschutz-naturschutz\/#primaryimage","url":"https:\/\/www.herole.de\/blog\/wp-content\/uploads\/windraeder_wald.jpg","contentUrl":"https:\/\/www.herole.de\/blog\/wp-content\/uploads\/windraeder_wald.jpg","width":1920,"height":1278,"caption":"Eine Gruppe steht unter einem Windrad."},{"@type":"BreadcrumbList","@id":"https:\/\/www.herole.de\/blog\/bne-klassenfahrten-umweltschutz-naturschutz\/#breadcrumb","itemListElement":[{"@type":"ListItem","position":1,"name":"Startseite","item":"https:\/\/www.herole.de\/blog\/"},{"@type":"ListItem","position":2,"name":"BNE-Klassenfahrten: Umwelt- &#038; Naturschutz"}]},{"@type":"WebSite","@id":"https:\/\/www.herole.de\/blog\/#website","url":"https:\/\/www.herole.de\/blog\/","name":"HEROL\u00c9 Ratgeber","description":"Wissenswertes rund um die Organisation von Klassenfahrten, zudem Lehrertipps und Themen des Schulalltags.","publisher":{"@id":"https:\/\/www.herole.de\/blog\/#organization"},"potentialAction":[{"@type":"SearchAction","target":{"@type":"EntryPoint","urlTemplate":"https:\/\/www.herole.de\/blog\/?s={search_term_string}"},"query-input":{"@type":"PropertyValueSpecification","valueRequired":true,"valueName":"search_term_string"}}],"inLanguage":"de"},{"@type":"Organization","@id":"https:\/\/www.herole.de\/blog\/#organization","name":"HEROL\u00c9 Reisen GmbH","url":"https:\/\/www.herole.de\/blog\/","logo":{"@type":"ImageObject","inLanguage":"de","@id":"https:\/\/www.herole.de\/blog\/#\/schema\/logo\/image\/","url":"https:\/\/www.herole.de\/blog\/wp-content\/uploads\/herole-logo.png","contentUrl":"https:\/\/www.herole.de\/blog\/wp-content\/uploads\/herole-logo.png","width":274,"height":70,"caption":"HEROL\u00c9 Reisen GmbH"},"image":{"@id":"https:\/\/www.herole.de\/blog\/#\/schema\/logo\/image\/"},"sameAs":["https:\/\/www.facebook.com\/HeroleKlassenfahrten","https:\/\/x.com\/herole_reisen","https:\/\/instagram.com\/heroleklassenfahrten","https:\/\/www.youtube.com\/HeroleReisen"]},{"@type":"Person","@id":"https:\/\/www.herole.de\/blog\/#\/schema\/person\/13fb982c1909aaffcf2c09f0fde399ba","name":"Heike Philipp","image":{"@type":"ImageObject","inLanguage":"de","@id":"https:\/\/www.herole.de\/blog\/#\/schema\/person\/image\/","url":"https:\/\/secure.gravatar.com\/avatar\/6010203aefccca33c04c1b210ceba8ee7e5a734d5844451cfadfb0913f869e7a?s=96&d=mm&r=g","contentUrl":"https:\/\/secure.gravatar.com\/avatar\/6010203aefccca33c04c1b210ceba8ee7e5a734d5844451cfadfb0913f869e7a?s=96&d=mm&r=g","caption":"Heike Philipp"},"sameAs":["https:\/\/x.com\/heike.bach"]}]}},"_links":{"self":[{"href":"https:\/\/www.herole.de\/blog\/wp-json\/wp\/v2\/posts\/15098","targetHints":{"allow":["GET"]}}],"collection":[{"href":"https:\/\/www.herole.de\/blog\/wp-json\/wp\/v2\/posts"}],"about":[{"href":"https:\/\/www.herole.de\/blog\/wp-json\/wp\/v2\/types\/post"}],"author":[{"embeddable":true,"href":"https:\/\/www.herole.de\/blog\/wp-json\/wp\/v2\/users\/6"}],"replies":[{"embeddable":true,"href":"https:\/\/www.herole.de\/blog\/wp-json\/wp\/v2\/comments?post=15098"}],"version-history":[{"count":2,"href":"https:\/\/www.herole.de\/blog\/wp-json\/wp\/v2\/posts\/15098\/revisions"}],"predecessor-version":[{"id":34531,"href":"https:\/\/www.herole.de\/blog\/wp-json\/wp\/v2\/posts\/15098\/revisions\/34531"}],"wp:featuredmedia":[{"embeddable":true,"href":"https:\/\/www.herole.de\/blog\/wp-json\/wp\/v2\/media\/15099"}],"wp:attachment":[{"href":"https:\/\/www.herole.de\/blog\/wp-json\/wp\/v2\/media?parent=15098"}],"wp:term":[{"taxonomy":"category","embeddable":true,"href":"https:\/\/www.herole.de\/blog\/wp-json\/wp\/v2\/categories?post=15098"},{"taxonomy":"post_tag","embeddable":true,"href":"https:\/\/www.herole.de\/blog\/wp-json\/wp\/v2\/tags?post=15098"}],"curies":[{"name":"wp","href":"https:\/\/api.w.org\/{rel}","templated":true}]}}