{"id":14428,"date":"2021-06-23T08:30:00","date_gmt":"2021-06-23T06:30:00","guid":{"rendered":"https:\/\/www.herole.de\/blog\/?p=14428"},"modified":"2024-03-05T13:09:55","modified_gmt":"2024-03-05T12:09:55","slug":"hygienekonzepte-klassenfahrten","status":"publish","type":"post","link":"https:\/\/www.herole.de\/blog\/hygienekonzepte-klassenfahrten\/","title":{"rendered":"Klassenfahrten: Hygienekonzepte von Herol\u00e9"},"content":{"rendered":"\t\t<div data-elementor-type=\"wp-post\" data-elementor-id=\"14428\" class=\"elementor elementor-14428\" data-elementor-post-type=\"post\">\n\t\t\t\t\t\t<section class=\"elementor-section elementor-top-section elementor-element elementor-element-54be3ef1 elementor-section-boxed elementor-section-height-default elementor-section-height-default\" data-id=\"54be3ef1\" data-element_type=\"section\">\n\t\t\t\t\t\t<div class=\"elementor-container elementor-column-gap-default\">\n\t\t\t\t\t<div class=\"elementor-column elementor-col-100 elementor-top-column elementor-element elementor-element-740971d7\" data-id=\"740971d7\" data-element_type=\"column\">\n\t\t\t<div class=\"elementor-widget-wrap elementor-element-populated\">\n\t\t\t\t\t\t<div class=\"elementor-element elementor-element-a3523c4 elementor-widget elementor-widget-text-editor\" data-id=\"a3523c4\" data-element_type=\"widget\" data-widget_type=\"text-editor.default\">\n\t\t\t\t<div class=\"elementor-widget-container\">\n\t\t\t\t\t\t\t\t\t<h2>Verantwortungsvoll auf Klassenfahrt<\/h2><p>Zu den Einschr\u00e4nkungen der Corona-Pandemie geh\u00f6rte \u00fcber zwei Jahre auch der Verzicht auf Klassenfahrten. Entweder waren sie von den Bundesl\u00e4ndern ganz verboten worden oder so stark reglementiert, dass sich die f\u00fcr Schulreisen \u00fcbliche Leichtigkeit nicht einstellen konnte. Dabei waren sie wichtiger denn je, wie Martin Bujard, stellvertretender Direktor des Bundesinstitutes f\u00fcr Bev\u00f6lkerungsforschung in einem <a href=\"#linksammlung\">Interview<\/a> mit der S\u00fcddeutschen Zeitung betonte. Klassenfahrten sind f\u00fcr junge Menschen ein niedrigschwelliges Angebot, endlich wieder herauszukommen, Dinge ohne die Eltern zu erleben und intensiven Kontakt zu Gleichaltrigen zu pflegen.<\/p><p>Umso wichtiger ist es nun, die aktuellen bundesweiten Lockerungen der Corona-Ma\u00dfnahmen zur Planung und Durchf\u00fchrung von <a href=\"https:\/\/www.herole.de\/klassenfahrten\">Klassenfahrten<\/a> zu nutzen. Unsere Partner europaweit achten nach wie vor auf die Einhaltung grunds\u00e4tzlicher Hygiene-Regeln und nat\u00fcrlich gelten bei uns kulante Stornierungsbedingungen. Hier erhalten Sie weitere Informationen zu den aktuellen Bestimmungen der Bundesl\u00e4nder und unserem Konzept #klassenfahrtabersicher.<\/p><h2>Aktuelle Bestimmungen der Bundesl\u00e4nder<\/h2><p>Grunds\u00e4tzlich sind die allgemeinen in ganz Deutschland g\u00fcltigen Coronama\u00dfnahmen zum 2. April 2022 ausgelaufen. Allerdings k\u00f6nnen die Bundesl\u00e4nder f\u00fcr regionale Hotspots weiterhin Einschr\u00e4nkungen veranlassen, sofern eine kritische Lage festgelegt wird.<\/p><p>Allgemein bedeutet dies, dass die 3G-Regeln und Kapazit\u00e4tsbeschr\u00e4nkungen hinf\u00e4llig sind. Maskenpflicht gilt nur noch an einigen wenigen bestimmten Orten wie Krankenh\u00e4usern, Pflegeheimen und \u00e4hnlichen medizinischen Einrichtungen. Klassenfahrten sind wieder wie gewohnt m\u00f6glich.<\/p><p>Allerdings gilt, dass die f\u00fcr den Schulunterricht vorgeschriebenen Testungen auch w\u00e4hrend der Klassenfahrt durchgef\u00fchrt werden m\u00fcssen. Es m\u00fcssen also ausreichende Mengen Tests mitgenommen werden.<\/p><p><em>(letztes Update: 08. April 2022)<\/em><\/p>\t\t\t\t\t\t\t\t<\/div>\n\t\t\t\t<\/div>\n\t\t\t\t<div class=\"elementor-element elementor-element-ede9418 elementor-widget elementor-widget-toggle\" data-id=\"ede9418\" data-element_type=\"widget\" data-widget_type=\"toggle.default\">\n\t\t\t\t<div class=\"elementor-widget-container\">\n\t\t\t\t\t\t\t<div class=\"elementor-toggle\">\n\t\t\t\t\t\t\t<div class=\"elementor-toggle-item\">\n\t\t\t\t\t<h3 id=\"elementor-tab-title-2491\" class=\"elementor-tab-title\" data-tab=\"1\" role=\"button\" aria-controls=\"elementor-tab-content-2491\" aria-expanded=\"false\">\n\t\t\t\t\t\t\t\t\t\t\t\t<span class=\"elementor-toggle-icon elementor-toggle-icon-right\" aria-hidden=\"true\">\n\t\t\t\t\t\t\t\t\t\t\t\t\t\t\t<span class=\"elementor-toggle-icon-closed\"><i class=\"icon icon-down-open\"><\/i><\/span>\n\t\t\t\t\t\t\t\t<span class=\"elementor-toggle-icon-opened\"><i class=\"elementor-toggle-icon-opened icon icon-up-open\"><\/i><\/span>\n\t\t\t\t\t\t\t\t\t\t\t\t\t<\/span>\n\t\t\t\t\t\t\t\t\t\t\t\t<a class=\"elementor-toggle-title\" tabindex=\"0\">Baden-W\u00fcrttemberg<\/a>\n\t\t\t\t\t<\/h3>\n\n\t\t\t\t\t<div id=\"elementor-tab-content-2491\" class=\"elementor-tab-content elementor-clearfix\" data-tab=\"1\" role=\"region\" aria-labelledby=\"elementor-tab-title-2491\"><p><em>Stand vom 08.04.2022<\/em><\/p><p>Seit 21. M\u00e4rz 2022 ist die Durchf\u00fchrung mehrt\u00e4giger au\u00dferunterrichtlicher Veranstaltungen im In- und Ausland wieder gestattet.<\/p><p>Alle Informationen finden Sie<a href=\"#linksammlung\"> hier.<\/a><\/p><\/div>\n\t\t\t\t<\/div>\n\t\t\t\t\t\t\t<div class=\"elementor-toggle-item\">\n\t\t\t\t\t<h3 id=\"elementor-tab-title-2492\" class=\"elementor-tab-title\" data-tab=\"2\" role=\"button\" aria-controls=\"elementor-tab-content-2492\" aria-expanded=\"false\">\n\t\t\t\t\t\t\t\t\t\t\t\t<span class=\"elementor-toggle-icon elementor-toggle-icon-right\" aria-hidden=\"true\">\n\t\t\t\t\t\t\t\t\t\t\t\t\t\t\t<span class=\"elementor-toggle-icon-closed\"><i class=\"icon icon-down-open\"><\/i><\/span>\n\t\t\t\t\t\t\t\t<span class=\"elementor-toggle-icon-opened\"><i class=\"elementor-toggle-icon-opened icon icon-up-open\"><\/i><\/span>\n\t\t\t\t\t\t\t\t\t\t\t\t\t<\/span>\n\t\t\t\t\t\t\t\t\t\t\t\t<a class=\"elementor-toggle-title\" tabindex=\"0\">Bayern<\/a>\n\t\t\t\t\t<\/h3>\n\n\t\t\t\t\t<div id=\"elementor-tab-content-2492\" class=\"elementor-tab-content elementor-clearfix\" data-tab=\"2\" role=\"region\" aria-labelledby=\"elementor-tab-title-2492\"><p><em>Stand vom 08.04.2022<\/em><\/p><p><em><br \/><\/em>Mehrt\u00e4gige Sch\u00fclerfahrten k\u00f6nnen nach den Osterferien 2022 (ab 23. April 2022) wieder wie gewohnt durchgef\u00fchrt werden. Das bayerische Kultusministerium weist jedoch darauf hin, dass etwaige Stornokosten im Falle erneuter Absagen weiterhin nicht erstattet werden und bei Neubuchungen auf g\u00fcnstige Stornobedingungen geachtet werden sollte.<\/p><p>Weitere Informationen finden Sie <a href=\"#linksammlung\">hier.<\/a><\/p><\/div>\n\t\t\t\t<\/div>\n\t\t\t\t\t\t\t<div class=\"elementor-toggle-item\">\n\t\t\t\t\t<h3 id=\"elementor-tab-title-2493\" class=\"elementor-tab-title\" data-tab=\"3\" role=\"button\" aria-controls=\"elementor-tab-content-2493\" aria-expanded=\"false\">\n\t\t\t\t\t\t\t\t\t\t\t\t<span class=\"elementor-toggle-icon elementor-toggle-icon-right\" aria-hidden=\"true\">\n\t\t\t\t\t\t\t\t\t\t\t\t\t\t\t<span class=\"elementor-toggle-icon-closed\"><i class=\"icon icon-down-open\"><\/i><\/span>\n\t\t\t\t\t\t\t\t<span class=\"elementor-toggle-icon-opened\"><i class=\"elementor-toggle-icon-opened icon icon-up-open\"><\/i><\/span>\n\t\t\t\t\t\t\t\t\t\t\t\t\t<\/span>\n\t\t\t\t\t\t\t\t\t\t\t\t<a class=\"elementor-toggle-title\" tabindex=\"0\">Berlin<\/a>\n\t\t\t\t\t<\/h3>\n\n\t\t\t\t\t<div id=\"elementor-tab-content-2493\" class=\"elementor-tab-content elementor-clearfix\" data-tab=\"3\" role=\"region\" aria-labelledby=\"elementor-tab-title-2493\"><p><em>Stand vom 08.04.202<\/em><\/p><p><em><br \/><\/em>Berlin kehrte bereits am 1. M\u00e4rz zur Pr\u00e4senzpflicht an Schulen zur\u00fcck. Zu Klassenfahrten und anderen Schulreisen gab der Senat keine weiterf\u00fchrenden Informationen bekannt.<\/p><\/div>\n\t\t\t\t<\/div>\n\t\t\t\t\t\t\t<div class=\"elementor-toggle-item\">\n\t\t\t\t\t<h3 id=\"elementor-tab-title-2494\" class=\"elementor-tab-title\" data-tab=\"4\" role=\"button\" aria-controls=\"elementor-tab-content-2494\" aria-expanded=\"false\">\n\t\t\t\t\t\t\t\t\t\t\t\t<span class=\"elementor-toggle-icon elementor-toggle-icon-right\" aria-hidden=\"true\">\n\t\t\t\t\t\t\t\t\t\t\t\t\t\t\t<span class=\"elementor-toggle-icon-closed\"><i class=\"icon icon-down-open\"><\/i><\/span>\n\t\t\t\t\t\t\t\t<span class=\"elementor-toggle-icon-opened\"><i class=\"elementor-toggle-icon-opened icon icon-up-open\"><\/i><\/span>\n\t\t\t\t\t\t\t\t\t\t\t\t\t<\/span>\n\t\t\t\t\t\t\t\t\t\t\t\t<a class=\"elementor-toggle-title\" tabindex=\"0\">Brandenburg<\/a>\n\t\t\t\t\t<\/h3>\n\n\t\t\t\t\t<div id=\"elementor-tab-content-2494\" class=\"elementor-tab-content elementor-clearfix\" data-tab=\"4\" role=\"region\" aria-labelledby=\"elementor-tab-title-2494\"><p><em>Stand vom 08.04.2022<br \/><\/em><\/p><p>In Brandenburg waren mehrt\u00e4gige Schulfahrten bereits w\u00e4hrend des gesamten Schuljahres 2021\/2022 unter Beachtung der landesrechtlichen Regelungen erlaubt. Das Land \u00fcbernimmt keine Stornokosten.<\/p><\/div>\n\t\t\t\t<\/div>\n\t\t\t\t\t\t\t<div class=\"elementor-toggle-item\">\n\t\t\t\t\t<h3 id=\"elementor-tab-title-2495\" class=\"elementor-tab-title\" data-tab=\"5\" role=\"button\" aria-controls=\"elementor-tab-content-2495\" aria-expanded=\"false\">\n\t\t\t\t\t\t\t\t\t\t\t\t<span class=\"elementor-toggle-icon elementor-toggle-icon-right\" aria-hidden=\"true\">\n\t\t\t\t\t\t\t\t\t\t\t\t\t\t\t<span class=\"elementor-toggle-icon-closed\"><i class=\"icon icon-down-open\"><\/i><\/span>\n\t\t\t\t\t\t\t\t<span class=\"elementor-toggle-icon-opened\"><i class=\"elementor-toggle-icon-opened icon icon-up-open\"><\/i><\/span>\n\t\t\t\t\t\t\t\t\t\t\t\t\t<\/span>\n\t\t\t\t\t\t\t\t\t\t\t\t<a class=\"elementor-toggle-title\" tabindex=\"0\">Bremen<\/a>\n\t\t\t\t\t<\/h3>\n\n\t\t\t\t\t<div id=\"elementor-tab-content-2495\" class=\"elementor-tab-content elementor-clearfix\" data-tab=\"5\" role=\"region\" aria-labelledby=\"elementor-tab-title-2495\"><p><em>Stand vom 08.04.2022<br \/><\/em><\/p><p>Bremen setzte w\u00e4hrend des gesamten Schuljahres auf Pr\u00e4senzunterricht. Zu Klassenfahrten gibt es keine weiterf\u00fchrenden Informationen.<\/p><\/div>\n\t\t\t\t<\/div>\n\t\t\t\t\t\t\t<div class=\"elementor-toggle-item\">\n\t\t\t\t\t<h3 id=\"elementor-tab-title-2496\" class=\"elementor-tab-title\" data-tab=\"6\" role=\"button\" aria-controls=\"elementor-tab-content-2496\" aria-expanded=\"false\">\n\t\t\t\t\t\t\t\t\t\t\t\t<span class=\"elementor-toggle-icon elementor-toggle-icon-right\" aria-hidden=\"true\">\n\t\t\t\t\t\t\t\t\t\t\t\t\t\t\t<span class=\"elementor-toggle-icon-closed\"><i class=\"icon icon-down-open\"><\/i><\/span>\n\t\t\t\t\t\t\t\t<span class=\"elementor-toggle-icon-opened\"><i class=\"elementor-toggle-icon-opened icon icon-up-open\"><\/i><\/span>\n\t\t\t\t\t\t\t\t\t\t\t\t\t<\/span>\n\t\t\t\t\t\t\t\t\t\t\t\t<a class=\"elementor-toggle-title\" tabindex=\"0\">Hamburg<\/a>\n\t\t\t\t\t<\/h3>\n\n\t\t\t\t\t<div id=\"elementor-tab-content-2496\" class=\"elementor-tab-content elementor-clearfix\" data-tab=\"6\" role=\"region\" aria-labelledby=\"elementor-tab-title-2496\"><p><em>Stand vom 08.04.2022<\/em><\/p><p><a href=\"#linksammlung\">Der Hamburger Senat<\/a> hat das gesamte Bundesland zum Hotspot erkl\u00e4rt, um die bestehenden Corona-Beschr\u00e4nkungen wie die Maskenpflicht aufrecht zu halten. In Schulen gilt jedoch ab 4. M\u00e4rz eine reduzierte Maskenpflicht \u2013 an den Pl\u00e4tzen k\u00f6nnen die Masken abgenommen werden.<\/p><p>F\u00fcr Klassenfahrten gilt seit Februar 2022, dass Schulfahrten nur gebucht werden d\u00fcrfen, wenn eine vertragliche Klausel die pandemiebedingte Stornierung zul\u00e4sst.<\/p><\/div>\n\t\t\t\t<\/div>\n\t\t\t\t\t\t\t<div class=\"elementor-toggle-item\">\n\t\t\t\t\t<h3 id=\"elementor-tab-title-2497\" class=\"elementor-tab-title\" data-tab=\"7\" role=\"button\" aria-controls=\"elementor-tab-content-2497\" aria-expanded=\"false\">\n\t\t\t\t\t\t\t\t\t\t\t\t<span class=\"elementor-toggle-icon elementor-toggle-icon-right\" aria-hidden=\"true\">\n\t\t\t\t\t\t\t\t\t\t\t\t\t\t\t<span class=\"elementor-toggle-icon-closed\"><i class=\"icon icon-down-open\"><\/i><\/span>\n\t\t\t\t\t\t\t\t<span class=\"elementor-toggle-icon-opened\"><i class=\"elementor-toggle-icon-opened icon icon-up-open\"><\/i><\/span>\n\t\t\t\t\t\t\t\t\t\t\t\t\t<\/span>\n\t\t\t\t\t\t\t\t\t\t\t\t<a class=\"elementor-toggle-title\" tabindex=\"0\">Hessen<\/a>\n\t\t\t\t\t<\/h3>\n\n\t\t\t\t\t<div id=\"elementor-tab-content-2497\" class=\"elementor-tab-content elementor-clearfix\" data-tab=\"7\" role=\"region\" aria-labelledby=\"elementor-tab-title-2497\"><p><em>Stand vom 08.04.2022<\/em><\/p><p>In <a href=\"#linksammlung\">Hessen<\/a> sind seit dem Erlass von September 2021 keine Neuerung erfolgt. Dies bedeutet, dass Klassenfahrten grunds\u00e4tzlich durchgef\u00fchrt werden. Das Land Hessen \u00fcbernimmt jedoch keinerlei Stornokosten, wenn die Fahrt nicht stattfinden kann.<\/p><\/div>\n\t\t\t\t<\/div>\n\t\t\t\t\t\t\t<div class=\"elementor-toggle-item\">\n\t\t\t\t\t<h3 id=\"elementor-tab-title-2498\" class=\"elementor-tab-title\" data-tab=\"8\" role=\"button\" aria-controls=\"elementor-tab-content-2498\" aria-expanded=\"false\">\n\t\t\t\t\t\t\t\t\t\t\t\t<span class=\"elementor-toggle-icon elementor-toggle-icon-right\" aria-hidden=\"true\">\n\t\t\t\t\t\t\t\t\t\t\t\t\t\t\t<span class=\"elementor-toggle-icon-closed\"><i class=\"icon icon-down-open\"><\/i><\/span>\n\t\t\t\t\t\t\t\t<span class=\"elementor-toggle-icon-opened\"><i class=\"elementor-toggle-icon-opened icon icon-up-open\"><\/i><\/span>\n\t\t\t\t\t\t\t\t\t\t\t\t\t<\/span>\n\t\t\t\t\t\t\t\t\t\t\t\t<a class=\"elementor-toggle-title\" tabindex=\"0\">Mecklenburg-Vorpommern<\/a>\n\t\t\t\t\t<\/h3>\n\n\t\t\t\t\t<div id=\"elementor-tab-content-2498\" class=\"elementor-tab-content elementor-clearfix\" data-tab=\"8\" role=\"region\" aria-labelledby=\"elementor-tab-title-2498\"><p><em>Stand vom 08.04.2022<br \/><\/em><\/p><p>Das Bundesland Mecklenburg-Vorpommern hat sich in seiner Gesamtheit zum Hotspot erkl\u00e4rt, um die allgemeinen Corona-Restriktionen aufrecht zu erhalten. Dies sollten vor allem Schulklassen beachten, die eine Klassenfahrt an die Ostseek\u00fcste planen.<\/p><p>F\u00fcr die in Mecklenburg-Vorpommern lebenden SuS \u00e4ndert sich nichts. Klassenfahrten k\u00f6nnen gebucht und durchgef\u00fchrt werden.<\/p><\/div>\n\t\t\t\t<\/div>\n\t\t\t\t\t\t\t<div class=\"elementor-toggle-item\">\n\t\t\t\t\t<h3 id=\"elementor-tab-title-2499\" class=\"elementor-tab-title\" data-tab=\"9\" role=\"button\" aria-controls=\"elementor-tab-content-2499\" aria-expanded=\"false\">\n\t\t\t\t\t\t\t\t\t\t\t\t<span class=\"elementor-toggle-icon elementor-toggle-icon-right\" aria-hidden=\"true\">\n\t\t\t\t\t\t\t\t\t\t\t\t\t\t\t<span class=\"elementor-toggle-icon-closed\"><i class=\"icon icon-down-open\"><\/i><\/span>\n\t\t\t\t\t\t\t\t<span class=\"elementor-toggle-icon-opened\"><i class=\"elementor-toggle-icon-opened icon icon-up-open\"><\/i><\/span>\n\t\t\t\t\t\t\t\t\t\t\t\t\t<\/span>\n\t\t\t\t\t\t\t\t\t\t\t\t<a class=\"elementor-toggle-title\" tabindex=\"0\">Niedersachsen<\/a>\n\t\t\t\t\t<\/h3>\n\n\t\t\t\t\t<div id=\"elementor-tab-content-2499\" class=\"elementor-tab-content elementor-clearfix\" data-tab=\"9\" role=\"region\" aria-labelledby=\"elementor-tab-title-2499\"><p><em>Stand vom 08.04.2022<\/em><\/p><p>Bis zu den Osterferien 2022, die am 4. April begannen, waren Klassenfahrten in <a href=\"#linksammlung\">Niedersachsen<\/a> untersagt. Mit Ende der Osterferien am 19. April ist die Durchf\u00fchrung wieder gestattet, sofern eine kurzfristige (bis eine Woche vor Reisebeginn) kostenlose Stornierung m\u00f6glich ist. Das Land Niedersachsen \u00fcbernimmt keine eventuell doch entstehenden Stornokosten.<\/p><\/div>\n\t\t\t\t<\/div>\n\t\t\t\t\t\t\t<div class=\"elementor-toggle-item\">\n\t\t\t\t\t<h3 id=\"elementor-tab-title-24910\" class=\"elementor-tab-title\" data-tab=\"10\" role=\"button\" aria-controls=\"elementor-tab-content-24910\" aria-expanded=\"false\">\n\t\t\t\t\t\t\t\t\t\t\t\t<span class=\"elementor-toggle-icon elementor-toggle-icon-right\" aria-hidden=\"true\">\n\t\t\t\t\t\t\t\t\t\t\t\t\t\t\t<span class=\"elementor-toggle-icon-closed\"><i class=\"icon icon-down-open\"><\/i><\/span>\n\t\t\t\t\t\t\t\t<span class=\"elementor-toggle-icon-opened\"><i class=\"elementor-toggle-icon-opened icon icon-up-open\"><\/i><\/span>\n\t\t\t\t\t\t\t\t\t\t\t\t\t<\/span>\n\t\t\t\t\t\t\t\t\t\t\t\t<a class=\"elementor-toggle-title\" tabindex=\"0\">Nordrhein-Westfalen<\/a>\n\t\t\t\t\t<\/h3>\n\n\t\t\t\t\t<div id=\"elementor-tab-content-24910\" class=\"elementor-tab-content elementor-clearfix\" data-tab=\"10\" role=\"region\" aria-labelledby=\"elementor-tab-title-24910\"><p><em>Stand vom 08.04.2022<\/em><\/p><p><em><br \/><\/em>In<a href=\"#linksammlung\"> Nordrhein-Westfalen<\/a> ist die Durchf\u00fchrung von Klassenfahrten im gesamten Schuljahr 2021\/2022 bei eigener Risikoabw\u00e4gung erlaubt gewesen. Das Land \u00fcbernimmt keine Stornokosten.<\/p><\/div>\n\t\t\t\t<\/div>\n\t\t\t\t\t\t\t<div class=\"elementor-toggle-item\">\n\t\t\t\t\t<h3 id=\"elementor-tab-title-24911\" class=\"elementor-tab-title\" data-tab=\"11\" role=\"button\" aria-controls=\"elementor-tab-content-24911\" aria-expanded=\"false\">\n\t\t\t\t\t\t\t\t\t\t\t\t<span class=\"elementor-toggle-icon elementor-toggle-icon-right\" aria-hidden=\"true\">\n\t\t\t\t\t\t\t\t\t\t\t\t\t\t\t<span class=\"elementor-toggle-icon-closed\"><i class=\"icon icon-down-open\"><\/i><\/span>\n\t\t\t\t\t\t\t\t<span class=\"elementor-toggle-icon-opened\"><i class=\"elementor-toggle-icon-opened icon icon-up-open\"><\/i><\/span>\n\t\t\t\t\t\t\t\t\t\t\t\t\t<\/span>\n\t\t\t\t\t\t\t\t\t\t\t\t<a class=\"elementor-toggle-title\" tabindex=\"0\">Rheinland-Pfalz<\/a>\n\t\t\t\t\t<\/h3>\n\n\t\t\t\t\t<div id=\"elementor-tab-content-24911\" class=\"elementor-tab-content elementor-clearfix\" data-tab=\"11\" role=\"region\" aria-labelledby=\"elementor-tab-title-24911\"><p><em>Stand vom 08.04.2022<\/em><\/p><p>In Rheinland-Pfalz ist die Durchf\u00fchrung von Klassenfahrten wieder gestattet. Allerdings sollte auch hier noch auf kostenlose Stornierung geachtet werden, da das Land keine Stornokosten \u00fcbernimmt.<\/p><\/div>\n\t\t\t\t<\/div>\n\t\t\t\t\t\t\t<div class=\"elementor-toggle-item\">\n\t\t\t\t\t<h3 id=\"elementor-tab-title-24912\" class=\"elementor-tab-title\" data-tab=\"12\" role=\"button\" aria-controls=\"elementor-tab-content-24912\" aria-expanded=\"false\">\n\t\t\t\t\t\t\t\t\t\t\t\t<span class=\"elementor-toggle-icon elementor-toggle-icon-right\" aria-hidden=\"true\">\n\t\t\t\t\t\t\t\t\t\t\t\t\t\t\t<span class=\"elementor-toggle-icon-closed\"><i class=\"icon icon-down-open\"><\/i><\/span>\n\t\t\t\t\t\t\t\t<span class=\"elementor-toggle-icon-opened\"><i class=\"elementor-toggle-icon-opened icon icon-up-open\"><\/i><\/span>\n\t\t\t\t\t\t\t\t\t\t\t\t\t<\/span>\n\t\t\t\t\t\t\t\t\t\t\t\t<a class=\"elementor-toggle-title\" tabindex=\"0\">Saarland<\/a>\n\t\t\t\t\t<\/h3>\n\n\t\t\t\t\t<div id=\"elementor-tab-content-24912\" class=\"elementor-tab-content elementor-clearfix\" data-tab=\"12\" role=\"region\" aria-labelledby=\"elementor-tab-title-24912\"><p><em>Stand vom 08.04.2022<\/em><\/p><p>Mehrt\u00e4gige Schulfahrten mit \u00dcbernachtung sind erlaubt. Weitere Vorgaben gibt es nicht, es wird jedoch darum gebeten, die <a href=\"#linksammlung\">saarl\u00e4ndischen<\/a> Hygienevorgaben auch auf der Klassenfahrt weiterhin einzuhalten.<\/p><\/div>\n\t\t\t\t<\/div>\n\t\t\t\t\t\t\t<div class=\"elementor-toggle-item\">\n\t\t\t\t\t<h3 id=\"elementor-tab-title-24913\" class=\"elementor-tab-title\" data-tab=\"13\" role=\"button\" aria-controls=\"elementor-tab-content-24913\" aria-expanded=\"false\">\n\t\t\t\t\t\t\t\t\t\t\t\t<span class=\"elementor-toggle-icon elementor-toggle-icon-right\" aria-hidden=\"true\">\n\t\t\t\t\t\t\t\t\t\t\t\t\t\t\t<span class=\"elementor-toggle-icon-closed\"><i class=\"icon icon-down-open\"><\/i><\/span>\n\t\t\t\t\t\t\t\t<span class=\"elementor-toggle-icon-opened\"><i class=\"elementor-toggle-icon-opened icon icon-up-open\"><\/i><\/span>\n\t\t\t\t\t\t\t\t\t\t\t\t\t<\/span>\n\t\t\t\t\t\t\t\t\t\t\t\t<a class=\"elementor-toggle-title\" tabindex=\"0\">Sachsen<\/a>\n\t\t\t\t\t<\/h3>\n\n\t\t\t\t\t<div id=\"elementor-tab-content-24913\" class=\"elementor-tab-content elementor-clearfix\" data-tab=\"13\" role=\"region\" aria-labelledby=\"elementor-tab-title-24913\"><p><em>Stand vom 08.04.2022<\/em><\/p><p>In Sachsen wurde als einem der ersten Bundesl\u00e4nder die Masken- und Testpflicht in Schulen abgeschafft. Mehrt\u00e4gige Klassenfahrten im In- und Ausland sind wieder uneingeschr\u00e4nkt unter Beachtung der allgemeinen Regelungen des Ziellandes und bei der R\u00fcckkehr nach Deutschland m\u00f6glich.<\/p><\/div>\n\t\t\t\t<\/div>\n\t\t\t\t\t\t\t<div class=\"elementor-toggle-item\">\n\t\t\t\t\t<h3 id=\"elementor-tab-title-24914\" class=\"elementor-tab-title\" data-tab=\"14\" role=\"button\" aria-controls=\"elementor-tab-content-24914\" aria-expanded=\"false\">\n\t\t\t\t\t\t\t\t\t\t\t\t<span class=\"elementor-toggle-icon elementor-toggle-icon-right\" aria-hidden=\"true\">\n\t\t\t\t\t\t\t\t\t\t\t\t\t\t\t<span class=\"elementor-toggle-icon-closed\"><i class=\"icon icon-down-open\"><\/i><\/span>\n\t\t\t\t\t\t\t\t<span class=\"elementor-toggle-icon-opened\"><i class=\"elementor-toggle-icon-opened icon icon-up-open\"><\/i><\/span>\n\t\t\t\t\t\t\t\t\t\t\t\t\t<\/span>\n\t\t\t\t\t\t\t\t\t\t\t\t<a class=\"elementor-toggle-title\" tabindex=\"0\">Sachsen-Anhalt<\/a>\n\t\t\t\t\t<\/h3>\n\n\t\t\t\t\t<div id=\"elementor-tab-content-24914\" class=\"elementor-tab-content elementor-clearfix\" data-tab=\"14\" role=\"region\" aria-labelledby=\"elementor-tab-title-24914\"><p><em>Stand vom 08.04.2022<\/em><\/p><p>Die Buchung von Klassenfahrten ist wieder uneingeschr\u00e4nkt m\u00f6glich. Das Land Sachsen-Anhalt hatte Auslandsreisen f\u00fcr das Schuljahr 2021\/22 f\u00fcr alle Schulklassen mit Ausnahme der Abschlussklassen verboten, doch f\u00fcr das folgende Schuljahr ist die Buchung wieder m\u00f6glich.<\/p><\/div>\n\t\t\t\t<\/div>\n\t\t\t\t\t\t\t<div class=\"elementor-toggle-item\">\n\t\t\t\t\t<h3 id=\"elementor-tab-title-24915\" class=\"elementor-tab-title\" data-tab=\"15\" role=\"button\" aria-controls=\"elementor-tab-content-24915\" aria-expanded=\"false\">\n\t\t\t\t\t\t\t\t\t\t\t\t<span class=\"elementor-toggle-icon elementor-toggle-icon-right\" aria-hidden=\"true\">\n\t\t\t\t\t\t\t\t\t\t\t\t\t\t\t<span class=\"elementor-toggle-icon-closed\"><i class=\"icon icon-down-open\"><\/i><\/span>\n\t\t\t\t\t\t\t\t<span class=\"elementor-toggle-icon-opened\"><i class=\"elementor-toggle-icon-opened icon icon-up-open\"><\/i><\/span>\n\t\t\t\t\t\t\t\t\t\t\t\t\t<\/span>\n\t\t\t\t\t\t\t\t\t\t\t\t<a class=\"elementor-toggle-title\" tabindex=\"0\">Schleswig-Holstein<\/a>\n\t\t\t\t\t<\/h3>\n\n\t\t\t\t\t<div id=\"elementor-tab-content-24915\" class=\"elementor-tab-content elementor-clearfix\" data-tab=\"15\" role=\"region\" aria-labelledby=\"elementor-tab-title-24915\"><p><em>Stand vom 08.04.2022<\/em><\/p><p><a href=\"#linksammlung\">Schleswig-Holstein<\/a> hatte bereits im M\u00e4rz die allgemeinen Corona-Restriktionen gelockert und als einziges Bundesland nicht die \u00dcbergangsphase genutzt. Klassenfahrten sind unter Beachtung allgemeiner Hygienekonzepte uneingeschr\u00e4nkt m\u00f6glich.<\/p><\/div>\n\t\t\t\t<\/div>\n\t\t\t\t\t\t\t<div class=\"elementor-toggle-item\">\n\t\t\t\t\t<h3 id=\"elementor-tab-title-24916\" class=\"elementor-tab-title\" data-tab=\"16\" role=\"button\" aria-controls=\"elementor-tab-content-24916\" aria-expanded=\"false\">\n\t\t\t\t\t\t\t\t\t\t\t\t<span class=\"elementor-toggle-icon elementor-toggle-icon-right\" aria-hidden=\"true\">\n\t\t\t\t\t\t\t\t\t\t\t\t\t\t\t<span class=\"elementor-toggle-icon-closed\"><i class=\"icon icon-down-open\"><\/i><\/span>\n\t\t\t\t\t\t\t\t<span class=\"elementor-toggle-icon-opened\"><i class=\"elementor-toggle-icon-opened icon icon-up-open\"><\/i><\/span>\n\t\t\t\t\t\t\t\t\t\t\t\t\t<\/span>\n\t\t\t\t\t\t\t\t\t\t\t\t<a class=\"elementor-toggle-title\" tabindex=\"0\">Th\u00fcringen<\/a>\n\t\t\t\t\t<\/h3>\n\n\t\t\t\t\t<div id=\"elementor-tab-content-24916\" class=\"elementor-tab-content elementor-clearfix\" data-tab=\"16\" role=\"region\" aria-labelledby=\"elementor-tab-title-24916\"><p><em>Stand vom 08.04.2022<\/em><\/p><p>Ma\u00dfnahmen des sogenannten <a href=\"#linksammlung\">LaaO<\/a> (Lernen an anderen Orten) wie Klassenfahrten sind\u00a0 unter Beachtung allgemeiner Hygienema\u00dfnahmen m\u00f6glich. F\u00fcr Auslandsreisen gilt, dass keine Reisewarnung des AA vorliegen darf.<\/p><\/div>\n\t\t\t\t<\/div>\n\t\t\t\t\t\t\t\t<\/div>\n\t\t\t\t\t\t<\/div>\n\t\t\t\t<\/div>\n\t\t\t\t<div class=\"elementor-element elementor-element-144c08ff elementor-blockquote--skin-clean elementor-blockquote--button-color-official elementor-widget elementor-widget-blockquote\" data-id=\"144c08ff\" data-element_type=\"widget\" data-widget_type=\"blockquote.default\">\n\t\t\t\t<div class=\"elementor-widget-container\">\n\t\t\t\t\t\t\t<blockquote class=\"elementor-blockquote\">\n\t\t\t<p class=\"elementor-blockquote__content\">\n\t\t\t\t\u201eMan kann Klassenfahrten durchf\u00fchren, wichtig dabei ist das ein gutes Hygienekonzept vorliegt und das man selbst als Lehrer darauf achtet, dass die Hygienekonzepte auch eingehalten werden.\u201c Roland Kuhn, Lehrer \t\t\t<\/p>\n\t\t\t\t\t<\/blockquote>\n\t\t\t\t\t\t<\/div>\n\t\t\t\t<\/div>\n\t\t\t\t<div class=\"elementor-element elementor-element-8d15b70 elementor-widget elementor-widget-text-editor\" data-id=\"8d15b70\" data-element_type=\"widget\" data-widget_type=\"text-editor.default\">\n\t\t\t\t<div class=\"elementor-widget-container\">\n\t\t\t\t\t\t\t\t\t<h2>Sichere Klassenfahrten mit HEROL\u00c9<\/h2><p>Zur Durchf\u00fchrung sicherer Klassenfahrten mit bestm\u00f6glichem Infektionsschutz hat HEROL\u00c9 Reisen in <strong>Zusammenarbeit mit Kooperationspartnern<\/strong> an den Zielorten ein umfassendes Hygienekonzept unter dem Motto #klassenfahrtabersicher entwickelt.<\/p><p>Das Konzept wird in diesem Video umfassend und anschaulich erl\u00e4utert:<\/p>\t\t\t\t\t\t\t\t<\/div>\n\t\t\t\t<\/div>\n\t\t\t\t<div class=\"elementor-element elementor-element-8f7d571 elementor-widget elementor-widget-video\" data-id=\"8f7d571\" data-element_type=\"widget\" data-settings=\"{&quot;youtube_url&quot;:&quot;https:\\\/\\\/www.youtube.com\\\/watch?v=Ro7vCCeL12c&quot;,&quot;video_type&quot;:&quot;youtube&quot;,&quot;controls&quot;:&quot;yes&quot;}\" data-widget_type=\"video.default\">\n\t\t\t\t<div class=\"elementor-widget-container\">\n\t\t\t\t\t\t\t<div class=\"elementor-wrapper elementor-open-inline\">\n\t\t\t<div class=\"elementor-video\"><\/div>\t\t<\/div>\n\t\t\t\t\t\t<\/div>\n\t\t\t\t<\/div>\n\t\t\t\t<div class=\"elementor-element elementor-element-465a309 elementor-widget elementor-widget-text-editor\" data-id=\"465a309\" data-element_type=\"widget\" data-widget_type=\"text-editor.default\">\n\t\t\t\t<div class=\"elementor-widget-container\">\n\t\t\t\t\t\t\t\t\t<p>Diese Konzepte wurden bereits im Sommer und Herbst 2020\/2021 erfolgreich umgesetzt und stie\u00dfen bei teilnehmenden Klassen auf gro\u00dfe Zustimmung:<\/p>\t\t\t\t\t\t\t\t<\/div>\n\t\t\t\t<\/div>\n\t\t\t\t<div class=\"elementor-element elementor-element-6f5a0c3 elementor-blockquote--skin-clean elementor-blockquote--button-color-official elementor-widget elementor-widget-blockquote\" data-id=\"6f5a0c3\" data-element_type=\"widget\" data-widget_type=\"blockquote.default\">\n\t\t\t\t<div class=\"elementor-widget-container\">\n\t\t\t\t\t\t\t<blockquote class=\"elementor-blockquote\">\n\t\t\t<p class=\"elementor-blockquote__content\">\n\t\t\t\t\u201eIm Vorfeld gab es einige Bedenken von Sch\u00fclern und Eltern. Die Schulleitung entschied sich f\u00fcr die Abschlussfahrt. Alle die hier sind, sind gl\u00fccklich.\u201c Sabine Tiling, Lehrerin \t\t\t<\/p>\n\t\t\t\t\t<\/blockquote>\n\t\t\t\t\t\t<\/div>\n\t\t\t\t<\/div>\n\t\t\t\t<div class=\"elementor-element elementor-element-20a591f elementor-widget elementor-widget-text-editor\" data-id=\"20a591f\" data-element_type=\"widget\" data-widget_type=\"text-editor.default\">\n\t\t\t\t<div class=\"elementor-widget-container\">\n\t\t\t\t\t\t\t\t\t<h2>#klassenfahrtabersicher: Klassenfahrt planen ohne Risiko<\/h2><p>Um Schulklassen die Planung und Buchung der Klassenfahrt zu erleichtern, gelten aktuell folgende ge\u00e4nderten Buchungsrichtlinien bei HEROL\u00c9:<\/p>\t\t\t\t\t\t\t\t<\/div>\n\t\t\t\t<\/div>\n\t\t\t\t<section class=\"elementor-section elementor-inner-section elementor-element elementor-element-7751880b elementor-reverse-tablet elementor-reverse-mobile elementor-section-boxed elementor-section-height-default elementor-section-height-default\" data-id=\"7751880b\" data-element_type=\"section\">\n\t\t\t\t\t\t<div class=\"elementor-container elementor-column-gap-no\">\n\t\t\t\t\t<div class=\"elementor-column elementor-col-50 elementor-inner-column elementor-element elementor-element-42be1b09\" data-id=\"42be1b09\" data-element_type=\"column\">\n\t\t\t<div class=\"elementor-widget-wrap elementor-element-populated\">\n\t\t\t\t\t\t<div class=\"elementor-element elementor-element-76e2081 elementor-icon-list--layout-traditional elementor-list-item-link-full_width elementor-widget elementor-widget-icon-list\" data-id=\"76e2081\" data-element_type=\"widget\" data-widget_type=\"icon-list.default\">\n\t\t\t\t<div class=\"elementor-widget-container\">\n\t\t\t\t\t\t\t<ul class=\"elementor-icon-list-items\">\n\t\t\t\t\t\t\t<li class=\"elementor-icon-list-item\">\n\t\t\t\t\t\t\t\t\t\t\t<span class=\"elementor-icon-list-icon\">\n\t\t\t\t\t\t\t<i aria-hidden=\"true\" class=\"icon icon-ok\"><\/i>\t\t\t\t\t\t<\/span>\n\t\t\t\t\t\t\t\t\t\t<span class=\"elementor-icon-list-text\"><strong>Kostenfreie Stornierung<\/strong> im Corona-Pandemiefall f\u00fcr alle Neubuchungen<\/span>\n\t\t\t\t\t\t\t\t\t<\/li>\n\t\t\t\t\t\t\t\t<li class=\"elementor-icon-list-item\">\n\t\t\t\t\t\t\t\t\t\t\t<span class=\"elementor-icon-list-icon\">\n\t\t\t\t\t\t\t<i aria-hidden=\"true\" class=\"icon icon-ok\"><\/i>\t\t\t\t\t\t<\/span>\n\t\t\t\t\t\t\t\t\t\t<span class=\"elementor-icon-list-text\">Umfassende <strong>Hygiene- und Schutzkonzepte<\/strong><\/span>\n\t\t\t\t\t\t\t\t\t<\/li>\n\t\t\t\t\t\t\t\t<li class=\"elementor-icon-list-item\">\n\t\t\t\t\t\t\t\t\t\t\t<span class=\"elementor-icon-list-icon\">\n\t\t\t\t\t\t\t<i aria-hidden=\"true\" class=\"icon icon-ok\"><\/i>\t\t\t\t\t\t<\/span>\n\t\t\t\t\t\t\t\t\t\t<span class=\"elementor-icon-list-text\">Gut abgesichert mit <strong>COVID-19 Protect<\/strong><\/span>\n\t\t\t\t\t\t\t\t\t<\/li>\n\t\t\t\t\t\t\t\t<li class=\"elementor-icon-list-item\">\n\t\t\t\t\t\t\t\t\t\t\t<span class=\"elementor-icon-list-icon\">\n\t\t\t\t\t\t\t<i aria-hidden=\"true\" class=\"icon icon-ok\"><\/i>\t\t\t\t\t\t<\/span>\n\t\t\t\t\t\t\t\t\t\t<span class=\"elementor-icon-list-text\">Unsere eigenen <strong>Busfahrer<\/strong> sind geimpft und werden regelm\u00e4\u00dfig getestet<\/span>\n\t\t\t\t\t\t\t\t\t<\/li>\n\t\t\t\t\t\t<\/ul>\n\t\t\t\t\t\t<\/div>\n\t\t\t\t<\/div>\n\t\t\t\t<div class=\"elementor-element elementor-element-15b3fd5 elementor-widget elementor-widget-text-editor\" data-id=\"15b3fd5\" data-element_type=\"widget\" data-widget_type=\"text-editor.default\">\n\t\t\t\t<div class=\"elementor-widget-container\">\n\t\t\t\t\t\t\t\t\t<p>Weiterhin ist es nat\u00fcrlich generell m\u00f6glich, die gebuchte Klassenfahrt auf ein anderes Reiseziel oder einen anderen Reisezeitraum <strong>umzubuchen<\/strong>. Ihr Ansprechpartner bei HEROL\u00c9 ber\u00e4t Sie gerne zu den M\u00f6glichkeiten.<\/p>\t\t\t\t\t\t\t\t<\/div>\n\t\t\t\t<\/div>\n\t\t\t\t\t<\/div>\n\t\t<\/div>\n\t\t\t\t<div class=\"elementor-column elementor-col-50 elementor-inner-column elementor-element elementor-element-6cce3653\" data-id=\"6cce3653\" data-element_type=\"column\">\n\t\t\t<div class=\"elementor-widget-wrap elementor-element-populated\">\n\t\t\t\t\t\t<div class=\"elementor-element elementor-element-63954155 elementor-widget elementor-widget-image\" data-id=\"63954155\" data-element_type=\"widget\" data-widget_type=\"image.default\">\n\t\t\t\t<div class=\"elementor-widget-container\">\n\t\t\t\t\t\t\t\t\t\t\t\t\t\t\t\t<a href=\"https:\/\/www.herole.de\/blog\/wp-content\/uploads\/lehrer-schueler-maske.jpg\" data-elementor-open-lightbox=\"yes\" data-elementor-lightbox-title=\"Lehrer und Klasse mit Masken\" data-e-action-hash=\"#elementor-action%3Aaction%3Dlightbox%26settings%3DeyJpZCI6MTcwODcsInVybCI6Imh0dHBzOlwvXC93d3cuaGVyb2xlLmRlXC9ibG9nXC93cC1jb250ZW50XC91cGxvYWRzXC9sZWhyZXItc2NodWVsZXItbWFza2UuanBnIn0%3D\">\n\t\t\t\t\t\t\t<img fetchpriority=\"high\" decoding=\"async\" width=\"1024\" height=\"768\" src=\"https:\/\/www.herole.de\/blog\/wp-content\/uploads\/lehrer-schueler-maske.jpg\" class=\"attachment-large size-large wp-image-17087\" alt=\"\" srcset=\"https:\/\/www.herole.de\/blog\/wp-content\/uploads\/lehrer-schueler-maske.jpg 1024w, https:\/\/www.herole.de\/blog\/wp-content\/uploads\/lehrer-schueler-maske-300x225.jpg 300w, https:\/\/www.herole.de\/blog\/wp-content\/uploads\/lehrer-schueler-maske-768x576.jpg 768w\" sizes=\"(max-width: 1024px) 100vw, 1024px\" \/>\t\t\t\t\t\t\t\t<\/a>\n\t\t\t\t\t\t\t\t\t\t\t\t\t\t\t<\/div>\n\t\t\t\t<\/div>\n\t\t\t\t\t<\/div>\n\t\t<\/div>\n\t\t\t\t\t<\/div>\n\t\t<\/section>\n\t\t\t\t<div class=\"elementor-element elementor-element-4ba74a0 elementor-cta--valign-top lines lines-2 elementor-cta--skin-classic elementor-animated-content elementor-bg-transform elementor-bg-transform-zoom-in elementor-widget elementor-widget-call-to-action\" data-id=\"4ba74a0\" data-element_type=\"widget\" data-widget_type=\"call-to-action.default\">\n\t\t\t\t<div class=\"elementor-widget-container\">\n\t\t\t\t\t\t\t<div class=\"elementor-cta\">\n\t\t\t\t\t\t\t<div class=\"elementor-cta__content\">\n\t\t\t\t\n\t\t\t\t\t\t\t\t\t<h2 class=\"elementor-cta__title elementor-cta__content-item elementor-content-item\">\n\t\t\t\t\t\tUnsere Angebote\t\t\t\t\t<\/h2>\n\t\t\t\t\n\t\t\t\t\t\t\t\t\t<div class=\"elementor-cta__description elementor-cta__content-item elementor-content-item\">\n\t\t\t\t\t\tSie planen eine Klassenfahrt? Lassen Sie sich jetzt von unseren Kundenberatern Ihre individuelle Klassenfahrt in Europa zusammenstellen.\t\t\t\t\t<\/div>\n\t\t\t\t\n\t\t\t\t\t\t\t\t\t<div class=\"elementor-cta__button-wrapper elementor-cta__content-item elementor-content-item \">\n\t\t\t\t\t<a class=\"elementor-cta__button elementor-button elementor-size-\" href=\"https:\/\/www.herole.de\/klassenfahrten\" target=\"_blank\" data-stoerer-tracking=\"europa\">\n\t\t\t\t\t\tJetzt Klassenfahrten Europa entdecken\t\t\t\t\t<\/a>\n\t\t\t\t\t<\/div>\n\t\t\t\t\t\t\t<\/div>\n\t\t\t\t\t\t<\/div>\n\t\t\t\t\t\t<\/div>\n\t\t\t\t<\/div>\n\t\t\t\t<div class=\"elementor-element elementor-element-616b964 elementor-widget elementor-widget-text-editor\" data-id=\"616b964\" data-element_type=\"widget\" data-widget_type=\"text-editor.default\">\n\t\t\t\t<div class=\"elementor-widget-container\">\n\t\t\t\t\t\t\t\t\t<h2>Sichere Reisen in verschiedenen Verkehrsmitteln<\/h2><p>Mehrere Studien haben sich mit der Infektionsgefahr in verschiedenen Verkehrsmitteln befasst. Daraus l\u00e4sst sich ableiten, dass der <strong>Reisebus das sicherste Verkehrsmittel<\/strong> \u00fcberhaupt ist: Innerhalb einer Minute findet \u00fcber die Filteranlagen ein kompletter Luftaustausch statt. Zum Vergleich: Beim Flugzeug dauert dieser Luftaustausch 4,5 Minuten, bei der Bahn sogar 7 Minuten. Dazu l\u00e4sst sich im Reisebus besonders leicht Abstand halten, z.B. wenn die Sch\u00fcler jeweils am Fenster sitzen und der Sitz daneben frei bleibt.<\/p><h3>Klassenfahrten im Reisebus<\/h3>\t\t\t\t\t\t\t\t<\/div>\n\t\t\t\t<\/div>\n\t\t\t\t<div class=\"elementor-element elementor-element-ce8882b elementor-blockquote--skin-clean elementor-blockquote--button-color-official elementor-widget elementor-widget-blockquote\" data-id=\"ce8882b\" data-element_type=\"widget\" data-widget_type=\"blockquote.default\">\n\t\t\t\t<div class=\"elementor-widget-container\">\n\t\t\t\t\t\t\t<blockquote class=\"elementor-blockquote\">\n\t\t\t<p class=\"elementor-blockquote__content\">\n\t\t\t\t\"Unsere Reisebusse verf\u00fcgen alle \u00fcber modernste Klimaanlagen, die die Luft regelm\u00e4\u00dfig austauschen.\" Lars Uhlig, Busfahrer bei HEROL\u00c9 \t\t\t<\/p>\n\t\t\t\t\t<\/blockquote>\n\t\t\t\t\t\t<\/div>\n\t\t\t\t<\/div>\n\t\t\t\t<div class=\"elementor-element elementor-element-c6d28b2 elementor-widget elementor-widget-text-editor\" data-id=\"c6d28b2\" data-element_type=\"widget\" data-widget_type=\"text-editor.default\">\n\t\t\t\t<div class=\"elementor-widget-container\">\n\t\t\t\t\t\t\t\t\t<p>Wie funktioniert der <strong>Luftaustausch im Reisebus<\/strong>? Diese Grafik des BDO erkl\u00e4rt es:<\/p>\t\t\t\t\t\t\t\t<\/div>\n\t\t\t\t<\/div>\n\t\t\t\t<section class=\"elementor-section elementor-inner-section elementor-element elementor-element-2d32fa5d elementor-section-boxed elementor-section-height-default elementor-section-height-default\" data-id=\"2d32fa5d\" data-element_type=\"section\">\n\t\t\t\t\t\t<div class=\"elementor-container elementor-column-gap-no\">\n\t\t\t\t\t<div class=\"elementor-column elementor-col-50 elementor-inner-column elementor-element elementor-element-366f71b6\" data-id=\"366f71b6\" data-element_type=\"column\">\n\t\t\t<div class=\"elementor-widget-wrap elementor-element-populated\">\n\t\t\t\t\t\t<div class=\"elementor-element elementor-element-6c134ff8 elementor-widget elementor-widget-image\" data-id=\"6c134ff8\" data-element_type=\"widget\" data-widget_type=\"image.default\">\n\t\t\t\t<div class=\"elementor-widget-container\">\n\t\t\t\t\t\t\t\t\t\t\t\t\t\t\t\t<a href=\"https:\/\/www.herole.de\/blog\/wp-content\/uploads\/bdo-grafik-luftaustausch-bus.jpg\" data-elementor-open-lightbox=\"yes\" data-elementor-lightbox-title=\"Luftaustausch Bus\" data-e-action-hash=\"#elementor-action%3Aaction%3Dlightbox%26settings%3DeyJpZCI6MTcwNzcsInVybCI6Imh0dHBzOlwvXC93d3cuaGVyb2xlLmRlXC9ibG9nXC93cC1jb250ZW50XC91cGxvYWRzXC9iZG8tZ3JhZmlrLWx1ZnRhdXN0YXVzY2gtYnVzLmpwZyJ9\">\n\t\t\t\t\t\t\t<img decoding=\"async\" width=\"935\" height=\"593\" src=\"https:\/\/www.herole.de\/blog\/wp-content\/uploads\/bdo-grafik-luftaustausch-bus.jpg\" class=\"attachment-large size-large wp-image-17077\" alt=\"Die Grafik des bdo zeigt wie der Luftaustausch im Bus funktioniert.\" srcset=\"https:\/\/www.herole.de\/blog\/wp-content\/uploads\/bdo-grafik-luftaustausch-bus.jpg 935w, https:\/\/www.herole.de\/blog\/wp-content\/uploads\/bdo-grafik-luftaustausch-bus-300x190.jpg 300w, https:\/\/www.herole.de\/blog\/wp-content\/uploads\/bdo-grafik-luftaustausch-bus-768x487.jpg 768w\" sizes=\"(max-width: 935px) 100vw, 935px\" \/>\t\t\t\t\t\t\t\t<\/a>\n\t\t\t\t\t\t\t\t\t\t\t\t\t\t\t<\/div>\n\t\t\t\t<\/div>\n\t\t\t\t\t<\/div>\n\t\t<\/div>\n\t\t\t\t<div class=\"elementor-column elementor-col-50 elementor-inner-column elementor-element elementor-element-186ebcaf\" data-id=\"186ebcaf\" data-element_type=\"column\">\n\t\t\t<div class=\"elementor-widget-wrap elementor-element-populated\">\n\t\t\t\t\t\t<div class=\"elementor-element elementor-element-96c8ce7 elementor-widget elementor-widget-text-editor\" data-id=\"96c8ce7\" data-element_type=\"widget\" data-widget_type=\"text-editor.default\">\n\t\t\t\t<div class=\"elementor-widget-container\">\n\t\t\t\t\t\t\t\t\t<p>Dazu gelten f\u00fcr alle Fahrten in Reisebussen folgende <strong>allgemeine Hygiene-Regeln<\/strong>:<\/p>\t\t\t\t\t\t\t\t<\/div>\n\t\t\t\t<\/div>\n\t\t\t\t<div class=\"elementor-element elementor-element-207eb5f elementor-icon-list--layout-traditional elementor-list-item-link-full_width elementor-widget elementor-widget-icon-list\" data-id=\"207eb5f\" data-element_type=\"widget\" data-widget_type=\"icon-list.default\">\n\t\t\t\t<div class=\"elementor-widget-container\">\n\t\t\t\t\t\t\t<ul class=\"elementor-icon-list-items\">\n\t\t\t\t\t\t\t<li class=\"elementor-icon-list-item\">\n\t\t\t\t\t\t\t\t\t\t\t<span class=\"elementor-icon-list-icon\">\n\t\t\t\t\t\t\t<i aria-hidden=\"true\" class=\"icon icon-ok\"><\/i>\t\t\t\t\t\t<\/span>\n\t\t\t\t\t\t\t\t\t\t<span class=\"elementor-icon-list-text\">Vor jedem Betreten des Busses sind die H\u00e4nde zu waschen oder zu desinfizieren.<\/span>\n\t\t\t\t\t\t\t\t\t<\/li>\n\t\t\t\t\t\t\t\t<li class=\"elementor-icon-list-item\">\n\t\t\t\t\t\t\t\t\t\t\t<span class=\"elementor-icon-list-icon\">\n\t\t\t\t\t\t\t<i aria-hidden=\"true\" class=\"icon icon-ok\"><\/i>\t\t\t\t\t\t<\/span>\n\t\t\t\t\t\t\t\t\t\t<span class=\"elementor-icon-list-text\">W\u00e4hrend der gesamten Fahrt ist Mund-Nasen-Schutz zu tragen.<\/span>\n\t\t\t\t\t\t\t\t\t<\/li>\n\t\t\t\t\t\t\t\t<li class=\"elementor-icon-list-item\">\n\t\t\t\t\t\t\t\t\t\t\t<span class=\"elementor-icon-list-icon\">\n\t\t\t\t\t\t\t<i aria-hidden=\"true\" class=\"icon icon-ok\"><\/i>\t\t\t\t\t\t<\/span>\n\t\t\t\t\t\t\t\t\t\t<span class=\"elementor-icon-list-text\">Alle Teilnehmer m\u00fcssen w\u00e4hrend der gesamten Fahrt einen bestimmten Sitzplatz einnehmen. So kann sp\u00e4ter nachvollzogen werden, wer wo gesessen hat.<\/span>\n\t\t\t\t\t\t\t\t\t<\/li>\n\t\t\t\t\t\t\t\t<li class=\"elementor-icon-list-item\">\n\t\t\t\t\t\t\t\t\t\t\t<span class=\"elementor-icon-list-icon\">\n\t\t\t\t\t\t\t<i aria-hidden=\"true\" class=\"icon icon-ok\"><\/i>\t\t\t\t\t\t<\/span>\n\t\t\t\t\t\t\t\t\t\t<span class=\"elementor-icon-list-text\">Der Bus wird regelm\u00e4\u00dfig durchgel\u00fcftet.<\/span>\n\t\t\t\t\t\t\t\t\t<\/li>\n\t\t\t\t\t\t\t\t<li class=\"elementor-icon-list-item\">\n\t\t\t\t\t\t\t\t\t\t\t<span class=\"elementor-icon-list-icon\">\n\t\t\t\t\t\t\t<i aria-hidden=\"true\" class=\"icon icon-ok\"><\/i>\t\t\t\t\t\t<\/span>\n\t\t\t\t\t\t\t\t\t\t<span class=\"elementor-icon-list-text\">Da die Bordtoiletten aus hygienischen Gr\u00fcnden geschlossen bleiben, werden h\u00e4ufigere Pausen eingelegt.<\/span>\n\t\t\t\t\t\t\t\t\t<\/li>\n\t\t\t\t\t\t<\/ul>\n\t\t\t\t\t\t<\/div>\n\t\t\t\t<\/div>\n\t\t\t\t\t<\/div>\n\t\t<\/div>\n\t\t\t\t\t<\/div>\n\t\t<\/section>\n\t\t\t\t<div class=\"elementor-element elementor-element-e4d24d2 elementor-widget elementor-widget-text-editor\" data-id=\"e4d24d2\" data-element_type=\"widget\" data-widget_type=\"text-editor.default\">\n\t\t\t\t<div class=\"elementor-widget-container\">\n\t\t\t\t\t\t\t\t\t<p><b>Wichtig:<\/b> Bei Verdacht auf eine Atemwegsinfektion kann der Busfahrer oder Begleiter einem Reisenden die Teilnahme an der Fahrt verweigern. Dies gilt auch f\u00fcr minderj\u00e4hrige Sch\u00fcler bei Tages- und Klassenfahrten.<\/p>\t\t\t\t\t\t\t\t<\/div>\n\t\t\t\t<\/div>\n\t\t\t\t<section class=\"elementor-section elementor-inner-section elementor-element elementor-element-1445ce37 elementor-section-boxed elementor-section-height-default elementor-section-height-default\" data-id=\"1445ce37\" data-element_type=\"section\">\n\t\t\t\t\t\t<div class=\"elementor-container elementor-column-gap-default\">\n\t\t\t\t\t<div class=\"elementor-column elementor-col-50 elementor-inner-column elementor-element elementor-element-15928497 auto-width\" data-id=\"15928497\" data-element_type=\"column\">\n\t\t\t<div class=\"elementor-widget-wrap elementor-element-populated\">\n\t\t\t\t\t\t<div class=\"elementor-element elementor-element-785d9570 elementor-view-default elementor-widget elementor-widget-icon\" data-id=\"785d9570\" data-element_type=\"widget\" data-widget_type=\"icon.default\">\n\t\t\t\t<div class=\"elementor-widget-container\">\n\t\t\t\t\t\t\t<div class=\"elementor-icon-wrapper\">\n\t\t\t<div class=\"elementor-icon\">\n\t\t\t<i aria-hidden=\"true\" class=\"icon icon-blog_tip\"><\/i>\t\t\t<\/div>\n\t\t<\/div>\n\t\t\t\t\t\t<\/div>\n\t\t\t\t<\/div>\n\t\t\t\t\t<\/div>\n\t\t<\/div>\n\t\t\t\t<div class=\"elementor-column elementor-col-50 elementor-inner-column elementor-element elementor-element-547bc609\" data-id=\"547bc609\" data-element_type=\"column\">\n\t\t\t<div class=\"elementor-widget-wrap elementor-element-populated\">\n\t\t\t\t\t\t<div class=\"elementor-element elementor-element-47ad2ec5 tip elementor-widget elementor-widget-text-editor\" data-id=\"47ad2ec5\" data-element_type=\"widget\" data-widget_type=\"text-editor.default\">\n\t\t\t\t<div class=\"elementor-widget-container\">\n\t\t\t\t\t\t\t\t\t<p>#klassenfahrtabersicher: Unsere Busfahrer von HEROL\u00c9 sind geimpft.<\/p>\t\t\t\t\t\t\t\t<\/div>\n\t\t\t\t<\/div>\n\t\t\t\t\t<\/div>\n\t\t<\/div>\n\t\t\t\t\t<\/div>\n\t\t<\/section>\n\t\t\t\t<div class=\"elementor-element elementor-element-2d8cf17 elementor-widget elementor-widget-text-editor\" data-id=\"2d8cf17\" data-element_type=\"widget\" data-widget_type=\"text-editor.default\">\n\t\t\t\t<div class=\"elementor-widget-container\">\n\t\t\t\t\t\t\t\t\t<h3>Klassenfahrten mit der Bahn<\/h3>\t\t\t\t\t\t\t\t<\/div>\n\t\t\t\t<\/div>\n\t\t\t\t<section class=\"elementor-section elementor-inner-section elementor-element elementor-element-a21d799 elementor-reverse-tablet elementor-reverse-mobile elementor-section-boxed elementor-section-height-default elementor-section-height-default\" data-id=\"a21d799\" data-element_type=\"section\">\n\t\t\t\t\t\t<div class=\"elementor-container elementor-column-gap-no\">\n\t\t\t\t\t<div class=\"elementor-column elementor-col-50 elementor-inner-column elementor-element elementor-element-4a47d42\" data-id=\"4a47d42\" data-element_type=\"column\">\n\t\t\t<div class=\"elementor-widget-wrap elementor-element-populated\">\n\t\t\t\t\t\t<div class=\"elementor-element elementor-element-336e4bb elementor-widget elementor-widget-text-editor\" data-id=\"336e4bb\" data-element_type=\"widget\" data-widget_type=\"text-editor.default\">\n\t\t\t\t<div class=\"elementor-widget-container\">\n\t\t\t\t\t\t\t\t\t<p>Die Bahn f\u00e4hrt im <strong>normalen Fahrplantakt<\/strong>. Zur Einhaltung der Maskenpflicht in den Bahnh\u00f6fen und in den Z\u00fcgen setzt die DB verst\u00e4rkt Kontrollteams ein. Die Kontrollteams werden im Bedarfsfall von der Bundespolizei unterst\u00fctzt. Renitente Maskenverweigerer werden aus den Z\u00fcgen verwiesen und mit einem Bu\u00dfgeld belegt.<\/p><p>Mehrere europ\u00e4ische Studien haben belegt, dass die <strong>Infektionsgefahr bei Zugreisen gering<\/strong> ist. Eine Studie aus Gro\u00dfbritannien ermittelte, dass die Ansteckungsgefahr bei 1 von 11.068 Reisen lag. Grundlage bildeten einst\u00fcndige Zugfahrten ohne Abstand und Maske. Durch die Maskenpflicht wird die Ansteckungsgefahr noch einmal stark reduziert. Die gesammelten Studien der Deutschen Bahn im <a href=\"#linksammlung\">Faktenblatt zum Download<\/a>.<\/p><p style=\"color: #333333; font-family: museo, sans-serif; font-size: 14.4px;\"><a style=\"font-family: ronnia, sans-serif; text-transform: uppercase;\" href=\"#linksammlung\">TAGESAKTUELLE INFORMATIONEN<\/a>\u00a0sowie weitere Informationen zu\u00a0<a style=\"font-family: ronnia, sans-serif; text-transform: uppercase;\" href=\"#linksammlung\">SICHERHEITSMASSNAHMEN IN DEN Z\u00dcGE<\/a>\u00a0sind auf der Website der Deutschen Bahn zu finden.<\/p>\t\t\t\t\t\t\t\t<\/div>\n\t\t\t\t<\/div>\n\t\t\t\t\t<\/div>\n\t\t<\/div>\n\t\t\t\t<div class=\"elementor-column elementor-col-50 elementor-inner-column elementor-element elementor-element-a8780da\" data-id=\"a8780da\" data-element_type=\"column\">\n\t\t\t<div class=\"elementor-widget-wrap elementor-element-populated\">\n\t\t\t\t\t\t<div class=\"elementor-element elementor-element-698ddbe elementor-widget elementor-widget-image\" data-id=\"698ddbe\" data-element_type=\"widget\" data-widget_type=\"image.default\">\n\t\t\t\t<div class=\"elementor-widget-container\">\n\t\t\t\t\t\t\t\t\t\t\t\t\t\t\t\t<a href=\"https:\/\/www.herole.de\/blog\/wp-content\/uploads\/jugendliche-am-bahnhof.jpg\" data-elementor-open-lightbox=\"yes\" data-elementor-lightbox-title=\"Jugendliche stehen am Bahnhof vor einem Zug\" data-e-action-hash=\"#elementor-action%3Aaction%3Dlightbox%26settings%3DeyJpZCI6MjIyNywidXJsIjoiaHR0cHM6XC9cL3d3dy5oZXJvbGUuZGVcL2Jsb2dcL3dwLWNvbnRlbnRcL3VwbG9hZHNcL2p1Z2VuZGxpY2hlLWFtLWJhaG5ob2YuanBnIn0%3D\">\n\t\t\t\t\t\t\t<img decoding=\"async\" width=\"1024\" height=\"683\" src=\"https:\/\/www.herole.de\/blog\/wp-content\/uploads\/jugendliche-am-bahnhof-1024x683.jpg\" class=\"attachment-large size-large wp-image-2227\" alt=\"Bahnfahren\" srcset=\"https:\/\/www.herole.de\/blog\/wp-content\/uploads\/jugendliche-am-bahnhof-1024x683.jpg 1024w, https:\/\/www.herole.de\/blog\/wp-content\/uploads\/jugendliche-am-bahnhof-300x200.jpg 300w, https:\/\/www.herole.de\/blog\/wp-content\/uploads\/jugendliche-am-bahnhof-768x512.jpg 768w, https:\/\/www.herole.de\/blog\/wp-content\/uploads\/jugendliche-am-bahnhof-1320x880.jpg 1320w, https:\/\/www.herole.de\/blog\/wp-content\/uploads\/jugendliche-am-bahnhof.jpg 1920w\" sizes=\"(max-width: 1024px) 100vw, 1024px\" \/>\t\t\t\t\t\t\t\t<\/a>\n\t\t\t\t\t\t\t\t\t\t\t\t\t\t\t<\/div>\n\t\t\t\t<\/div>\n\t\t\t\t\t<\/div>\n\t\t<\/div>\n\t\t\t\t\t<\/div>\n\t\t<\/section>\n\t\t\t\t<div class=\"elementor-element elementor-element-67126ca elementor-widget elementor-widget-text-editor\" data-id=\"67126ca\" data-element_type=\"widget\" data-widget_type=\"text-editor.default\">\n\t\t\t\t<div class=\"elementor-widget-container\">\n\t\t\t\t\t\t\t\t\t<h3>Klassenfahrten mit dem Flugzeug<\/h3><p>Das Flugangebot ist nach wie vor reduziert. Auf Flugh\u00e4fen und an Bord der Flugzeuge gilt Maskenpflicht. Allerdings ist es erlaubt, die Maske zum Essen und Trinken an Bord abzunehmen.<\/p><p>Informationen der wichtigsten Airlines, die bei Klassenfahrten ins Ausland genutzt werden:<\/p>\t\t\t\t\t\t\t\t<\/div>\n\t\t\t\t<\/div>\n\t\t\t\t<div class=\"elementor-element elementor-element-e4b07d3 elementor-icon-list--layout-traditional elementor-list-item-link-full_width elementor-widget elementor-widget-icon-list\" data-id=\"e4b07d3\" data-element_type=\"widget\" data-widget_type=\"icon-list.default\">\n\t\t\t\t<div class=\"elementor-widget-container\">\n\t\t\t\t\t\t\t<ul class=\"elementor-icon-list-items\">\n\t\t\t\t\t\t\t<li class=\"elementor-icon-list-item\">\n\t\t\t\t\t\t\t\t\t\t\t<a href=\"https:\/\/www.lufthansa.com\/de\/de\/reisen-und-corona\">\n\n\t\t\t\t\t\t\t\t\t\t\t\t<span class=\"elementor-icon-list-icon\">\n\t\t\t\t\t\t\t<i aria-hidden=\"true\" class=\"icon icon-ok\"><\/i>\t\t\t\t\t\t<\/span>\n\t\t\t\t\t\t\t\t\t\t<span class=\"elementor-icon-list-text\">Lufthansa<\/span>\n\t\t\t\t\t\t\t\t\t\t\t<\/a>\n\t\t\t\t\t\t\t\t\t<\/li>\n\t\t\t\t\t\t\t\t<li class=\"elementor-icon-list-item\">\n\t\t\t\t\t\t\t\t\t\t\t<a href=\"https:\/\/www.eurowings.com\/de\/informieren\/aktuelles-hilfe\/fluginformationen-coronavirus.html\">\n\n\t\t\t\t\t\t\t\t\t\t\t\t<span class=\"elementor-icon-list-icon\">\n\t\t\t\t\t\t\t<i aria-hidden=\"true\" class=\"icon icon-ok\"><\/i>\t\t\t\t\t\t<\/span>\n\t\t\t\t\t\t\t\t\t\t<span class=\"elementor-icon-list-text\">Eurowings<\/span>\n\t\t\t\t\t\t\t\t\t\t\t<\/a>\n\t\t\t\t\t\t\t\t\t<\/li>\n\t\t\t\t\t\t\t\t<li class=\"elementor-icon-list-item\">\n\t\t\t\t\t\t\t\t\t\t\t<a href=\"https:\/\/www.easyjet.com\/de\/politik\/coronavirus\">\n\n\t\t\t\t\t\t\t\t\t\t\t\t<span class=\"elementor-icon-list-icon\">\n\t\t\t\t\t\t\t<i aria-hidden=\"true\" class=\"icon icon-ok\"><\/i>\t\t\t\t\t\t<\/span>\n\t\t\t\t\t\t\t\t\t\t<span class=\"elementor-icon-list-text\">Easyjet<\/span>\n\t\t\t\t\t\t\t\t\t\t\t<\/a>\n\t\t\t\t\t\t\t\t\t<\/li>\n\t\t\t\t\t\t\t\t<li class=\"elementor-icon-list-item\">\n\t\t\t\t\t\t\t\t\t\t\t<a href=\"https:\/\/www.ryanair.com\/de\/de\/nutzliche-infos\/coronavirus-covid-19\">\n\n\t\t\t\t\t\t\t\t\t\t\t\t<span class=\"elementor-icon-list-icon\">\n\t\t\t\t\t\t\t<i aria-hidden=\"true\" class=\"icon icon-ok\"><\/i>\t\t\t\t\t\t<\/span>\n\t\t\t\t\t\t\t\t\t\t<span class=\"elementor-icon-list-text\">Ryanair<\/span>\n\t\t\t\t\t\t\t\t\t\t\t<\/a>\n\t\t\t\t\t\t\t\t\t<\/li>\n\t\t\t\t\t\t<\/ul>\n\t\t\t\t\t\t<\/div>\n\t\t\t\t<\/div>\n\t\t\t\t<div class=\"elementor-element elementor-element-f228f1e elementor-widget elementor-widget-text-editor\" data-id=\"f228f1e\" data-element_type=\"widget\" data-widget_type=\"text-editor.default\">\n\t\t\t\t<div class=\"elementor-widget-container\">\n\t\t\t\t\t\t\t\t\t<p>Stellvertretend f\u00fcr die Hygienema\u00dfnahmen der Flugh\u00e4fen sei hier die Informationsseite des gr\u00f6\u00dften deutschen <a href=\"https:\/\/www.frankfurt-airport.com\/de\/reisevorbereitung\/coronavirus.html\">Flughafens in Frankfurt<\/a> genannt.<\/p><h2>Jugendunterk\u00fcnfte<\/h2><p>Derzeit sind touristische \u00dcbernachtungen in Deutschland erlaubt. Es gelten <strong>Hygieneregeln<\/strong> die bereits im 2020 g\u00fcltig waren:<\/p>\t\t\t\t\t\t\t\t<\/div>\n\t\t\t\t<\/div>\n\t\t\t\t<div class=\"elementor-element elementor-element-9466b8f elementor-icon-list--layout-traditional elementor-list-item-link-full_width elementor-widget elementor-widget-icon-list\" data-id=\"9466b8f\" data-element_type=\"widget\" data-widget_type=\"icon-list.default\">\n\t\t\t\t<div class=\"elementor-widget-container\">\n\t\t\t\t\t\t\t<ul class=\"elementor-icon-list-items\">\n\t\t\t\t\t\t\t<li class=\"elementor-icon-list-item\">\n\t\t\t\t\t\t\t\t\t\t\t<span class=\"elementor-icon-list-icon\">\n\t\t\t\t\t\t\t<i aria-hidden=\"true\" class=\"icon icon-ok\"><\/i>\t\t\t\t\t\t<\/span>\n\t\t\t\t\t\t\t\t\t\t<span class=\"elementor-icon-list-text\">Alle Zimmer und \u00f6ffentliche Bereiche werden noch h\u00e4ufiger und gr\u00fcndlicher gereinigt, gel\u00fcftet und desinfiziert.<\/span>\n\t\t\t\t\t\t\t\t\t<\/li>\n\t\t\t\t\t\t\t\t<li class=\"elementor-icon-list-item\">\n\t\t\t\t\t\t\t\t\t\t\t<span class=\"elementor-icon-list-icon\">\n\t\t\t\t\t\t\t<i aria-hidden=\"true\" class=\"icon icon-ok\"><\/i>\t\t\t\t\t\t<\/span>\n\t\t\t\t\t\t\t\t\t\t<span class=\"elementor-icon-list-text\">Markierungen auf dem Boden weisen in den \u00f6ffentlichen Bereichen auf die Einhaltung des Mindestabstandes und auf \"Einbahnstra\u00dfen\" hin. Mit diesen wird verhindert, dass sich G\u00e4ste nicht auf engem Raum entgegenkommen.<\/span>\n\t\t\t\t\t\t\t\t\t<\/li>\n\t\t\t\t\t\t\t\t<li class=\"elementor-icon-list-item\">\n\t\t\t\t\t\t\t\t\t\t\t<span class=\"elementor-icon-list-icon\">\n\t\t\t\t\t\t\t<i aria-hidden=\"true\" class=\"icon icon-ok\"><\/i>\t\t\t\t\t\t<\/span>\n\t\t\t\t\t\t\t\t\t\t<span class=\"elementor-icon-list-text\">In den Fr\u00fchst\u00fccksr\u00e4umen zeigen Markierungen an, welche Tische und St\u00fchle genutzt werden d\u00fcrfen.<\/span>\n\t\t\t\t\t\t\t\t\t<\/li>\n\t\t\t\t\t\t\t\t<li class=\"elementor-icon-list-item\">\n\t\t\t\t\t\t\t\t\t\t\t<span class=\"elementor-icon-list-icon\">\n\t\t\t\t\t\t\t<i aria-hidden=\"true\" class=\"icon icon-ok\"><\/i>\t\t\t\t\t\t<\/span>\n\t\t\t\t\t\t\t\t\t\t<span class=\"elementor-icon-list-text\">Die typischen Fr\u00fchst\u00fccksb\u00fcffets gibt es derzeit nicht. Stattdessen werden abgepackte Fr\u00fchst\u00fccke bereitgestellt oder sogenannte Ausgabeb\u00fcffets arrangiert, bei denen ein Mitarbeiter das Essen ausgibt.<\/span>\n\t\t\t\t\t\t\t\t\t<\/li>\n\t\t\t\t\t\t\t\t<li class=\"elementor-icon-list-item\">\n\t\t\t\t\t\t\t\t\t\t\t<span class=\"elementor-icon-list-icon\">\n\t\t\t\t\t\t\t<i aria-hidden=\"true\" class=\"icon icon-ok\"><\/i>\t\t\t\t\t\t<\/span>\n\t\t\t\t\t\t\t\t\t\t<span class=\"elementor-icon-list-text\">Das Personal wird zus\u00e4tzlich durch Plexiglas an der Rezeption und in anderen Bereichen gesch\u00fctzt. Das Einchecken erfolgt m\u00f6glichst kontaktlos \u00fcber Self-Service-Terminals im Eingangsbereich.<\/span>\n\t\t\t\t\t\t\t\t\t<\/li>\n\t\t\t\t\t\t<\/ul>\n\t\t\t\t\t\t<\/div>\n\t\t\t\t<\/div>\n\t\t\t\t<div class=\"elementor-element elementor-element-3dbb085 elementor-widget elementor-widget-text-editor\" data-id=\"3dbb085\" data-element_type=\"widget\" data-widget_type=\"text-editor.default\">\n\t\t\t\t<div class=\"elementor-widget-container\">\n\t\t\t\t\t\t\t\t\t<p>Das gesamte <a href=\"#linksammlung\">Konzept der a&amp;o-Hostels<\/a> l\u00e4sst sich in Form einer praktischen PDF-Datei einsehen.\u00a0<\/p><p>Informationen des <a href=\"#linksammlung\">Deutschen Jugendherbergsverbandes<\/a>\u00a0finden Sie hier.\u00a0<\/p><p>Ganz \u00e4hnlich sieht es auch bei den Meininger Hotels aus: <a href=\"#linksammlung\">meininger-hotels.de<\/a><\/p>\t\t\t\t\t\t\t\t<\/div>\n\t\t\t\t<\/div>\n\t\t\t\t<div class=\"elementor-element elementor-element-9857370 elementor-blockquote--skin-clean elementor-blockquote--button-color-official elementor-widget elementor-widget-blockquote\" data-id=\"9857370\" data-element_type=\"widget\" data-widget_type=\"blockquote.default\">\n\t\t\t\t<div class=\"elementor-widget-container\">\n\t\t\t\t\t\t\t<blockquote class=\"elementor-blockquote\">\n\t\t\t<p class=\"elementor-blockquote__content\">\n\t\t\t\t\"Der Gruppen-Check In wird immer individuell durchgef\u00fchrt, so wird der Check In bei Gruppen, die mit dem Bus anreisen, auch dort durchgef\u00fchrt.\" Elizabeta Nikolla, Operations Manager bei MEININGER\t\t\t<\/p>\n\t\t\t\t\t<\/blockquote>\n\t\t\t\t\t\t<\/div>\n\t\t\t\t<\/div>\n\t\t\t\t<div class=\"elementor-element elementor-element-26adc0f elementor-widget elementor-widget-text-editor\" data-id=\"26adc0f\" data-element_type=\"widget\" data-widget_type=\"text-editor.default\">\n\t\t\t\t<div class=\"elementor-widget-container\">\n\t\t\t\t\t\t\t\t\t<p>Bei Buchung anderer Unterk\u00fcnfte teilt Ihnen Ihr Ansprechpartner bei HEROL\u00c9 gerne auf Anfrage n\u00e4here Informationen zu den dortigen Regeln mit.<\/p><h2>Tagesausfl\u00fcge und Exkursionen<\/h2><p>Die meisten Museen und touristischen Attraktionen sind ge\u00f6ffnet. Die folgendenen <strong>Regelungen und Hygienema\u00dfnahmen gelten<\/strong>:<\/p>\t\t\t\t\t\t\t\t<\/div>\n\t\t\t\t<\/div>\n\t\t\t\t<section class=\"elementor-section elementor-inner-section elementor-element elementor-element-b68d823 elementor-section-boxed elementor-section-height-default elementor-section-height-default\" data-id=\"b68d823\" data-element_type=\"section\">\n\t\t\t\t\t\t<div class=\"elementor-container elementor-column-gap-no\">\n\t\t\t\t\t<div class=\"elementor-column elementor-col-50 elementor-inner-column elementor-element elementor-element-fe0c239\" data-id=\"fe0c239\" data-element_type=\"column\">\n\t\t\t<div class=\"elementor-widget-wrap elementor-element-populated\">\n\t\t\t\t\t\t<div class=\"elementor-element elementor-element-262160d elementor-widget elementor-widget-image\" data-id=\"262160d\" data-element_type=\"widget\" data-widget_type=\"image.default\">\n\t\t\t\t<div class=\"elementor-widget-container\">\n\t\t\t\t\t\t\t\t\t\t\t\t\t\t\t\t<a href=\"https:\/\/www.herole.de\/blog\/wp-content\/uploads\/schueler-experimentieren-deutsches-museum.jpg\" data-elementor-open-lightbox=\"yes\" data-elementor-lightbox-title=\"Sch\u00fcler experimentieren im Deutschen Museum in M\u00fcnchen\" data-e-action-hash=\"#elementor-action%3Aaction%3Dlightbox%26settings%3DeyJpZCI6MTQxODMsInVybCI6Imh0dHBzOlwvXC93d3cuaGVyb2xlLmRlXC9ibG9nXC93cC1jb250ZW50XC91cGxvYWRzXC9zY2h1ZWxlci1leHBlcmltZW50aWVyZW4tZGV1dHNjaGVzLW11c2V1bS5qcGcifQ%3D%3D\">\n\t\t\t\t\t\t\t<img loading=\"lazy\" decoding=\"async\" width=\"640\" height=\"480\" src=\"https:\/\/www.herole.de\/blog\/wp-content\/uploads\/schueler-experimentieren-deutsches-museum.jpg\" class=\"attachment-large size-large wp-image-14183\" alt=\"Zwei Sch\u00fcler probieren sich an einem Bildschirm im Deutschen Museum in M\u00fcnchen aus\" srcset=\"https:\/\/www.herole.de\/blog\/wp-content\/uploads\/schueler-experimentieren-deutsches-museum.jpg 640w, https:\/\/www.herole.de\/blog\/wp-content\/uploads\/schueler-experimentieren-deutsches-museum-300x225.jpg 300w\" sizes=\"(max-width: 640px) 100vw, 640px\" \/>\t\t\t\t\t\t\t\t<\/a>\n\t\t\t\t\t\t\t\t\t\t\t\t\t\t\t<\/div>\n\t\t\t\t<\/div>\n\t\t\t\t\t<\/div>\n\t\t<\/div>\n\t\t\t\t<div class=\"elementor-column elementor-col-50 elementor-inner-column elementor-element elementor-element-d4b4b81\" data-id=\"d4b4b81\" data-element_type=\"column\">\n\t\t\t<div class=\"elementor-widget-wrap elementor-element-populated\">\n\t\t\t\t\t\t<div class=\"elementor-element elementor-element-0a00e76 elementor-icon-list--layout-traditional elementor-list-item-link-full_width elementor-widget elementor-widget-icon-list\" data-id=\"0a00e76\" data-element_type=\"widget\" data-widget_type=\"icon-list.default\">\n\t\t\t\t<div class=\"elementor-widget-container\">\n\t\t\t\t\t\t\t<ul class=\"elementor-icon-list-items\">\n\t\t\t\t\t\t\t<li class=\"elementor-icon-list-item\">\n\t\t\t\t\t\t\t\t\t\t\t<span class=\"elementor-icon-list-icon\">\n\t\t\t\t\t\t\t<i aria-hidden=\"true\" class=\"icon icon-ok\"><\/i>\t\t\t\t\t\t<\/span>\n\t\t\t\t\t\t\t\t\t\t<span class=\"elementor-icon-list-text\">begrenzte Besucherzahlen<\/span>\n\t\t\t\t\t\t\t\t\t<\/li>\n\t\t\t\t\t\t\t\t<li class=\"elementor-icon-list-item\">\n\t\t\t\t\t\t\t\t\t\t\t<span class=\"elementor-icon-list-icon\">\n\t\t\t\t\t\t\t<i aria-hidden=\"true\" class=\"icon icon-ok\"><\/i>\t\t\t\t\t\t<\/span>\n\t\t\t\t\t\t\t\t\t\t<span class=\"elementor-icon-list-text\">Verpflichtende Online-Reservierungen vorab<\/span>\n\t\t\t\t\t\t\t\t\t<\/li>\n\t\t\t\t\t\t\t\t<li class=\"elementor-icon-list-item\">\n\t\t\t\t\t\t\t\t\t\t\t<span class=\"elementor-icon-list-icon\">\n\t\t\t\t\t\t\t<i aria-hidden=\"true\" class=\"icon icon-ok\"><\/i>\t\t\t\t\t\t<\/span>\n\t\t\t\t\t\t\t\t\t\t<span class=\"elementor-icon-list-text\">F\u00fchrungen nur in Kleingruppen<\/span>\n\t\t\t\t\t\t\t\t\t<\/li>\n\t\t\t\t\t\t\t\t<li class=\"elementor-icon-list-item\">\n\t\t\t\t\t\t\t\t\t\t\t<span class=\"elementor-icon-list-icon\">\n\t\t\t\t\t\t\t<i aria-hidden=\"true\" class=\"icon icon-ok\"><\/i>\t\t\t\t\t\t<\/span>\n\t\t\t\t\t\t\t\t\t\t<span class=\"elementor-icon-list-text\">Mindestabstand von 1,5 Metern zwischen einzelnen Besuchern<\/span>\n\t\t\t\t\t\t\t\t\t<\/li>\n\t\t\t\t\t\t\t\t<li class=\"elementor-icon-list-item\">\n\t\t\t\t\t\t\t\t\t\t\t<span class=\"elementor-icon-list-icon\">\n\t\t\t\t\t\t\t<i aria-hidden=\"true\" class=\"icon icon-ok\"><\/i>\t\t\t\t\t\t<\/span>\n\t\t\t\t\t\t\t\t\t\t<span class=\"elementor-icon-list-text\">Einbahnstra\u00dfen<\/span>\n\t\t\t\t\t\t\t\t\t<\/li>\n\t\t\t\t\t\t\t\t<li class=\"elementor-icon-list-item\">\n\t\t\t\t\t\t\t\t\t\t\t<span class=\"elementor-icon-list-icon\">\n\t\t\t\t\t\t\t<i aria-hidden=\"true\" class=\"icon icon-ok\"><\/i>\t\t\t\t\t\t<\/span>\n\t\t\t\t\t\t\t\t\t\t<span class=\"elementor-icon-list-text\">Maskenpflicht im Innenbereich<\/span>\n\t\t\t\t\t\t\t\t\t<\/li>\n\t\t\t\t\t\t\t\t<li class=\"elementor-icon-list-item\">\n\t\t\t\t\t\t\t\t\t\t\t<span class=\"elementor-icon-list-icon\">\n\t\t\t\t\t\t\t<i aria-hidden=\"true\" class=\"icon icon-ok\"><\/i>\t\t\t\t\t\t<\/span>\n\t\t\t\t\t\t\t\t\t\t<span class=\"elementor-icon-list-text\">Sperrung von Teilbereichen<\/span>\n\t\t\t\t\t\t\t\t\t<\/li>\n\t\t\t\t\t\t\t\t<li class=\"elementor-icon-list-item\">\n\t\t\t\t\t\t\t\t\t\t\t<span class=\"elementor-icon-list-icon\">\n\t\t\t\t\t\t\t<i aria-hidden=\"true\" class=\"icon icon-ok\"><\/i>\t\t\t\t\t\t<\/span>\n\t\t\t\t\t\t\t\t\t\t<span class=\"elementor-icon-list-text\">eingeschr\u00e4nktes Angebot an Workshops, etc.<\/span>\n\t\t\t\t\t\t\t\t\t<\/li>\n\t\t\t\t\t\t<\/ul>\n\t\t\t\t\t\t<\/div>\n\t\t\t\t<\/div>\n\t\t\t\t\t<\/div>\n\t\t<\/div>\n\t\t\t\t\t<\/div>\n\t\t<\/section>\n\t\t\t\t<div class=\"elementor-element elementor-element-711ba25 elementor-widget elementor-widget-text-editor\" data-id=\"711ba25\" data-element_type=\"widget\" data-widget_type=\"text-editor.default\">\n\t\t\t\t<div class=\"elementor-widget-container\">\n\t\t\t\t\t\t\t\t\t<p><strong>Stadtf\u00fchrungen<\/strong> an der frischen Luft sind wieder erlaubt. Auch hier gilt bei Nichteinhaltung des Mindestabstandes die Maskenpflicht.<\/p><h2>#klassenfahrtabersicher: Jetzt planen und vorfreuen<\/h2><p>Sichern Sie sich jetzt Ihr Wunschziel und Ihren Wunschreisezeitraum 2022.\u00a0 Sollte sie dennoch, aufgrund aktueller Ereignisse rund um die Corona-Pandemie nicht durchgef\u00fchrt werden k\u00f6nnen, ist eine Umbuchung oder Stornierung auch kurzfristig m\u00f6glich. Er\u00f6ffnen Sie Ihren Sch\u00fcler:innen jetzt die M\u00f6glichkeit, mit <strong>Vorfreude auf das kommende Jahr<\/strong> zu blicken und im Kreis der gleichaltrigen Freunde nachzuholen, was ihnen so lange verwehrt blieb!<\/p>\t\t\t\t\t\t\t\t<\/div>\n\t\t\t\t<\/div>\n\t\t\t\t<div class=\"elementor-element elementor-element-e9cb4a6 elementor-blockquote--skin-clean elementor-blockquote--button-color-official elementor-widget elementor-widget-blockquote\" data-id=\"e9cb4a6\" data-element_type=\"widget\" data-widget_type=\"blockquote.default\">\n\t\t\t\t<div class=\"elementor-widget-container\">\n\t\t\t\t\t\t\t<blockquote class=\"elementor-blockquote\">\n\t\t\t<p class=\"elementor-blockquote__content\">\n\t\t\t\t\"Alle Museen, Gedenkst\u00e4tten und Programmanbieter legen gr\u00f6\u00dften Wert darauf, dass die Hygienevorschriften und AHA- Regeln eingehalten werden. Deshalb kann ich sie nur animieren ihre Klassenfahrt zu planen. Sie sind herzlich willkommen.\" Martin Sauter, Tour Guide Berlin\t\t\t<\/p>\n\t\t\t\t\t<\/blockquote>\n\t\t\t\t\t\t<\/div>\n\t\t\t\t<\/div>\n\t\t\t\t<div class=\"elementor-element elementor-element-45d70c78 elementor-cta--valign-top lines lines-2 elementor-cta--skin-classic elementor-animated-content elementor-bg-transform elementor-bg-transform-zoom-in elementor-widget elementor-widget-call-to-action\" data-id=\"45d70c78\" data-element_type=\"widget\" data-widget_type=\"call-to-action.default\">\n\t\t\t\t<div class=\"elementor-widget-container\">\n\t\t\t\t\t\t\t<div class=\"elementor-cta\">\n\t\t\t\t\t\t\t<div class=\"elementor-cta__content\">\n\t\t\t\t\n\t\t\t\t\t\t\t\t\t<h2 class=\"elementor-cta__title elementor-cta__content-item elementor-content-item\">\n\t\t\t\t\t\tUnsere Angebote\t\t\t\t\t<\/h2>\n\t\t\t\t\n\t\t\t\t\t\t\t\t\t<div class=\"elementor-cta__description elementor-cta__content-item elementor-content-item\">\n\t\t\t\t\t\tSie planen eine Klassenfahrt? Lassen Sie sich jetzt von unseren Kundenberatern Ihre individuelle Klassenfahrt in Deutschland oder innerhalb Europas zusammenstellen.\t\t\t\t\t<\/div>\n\t\t\t\t\n\t\t\t\t\t\t\t\t\t<div class=\"elementor-cta__button-wrapper elementor-cta__content-item elementor-content-item \">\n\t\t\t\t\t<a class=\"elementor-cta__button elementor-button elementor-size-\" href=\"https:\/\/www.herole.de\/klassenfahrten\" target=\"_blank\" data-stoerer-tracking=\"europa\">\n\t\t\t\t\t\tMehr dazu\t\t\t\t\t<\/a>\n\t\t\t\t\t<\/div>\n\t\t\t\t\t\t\t<\/div>\n\t\t\t\t\t\t<\/div>\n\t\t\t\t\t\t<\/div>\n\t\t\t\t<\/div>\n\t\t\t\t<div class=\"elementor-element elementor-element-ff1b6ad elementor-widget elementor-widget-menu-anchor\" data-id=\"ff1b6ad\" data-element_type=\"widget\" data-widget_type=\"menu-anchor.default\">\n\t\t\t\t<div class=\"elementor-widget-container\">\n\t\t\t\t\t\t\t<div class=\"elementor-menu-anchor\" id=\"linksammlung\"><\/div>\n\t\t\t\t\t\t<\/div>\n\t\t\t\t<\/div>\n\t\t\t\t<div class=\"elementor-element elementor-element-4274caf8 elementor-widget elementor-widget-text-editor\" data-id=\"4274caf8\" data-element_type=\"widget\" data-widget_type=\"text-editor.default\">\n\t\t\t\t<div class=\"elementor-widget-container\">\n\t\t\t\t\t\t\t\t\t<h2>Linksammlung<\/h2><ul><li>S\u00fcddeutsche Zeitung: <a href=\"https:\/\/www.sueddeutsche.de\/leben\/bildung-schule-klassenfahrten-1.5411114\">Interview Martin Bujard<\/a><\/li><li>Konzept des dt. Omnibusgewerbes: <a href=\"https:\/\/www.bdo.org\/uploads\/assets\/5eb2e7328f5d0bb3df000037\/original\/Exit-Konzept_der_Busbranche_-_Anforderungen_an_alle_Reisebusunternehmen.pdf?1588782898\">Anforderungen an Busreiseunternehmen<\/a><\/li><li>Omnibusrevue: <a href=\"https:\/\/www.omnibusrevue.de\/nachrichten\/management\/angleichung-der-regeln-fuer-busreisen-2632694\">Angleichung Regelung Busreisen<\/a><\/li><li>FlixBus: <a href=\"https:\/\/www.flixbus.de\/streckennetz-und-sicherheit-updates\">Update zu Schutzma\u00dfnahmen<\/a><\/li><li>Deutsche Bahn: <a href=\"https:\/\/www.bahn.de\/p\/view\/home\/info\/corona_startseite_bahnde.shtml\">Aktuelle Informationen<\/a><\/li><li>Deutsche Bahn: <a href=\"https:\/\/inside.bahn.de\/massnahmen-sicherheit-corona-bahn\/\">Sicherheitsvorkehrungen<\/a><\/li><li>Flughafen Frankfurt: <a href=\"https:\/\/www.frankfurt-airport.com\/de\/reisevorbereitung\/coronavirus.html\">Informationen zum Coronavirus<\/a><\/li><li>ADV: <a href=\"https:\/\/www.adv.aero\/corona-pandemie\/wiederanlaufen-des-luftverkehrs\/\">Leitfaden Corona<\/a><\/li><li>DEHOGA: <a href=\"https:\/\/www.dehoga-corona.de\/auflagen-praxishilfen\/verordnungen-der-bundeslaender\/#:~:text=Seit%20dem%2002.,Hot%2DSpot%2DGebieten%20vorsehen.\">Verordnungen der Bundesl\u00e4nder\u00a0<\/a><\/li><li>a&amp;o Hotels &amp; Hostels: <a href=\"https:\/\/www.aohostels.com\/de\/covid-19\/\">Hygienekonzept CoVid 19<\/a><\/li><li>Meininger Hotels: <a href=\"https:\/\/www.meininger-hotels.com\/de\/covid-19-und-reisen\/\">Covid 19 und Reisen<\/a><\/li><li>DJH: <a href=\"https:\/\/www.jugendherberge.de\/infoservice\/hygieneregeln\/\">Konzept Corona<\/a><\/li><li>Bundesverband der Gastf\u00fchrer in Deutschland e. V.: <a href=\"https:\/\/www.bvgd.org\/wp-content\/uploads\/2020\/05\/Empfehlungen-f%C3%BCr-die-Wiederaufnahme-von-G%C3%A4stef%C3%BChrungen_-002.pdf\">Leitfaden Corona<\/a><\/li><\/ul><h3>Regelungen in den Bundesl\u00e4ndern:<\/h3><ul><li>\u00a0Baden-W\u00fcrttemberg: <a href=\"https:\/\/km-bw.de\/,Lde\/startseite\/sonderseiten\/faq-corona-schule#anker9694761\">Informationen zu Klassenfahrten<\/a><\/li><li>Bayern: <a href=\"https:\/\/www.km.bayern.de\/allgemein\/meldung\/7047\/faq-zum-unterrichtsbetrieb-an-bayerns-schulen.html\">Informationen zu Klassenfahrten<\/a><\/li><li>Hamburg: <a href=\"https:\/\/www.hamburg.de\/bsb\/13679646\/corona-faqs\/#15048902_15048984\">Informationen zu Klassenfahrten<\/a><\/li><li>Hessen: <a href=\"https:\/\/kultusministerium.hessen.de\/schulsystem\/corona\">Kultusministerium<\/a><\/li><li>Mecklenburg-Vorpommern: <a href=\"https:\/\/www.regierung-mv.de\/Landesregierung\/bm\/Blickpunkte\/Coronavirus\/Coronavirus-%E2%80%93-Informationen-f%C3%BCr-schule\/\">Ministerium<\/a><\/li><li>Niedersachsen: <a href=\"https:\/\/www.mk.niedersachsen.de\/startseite\/aktuelles\/schule_neues_schuljahr\/faq_schule_in_corona_zeiten\/corona-erlasse-schule-mk-194408.html\">Ministerium<\/a> und <a href=\"https:\/\/www.mk.niedersachsen.de\/startseite\/aktuelles\/schule_neues_schuljahr\/faq_schule_in_corona_zeiten\/faq-corona-7-193852.html\">KMN<\/a><\/li><li>Niedersachsen:<a href=\"https:\/\/www.mk.niedersachsen.de\/startseite\/aktuelles\/schule_neues_schuljahr\/faq_schule_in_corona_zeiten\/faq-corona-7-193852.html\"> Weitere Informationen<\/a><\/li><li>NRW: <a href=\"https:\/\/www.schulministerium.nrw\/themen\/schulsystem\/angepasster-schulbetrieb-corona-zeiten\/stufenmodell\">Bildungsland<\/a><\/li><li>Saarland:<a href=\"https:\/\/www.sol.de\/saarland\/corona-regeln-an-schulen-im-saarland-angepasst,73184.html\"> Informationen zu Klassenfahrten<\/a><\/li><li>Schleswig-Holstein: <a href=\"https:\/\/www.schleswig-holstein.de\/DE\/Schwerpunkte\/Coronavirus\/Schulen_Hochschulen\/Schuljahr21_22\/hygienekonzept_21_22.html#doc3337ee9c-e73d-4231-bdf5-373a95eb76b0bodyText14\">Ministerium<\/a><\/li><li>Th\u00fcringen: <a href=\"https:\/\/bildung.thueringen.de\/ministerium\/coronavirus\">Ministerium<\/a><\/li><\/ul>\t\t\t\t\t\t\t\t<\/div>\n\t\t\t\t<\/div>\n\t\t\t\t<div class=\"elementor-element elementor-element-51542e59 elementor-widget elementor-widget-text-editor\" data-id=\"51542e59\" data-element_type=\"widget\" data-widget_type=\"text-editor.default\">\n\t\t\t\t<div class=\"elementor-widget-container\">\n\t\t\t\t\t\t\t\t\t<h2>Bildnachweis<\/h2><ul><li>Jugendlicher mit Mundschutz: Sydra Productions\/ <a href=\"https:\/\/www.shutterstock.com\/de\/\" target=\"_blank\" rel=\"noopener\">Shutterstock.com<\/a><\/li><li>Lehrer auf Klassenfahrt in Coronazeiten \u00a9 HEROL\u00c9<\/li><li>Grafik zum Luftaustausch im Reisebus \u00a9 BDO<\/li><li>Jugendliche vor einem Zug: Bartosz Ostrowski \/ <a href=\"https:\/\/www.shutterstock.com\/de\/\">Shutterstock.com<\/a><\/li><li>Sch\u00fcler experimentieren im Deutschen Museum in M\u00fcnchen \u00a9 Deutsches Museum<\/li><\/ul>\t\t\t\t\t\t\t\t<\/div>\n\t\t\t\t<\/div>\n\t\t\t\t\t<\/div>\n\t\t<\/div>\n\t\t\t\t\t<\/div>\n\t\t<\/section>\n\t\t\t\t<\/div>\n\t\t","protected":false},"excerpt":{"rendered":"<p>Derzeit besteht noch Unsicherheit zum Thema Klassenfahrten 2022. Damit Schulklassen nicht auf die f\u00fcr sie so wichtigen Reisen verzichten m\u00fcssen, wurden umfassende Hygienekonzepte unter dem Motto #klassenfahrtabersicher entwickelt.<\/p>\n","protected":false},"author":6,"featured_media":17101,"comment_status":"closed","ping_status":"closed","sticky":false,"template":"","format":"standard","meta":{"footnotes":""},"categories":[61],"tags":[],"class_list":["post-14428","post","type-post","status-publish","format-standard","has-post-thumbnail","hentry","category-vorbereitung"],"yoast_head":"<!-- This site is optimized with the Yoast SEO plugin v26.0 - https:\/\/yoast.com\/wordpress\/plugins\/seo\/ -->\n<title>Klassenfahrten: Hygienekonzepte von Herol\u00e9<\/title>\n<meta name=\"description\" content=\"Aktuelle Informationen zu Klassenfahrten 2022 mit aktuellen Bestimmungen der Bundesl\u00e4nder und Vorstellung der Herol\u00e9-Hygienekonzepte.\" \/>\n<meta name=\"robots\" content=\"index, follow, max-snippet:-1, max-image-preview:large, max-video-preview:-1\" \/>\n<link rel=\"canonical\" href=\"https:\/\/www.herole.de\/blog\/hygienekonzepte-klassenfahrten\/\" \/>\n<meta property=\"og:locale\" content=\"de_DE\" \/>\n<meta property=\"og:type\" content=\"article\" \/>\n<meta property=\"og:title\" content=\"Klassenfahrten: Hygienekonzepte von Herol\u00e9\" \/>\n<meta property=\"og:description\" content=\"Aktuelle Informationen zu Klassenfahrten 2022 mit aktuellen Bestimmungen der Bundesl\u00e4nder und Vorstellung der Herol\u00e9-Hygienekonzepte.\" \/>\n<meta property=\"og:url\" content=\"https:\/\/www.herole.de\/blog\/hygienekonzepte-klassenfahrten\/\" \/>\n<meta property=\"og:site_name\" content=\"HEROL\u00c9 Ratgeber\" \/>\n<meta property=\"article:publisher\" content=\"https:\/\/www.facebook.com\/HeroleKlassenfahrten\" \/>\n<meta property=\"article:published_time\" content=\"2021-06-23T06:30:00+00:00\" \/>\n<meta property=\"article:modified_time\" content=\"2024-03-05T12:09:55+00:00\" \/>\n<meta property=\"og:image\" content=\"https:\/\/www.herole.de\/blog\/wp-content\/uploads\/schueler-bus.jpg\" \/>\n\t<meta property=\"og:image:width\" content=\"1424\" \/>\n\t<meta property=\"og:image:height\" content=\"919\" \/>\n\t<meta property=\"og:image:type\" content=\"image\/jpeg\" \/>\n<meta name=\"author\" content=\"Heike Philipp\" \/>\n<meta name=\"twitter:card\" content=\"summary_large_image\" \/>\n<meta name=\"twitter:creator\" content=\"@heike.bach\" \/>\n<meta name=\"twitter:site\" content=\"@herole_reisen\" \/>\n<meta name=\"twitter:label1\" content=\"Verfasst von\" \/>\n\t<meta name=\"twitter:data1\" content=\"Heike Philipp\" \/>\n\t<meta name=\"twitter:label2\" content=\"Gesch\u00e4tzte Lesezeit\" \/>\n\t<meta name=\"twitter:data2\" content=\"12\u00a0Minuten\" \/>\n<script type=\"application\/ld+json\" class=\"yoast-schema-graph\">{\"@context\":\"https:\/\/schema.org\",\"@graph\":[{\"@type\":\"Article\",\"@id\":\"https:\/\/www.herole.de\/blog\/hygienekonzepte-klassenfahrten\/#article\",\"isPartOf\":{\"@id\":\"https:\/\/www.herole.de\/blog\/hygienekonzepte-klassenfahrten\/\"},\"author\":{\"name\":\"Heike Philipp\",\"@id\":\"https:\/\/www.herole.de\/blog\/#\/schema\/person\/13fb982c1909aaffcf2c09f0fde399ba\"},\"headline\":\"Klassenfahrten: Hygienekonzepte von Herol\u00e9\",\"datePublished\":\"2021-06-23T06:30:00+00:00\",\"dateModified\":\"2024-03-05T12:09:55+00:00\",\"mainEntityOfPage\":{\"@id\":\"https:\/\/www.herole.de\/blog\/hygienekonzepte-klassenfahrten\/\"},\"wordCount\":2108,\"publisher\":{\"@id\":\"https:\/\/www.herole.de\/blog\/#organization\"},\"image\":{\"@id\":\"https:\/\/www.herole.de\/blog\/hygienekonzepte-klassenfahrten\/#primaryimage\"},\"thumbnailUrl\":\"https:\/\/www.herole.de\/blog\/wp-content\/uploads\/schueler-bus.jpg\",\"articleSection\":[\"Vorbereitung\"],\"inLanguage\":\"de\"},{\"@type\":\"WebPage\",\"@id\":\"https:\/\/www.herole.de\/blog\/hygienekonzepte-klassenfahrten\/\",\"url\":\"https:\/\/www.herole.de\/blog\/hygienekonzepte-klassenfahrten\/\",\"name\":\"Klassenfahrten: Hygienekonzepte von Herol\u00e9\",\"isPartOf\":{\"@id\":\"https:\/\/www.herole.de\/blog\/#website\"},\"primaryImageOfPage\":{\"@id\":\"https:\/\/www.herole.de\/blog\/hygienekonzepte-klassenfahrten\/#primaryimage\"},\"image\":{\"@id\":\"https:\/\/www.herole.de\/blog\/hygienekonzepte-klassenfahrten\/#primaryimage\"},\"thumbnailUrl\":\"https:\/\/www.herole.de\/blog\/wp-content\/uploads\/schueler-bus.jpg\",\"datePublished\":\"2021-06-23T06:30:00+00:00\",\"dateModified\":\"2024-03-05T12:09:55+00:00\",\"description\":\"Aktuelle Informationen zu Klassenfahrten 2022 mit aktuellen Bestimmungen der Bundesl\u00e4nder und Vorstellung der Herol\u00e9-Hygienekonzepte.\",\"breadcrumb\":{\"@id\":\"https:\/\/www.herole.de\/blog\/hygienekonzepte-klassenfahrten\/#breadcrumb\"},\"inLanguage\":\"de\",\"potentialAction\":[{\"@type\":\"ReadAction\",\"target\":[\"https:\/\/www.herole.de\/blog\/hygienekonzepte-klassenfahrten\/\"]}]},{\"@type\":\"ImageObject\",\"inLanguage\":\"de\",\"@id\":\"https:\/\/www.herole.de\/blog\/hygienekonzepte-klassenfahrten\/#primaryimage\",\"url\":\"https:\/\/www.herole.de\/blog\/wp-content\/uploads\/schueler-bus.jpg\",\"contentUrl\":\"https:\/\/www.herole.de\/blog\/wp-content\/uploads\/schueler-bus.jpg\",\"width\":1424,\"height\":919,\"caption\":\"Sch\u00fcler mit Abstand und Maske im Reisebus auf Klassenfahrt.\"},{\"@type\":\"BreadcrumbList\",\"@id\":\"https:\/\/www.herole.de\/blog\/hygienekonzepte-klassenfahrten\/#breadcrumb\",\"itemListElement\":[{\"@type\":\"ListItem\",\"position\":1,\"name\":\"Startseite\",\"item\":\"https:\/\/www.herole.de\/blog\/\"},{\"@type\":\"ListItem\",\"position\":2,\"name\":\"Klassenfahrten: Hygienekonzepte von Herol\u00e9\"}]},{\"@type\":\"WebSite\",\"@id\":\"https:\/\/www.herole.de\/blog\/#website\",\"url\":\"https:\/\/www.herole.de\/blog\/\",\"name\":\"HEROL\u00c9 Ratgeber\",\"description\":\"Wissenswertes rund um die Organisation von Klassenfahrten, zudem Lehrertipps und Themen des Schulalltags.\",\"publisher\":{\"@id\":\"https:\/\/www.herole.de\/blog\/#organization\"},\"potentialAction\":[{\"@type\":\"SearchAction\",\"target\":{\"@type\":\"EntryPoint\",\"urlTemplate\":\"https:\/\/www.herole.de\/blog\/?s={search_term_string}\"},\"query-input\":{\"@type\":\"PropertyValueSpecification\",\"valueRequired\":true,\"valueName\":\"search_term_string\"}}],\"inLanguage\":\"de\"},{\"@type\":\"Organization\",\"@id\":\"https:\/\/www.herole.de\/blog\/#organization\",\"name\":\"HEROL\u00c9 Reisen GmbH\",\"url\":\"https:\/\/www.herole.de\/blog\/\",\"logo\":{\"@type\":\"ImageObject\",\"inLanguage\":\"de\",\"@id\":\"https:\/\/www.herole.de\/blog\/#\/schema\/logo\/image\/\",\"url\":\"https:\/\/www.herole.de\/blog\/wp-content\/uploads\/herole-logo.png\",\"contentUrl\":\"https:\/\/www.herole.de\/blog\/wp-content\/uploads\/herole-logo.png\",\"width\":274,\"height\":70,\"caption\":\"HEROL\u00c9 Reisen GmbH\"},\"image\":{\"@id\":\"https:\/\/www.herole.de\/blog\/#\/schema\/logo\/image\/\"},\"sameAs\":[\"https:\/\/www.facebook.com\/HeroleKlassenfahrten\",\"https:\/\/x.com\/herole_reisen\",\"https:\/\/instagram.com\/heroleklassenfahrten\",\"https:\/\/www.youtube.com\/HeroleReisen\"]},{\"@type\":\"Person\",\"@id\":\"https:\/\/www.herole.de\/blog\/#\/schema\/person\/13fb982c1909aaffcf2c09f0fde399ba\",\"name\":\"Heike Philipp\",\"image\":{\"@type\":\"ImageObject\",\"inLanguage\":\"de\",\"@id\":\"https:\/\/www.herole.de\/blog\/#\/schema\/person\/image\/\",\"url\":\"https:\/\/secure.gravatar.com\/avatar\/6010203aefccca33c04c1b210ceba8ee7e5a734d5844451cfadfb0913f869e7a?s=96&d=mm&r=g\",\"contentUrl\":\"https:\/\/secure.gravatar.com\/avatar\/6010203aefccca33c04c1b210ceba8ee7e5a734d5844451cfadfb0913f869e7a?s=96&d=mm&r=g\",\"caption\":\"Heike Philipp\"},\"sameAs\":[\"https:\/\/x.com\/heike.bach\"]}]}<\/script>\n<!-- \/ Yoast SEO plugin. -->","yoast_head_json":{"title":"Klassenfahrten: Hygienekonzepte von Herol\u00e9","description":"Aktuelle Informationen zu Klassenfahrten 2022 mit aktuellen Bestimmungen der Bundesl\u00e4nder und Vorstellung der Herol\u00e9-Hygienekonzepte.","robots":{"index":"index","follow":"follow","max-snippet":"max-snippet:-1","max-image-preview":"max-image-preview:large","max-video-preview":"max-video-preview:-1"},"canonical":"https:\/\/www.herole.de\/blog\/hygienekonzepte-klassenfahrten\/","og_locale":"de_DE","og_type":"article","og_title":"Klassenfahrten: Hygienekonzepte von Herol\u00e9","og_description":"Aktuelle Informationen zu Klassenfahrten 2022 mit aktuellen Bestimmungen der Bundesl\u00e4nder und Vorstellung der Herol\u00e9-Hygienekonzepte.","og_url":"https:\/\/www.herole.de\/blog\/hygienekonzepte-klassenfahrten\/","og_site_name":"HEROL\u00c9 Ratgeber","article_publisher":"https:\/\/www.facebook.com\/HeroleKlassenfahrten","article_published_time":"2021-06-23T06:30:00+00:00","article_modified_time":"2024-03-05T12:09:55+00:00","og_image":[{"width":1424,"height":919,"url":"https:\/\/www.herole.de\/blog\/wp-content\/uploads\/schueler-bus.jpg","type":"image\/jpeg"}],"author":"Heike Philipp","twitter_card":"summary_large_image","twitter_creator":"@heike.bach","twitter_site":"@herole_reisen","twitter_misc":{"Verfasst von":"Heike Philipp","Gesch\u00e4tzte Lesezeit":"12\u00a0Minuten"},"schema":{"@context":"https:\/\/schema.org","@graph":[{"@type":"Article","@id":"https:\/\/www.herole.de\/blog\/hygienekonzepte-klassenfahrten\/#article","isPartOf":{"@id":"https:\/\/www.herole.de\/blog\/hygienekonzepte-klassenfahrten\/"},"author":{"name":"Heike Philipp","@id":"https:\/\/www.herole.de\/blog\/#\/schema\/person\/13fb982c1909aaffcf2c09f0fde399ba"},"headline":"Klassenfahrten: Hygienekonzepte von Herol\u00e9","datePublished":"2021-06-23T06:30:00+00:00","dateModified":"2024-03-05T12:09:55+00:00","mainEntityOfPage":{"@id":"https:\/\/www.herole.de\/blog\/hygienekonzepte-klassenfahrten\/"},"wordCount":2108,"publisher":{"@id":"https:\/\/www.herole.de\/blog\/#organization"},"image":{"@id":"https:\/\/www.herole.de\/blog\/hygienekonzepte-klassenfahrten\/#primaryimage"},"thumbnailUrl":"https:\/\/www.herole.de\/blog\/wp-content\/uploads\/schueler-bus.jpg","articleSection":["Vorbereitung"],"inLanguage":"de"},{"@type":"WebPage","@id":"https:\/\/www.herole.de\/blog\/hygienekonzepte-klassenfahrten\/","url":"https:\/\/www.herole.de\/blog\/hygienekonzepte-klassenfahrten\/","name":"Klassenfahrten: Hygienekonzepte von Herol\u00e9","isPartOf":{"@id":"https:\/\/www.herole.de\/blog\/#website"},"primaryImageOfPage":{"@id":"https:\/\/www.herole.de\/blog\/hygienekonzepte-klassenfahrten\/#primaryimage"},"image":{"@id":"https:\/\/www.herole.de\/blog\/hygienekonzepte-klassenfahrten\/#primaryimage"},"thumbnailUrl":"https:\/\/www.herole.de\/blog\/wp-content\/uploads\/schueler-bus.jpg","datePublished":"2021-06-23T06:30:00+00:00","dateModified":"2024-03-05T12:09:55+00:00","description":"Aktuelle Informationen zu Klassenfahrten 2022 mit aktuellen Bestimmungen der Bundesl\u00e4nder und Vorstellung der Herol\u00e9-Hygienekonzepte.","breadcrumb":{"@id":"https:\/\/www.herole.de\/blog\/hygienekonzepte-klassenfahrten\/#breadcrumb"},"inLanguage":"de","potentialAction":[{"@type":"ReadAction","target":["https:\/\/www.herole.de\/blog\/hygienekonzepte-klassenfahrten\/"]}]},{"@type":"ImageObject","inLanguage":"de","@id":"https:\/\/www.herole.de\/blog\/hygienekonzepte-klassenfahrten\/#primaryimage","url":"https:\/\/www.herole.de\/blog\/wp-content\/uploads\/schueler-bus.jpg","contentUrl":"https:\/\/www.herole.de\/blog\/wp-content\/uploads\/schueler-bus.jpg","width":1424,"height":919,"caption":"Sch\u00fcler mit Abstand und Maske im Reisebus auf Klassenfahrt."},{"@type":"BreadcrumbList","@id":"https:\/\/www.herole.de\/blog\/hygienekonzepte-klassenfahrten\/#breadcrumb","itemListElement":[{"@type":"ListItem","position":1,"name":"Startseite","item":"https:\/\/www.herole.de\/blog\/"},{"@type":"ListItem","position":2,"name":"Klassenfahrten: Hygienekonzepte von Herol\u00e9"}]},{"@type":"WebSite","@id":"https:\/\/www.herole.de\/blog\/#website","url":"https:\/\/www.herole.de\/blog\/","name":"HEROL\u00c9 Ratgeber","description":"Wissenswertes rund um die Organisation von Klassenfahrten, zudem Lehrertipps und Themen des Schulalltags.","publisher":{"@id":"https:\/\/www.herole.de\/blog\/#organization"},"potentialAction":[{"@type":"SearchAction","target":{"@type":"EntryPoint","urlTemplate":"https:\/\/www.herole.de\/blog\/?s={search_term_string}"},"query-input":{"@type":"PropertyValueSpecification","valueRequired":true,"valueName":"search_term_string"}}],"inLanguage":"de"},{"@type":"Organization","@id":"https:\/\/www.herole.de\/blog\/#organization","name":"HEROL\u00c9 Reisen GmbH","url":"https:\/\/www.herole.de\/blog\/","logo":{"@type":"ImageObject","inLanguage":"de","@id":"https:\/\/www.herole.de\/blog\/#\/schema\/logo\/image\/","url":"https:\/\/www.herole.de\/blog\/wp-content\/uploads\/herole-logo.png","contentUrl":"https:\/\/www.herole.de\/blog\/wp-content\/uploads\/herole-logo.png","width":274,"height":70,"caption":"HEROL\u00c9 Reisen GmbH"},"image":{"@id":"https:\/\/www.herole.de\/blog\/#\/schema\/logo\/image\/"},"sameAs":["https:\/\/www.facebook.com\/HeroleKlassenfahrten","https:\/\/x.com\/herole_reisen","https:\/\/instagram.com\/heroleklassenfahrten","https:\/\/www.youtube.com\/HeroleReisen"]},{"@type":"Person","@id":"https:\/\/www.herole.de\/blog\/#\/schema\/person\/13fb982c1909aaffcf2c09f0fde399ba","name":"Heike Philipp","image":{"@type":"ImageObject","inLanguage":"de","@id":"https:\/\/www.herole.de\/blog\/#\/schema\/person\/image\/","url":"https:\/\/secure.gravatar.com\/avatar\/6010203aefccca33c04c1b210ceba8ee7e5a734d5844451cfadfb0913f869e7a?s=96&d=mm&r=g","contentUrl":"https:\/\/secure.gravatar.com\/avatar\/6010203aefccca33c04c1b210ceba8ee7e5a734d5844451cfadfb0913f869e7a?s=96&d=mm&r=g","caption":"Heike Philipp"},"sameAs":["https:\/\/x.com\/heike.bach"]}]}},"_links":{"self":[{"href":"https:\/\/www.herole.de\/blog\/wp-json\/wp\/v2\/posts\/14428","targetHints":{"allow":["GET"]}}],"collection":[{"href":"https:\/\/www.herole.de\/blog\/wp-json\/wp\/v2\/posts"}],"about":[{"href":"https:\/\/www.herole.de\/blog\/wp-json\/wp\/v2\/types\/post"}],"author":[{"embeddable":true,"href":"https:\/\/www.herole.de\/blog\/wp-json\/wp\/v2\/users\/6"}],"replies":[{"embeddable":true,"href":"https:\/\/www.herole.de\/blog\/wp-json\/wp\/v2\/comments?post=14428"}],"version-history":[{"count":0,"href":"https:\/\/www.herole.de\/blog\/wp-json\/wp\/v2\/posts\/14428\/revisions"}],"wp:featuredmedia":[{"embeddable":true,"href":"https:\/\/www.herole.de\/blog\/wp-json\/wp\/v2\/media\/17101"}],"wp:attachment":[{"href":"https:\/\/www.herole.de\/blog\/wp-json\/wp\/v2\/media?parent=14428"}],"wp:term":[{"taxonomy":"category","embeddable":true,"href":"https:\/\/www.herole.de\/blog\/wp-json\/wp\/v2\/categories?post=14428"},{"taxonomy":"post_tag","embeddable":true,"href":"https:\/\/www.herole.de\/blog\/wp-json\/wp\/v2\/tags?post=14428"}],"curies":[{"name":"wp","href":"https:\/\/api.w.org\/{rel}","templated":true}]}}