{"id":14301,"date":"2020-03-17T11:22:54","date_gmt":"2020-03-17T10:22:54","guid":{"rendered":"https:\/\/www.herole.de\/blog\/?p=14301"},"modified":"2024-10-14T15:06:58","modified_gmt":"2024-10-14T13:06:58","slug":"ausserschulische-lernorte-westdeutschland","status":"publish","type":"post","link":"https:\/\/www.herole.de\/blog\/ausserschulische-lernorte-westdeutschland\/","title":{"rendered":"Au\u00dferschulische Lernorte in Westdeutschland"},"content":{"rendered":"\t\t<div data-elementor-type=\"wp-post\" data-elementor-id=\"14301\" class=\"elementor elementor-14301\" data-elementor-post-type=\"post\">\n\t\t\t\t\t\t<section class=\"elementor-section elementor-top-section elementor-element elementor-element-32155466 elementor-section-boxed elementor-section-height-default elementor-section-height-default\" data-id=\"32155466\" data-element_type=\"section\">\n\t\t\t\t\t\t<div class=\"elementor-container elementor-column-gap-default\">\n\t\t\t\t\t<div class=\"elementor-column elementor-col-100 elementor-top-column elementor-element elementor-element-5db8adff\" data-id=\"5db8adff\" data-element_type=\"column\">\n\t\t\t<div class=\"elementor-widget-wrap elementor-element-populated\">\n\t\t\t\t\t\t<div class=\"elementor-element elementor-element-69af1929 elementor-widget elementor-widget-text-editor\" data-id=\"69af1929\" data-element_type=\"widget\" data-widget_type=\"text-editor.default\">\n\t\t\t\t<div class=\"elementor-widget-container\">\n\t\t\t\t\t\t\t\t\t<h2>Haus der Geschichte Bonn<\/h2><p>Das <strong>Haus der Geschichte<\/strong> an der Bonner Museumsmeile ist der j\u00fcngeren deutschen <strong>Geschichte ab 1945<\/strong> gewidmet. Die Dauerausstellung begleitet Besucher vom Neuanfang der <strong>Nachkriegszeit durch die deutsch-deutsche Trennung und den Kalten Krieg bis zur Wiedervereinigung<\/strong>. Heutige Sch\u00fcler erleben die Alltagskultur ihrer Eltern und Gro\u00dfeltern hautnah. Trockene Theorie aus dem Geschichts- und Politikunterricht wird hautnah erlebbar.<\/p><h3>Worum geht es?<\/h3><p>Schon bei seinem Amtsantritt 1982 forderte der damalige Bundeskanzler Helmut Kohl eine neue zeitgeschichtliche Sammlung f\u00fcr die damalige westdeutsche Hauptstadt Bonn. Er ahnte noch nicht, dass die Bonner Republik bis zur Er\u00f6ffnung des Museums 1994 selbst schon Geschichte sein w\u00fcrde. Im Laufe der Zeit wurden die Sammlungen erweitert und die Schwerpunkte auf den Kalten Krieg, den Mauerbau und die Wiedervereinigung Deutschlands gelegt. F\u00fcr die meisten Besucher ist der Rundgang dennoch vor allem eine nostalgische Zeitreise durch vergangene Jahrzehnte. Zu den Themenbereichen geh\u00f6ren:<\/p>\t\t\t\t\t\t\t\t<\/div>\n\t\t\t\t<\/div>\n\t\t\t\t<section class=\"elementor-section elementor-inner-section elementor-element elementor-element-ff1266c elementor-reverse-tablet elementor-reverse-mobile elementor-section-boxed elementor-section-height-default elementor-section-height-default\" data-id=\"ff1266c\" data-element_type=\"section\">\n\t\t\t\t\t\t<div class=\"elementor-container elementor-column-gap-no\">\n\t\t\t\t\t<div class=\"elementor-column elementor-col-50 elementor-inner-column elementor-element elementor-element-3002214\" data-id=\"3002214\" data-element_type=\"column\">\n\t\t\t<div class=\"elementor-widget-wrap elementor-element-populated\">\n\t\t\t\t\t\t<div class=\"elementor-element elementor-element-d2d2c21 elementor-icon-list--layout-traditional elementor-list-item-link-full_width elementor-widget elementor-widget-icon-list\" data-id=\"d2d2c21\" data-element_type=\"widget\" data-widget_type=\"icon-list.default\">\n\t\t\t\t<div class=\"elementor-widget-container\">\n\t\t\t\t\t\t\t<ul class=\"elementor-icon-list-items\">\n\t\t\t\t\t\t\t<li class=\"elementor-icon-list-item\">\n\t\t\t\t\t\t\t\t\t\t\t<span class=\"elementor-icon-list-icon\">\n\t\t\t\t\t\t\t<i aria-hidden=\"true\" class=\"icon icon-ok\"><\/i>\t\t\t\t\t\t<\/span>\n\t\t\t\t\t\t\t\t\t\t<span class=\"elementor-icon-list-text\">\u00d6ffentliche und private Lebensf\u00fchrung <\/span>\n\t\t\t\t\t\t\t\t\t<\/li>\n\t\t\t\t\t\t\t\t<li class=\"elementor-icon-list-item\">\n\t\t\t\t\t\t\t\t\t\t\t<span class=\"elementor-icon-list-icon\">\n\t\t\t\t\t\t\t<i aria-hidden=\"true\" class=\"icon icon-ok\"><\/i>\t\t\t\t\t\t<\/span>\n\t\t\t\t\t\t\t\t\t\t<span class=\"elementor-icon-list-text\">Alltagsdesign und Werbemittel <\/span>\n\t\t\t\t\t\t\t\t\t<\/li>\n\t\t\t\t\t\t\t\t<li class=\"elementor-icon-list-item\">\n\t\t\t\t\t\t\t\t\t\t\t<span class=\"elementor-icon-list-icon\">\n\t\t\t\t\t\t\t<i aria-hidden=\"true\" class=\"icon icon-ok\"><\/i>\t\t\t\t\t\t<\/span>\n\t\t\t\t\t\t\t\t\t\t<span class=\"elementor-icon-list-text\">Textilien und Mode im Lauf der Jahrzehnte<\/span>\n\t\t\t\t\t\t\t\t\t<\/li>\n\t\t\t\t\t\t\t\t<li class=\"elementor-icon-list-item\">\n\t\t\t\t\t\t\t\t\t\t\t<span class=\"elementor-icon-list-icon\">\n\t\t\t\t\t\t\t<i aria-hidden=\"true\" class=\"icon icon-ok\"><\/i>\t\t\t\t\t\t<\/span>\n\t\t\t\t\t\t\t\t\t\t<span class=\"elementor-icon-list-text\">Technische Ger\u00e4te<\/span>\n\t\t\t\t\t\t\t\t\t<\/li>\n\t\t\t\t\t\t\t\t<li class=\"elementor-icon-list-item\">\n\t\t\t\t\t\t\t\t\t\t\t<span class=\"elementor-icon-list-icon\">\n\t\t\t\t\t\t\t<i aria-hidden=\"true\" class=\"icon icon-ok\"><\/i>\t\t\t\t\t\t<\/span>\n\t\t\t\t\t\t\t\t\t\t<span class=\"elementor-icon-list-text\">Zahlungsverkehr von alten Geldscheinen bis zu Lebensmittelmarken<\/span>\n\t\t\t\t\t\t\t\t\t<\/li>\n\t\t\t\t\t\t\t\t<li class=\"elementor-icon-list-item\">\n\t\t\t\t\t\t\t\t\t\t\t<span class=\"elementor-icon-list-icon\">\n\t\t\t\t\t\t\t<i aria-hidden=\"true\" class=\"icon icon-ok\"><\/i>\t\t\t\t\t\t<\/span>\n\t\t\t\t\t\t\t\t\t\t<span class=\"elementor-icon-list-text\">Bildende Kunst und Fotografie<\/span>\n\t\t\t\t\t\t\t\t\t<\/li>\n\t\t\t\t\t\t\t\t<li class=\"elementor-icon-list-item\">\n\t\t\t\t\t\t\t\t\t\t\t<span class=\"elementor-icon-list-icon\">\n\t\t\t\t\t\t\t<i aria-hidden=\"true\" class=\"icon icon-ok\"><\/i>\t\t\t\t\t\t<\/span>\n\t\t\t\t\t\t\t\t\t\t<span class=\"elementor-icon-list-text\">Architektur, M\u00f6bel und Inneneinrichtung<\/span>\n\t\t\t\t\t\t\t\t\t<\/li>\n\t\t\t\t\t\t<\/ul>\n\t\t\t\t\t\t<\/div>\n\t\t\t\t<\/div>\n\t\t\t\t<div class=\"elementor-element elementor-element-1efdc5bb elementor-widget elementor-widget-text-editor\" data-id=\"1efdc5bb\" data-element_type=\"widget\" data-widget_type=\"text-editor.default\">\n\t\t\t\t<div class=\"elementor-widget-container\">\n\t\t\t\t\t\t\t\t\t<p>Zu den <strong>zeitgeschichtlichen Highlights<\/strong> der Ausstellungen geh\u00f6ren u.a. <strong>Teile der Berliner Mauer, ein Salonwagen der Deutschen Bahn<\/strong> f\u00fcr den jeweiligen Bundeskanzler und St\u00fchle aus dem alten Bonner Bundestag.<\/p>\t\t\t\t\t\t\t\t<\/div>\n\t\t\t\t<\/div>\n\t\t\t\t\t<\/div>\n\t\t<\/div>\n\t\t\t\t<div class=\"elementor-column elementor-col-50 elementor-inner-column elementor-element elementor-element-7611079\" data-id=\"7611079\" data-element_type=\"column\">\n\t\t\t<div class=\"elementor-widget-wrap elementor-element-populated\">\n\t\t\t\t\t\t<div class=\"elementor-element elementor-element-a8ac950 elementor-widget elementor-widget-image\" data-id=\"a8ac950\" data-element_type=\"widget\" data-widget_type=\"image.default\">\n\t\t\t\t<div class=\"elementor-widget-container\">\n\t\t\t\t\t\t\t\t\t\t\t\t\t\t\t\t<a href=\"https:\/\/www.herole.de\/blog\/wp-content\/uploads\/haus-der-geschichte-bonn.jpg\" data-elementor-open-lightbox=\"yes\" data-elementor-lightbox-title=\"haus-der-geschichte-bonn\" data-elementor-lightbox-description=\"\u00a9Haus der Geschichte\" data-e-action-hash=\"#elementor-action%3Aaction%3Dlightbox%26settings%3DeyJpZCI6MTQzMTgsInVybCI6Imh0dHBzOlwvXC93d3cuaGVyb2xlLmRlXC9ibG9nXC93cC1jb250ZW50XC91cGxvYWRzXC9oYXVzLWRlci1nZXNjaGljaHRlLWJvbm4uanBnIn0%3D\">\n\t\t\t\t\t\t\t<img fetchpriority=\"high\" decoding=\"async\" width=\"852\" height=\"479\" src=\"https:\/\/www.herole.de\/blog\/wp-content\/uploads\/haus-der-geschichte-bonn.jpg\" class=\"attachment-large size-large wp-image-14318\" alt=\"Jugendliche bei einer F\u00fchrung im Haus der Geschichte in Bonn.\" srcset=\"https:\/\/www.herole.de\/blog\/wp-content\/uploads\/haus-der-geschichte-bonn.jpg 852w, https:\/\/www.herole.de\/blog\/wp-content\/uploads\/haus-der-geschichte-bonn-300x169.jpg 300w, https:\/\/www.herole.de\/blog\/wp-content\/uploads\/haus-der-geschichte-bonn-768x432.jpg 768w\" sizes=\"(max-width: 852px) 100vw, 852px\" \/>\t\t\t\t\t\t\t\t<\/a>\n\t\t\t\t\t\t\t\t\t\t\t\t\t\t\t<\/div>\n\t\t\t\t<\/div>\n\t\t\t\t\t<\/div>\n\t\t<\/div>\n\t\t\t\t\t<\/div>\n\t\t<\/section>\n\t\t\t\t<div class=\"elementor-element elementor-element-3e7496e elementor-widget elementor-widget-button\" data-id=\"3e7496e\" data-element_type=\"widget\" data-widget_type=\"button.default\">\n\t\t\t\t<div class=\"elementor-widget-container\">\n\t\t\t\t\t\t\t\t\t<div class=\"elementor-button-wrapper\">\n\t\t\t\t\t<a class=\"elementor-button elementor-button-link elementor-size-sm\" href=\"#linksammlung\">\n\t\t\t\t\t\t<span class=\"elementor-button-content-wrapper\">\n\t\t\t\t\t\t\t\t\t<span class=\"elementor-button-text\">alle schulischen angebote<\/span>\n\t\t\t\t\t<\/span>\n\t\t\t\t\t<\/a>\n\t\t\t\t<\/div>\n\t\t\t\t\t\t\t\t<\/div>\n\t\t\t\t<\/div>\n\t\t\t\t<div class=\"elementor-element elementor-element-091098d elementor-widget elementor-widget-text-editor\" data-id=\"091098d\" data-element_type=\"widget\" data-widget_type=\"text-editor.default\">\n\t\t\t\t<div class=\"elementor-widget-container\">\n\t\t\t\t\t\t\t\t\t<h3>Was bietet das Haus der Geschichte als au\u00dferschulischer Lernort?<\/h3><p>F\u00fcr Sch\u00fcler aller Altersgruppen ist das<strong> Haus der Geschichte in Bonn<\/strong> einer der <strong>besten Orte au\u00dferhalb Berlins<\/strong>, um die j\u00fcngere deutsche Geschichte hautnah zu erleben. Der Schwerpunkt liegt dabei auf den F\u00e4chern Politik und Geschichte. Neben F\u00fchrungen mit jeweils individuell von den Schulklassen bestimmten Schwerpunkten werden auch verschiedene Workshops angeboten. So besteht die M\u00f6glichkeit, im historischen Bundesrat \u00fcber einen fiktiven Gesetzentwurf zu debattieren oder sich mit Karikaturen zu befassen. Auf Wunsch kann der Besuch der <strong>Dauerausstellung mit F\u00fchrungen durch den ehemaligen Kanzlerbungalow<\/strong> und das historische Bundeskanzleramt in Bonn verbunden werden.<\/p><h3>Weitere Informationen zum Besuch des Haus f\u00fcr Geschichte\u00a0<\/h3>\t\t\t\t\t\t\t\t<\/div>\n\t\t\t\t<\/div>\n\t\t\t\t<div class=\"elementor-element elementor-element-8144a01 elementor-widget elementor-widget-toggle\" data-id=\"8144a01\" data-element_type=\"widget\" data-widget_type=\"toggle.default\">\n\t\t\t\t<div class=\"elementor-widget-container\">\n\t\t\t\t\t\t\t<div class=\"elementor-toggle\">\n\t\t\t\t\t\t\t<div class=\"elementor-toggle-item\">\n\t\t\t\t\t<h3 id=\"elementor-tab-title-1351\" class=\"elementor-tab-title\" data-tab=\"1\" role=\"button\" aria-controls=\"elementor-tab-content-1351\" aria-expanded=\"false\">\n\t\t\t\t\t\t\t\t\t\t\t\t<span class=\"elementor-toggle-icon elementor-toggle-icon-right\" aria-hidden=\"true\">\n\t\t\t\t\t\t\t\t\t\t\t\t\t\t\t<span class=\"elementor-toggle-icon-closed\"><i class=\"icon icon-down-open\"><\/i><\/span>\n\t\t\t\t\t\t\t\t<span class=\"elementor-toggle-icon-opened\"><i class=\"elementor-toggle-icon-opened icon icon-up-open\"><\/i><\/span>\n\t\t\t\t\t\t\t\t\t\t\t\t\t<\/span>\n\t\t\t\t\t\t\t\t\t\t\t\t<a class=\"elementor-toggle-title\" tabindex=\"0\">Eintrittspreise <\/a>\n\t\t\t\t\t<\/h3>\n\n\t\t\t\t\t<div id=\"elementor-tab-content-1351\" class=\"elementor-tab-content elementor-clearfix\" data-tab=\"1\" role=\"region\" aria-labelledby=\"elementor-tab-title-1351\"><p>Der Besuch der Ausstellungen und die Workshops sind kostenlos. F\u00fcr die Veranstaltung eines Workshops, sowie f\u00fcr Themenf\u00fchrungen und Besuche anderer Orte wie des Kanzlerbungalows ist jedoch eine Anmeldung beim Besucherdienst erforderlich. Tel. 0228-9165 400, E-Mail: besucherdienst-bonn@hdg.de<br \/><br \/><\/p><\/div>\n\t\t\t\t<\/div>\n\t\t\t\t\t\t\t<div class=\"elementor-toggle-item\">\n\t\t\t\t\t<h3 id=\"elementor-tab-title-1352\" class=\"elementor-tab-title\" data-tab=\"2\" role=\"button\" aria-controls=\"elementor-tab-content-1352\" aria-expanded=\"false\">\n\t\t\t\t\t\t\t\t\t\t\t\t<span class=\"elementor-toggle-icon elementor-toggle-icon-right\" aria-hidden=\"true\">\n\t\t\t\t\t\t\t\t\t\t\t\t\t\t\t<span class=\"elementor-toggle-icon-closed\"><i class=\"icon icon-down-open\"><\/i><\/span>\n\t\t\t\t\t\t\t\t<span class=\"elementor-toggle-icon-opened\"><i class=\"elementor-toggle-icon-opened icon icon-up-open\"><\/i><\/span>\n\t\t\t\t\t\t\t\t\t\t\t\t\t<\/span>\n\t\t\t\t\t\t\t\t\t\t\t\t<a class=\"elementor-toggle-title\" tabindex=\"0\">Verpflegung<\/a>\n\t\t\t\t\t<\/h3>\n\n\t\t\t\t\t<div id=\"elementor-tab-content-1352\" class=\"elementor-tab-content elementor-clearfix\" data-tab=\"2\" role=\"region\" aria-labelledby=\"elementor-tab-title-1352\"><p>Im Haus der Geschichte gibt es ein Museumscaf\u00e9 mit Speisen und Getr\u00e4nken. In der direkten Umgebung gibt es keine Einkaufsm\u00f6glichkeiten. Es empfiehlt sich, entweder nach dem Besuch mit einem mitgebrachten Picknick zum nahen Rheinufer zu gehen oder in die Innenstadt zu fahren. \u00a0<\/p><\/div>\n\t\t\t\t<\/div>\n\t\t\t\t\t\t\t<div class=\"elementor-toggle-item\">\n\t\t\t\t\t<h3 id=\"elementor-tab-title-1353\" class=\"elementor-tab-title\" data-tab=\"3\" role=\"button\" aria-controls=\"elementor-tab-content-1353\" aria-expanded=\"false\">\n\t\t\t\t\t\t\t\t\t\t\t\t<span class=\"elementor-toggle-icon elementor-toggle-icon-right\" aria-hidden=\"true\">\n\t\t\t\t\t\t\t\t\t\t\t\t\t\t\t<span class=\"elementor-toggle-icon-closed\"><i class=\"icon icon-down-open\"><\/i><\/span>\n\t\t\t\t\t\t\t\t<span class=\"elementor-toggle-icon-opened\"><i class=\"elementor-toggle-icon-opened icon icon-up-open\"><\/i><\/span>\n\t\t\t\t\t\t\t\t\t\t\t\t\t<\/span>\n\t\t\t\t\t\t\t\t\t\t\t\t<a class=\"elementor-toggle-title\" tabindex=\"0\">Barrierefreiheit<\/a>\n\t\t\t\t\t<\/h3>\n\n\t\t\t\t\t<div id=\"elementor-tab-content-1353\" class=\"elementor-tab-content elementor-clearfix\" data-tab=\"3\" role=\"region\" aria-labelledby=\"elementor-tab-title-1353\"><p>Das Haus der Geschichte ist weitestgehend barrierefrei.<\/p><\/div>\n\t\t\t\t<\/div>\n\t\t\t\t\t\t\t<div class=\"elementor-toggle-item\">\n\t\t\t\t\t<h3 id=\"elementor-tab-title-1354\" class=\"elementor-tab-title\" data-tab=\"4\" role=\"button\" aria-controls=\"elementor-tab-content-1354\" aria-expanded=\"false\">\n\t\t\t\t\t\t\t\t\t\t\t\t<span class=\"elementor-toggle-icon elementor-toggle-icon-right\" aria-hidden=\"true\">\n\t\t\t\t\t\t\t\t\t\t\t\t\t\t\t<span class=\"elementor-toggle-icon-closed\"><i class=\"icon icon-down-open\"><\/i><\/span>\n\t\t\t\t\t\t\t\t<span class=\"elementor-toggle-icon-opened\"><i class=\"elementor-toggle-icon-opened icon icon-up-open\"><\/i><\/span>\n\t\t\t\t\t\t\t\t\t\t\t\t\t<\/span>\n\t\t\t\t\t\t\t\t\t\t\t\t<a class=\"elementor-toggle-title\" tabindex=\"0\">Anfahrt<\/a>\n\t\t\t\t\t<\/h3>\n\n\t\t\t\t\t<div id=\"elementor-tab-content-1354\" class=\"elementor-tab-content elementor-clearfix\" data-tab=\"4\" role=\"region\" aria-labelledby=\"elementor-tab-title-1354\"><p>Schulklassen, die mit einem eigenen Reisebus anreisen, k\u00f6nnen den nahen Busparkplatz der Museumsmeile nutzen. Die Anreise mit \u00f6ffentlichen Verkehrsmitteln kann \u00fcber den Bonner Hauptbahnhof erfolgen. Mehrere Bus- und Stra\u00dfenbahnlinien fahren die Haltestelle Heussallee\/Museumsmeile an.<\/p><\/div>\n\t\t\t\t<\/div>\n\t\t\t\t\t\t\t\t<\/div>\n\t\t\t\t\t\t<\/div>\n\t\t\t\t<\/div>\n\t\t\t\t<div class=\"elementor-element elementor-element-4cc2adeb elementor-widget elementor-widget-text-editor\" data-id=\"4cc2adeb\" data-element_type=\"widget\" data-widget_type=\"text-editor.default\">\n\t\t\t\t<div class=\"elementor-widget-container\">\n\t\t\t\t\t\t\t\t\t<h3>Warum sich das Haus der Geschichte Bonn als au\u00dferschulischer Lernort lohnt<\/h3><p>W\u00e4hrend die heutigen Sch\u00fcler bereits mit Berlin als Hauptstadt aufgewachsen sind, ist Bonn in den K\u00f6pfen vieler \u00e4lterer Menschen fest als alte Hauptstadt verankert. Bei einem Besuch des ehemaligen Regierungsviertels mit seinen historischen Bauten und den Dauerausstellungen im Haus der Geschichte werden die Jahrzehnte zwischen dem zweiten Weltkrieg und dem neuen Jahrtausend im wiedervereinigten Deutschland sp\u00fcrbar. Alleine daf\u00fcr sollte ein halber Tag eingeplant werden.<\/p><p>Steht ein ganzer Tag f\u00fcr den Ausflug zur Verf\u00fcgung, bieten sich in Bonn und der n\u00e4heren Umgebung <strong>viele weitere attraktive Ziele<\/strong> an:<\/p>\t\t\t\t\t\t\t\t<\/div>\n\t\t\t\t<\/div>\n\t\t\t\t<section class=\"elementor-section elementor-inner-section elementor-element elementor-element-55ac126f elementor-reverse-tablet elementor-reverse-mobile elementor-section-boxed elementor-section-height-default elementor-section-height-default\" data-id=\"55ac126f\" data-element_type=\"section\">\n\t\t\t\t\t\t<div class=\"elementor-container elementor-column-gap-no\">\n\t\t\t\t\t<div class=\"elementor-column elementor-col-50 elementor-inner-column elementor-element elementor-element-4761095a\" data-id=\"4761095a\" data-element_type=\"column\">\n\t\t\t<div class=\"elementor-widget-wrap elementor-element-populated\">\n\t\t\t\t\t\t<div class=\"elementor-element elementor-element-236e550 elementor-icon-list--layout-traditional elementor-list-item-link-full_width elementor-widget elementor-widget-icon-list\" data-id=\"236e550\" data-element_type=\"widget\" data-widget_type=\"icon-list.default\">\n\t\t\t\t<div class=\"elementor-widget-container\">\n\t\t\t\t\t\t\t<ul class=\"elementor-icon-list-items\">\n\t\t\t\t\t\t\t<li class=\"elementor-icon-list-item\">\n\t\t\t\t\t\t\t\t\t\t\t<span class=\"elementor-icon-list-icon\">\n\t\t\t\t\t\t\t<i aria-hidden=\"true\" class=\"icon icon-ok\"><\/i>\t\t\t\t\t\t<\/span>\n\t\t\t\t\t\t\t\t\t\t<span class=\"elementor-icon-list-text\">Bundeskunsthalle an der Museumsmeile<\/span>\n\t\t\t\t\t\t\t\t\t<\/li>\n\t\t\t\t\t\t\t\t<li class=\"elementor-icon-list-item\">\n\t\t\t\t\t\t\t\t\t\t\t<span class=\"elementor-icon-list-icon\">\n\t\t\t\t\t\t\t<i aria-hidden=\"true\" class=\"icon icon-ok\"><\/i>\t\t\t\t\t\t<\/span>\n\t\t\t\t\t\t\t\t\t\t<span class=\"elementor-icon-list-text\">Kunstmuseum an der Museumsmeile<\/span>\n\t\t\t\t\t\t\t\t\t<\/li>\n\t\t\t\t\t\t\t\t<li class=\"elementor-icon-list-item\">\n\t\t\t\t\t\t\t\t\t\t\t<span class=\"elementor-icon-list-icon\">\n\t\t\t\t\t\t\t<i aria-hidden=\"true\" class=\"icon icon-ok\"><\/i>\t\t\t\t\t\t<\/span>\n\t\t\t\t\t\t\t\t\t\t<span class=\"elementor-icon-list-text\">Kurf\u00fcrstliches Schloss von Bonn (Hauptgeb\u00e4ude der Universit\u00e4t)<\/span>\n\t\t\t\t\t\t\t\t\t<\/li>\n\t\t\t\t\t\t\t\t<li class=\"elementor-icon-list-item\">\n\t\t\t\t\t\t\t\t\t\t\t<span class=\"elementor-icon-list-icon\">\n\t\t\t\t\t\t\t<i aria-hidden=\"true\" class=\"icon icon-ok\"><\/i>\t\t\t\t\t\t<\/span>\n\t\t\t\t\t\t\t\t\t\t<span class=\"elementor-icon-list-text\">Beethoven-Haus Bonn<\/span>\n\t\t\t\t\t\t\t\t\t<\/li>\n\t\t\t\t\t\t\t\t<li class=\"elementor-icon-list-item\">\n\t\t\t\t\t\t\t\t\t\t\t<span class=\"elementor-icon-list-icon\">\n\t\t\t\t\t\t\t<i aria-hidden=\"true\" class=\"icon icon-ok\"><\/i>\t\t\t\t\t\t<\/span>\n\t\t\t\t\t\t\t\t\t\t<span class=\"elementor-icon-list-text\">LVR-Landesmuseum Bonn<\/span>\n\t\t\t\t\t\t\t\t\t<\/li>\n\t\t\t\t\t\t\t\t<li class=\"elementor-icon-list-item\">\n\t\t\t\t\t\t\t\t\t\t\t<span class=\"elementor-icon-list-icon\">\n\t\t\t\t\t\t\t<i aria-hidden=\"true\" class=\"icon icon-ok\"><\/i>\t\t\t\t\t\t<\/span>\n\t\t\t\t\t\t\t\t\t\t<span class=\"elementor-icon-list-text\">Deutsches Museum Bonn (Technik der vergangenen Jahrzehnte)<\/span>\n\t\t\t\t\t\t\t\t\t<\/li>\n\t\t\t\t\t\t\t\t<li class=\"elementor-icon-list-item\">\n\t\t\t\t\t\t\t\t\t\t\t<span class=\"elementor-icon-list-icon\">\n\t\t\t\t\t\t\t<i aria-hidden=\"true\" class=\"icon icon-ok\"><\/i>\t\t\t\t\t\t<\/span>\n\t\t\t\t\t\t\t\t\t\t<span class=\"elementor-icon-list-text\">Poppelsdorfer Schloss mit Botanischem Garten<\/span>\n\t\t\t\t\t\t\t\t\t<\/li>\n\t\t\t\t\t\t<\/ul>\n\t\t\t\t\t\t<\/div>\n\t\t\t\t<\/div>\n\t\t\t\t\t<\/div>\n\t\t<\/div>\n\t\t\t\t<div class=\"elementor-column elementor-col-50 elementor-inner-column elementor-element elementor-element-69de8338\" data-id=\"69de8338\" data-element_type=\"column\">\n\t\t\t<div class=\"elementor-widget-wrap elementor-element-populated\">\n\t\t\t\t\t\t<div class=\"elementor-element elementor-element-4f4fa75f elementor-cta--valign-top elementor-cta--skin-classic elementor-animated-content elementor-widget elementor-widget-call-to-action\" data-id=\"4f4fa75f\" data-element_type=\"widget\" data-widget_type=\"call-to-action.default\">\n\t\t\t\t<div class=\"elementor-widget-container\">\n\t\t\t\t\t\t\t<div class=\"elementor-cta\">\n\t\t\t\t\t\t\t<div class=\"elementor-cta__content\">\n\t\t\t\t\n\t\t\t\t\t\t\t\t\t<h2 class=\"elementor-cta__title elementor-cta__content-item elementor-content-item\">\n\t\t\t\t\t\tKlassenfahrt nach K\u00f6ln & Bonn\t\t\t\t\t<\/h2>\n\t\t\t\t\n\t\t\t\t\t\t\t\t\t<div class=\"elementor-cta__description elementor-cta__content-item elementor-content-item\">\n\t\t\t\t\t\tF\u00fcr Sch\u00fcler mit l\u00e4ngerer Anreise bietet sich eine Klassenfahrt in die benachbarte Metropole K\u00f6ln mit ihren vielen  Sehensw\u00fcrdigkeiten an. Tagesausfl\u00fcge nach Bonn, sowie eventuell nach D\u00fcsseldorf oder Aachen und einige vergn\u00fcgte Stunden im beliebten Freizeitpark Phantasialand machen die Klassenfahrt zu einem unvergesslichen Erlebnis.\t\t\t\t\t<\/div>\n\t\t\t\t\n\t\t\t\t\t\t\t<\/div>\n\t\t\t\t\t\t<\/div>\n\t\t\t\t\t\t<\/div>\n\t\t\t\t<\/div>\n\t\t\t\t\t<\/div>\n\t\t<\/div>\n\t\t\t\t\t<\/div>\n\t\t<\/section>\n\t\t\t\t<div class=\"elementor-element elementor-element-cab7506 elementor-widget elementor-widget-text-editor\" data-id=\"cab7506\" data-element_type=\"widget\" data-widget_type=\"text-editor.default\">\n\t\t\t\t<div class=\"elementor-widget-container\">\n\t\t\t\t\t\t\t\t\t<p>Eine Alternative gerade f\u00fcr bewegungsfreudige j\u00fcngere Sch\u00fcler ist eine Wanderung auf den nahen <strong>Drachenfels<\/strong> in <strong>K\u00f6nigswinter<\/strong> auf dem rechten Rheinufer. Als <strong>Schlechtwetteralternative<\/strong> bietet sich das <strong>SeaLife-Aquarium im Ortskern von K\u00f6nigswinter<\/strong> an.<\/p>\t\t\t\t\t\t\t\t<\/div>\n\t\t\t\t<\/div>\n\t\t\t\t<div class=\"elementor-element elementor-element-6d0aa97 elementor-cta--valign-top lines lines-2 elementor-cta--skin-classic elementor-animated-content elementor-bg-transform elementor-bg-transform-zoom-in elementor-widget elementor-widget-call-to-action\" data-id=\"6d0aa97\" data-element_type=\"widget\" data-widget_type=\"call-to-action.default\">\n\t\t\t\t<div class=\"elementor-widget-container\">\n\t\t\t\t\t\t\t<div class=\"elementor-cta\">\n\t\t\t\t\t\t\t<div class=\"elementor-cta__content\">\n\t\t\t\t\n\t\t\t\t\t\t\t\t\t<h2 class=\"elementor-cta__title elementor-cta__content-item elementor-content-item\">\n\t\t\t\t\t\tUnsere Angebote\t\t\t\t\t<\/h2>\n\t\t\t\t\n\t\t\t\t\t\t\t\t\t<div class=\"elementor-cta__description elementor-cta__content-item elementor-content-item\">\n\t\t\t\t\t\tStellen Sie sich jetzt Ihre individuelle Klassenfahrt nach K\u00f6ln zusammen!\t\t\t\t\t<\/div>\n\t\t\t\t\n\t\t\t\t\t\t\t\t\t<div class=\"elementor-cta__button-wrapper elementor-cta__content-item elementor-content-item \">\n\t\t\t\t\t<a class=\"elementor-cta__button elementor-button elementor-size-\" href=\"https:\/\/www.herole.de\/klassenfahrten-koeln\" target=\"_blank\">\n\t\t\t\t\t\tMehr dazu\t\t\t\t\t<\/a>\n\t\t\t\t\t<\/div>\n\t\t\t\t\t\t\t<\/div>\n\t\t\t\t\t\t<\/div>\n\t\t\t\t\t\t<\/div>\n\t\t\t\t<\/div>\n\t\t\t\t<div class=\"elementor-element elementor-element-6be9480e elementor-widget elementor-widget-text-editor\" data-id=\"6be9480e\" data-element_type=\"widget\" data-widget_type=\"text-editor.default\">\n\t\t\t\t<div class=\"elementor-widget-container\">\n\t\t\t\t\t\t\t\t\t<h2>Odysseum K\u00f6ln<\/h2><p>Das Odysseum K\u00f6ln ist ein 2009 er\u00f6ffnetes <strong>Science Center<\/strong>, das vor allem j\u00fcngere Sch\u00fcler auf eine spielerische Entdeckungsreise durch die Welt der Naturwissenschaften schicken will. Beim Namen standen der antike griechische Held und seine Odyssee Pate.<\/p><h3>Worum geht es?<\/h3><p>Das Odysseum war Anfang des neuen Jahrtausends eines der ersten Science Center, mit deren Hilfe die <strong>Naturwissenschaften einem breiten Publikum zug\u00e4nglicher gemacht werden sollten<\/strong>. Zu diesem Zweck wurde eine <strong>Dauerausstellung<\/strong> mit zahlreichen <strong>Experimentier<\/strong>&#8211; und <strong>Erlebnisstationen<\/strong> eingerichtet. Die Ausstellung ist in mehrere Bereiche unterteilt:<\/p>\t\t\t\t\t\t\t\t<\/div>\n\t\t\t\t<\/div>\n\t\t\t\t<section class=\"elementor-section elementor-inner-section elementor-element elementor-element-3068d46 elementor-section-boxed elementor-section-height-default elementor-section-height-default\" data-id=\"3068d46\" data-element_type=\"section\">\n\t\t\t\t\t\t<div class=\"elementor-container elementor-column-gap-no\">\n\t\t\t\t\t<div class=\"elementor-column elementor-col-50 elementor-inner-column elementor-element elementor-element-c330121\" data-id=\"c330121\" data-element_type=\"column\">\n\t\t\t<div class=\"elementor-widget-wrap elementor-element-populated\">\n\t\t\t\t\t\t<div class=\"elementor-element elementor-element-ddb2e96 elementor-widget elementor-widget-image\" data-id=\"ddb2e96\" data-element_type=\"widget\" data-widget_type=\"image.default\">\n\t\t\t\t<div class=\"elementor-widget-container\">\n\t\t\t\t\t\t\t\t\t\t\t\t\t\t\t\t<a href=\"https:\/\/www.herole.de\/blog\/wp-content\/uploads\/mdb_140952_kinderstadt_odysseum_704x328_cp_0x85_1000x550-96d0ec2c3edf2d1037d0753e7bd5af12.jpg\" data-elementor-open-lightbox=\"yes\" data-elementor-lightbox-title=\"Odysseum in K\u00f6ln\" data-e-action-hash=\"#elementor-action%3Aaction%3Dlightbox%26settings%3DeyJpZCI6MTQzMTUsInVybCI6Imh0dHBzOlwvXC93d3cuaGVyb2xlLmRlXC9ibG9nXC93cC1jb250ZW50XC91cGxvYWRzXC9tZGJfMTQwOTUyX2tpbmRlcnN0YWR0X29keXNzZXVtXzcwNHgzMjhfY3BfMHg4NV8xMDAweDU1MC05NmQwZWMyYzNlZGYyZDEwMzdkMDc1M2U3YmQ1YWYxMi5qcGcifQ%3D%3D\">\n\t\t\t\t\t\t\t<img decoding=\"async\" width=\"704\" height=\"328\" src=\"https:\/\/www.herole.de\/blog\/wp-content\/uploads\/mdb_140952_kinderstadt_odysseum_704x328_cp_0x85_1000x550-96d0ec2c3edf2d1037d0753e7bd5af12.jpg\" class=\"attachment-large size-large wp-image-14315\" alt=\"Odysseum in K\u00f6ln\" srcset=\"https:\/\/www.herole.de\/blog\/wp-content\/uploads\/mdb_140952_kinderstadt_odysseum_704x328_cp_0x85_1000x550-96d0ec2c3edf2d1037d0753e7bd5af12.jpg 704w, https:\/\/www.herole.de\/blog\/wp-content\/uploads\/mdb_140952_kinderstadt_odysseum_704x328_cp_0x85_1000x550-96d0ec2c3edf2d1037d0753e7bd5af12-300x140.jpg 300w\" sizes=\"(max-width: 704px) 100vw, 704px\" \/>\t\t\t\t\t\t\t\t<\/a>\n\t\t\t\t\t\t\t\t\t\t\t\t\t\t\t<\/div>\n\t\t\t\t<\/div>\n\t\t\t\t\t<\/div>\n\t\t<\/div>\n\t\t\t\t<div class=\"elementor-column elementor-col-50 elementor-inner-column elementor-element elementor-element-e56c98a\" data-id=\"e56c98a\" data-element_type=\"column\">\n\t\t\t<div class=\"elementor-widget-wrap elementor-element-populated\">\n\t\t\t\t\t\t<div class=\"elementor-element elementor-element-57f9774 elementor-icon-list--layout-traditional elementor-list-item-link-full_width elementor-widget elementor-widget-icon-list\" data-id=\"57f9774\" data-element_type=\"widget\" data-widget_type=\"icon-list.default\">\n\t\t\t\t<div class=\"elementor-widget-container\">\n\t\t\t\t\t\t\t<ul class=\"elementor-icon-list-items\">\n\t\t\t\t\t\t\t<li class=\"elementor-icon-list-item\">\n\t\t\t\t\t\t\t\t\t\t\t<span class=\"elementor-icon-list-icon\">\n\t\t\t\t\t\t\t<i aria-hidden=\"true\" class=\"icon icon-ok\"><\/i>\t\t\t\t\t\t<\/span>\n\t\t\t\t\t\t\t\t\t\t<span class=\"elementor-icon-list-text\">Die <strong>Themenwelt Leben<\/strong> besch\u00e4ftigt sich mit der Biologie und der Vielfalt der Natur. Sch\u00fcler k\u00f6nnen sich selbst als Arch\u00e4ologen und Pal\u00e4ontologen versuchen und die menschlichen Sinne auf die Probe stellen.<\/span>\n\t\t\t\t\t\t\t\t\t<\/li>\n\t\t\t\t\t\t\t\t<li class=\"elementor-icon-list-item\">\n\t\t\t\t\t\t\t\t\t\t\t<span class=\"elementor-icon-list-icon\">\n\t\t\t\t\t\t\t<i aria-hidden=\"true\" class=\"icon icon-ok\"><\/i>\t\t\t\t\t\t<\/span>\n\t\t\t\t\t\t\t\t\t\t<span class=\"elementor-icon-list-text\">Die <strong>Themenwelt Erde<\/strong> widmet sich unter anderem der Erforschung des Weltalls und der Entwicklung der modernen Technik. Anhand von Exponaten werden Ph\u00e4nomene aus dem Physik-Unterricht wie das Ohmsche Gesetz und der Bernoulli-Effekt erl\u00e4utert.<\/span>\n\t\t\t\t\t\t\t\t\t<\/li>\n\t\t\t\t\t\t\t\t<li class=\"elementor-icon-list-item\">\n\t\t\t\t\t\t\t\t\t\t\t<span class=\"elementor-icon-list-icon\">\n\t\t\t\t\t\t\t<i aria-hidden=\"true\" class=\"icon icon-ok\"><\/i>\t\t\t\t\t\t<\/span>\n\t\t\t\t\t\t\t\t\t\t<span class=\"elementor-icon-list-text\">Das <strong>Museum mit der Maus<\/strong> wurde in Kooperation mit dem WDR eingerichtet und erkl\u00e4rt genau wie die seit Jahrzehnten beliebte Sendung mit der Maus wissenschaftliche Dinge auf lebensnahe leicht verst\u00e4ndliche Art. <\/span>\n\t\t\t\t\t\t\t\t\t<\/li>\n\t\t\t\t\t\t<\/ul>\n\t\t\t\t\t\t<\/div>\n\t\t\t\t<\/div>\n\t\t\t\t\t<\/div>\n\t\t<\/div>\n\t\t\t\t\t<\/div>\n\t\t<\/section>\n\t\t\t\t<div class=\"elementor-element elementor-element-64bb2564 elementor-widget elementor-widget-text-editor\" data-id=\"64bb2564\" data-element_type=\"widget\" data-widget_type=\"text-editor.default\">\n\t\t\t\t<div class=\"elementor-widget-container\">\n\t\t\t\t\t\t\t\t\t<h3>Was bietet das Odysseum K\u00f6ln als au\u00dferschulischer Lernort?<\/h3><p>Als au\u00dferschulischer Lernort h\u00e4lt das Odysseum <strong>zahlreiche spannende Angebote<\/strong> bereit. Sch\u00fcler k\u00f6nnen die Ausstellung auf Wissensrallyes selbst\u00e4ndig erkunden und l\u00f6sen dabei verschiedene naturwissenschaftliche Aufgaben. Die sogenannten <strong>Work Shows<\/strong> sind eine Mischung aus Workshop und Showvorf\u00fchrung. Dazu kommen diverse altersgerechte Workshops. F\u00fcr Grundschulkinder werden einfache Themen wie &#8222;Strom&#8220;, &#8222;Feuer&#8220; und &#8222;Luft&#8220; anschaulich erkl\u00e4rt, f\u00fcr \u00e4ltere Kinder bis zur 8.Klasse gibt es u.a. die <strong>&#8222;Schaumfabrik&#8220;-Work Show<\/strong> mit physikalischen und chemischen Inhalten.<\/p><p>Dazu gibt es die M\u00f6glichkeit, eine spannende Science Show zu buchen oder im Trickfilmstudio der Maus selbst einen kleinen Trickfilm zu basteln.<\/p>\t\t\t\t\t\t\t\t<\/div>\n\t\t\t\t<\/div>\n\t\t\t\t<div class=\"elementor-element elementor-element-f4a0bb3 elementor-widget elementor-widget-button\" data-id=\"f4a0bb3\" data-element_type=\"widget\" data-widget_type=\"button.default\">\n\t\t\t\t<div class=\"elementor-widget-container\">\n\t\t\t\t\t\t\t\t\t<div class=\"elementor-button-wrapper\">\n\t\t\t\t\t<a class=\"elementor-button elementor-button-link elementor-size-sm\" href=\"#linksammlung\">\n\t\t\t\t\t\t<span class=\"elementor-button-content-wrapper\">\n\t\t\t\t\t\t\t\t\t<span class=\"elementor-button-text\">alle schulischen angebote<\/span>\n\t\t\t\t\t<\/span>\n\t\t\t\t\t<\/a>\n\t\t\t\t<\/div>\n\t\t\t\t\t\t\t\t<\/div>\n\t\t\t\t<\/div>\n\t\t\t\t<div class=\"elementor-element elementor-element-41b310b elementor-widget elementor-widget-text-editor\" data-id=\"41b310b\" data-element_type=\"widget\" data-widget_type=\"text-editor.default\">\n\t\t\t\t<div class=\"elementor-widget-container\">\n\t\t\t\t\t\t\t\t\t<h3>Weitere Informationen zum Besuch des Odysseum K\u00f6ln<\/h3>\t\t\t\t\t\t\t\t<\/div>\n\t\t\t\t<\/div>\n\t\t\t\t<div class=\"elementor-element elementor-element-645d8f2d elementor-widget elementor-widget-toggle\" data-id=\"645d8f2d\" data-element_type=\"widget\" data-widget_type=\"toggle.default\">\n\t\t\t\t<div class=\"elementor-widget-container\">\n\t\t\t\t\t\t\t<div class=\"elementor-toggle\">\n\t\t\t\t\t\t\t<div class=\"elementor-toggle-item\">\n\t\t\t\t\t<h3 id=\"elementor-tab-title-1681\" class=\"elementor-tab-title\" data-tab=\"1\" role=\"button\" aria-controls=\"elementor-tab-content-1681\" aria-expanded=\"false\">\n\t\t\t\t\t\t\t\t\t\t\t\t<span class=\"elementor-toggle-icon elementor-toggle-icon-right\" aria-hidden=\"true\">\n\t\t\t\t\t\t\t\t\t\t\t\t\t\t\t<span class=\"elementor-toggle-icon-closed\"><i class=\"icon icon-down-open\"><\/i><\/span>\n\t\t\t\t\t\t\t\t<span class=\"elementor-toggle-icon-opened\"><i class=\"elementor-toggle-icon-opened icon icon-up-open\"><\/i><\/span>\n\t\t\t\t\t\t\t\t\t\t\t\t\t<\/span>\n\t\t\t\t\t\t\t\t\t\t\t\t<a class=\"elementor-toggle-title\" tabindex=\"0\">Eintrittspreise mit F\u00fchrung<\/a>\n\t\t\t\t\t<\/h3>\n\n\t\t\t\t\t<div id=\"elementor-tab-content-1681\" class=\"elementor-tab-content elementor-clearfix\" data-tab=\"1\" role=\"region\" aria-labelledby=\"elementor-tab-title-1681\"><p>Sch\u00fcler zahlen bei vorheriger Anmeldung mit dem Bildungsticket 6,00\u20ac pro Person. Gilt nicht in den Ferienwochen von NRW.\u00a0 Pro 10 Gruppenmitglieder erh\u00e4lt eine erwachsene Begleitperson freien Eintritt.<\/p><\/div>\n\t\t\t\t<\/div>\n\t\t\t\t\t\t\t<div class=\"elementor-toggle-item\">\n\t\t\t\t\t<h3 id=\"elementor-tab-title-1682\" class=\"elementor-tab-title\" data-tab=\"2\" role=\"button\" aria-controls=\"elementor-tab-content-1682\" aria-expanded=\"false\">\n\t\t\t\t\t\t\t\t\t\t\t\t<span class=\"elementor-toggle-icon elementor-toggle-icon-right\" aria-hidden=\"true\">\n\t\t\t\t\t\t\t\t\t\t\t\t\t\t\t<span class=\"elementor-toggle-icon-closed\"><i class=\"icon icon-down-open\"><\/i><\/span>\n\t\t\t\t\t\t\t\t<span class=\"elementor-toggle-icon-opened\"><i class=\"elementor-toggle-icon-opened icon icon-up-open\"><\/i><\/span>\n\t\t\t\t\t\t\t\t\t\t\t\t\t<\/span>\n\t\t\t\t\t\t\t\t\t\t\t\t<a class=\"elementor-toggle-title\" tabindex=\"0\">Verpflegung<\/a>\n\t\t\t\t\t<\/h3>\n\n\t\t\t\t\t<div id=\"elementor-tab-content-1682\" class=\"elementor-tab-content elementor-clearfix\" data-tab=\"2\" role=\"region\" aria-labelledby=\"elementor-tab-title-1682\"><p>Im Odysseum K\u00f6ln gibt es ein Selbstbedienungsrestaurant mit Snacks und Getr\u00e4nken. Dazu steht im Obergeschoss ein Picknickbereich zur Verf\u00fcgung, in dem Sch\u00fcler mitgebrachte Lebensmittel verzehren k\u00f6nnen.<\/p><\/div>\n\t\t\t\t<\/div>\n\t\t\t\t\t\t\t<div class=\"elementor-toggle-item\">\n\t\t\t\t\t<h3 id=\"elementor-tab-title-1683\" class=\"elementor-tab-title\" data-tab=\"3\" role=\"button\" aria-controls=\"elementor-tab-content-1683\" aria-expanded=\"false\">\n\t\t\t\t\t\t\t\t\t\t\t\t<span class=\"elementor-toggle-icon elementor-toggle-icon-right\" aria-hidden=\"true\">\n\t\t\t\t\t\t\t\t\t\t\t\t\t\t\t<span class=\"elementor-toggle-icon-closed\"><i class=\"icon icon-down-open\"><\/i><\/span>\n\t\t\t\t\t\t\t\t<span class=\"elementor-toggle-icon-opened\"><i class=\"elementor-toggle-icon-opened icon icon-up-open\"><\/i><\/span>\n\t\t\t\t\t\t\t\t\t\t\t\t\t<\/span>\n\t\t\t\t\t\t\t\t\t\t\t\t<a class=\"elementor-toggle-title\" tabindex=\"0\">Barrierefreiheit<\/a>\n\t\t\t\t\t<\/h3>\n\n\t\t\t\t\t<div id=\"elementor-tab-content-1683\" class=\"elementor-tab-content elementor-clearfix\" data-tab=\"3\" role=\"region\" aria-labelledby=\"elementor-tab-title-1683\"><p>Das gesamte Odysseum ist barrierefrei.<\/p><\/div>\n\t\t\t\t<\/div>\n\t\t\t\t\t\t\t<div class=\"elementor-toggle-item\">\n\t\t\t\t\t<h3 id=\"elementor-tab-title-1684\" class=\"elementor-tab-title\" data-tab=\"4\" role=\"button\" aria-controls=\"elementor-tab-content-1684\" aria-expanded=\"false\">\n\t\t\t\t\t\t\t\t\t\t\t\t<span class=\"elementor-toggle-icon elementor-toggle-icon-right\" aria-hidden=\"true\">\n\t\t\t\t\t\t\t\t\t\t\t\t\t\t\t<span class=\"elementor-toggle-icon-closed\"><i class=\"icon icon-down-open\"><\/i><\/span>\n\t\t\t\t\t\t\t\t<span class=\"elementor-toggle-icon-opened\"><i class=\"elementor-toggle-icon-opened icon icon-up-open\"><\/i><\/span>\n\t\t\t\t\t\t\t\t\t\t\t\t\t<\/span>\n\t\t\t\t\t\t\t\t\t\t\t\t<a class=\"elementor-toggle-title\" tabindex=\"0\">Anfahrt<\/a>\n\t\t\t\t\t<\/h3>\n\n\t\t\t\t\t<div id=\"elementor-tab-content-1684\" class=\"elementor-tab-content elementor-clearfix\" data-tab=\"4\" role=\"region\" aria-labelledby=\"elementor-tab-title-1684\"><p>Gleich neben dem Odysseum befindet sich ein gro\u00dfer Parkplatz mit Parkbuchten f\u00fcr Reisebusse. F\u00fcr die Anreise mit \u00f6ffentlichen Verkehrsmitteln kann entweder die Stra\u00dfenbahn (Linien 1, 9 Haltestelle Kalk Post) oder die S-Bahn (Haltestelle Trimbornstra\u00dfe) genutzt werden. Von dort sind es etwa 5-10 Minuten Gehweg.<\/p><\/div>\n\t\t\t\t<\/div>\n\t\t\t\t\t\t\t\t<\/div>\n\t\t\t\t\t\t<\/div>\n\t\t\t\t<\/div>\n\t\t\t\t<div class=\"elementor-element elementor-element-be70f8b elementor-widget elementor-widget-text-editor\" data-id=\"be70f8b\" data-element_type=\"widget\" data-widget_type=\"text-editor.default\">\n\t\t\t\t<div class=\"elementor-widget-container\">\n\t\t\t\t\t\t\t\t\t<h3>Warum sich das Odysseum K\u00f6ln als au\u00dferschulischer Lernort lohnt<\/h3><p>Gerade in den Naturwissenschaften ist es f\u00fcr Lehrer schwierig, einen Alltagsbezug zur trockenen Theorie des Schulunterrichts herzustellen. So geht oft schon fr\u00fch das Interesse an F\u00e4chern wie Physik und Chemie verloren. <strong>Science Center<\/strong> wie das Odysseum K\u00f6ln sind <strong>ideal<\/strong> geeignet, um diesen <strong>Alltags- und Praxisbezug herzustellen<\/strong>. Bei Experimenten werden die Sch\u00fcler selbst aktiv und lassen ihrem Forscherdrang freien Lauf. Zugleich sind die p\u00e4dagogischen Angebote des au\u00dferschulischen Lernorts stets altersgerecht aufbereitet und \u00fcberfordern Kinder nicht.<\/p><p>Dazu l\u00e4sst sich ein <strong>Besuch im Odysseum K\u00f6ln<\/strong> im Rahmen eines Tagesausflugs mit vielen anderen beliebten <strong>Sehensw\u00fcrdigkeiten der rheinischen Metropole kombinieren<\/strong>:<\/p>\t\t\t\t\t\t\t\t<\/div>\n\t\t\t\t<\/div>\n\t\t\t\t<section class=\"elementor-section elementor-inner-section elementor-element elementor-element-2be5c94e elementor-section-boxed elementor-section-height-default elementor-section-height-default\" data-id=\"2be5c94e\" data-element_type=\"section\">\n\t\t\t\t\t\t<div class=\"elementor-container elementor-column-gap-default\">\n\t\t\t\t\t<div class=\"elementor-column elementor-col-50 elementor-inner-column elementor-element elementor-element-10c07728\" data-id=\"10c07728\" data-element_type=\"column\">\n\t\t\t<div class=\"elementor-widget-wrap elementor-element-populated\">\n\t\t\t\t\t\t<div class=\"elementor-element elementor-element-6c6c0d24 elementor-icon-list--layout-traditional elementor-list-item-link-full_width elementor-widget elementor-widget-icon-list\" data-id=\"6c6c0d24\" data-element_type=\"widget\" data-widget_type=\"icon-list.default\">\n\t\t\t\t<div class=\"elementor-widget-container\">\n\t\t\t\t\t\t\t<ul class=\"elementor-icon-list-items\">\n\t\t\t\t\t\t\t<li class=\"elementor-icon-list-item\">\n\t\t\t\t\t\t\t\t\t\t\t<span class=\"elementor-icon-list-icon\">\n\t\t\t\t\t\t\t<i aria-hidden=\"true\" class=\"icon icon-ok\"><\/i>\t\t\t\t\t\t<\/span>\n\t\t\t\t\t\t\t\t\t\t<span class=\"elementor-icon-list-text\">Schokoladenmuseum am Rhein<\/span>\n\t\t\t\t\t\t\t\t\t<\/li>\n\t\t\t\t\t\t\t\t<li class=\"elementor-icon-list-item\">\n\t\t\t\t\t\t\t\t\t\t\t<span class=\"elementor-icon-list-icon\">\n\t\t\t\t\t\t\t<i aria-hidden=\"true\" class=\"icon icon-ok\"><\/i>\t\t\t\t\t\t<\/span>\n\t\t\t\t\t\t\t\t\t\t<span class=\"elementor-icon-list-text\">K\u00f6lner Zoo <\/span>\n\t\t\t\t\t\t\t\t\t<\/li>\n\t\t\t\t\t\t\t\t<li class=\"elementor-icon-list-item\">\n\t\t\t\t\t\t\t\t\t\t\t<span class=\"elementor-icon-list-icon\">\n\t\t\t\t\t\t\t<i aria-hidden=\"true\" class=\"icon icon-ok\"><\/i>\t\t\t\t\t\t<\/span>\n\t\t\t\t\t\t\t\t\t\t<span class=\"elementor-icon-list-text\">Botanischer Garten<\/span>\n\t\t\t\t\t\t\t\t\t<\/li>\n\t\t\t\t\t\t\t\t<li class=\"elementor-icon-list-item\">\n\t\t\t\t\t\t\t\t\t\t\t<span class=\"elementor-icon-list-icon\">\n\t\t\t\t\t\t\t<i aria-hidden=\"true\" class=\"icon icon-ok\"><\/i>\t\t\t\t\t\t<\/span>\n\t\t\t\t\t\t\t\t\t\t<span class=\"elementor-icon-list-text\">K\u00f6lner Dom mit F\u00fchrung<\/span>\n\t\t\t\t\t\t\t\t\t<\/li>\n\t\t\t\t\t\t<\/ul>\n\t\t\t\t\t\t<\/div>\n\t\t\t\t<\/div>\n\t\t\t\t\t<\/div>\n\t\t<\/div>\n\t\t\t\t<div class=\"elementor-column elementor-col-50 elementor-inner-column elementor-element elementor-element-3e8ee196\" data-id=\"3e8ee196\" data-element_type=\"column\">\n\t\t\t<div class=\"elementor-widget-wrap elementor-element-populated\">\n\t\t\t\t\t\t<div class=\"elementor-element elementor-element-770480dc elementor-icon-list--layout-traditional elementor-list-item-link-full_width elementor-widget elementor-widget-icon-list\" data-id=\"770480dc\" data-element_type=\"widget\" data-widget_type=\"icon-list.default\">\n\t\t\t\t<div class=\"elementor-widget-container\">\n\t\t\t\t\t\t\t<ul class=\"elementor-icon-list-items\">\n\t\t\t\t\t\t\t<li class=\"elementor-icon-list-item\">\n\t\t\t\t\t\t\t\t\t\t\t<span class=\"elementor-icon-list-icon\">\n\t\t\t\t\t\t\t<i aria-hidden=\"true\" class=\"icon icon-ok\"><\/i>\t\t\t\t\t\t<\/span>\n\t\t\t\t\t\t\t\t\t\t<span class=\"elementor-icon-list-text\">Museum Ludwig f\u00fcr moderne Kunst<\/span>\n\t\t\t\t\t\t\t\t\t<\/li>\n\t\t\t\t\t\t\t\t<li class=\"elementor-icon-list-item\">\n\t\t\t\t\t\t\t\t\t\t\t<span class=\"elementor-icon-list-icon\">\n\t\t\t\t\t\t\t<i aria-hidden=\"true\" class=\"icon icon-ok\"><\/i>\t\t\t\t\t\t<\/span>\n\t\t\t\t\t\t\t\t\t\t<span class=\"elementor-icon-list-text\">Rautenstrauch-Joest-Museum <\/span>\n\t\t\t\t\t\t\t\t\t<\/li>\n\t\t\t\t\t\t\t\t<li class=\"elementor-icon-list-item\">\n\t\t\t\t\t\t\t\t\t\t\t<span class=\"elementor-icon-list-icon\">\n\t\t\t\t\t\t\t<i aria-hidden=\"true\" class=\"icon icon-ok\"><\/i>\t\t\t\t\t\t<\/span>\n\t\t\t\t\t\t\t\t\t\t<span class=\"elementor-icon-list-text\">Deutsches Sport &amp; Olympia-Museum<\/span>\n\t\t\t\t\t\t\t\t\t<\/li>\n\t\t\t\t\t\t\t\t<li class=\"elementor-icon-list-item\">\n\t\t\t\t\t\t\t\t\t\t\t<span class=\"elementor-icon-list-icon\">\n\t\t\t\t\t\t\t<i aria-hidden=\"true\" class=\"icon icon-ok\"><\/i>\t\t\t\t\t\t<\/span>\n\t\t\t\t\t\t\t\t\t\t<span class=\"elementor-icon-list-text\">Freizeit und Stadtbummel in der Innenstadt<\/span>\n\t\t\t\t\t\t\t\t\t<\/li>\n\t\t\t\t\t\t<\/ul>\n\t\t\t\t\t\t<\/div>\n\t\t\t\t<\/div>\n\t\t\t\t\t<\/div>\n\t\t<\/div>\n\t\t\t\t\t<\/div>\n\t\t<\/section>\n\t\t\t\t<div class=\"elementor-element elementor-element-b8a0801 elementor-widget elementor-widget-text-editor\" data-id=\"b8a0801\" data-element_type=\"widget\" data-widget_type=\"text-editor.default\">\n\t\t\t\t<div class=\"elementor-widget-container\">\n\t\t\t\t\t\t\t\t\t<p>Dazu k\u00f6nnen Ausfl\u00fcge mit vergn\u00fcglichen Stunden zur <strong>St\u00e4rkung des Teamgeists<\/strong> abgerundet werden, zum Beispiel mit einem Besuch des gro\u00dfen Aqualand-Spa\u00dfbades mit Wasserrutschen oder einem Escape Room in der Innenstadt.<\/p>\t\t\t\t\t\t\t\t<\/div>\n\t\t\t\t<\/div>\n\t\t\t\t<section class=\"elementor-section elementor-inner-section elementor-element elementor-element-925f01e elementor-section-boxed elementor-section-height-default elementor-section-height-default\" data-id=\"925f01e\" data-element_type=\"section\">\n\t\t\t\t\t\t<div class=\"elementor-container elementor-column-gap-default\">\n\t\t\t\t\t<div class=\"elementor-column elementor-col-50 elementor-inner-column elementor-element elementor-element-a092483 auto-width\" data-id=\"a092483\" data-element_type=\"column\">\n\t\t\t<div class=\"elementor-widget-wrap elementor-element-populated\">\n\t\t\t\t\t\t<div class=\"elementor-element elementor-element-1a41e77 elementor-view-default elementor-widget elementor-widget-icon\" data-id=\"1a41e77\" data-element_type=\"widget\" data-widget_type=\"icon.default\">\n\t\t\t\t<div class=\"elementor-widget-container\">\n\t\t\t\t\t\t\t<div class=\"elementor-icon-wrapper\">\n\t\t\t<div class=\"elementor-icon\">\n\t\t\t<i aria-hidden=\"true\" class=\"icon icon-blog_tip\"><\/i>\t\t\t<\/div>\n\t\t<\/div>\n\t\t\t\t\t\t<\/div>\n\t\t\t\t<\/div>\n\t\t\t\t\t<\/div>\n\t\t<\/div>\n\t\t\t\t<div class=\"elementor-column elementor-col-50 elementor-inner-column elementor-element elementor-element-96c38d0\" data-id=\"96c38d0\" data-element_type=\"column\">\n\t\t\t<div class=\"elementor-widget-wrap elementor-element-populated\">\n\t\t\t\t\t\t<div class=\"elementor-element elementor-element-3ad7ecc tip elementor-widget elementor-widget-text-editor\" data-id=\"3ad7ecc\" data-element_type=\"widget\" data-widget_type=\"text-editor.default\">\n\t\t\t\t<div class=\"elementor-widget-container\">\n\t\t\t\t\t\t\t\t\t<p>\u00a0F\u00fcr Sch\u00fcler der Mittelstufe ist K\u00f6ln ein beliebtes Ziel f\u00fcr mehrt\u00e4gige Klassenfahrten. So bleibt genug Zeit, die Stadt mit ihren vielen Attraktionen ausf\u00fchrlich kennenzulernen und sehenswerte Nachbarst\u00e4dte wie Bonn, D\u00fcsseldorf und Aachen zu besuchen.<\/p>\t\t\t\t\t\t\t\t<\/div>\n\t\t\t\t<\/div>\n\t\t\t\t\t<\/div>\n\t\t<\/div>\n\t\t\t\t\t<\/div>\n\t\t<\/section>\n\t\t\t\t<div class=\"elementor-element elementor-element-b597425 elementor-widget elementor-widget-text-editor\" data-id=\"b597425\" data-element_type=\"widget\" data-widget_type=\"text-editor.default\">\n\t\t\t\t<div class=\"elementor-widget-container\">\n\t\t\t\t\t\t\t\t\t<h2>NS Dokumentationszentrum Vogelsang<\/h2><p>Inmitten der idyllischen Eifel liegt relativ versteckt ein d\u00fcsterer Ort des Nationalsozialismus: <strong>Die Ordensburg Vogelsang<\/strong>. Hier bildete die NSDAP zwischen 1936 und 1939 seine zuk\u00fcnftigen F\u00fchrungskr\u00e4fte aus. Heute befindet sich ein <strong>Dokumentationszentrum<\/strong> in der denkmalgesch\u00fctzten Burg, das als au\u00dferschulischer Lernort ein umfangreiches Programm zur politischen Bildung bereith\u00e4lt.<\/p><h3>Worum geht es?<\/h3>\t\t\t\t\t\t\t\t<\/div>\n\t\t\t\t<\/div>\n\t\t\t\t<section class=\"elementor-section elementor-inner-section elementor-element elementor-element-79a027a elementor-reverse-tablet elementor-reverse-mobile elementor-section-boxed elementor-section-height-default elementor-section-height-default\" data-id=\"79a027a\" data-element_type=\"section\">\n\t\t\t\t\t\t<div class=\"elementor-container elementor-column-gap-no\">\n\t\t\t\t\t<div class=\"elementor-column elementor-col-50 elementor-inner-column elementor-element elementor-element-198b66d\" data-id=\"198b66d\" data-element_type=\"column\">\n\t\t\t<div class=\"elementor-widget-wrap elementor-element-populated\">\n\t\t\t\t\t\t<div class=\"elementor-element elementor-element-a52a2e1 elementor-widget elementor-widget-text-editor\" data-id=\"a52a2e1\" data-element_type=\"widget\" data-widget_type=\"text-editor.default\">\n\t\t\t\t<div class=\"elementor-widget-container\">\n\t\t\t\t\t\t\t\t\t<p>Adolf Hitler forderte bereits 1933 neue Ausbildungsst\u00e4tten f\u00fcr die zuk\u00fcnftigen F\u00fchrungskr\u00e4fte der Nationalsozialistischen Deutschen Arbeiterpartei (NSDAP). Die drei ausgew\u00e4hlten Orte waren <strong>Cr\u00f6ssinsee in Pommern<\/strong> (im heutigen Polen), <strong>Sonthofen im Allg\u00e4u<\/strong> und <strong>Schleiden in der Eifel<\/strong>. Hier entstand auf dem Erperscheid die Ordensburg Vogelsang, ein nie ganz fertiggestellter Komplex aus Wohnh\u00e4usern, Schulen, Sportanlagen und einem Thingplatz f\u00fcr Veranstaltungen.<\/p><p>Von 1936 bis 1939 wurden auf Vogelsang sogenannte<strong> Junker <\/strong>ausgebildet. Nach Kriegsausbruch wurde der Schulbetrieb eingestellt und der Komplex als Truppenquartier f\u00fcr die Wehrmacht genutzt. Nach dem Krieg \u00fcbernahmen zun\u00e4chst die Briten das Gel\u00e4nde, ehe es von 1950 bis 2005 von belgischen Streitkr\u00e4ften als <strong>Kaserne und Truppen\u00fcbungsplatz<\/strong> genutzt wurde.<\/p>\t\t\t\t\t\t\t\t<\/div>\n\t\t\t\t<\/div>\n\t\t\t\t<div class=\"elementor-element elementor-element-c9fc7a0 elementor-widget elementor-widget-button\" data-id=\"c9fc7a0\" data-element_type=\"widget\" data-widget_type=\"button.default\">\n\t\t\t\t<div class=\"elementor-widget-container\">\n\t\t\t\t\t\t\t\t\t<div class=\"elementor-button-wrapper\">\n\t\t\t\t\t<a class=\"elementor-button elementor-button-link elementor-size-sm\" href=\"#linksammlung\">\n\t\t\t\t\t\t<span class=\"elementor-button-content-wrapper\">\n\t\t\t\t\t\t\t\t\t<span class=\"elementor-button-text\">alle schulischen angebote<\/span>\n\t\t\t\t\t<\/span>\n\t\t\t\t\t<\/a>\n\t\t\t\t<\/div>\n\t\t\t\t\t\t\t\t<\/div>\n\t\t\t\t<\/div>\n\t\t\t\t\t<\/div>\n\t\t<\/div>\n\t\t\t\t<div class=\"elementor-column elementor-col-50 elementor-inner-column elementor-element elementor-element-a702cb7\" data-id=\"a702cb7\" data-element_type=\"column\">\n\t\t\t<div class=\"elementor-widget-wrap elementor-element-populated\">\n\t\t\t\t\t\t<div class=\"elementor-element elementor-element-db03b4f elementor-widget elementor-widget-image\" data-id=\"db03b4f\" data-element_type=\"widget\" data-widget_type=\"image.default\">\n\t\t\t\t<div class=\"elementor-widget-container\">\n\t\t\t\t\t\t\t\t\t\t\t\t\t\t\t\t<a href=\"https:\/\/www.herole.de\/blog\/wp-content\/uploads\/014_NSDOK-bdf227c646c499c1150dc61151827517.jpg\" data-elementor-open-lightbox=\"yes\" data-elementor-lightbox-title=\"NS-Dokumentationszentrum Koeln\" data-e-action-hash=\"#elementor-action%3Aaction%3Dlightbox%26settings%3DeyJpZCI6MTQzMzIsInVybCI6Imh0dHBzOlwvXC93d3cuaGVyb2xlLmRlXC9ibG9nXC93cC1jb250ZW50XC91cGxvYWRzXC8wMTRfTlNET0stYmRmMjI3YzY0NmM0OTljMTE1MGRjNjExNTE4Mjc1MTcuanBnIn0%3D\">\n\t\t\t\t\t\t\t<img decoding=\"async\" width=\"480\" height=\"347\" src=\"https:\/\/www.herole.de\/blog\/wp-content\/uploads\/014_NSDOK-bdf227c646c499c1150dc61151827517.jpg\" class=\"attachment-large size-large wp-image-14332\" alt=\"NS-Dokumentationszentrum Koeln\" srcset=\"https:\/\/www.herole.de\/blog\/wp-content\/uploads\/014_NSDOK-bdf227c646c499c1150dc61151827517.jpg 480w, https:\/\/www.herole.de\/blog\/wp-content\/uploads\/014_NSDOK-bdf227c646c499c1150dc61151827517-300x217.jpg 300w\" sizes=\"(max-width: 480px) 100vw, 480px\" \/>\t\t\t\t\t\t\t\t<\/a>\n\t\t\t\t\t\t\t\t\t\t\t\t\t\t\t<\/div>\n\t\t\t\t<\/div>\n\t\t\t\t\t<\/div>\n\t\t<\/div>\n\t\t\t\t\t<\/div>\n\t\t<\/section>\n\t\t\t\t<div class=\"elementor-element elementor-element-7a024cd elementor-widget elementor-widget-text-editor\" data-id=\"7a024cd\" data-element_type=\"widget\" data-widget_type=\"text-editor.default\">\n\t\t\t\t<div class=\"elementor-widget-container\">\n\t\t\t\t\t\t\t\t\t<p>Nach dem Abzug der letzten belgischen Soldaten wurde die Burg zum NS-Dokumentationszentrum mit Museum und Gedenkst\u00e4tte umgewandelt. Die Daueraustellung steht unter der Motto <strong>&#8222;Bestimmung: Herrenmensch \u2013 NS-Ordensburgen zwischen Faszination und Verbrechen&#8220;<\/strong>.<\/p><h3>Was bietet das NS-Dokumentationszentrum als au\u00dferschulischer Lernort?<\/h3><p>F\u00fcr Schulgruppen bietet Vogelsang wertvolle einzigartige Einblicke in eine <strong>elit\u00e4re Ausbildungsst\u00e4tte der Nationalsozialisten<\/strong>. Sie erfahren im Rahmen einer F\u00fchrung wie der Alltag der NS-Junker im Internat ablief und wie die Jugendlichen in ihrem Denken manipuliert und beeinflusst wurden. Je nach Alter der Sch\u00fcler k\u00f6nnen F\u00fchrungen \u00fcber das Gel\u00e4nde und durch die <strong>Dauerausstellung mit verschiedenen Workshops und Projekten <\/strong>kombiniert werden.<\/p>\t\t\t\t\t\t\t\t<\/div>\n\t\t\t\t<\/div>\n\t\t\t\t<div class=\"elementor-element elementor-element-cd8013c elementor-widget elementor-widget-text-editor\" data-id=\"cd8013c\" data-element_type=\"widget\" data-widget_type=\"text-editor.default\">\n\t\t\t\t<div class=\"elementor-widget-container\">\n\t\t\t\t\t\t\t\t\t<p>Auf Wunsch kann ein Besuch der Ordensburg Vogelsang mit einem Besuch des NS-Dokumentationszentrums im Herzen der nahegelegenen Gro\u00dfstadt K\u00f6ln kombiniert werden.<\/p><h3>Weitere Informationen zum Besuch der Ordensburg Vogelsang<\/h3>\t\t\t\t\t\t\t\t<\/div>\n\t\t\t\t<\/div>\n\t\t\t\t<div class=\"elementor-element elementor-element-9f054d7 elementor-widget elementor-widget-toggle\" data-id=\"9f054d7\" data-element_type=\"widget\" data-widget_type=\"toggle.default\">\n\t\t\t\t<div class=\"elementor-widget-container\">\n\t\t\t\t\t\t\t<div class=\"elementor-toggle\">\n\t\t\t\t\t\t\t<div class=\"elementor-toggle-item\">\n\t\t\t\t\t<h3 id=\"elementor-tab-title-1661\" class=\"elementor-tab-title\" data-tab=\"1\" role=\"button\" aria-controls=\"elementor-tab-content-1661\" aria-expanded=\"false\">\n\t\t\t\t\t\t\t\t\t\t\t\t<span class=\"elementor-toggle-icon elementor-toggle-icon-right\" aria-hidden=\"true\">\n\t\t\t\t\t\t\t\t\t\t\t\t\t\t\t<span class=\"elementor-toggle-icon-closed\"><i class=\"icon icon-down-open\"><\/i><\/span>\n\t\t\t\t\t\t\t\t<span class=\"elementor-toggle-icon-opened\"><i class=\"elementor-toggle-icon-opened icon icon-up-open\"><\/i><\/span>\n\t\t\t\t\t\t\t\t\t\t\t\t\t<\/span>\n\t\t\t\t\t\t\t\t\t\t\t\t<a class=\"elementor-toggle-title\" tabindex=\"0\">Eintrittspreise<\/a>\n\t\t\t\t\t<\/h3>\n\n\t\t\t\t\t<div id=\"elementor-tab-content-1661\" class=\"elementor-tab-content elementor-clearfix\" data-tab=\"1\" role=\"region\" aria-labelledby=\"elementor-tab-title-1661\"><p>Sch\u00fcler einen erm\u00e4\u00dfigten Eintrittspreis von 4,00\u20ac pro Person. Eine F\u00fchrung kostet weitere 4,00\u20ac pro Person. Allerdings besteht f\u00fcr Schulklassen die M\u00f6glichkeit einer F\u00f6rderung durch Kreise oder Kommunen. N\u00e4here Ausk\u00fcnfte erteilt das Buchungsteam des NS-Dokumentationszentrums. <br \/><br \/><\/p><\/div>\n\t\t\t\t<\/div>\n\t\t\t\t\t\t\t<div class=\"elementor-toggle-item\">\n\t\t\t\t\t<h3 id=\"elementor-tab-title-1662\" class=\"elementor-tab-title\" data-tab=\"2\" role=\"button\" aria-controls=\"elementor-tab-content-1662\" aria-expanded=\"false\">\n\t\t\t\t\t\t\t\t\t\t\t\t<span class=\"elementor-toggle-icon elementor-toggle-icon-right\" aria-hidden=\"true\">\n\t\t\t\t\t\t\t\t\t\t\t\t\t\t\t<span class=\"elementor-toggle-icon-closed\"><i class=\"icon icon-down-open\"><\/i><\/span>\n\t\t\t\t\t\t\t\t<span class=\"elementor-toggle-icon-opened\"><i class=\"elementor-toggle-icon-opened icon icon-up-open\"><\/i><\/span>\n\t\t\t\t\t\t\t\t\t\t\t\t\t<\/span>\n\t\t\t\t\t\t\t\t\t\t\t\t<a class=\"elementor-toggle-title\" tabindex=\"0\">Verpflegung<\/a>\n\t\t\t\t\t<\/h3>\n\n\t\t\t\t\t<div id=\"elementor-tab-content-1662\" class=\"elementor-tab-content elementor-clearfix\" data-tab=\"2\" role=\"region\" aria-labelledby=\"elementor-tab-title-1662\"><p>Auf dem Gel\u00e4nde der Vogelsang befindet sich ein gro\u00dfes Restaurant mit Panoramablick \u00fcber die Eifel. Daneben besteht die M\u00f6glichkeit, mitgebrachte Lebensmittel im Freien zu verzehren.<\/p><\/div>\n\t\t\t\t<\/div>\n\t\t\t\t\t\t\t<div class=\"elementor-toggle-item\">\n\t\t\t\t\t<h3 id=\"elementor-tab-title-1663\" class=\"elementor-tab-title\" data-tab=\"3\" role=\"button\" aria-controls=\"elementor-tab-content-1663\" aria-expanded=\"false\">\n\t\t\t\t\t\t\t\t\t\t\t\t<span class=\"elementor-toggle-icon elementor-toggle-icon-right\" aria-hidden=\"true\">\n\t\t\t\t\t\t\t\t\t\t\t\t\t\t\t<span class=\"elementor-toggle-icon-closed\"><i class=\"icon icon-down-open\"><\/i><\/span>\n\t\t\t\t\t\t\t\t<span class=\"elementor-toggle-icon-opened\"><i class=\"elementor-toggle-icon-opened icon icon-up-open\"><\/i><\/span>\n\t\t\t\t\t\t\t\t\t\t\t\t\t<\/span>\n\t\t\t\t\t\t\t\t\t\t\t\t<a class=\"elementor-toggle-title\" tabindex=\"0\">Barrierefreiheit<\/a>\n\t\t\t\t\t<\/h3>\n\n\t\t\t\t\t<div id=\"elementor-tab-content-1663\" class=\"elementor-tab-content elementor-clearfix\" data-tab=\"3\" role=\"region\" aria-labelledby=\"elementor-tab-title-1663\"><p>Das Gel\u00e4nde des NS-Dokumentationszentrums ist barrierefrei.<\/p><\/div>\n\t\t\t\t<\/div>\n\t\t\t\t\t\t\t<div class=\"elementor-toggle-item\">\n\t\t\t\t\t<h3 id=\"elementor-tab-title-1664\" class=\"elementor-tab-title\" data-tab=\"4\" role=\"button\" aria-controls=\"elementor-tab-content-1664\" aria-expanded=\"false\">\n\t\t\t\t\t\t\t\t\t\t\t\t<span class=\"elementor-toggle-icon elementor-toggle-icon-right\" aria-hidden=\"true\">\n\t\t\t\t\t\t\t\t\t\t\t\t\t\t\t<span class=\"elementor-toggle-icon-closed\"><i class=\"icon icon-down-open\"><\/i><\/span>\n\t\t\t\t\t\t\t\t<span class=\"elementor-toggle-icon-opened\"><i class=\"elementor-toggle-icon-opened icon icon-up-open\"><\/i><\/span>\n\t\t\t\t\t\t\t\t\t\t\t\t\t<\/span>\n\t\t\t\t\t\t\t\t\t\t\t\t<a class=\"elementor-toggle-title\" tabindex=\"0\">Anfahrt<\/a>\n\t\t\t\t\t<\/h3>\n\n\t\t\t\t\t<div id=\"elementor-tab-content-1664\" class=\"elementor-tab-content elementor-clearfix\" data-tab=\"4\" role=\"region\" aria-labelledby=\"elementor-tab-title-1664\"><p>Die Ordensburg Vogelsang liegt auf dem Berg Erperscheid oberhalb der Urfttalsperre. F\u00fcr Reisebusse bestehen kostenlose Parkm\u00f6glichkeiten direkt am Gel\u00e4nde. Die Anreise mit \u00f6ffentlichen Verkehrsmitteln ist aufgrund der abgelegenen Lage nicht empfehlenswert. Die Buslinie 63 der AVV zwischen Simmerath und Schleiden h\u00e4lt etwa 1 km s\u00fcdlich der Burg. <br \/><br \/><\/p><\/div>\n\t\t\t\t<\/div>\n\t\t\t\t\t\t\t\t<\/div>\n\t\t\t\t\t\t<\/div>\n\t\t\t\t<\/div>\n\t\t\t\t<section class=\"elementor-section elementor-inner-section elementor-element elementor-element-450e33b elementor-section-boxed elementor-section-height-default elementor-section-height-default\" data-id=\"450e33b\" data-element_type=\"section\">\n\t\t\t\t\t\t<div class=\"elementor-container elementor-column-gap-default\">\n\t\t\t\t\t<div class=\"elementor-column elementor-col-50 elementor-inner-column elementor-element elementor-element-c894caa auto-width\" data-id=\"c894caa\" data-element_type=\"column\">\n\t\t\t<div class=\"elementor-widget-wrap elementor-element-populated\">\n\t\t\t\t\t\t<div class=\"elementor-element elementor-element-e0ecfb6 elementor-view-default elementor-widget elementor-widget-icon\" data-id=\"e0ecfb6\" data-element_type=\"widget\" data-widget_type=\"icon.default\">\n\t\t\t\t<div class=\"elementor-widget-container\">\n\t\t\t\t\t\t\t<div class=\"elementor-icon-wrapper\">\n\t\t\t<div class=\"elementor-icon\">\n\t\t\t<i aria-hidden=\"true\" class=\"icon icon-blog_tip\"><\/i>\t\t\t<\/div>\n\t\t<\/div>\n\t\t\t\t\t\t<\/div>\n\t\t\t\t<\/div>\n\t\t\t\t\t<\/div>\n\t\t<\/div>\n\t\t\t\t<div class=\"elementor-column elementor-col-50 elementor-inner-column elementor-element elementor-element-a75ece7\" data-id=\"a75ece7\" data-element_type=\"column\">\n\t\t\t<div class=\"elementor-widget-wrap elementor-element-populated\">\n\t\t\t\t\t\t<div class=\"elementor-element elementor-element-7294ea2 tip elementor-widget elementor-widget-text-editor\" data-id=\"7294ea2\" data-element_type=\"widget\" data-widget_type=\"text-editor.default\">\n\t\t\t\t<div class=\"elementor-widget-container\">\n\t\t\t\t\t\t\t\t\t<p>Der Besuch des NS-Dokumentationszentrums l\u00e4sst sich gut mit einer Wanderung zum nahen Rursee verbinden. In Orten wie Einruhr und Rurberg gibt es verschiedene g\u00fcnstige Einkaufsm\u00f6glichkeiten und Kioske.<\/p>\t\t\t\t\t\t\t\t<\/div>\n\t\t\t\t<\/div>\n\t\t\t\t\t<\/div>\n\t\t<\/div>\n\t\t\t\t\t<\/div>\n\t\t<\/section>\n\t\t\t\t<div class=\"elementor-element elementor-element-615297e elementor-widget elementor-widget-text-editor\" data-id=\"615297e\" data-element_type=\"widget\" data-widget_type=\"text-editor.default\">\n\t\t\t\t<div class=\"elementor-widget-container\">\n\t\t\t\t\t\t\t\t\t<h3>Warum sich das NS-Dokumentationszentrum als au\u00dferschulischer Lernort lohnt<\/h3><p>Die NS-Ordensburg Vogelsang ist der <strong>zweitgr\u00f6\u00dfte noch erhaltene Geb\u00e4udekomplex<\/strong> <strong>aus dem Nationalsozialismus<\/strong> nach dem Reichsparteitagsgel\u00e4nde in N\u00fcrnberg. F\u00fcr Sch\u00fcler ist es eine einzigartige Gelegenheit, das Leben gleichaltriger junger Leute in jener Epoche hautnah zu erleben und mehr \u00fcber die<strong> Indoktrination durch die NS-F\u00fchrerschaft <\/strong>zu erfahren.<\/p><p>Der Besuch l\u00e4sst sich wunderbar mit Erlebnissen in der unber\u00fchrten Natur des <strong>Nationalparks Eifel kombinieren<\/strong>. Das Besucherzentrum des <strong>Nationalparks<\/strong> und die <strong>Erlebnisausstellung &#8222;Wildnis(t)r\u00e4ume&#8220;<\/strong> befinden sich ebenfalls auf dem Vogelsang. <strong>Kombitickets sind erh\u00e4ltlich.<\/strong> Auf Wunsch k\u00f6nnen F\u00fchrungen durch die Ausstellung und gef\u00fchrte Wanderungen organisiert werden.<\/p>\t\t\t\t\t\t\t\t<\/div>\n\t\t\t\t<\/div>\n\t\t\t\t<section class=\"elementor-section elementor-inner-section elementor-element elementor-element-65141afa elementor-section-boxed elementor-section-height-default elementor-section-height-default\" data-id=\"65141afa\" data-element_type=\"section\">\n\t\t\t\t\t\t<div class=\"elementor-container elementor-column-gap-default\">\n\t\t\t\t\t<div class=\"elementor-column elementor-col-50 elementor-inner-column elementor-element elementor-element-5335e1fc auto-width\" data-id=\"5335e1fc\" data-element_type=\"column\">\n\t\t\t<div class=\"elementor-widget-wrap elementor-element-populated\">\n\t\t\t\t\t\t<div class=\"elementor-element elementor-element-1bcd80d8 elementor-view-default elementor-widget elementor-widget-icon\" data-id=\"1bcd80d8\" data-element_type=\"widget\" data-widget_type=\"icon.default\">\n\t\t\t\t<div class=\"elementor-widget-container\">\n\t\t\t\t\t\t\t<div class=\"elementor-icon-wrapper\">\n\t\t\t<div class=\"elementor-icon\">\n\t\t\t<i aria-hidden=\"true\" class=\"icon icon-blog_tip\"><\/i>\t\t\t<\/div>\n\t\t<\/div>\n\t\t\t\t\t\t<\/div>\n\t\t\t\t<\/div>\n\t\t\t\t\t<\/div>\n\t\t<\/div>\n\t\t\t\t<div class=\"elementor-column elementor-col-50 elementor-inner-column elementor-element elementor-element-43631e9b\" data-id=\"43631e9b\" data-element_type=\"column\">\n\t\t\t<div class=\"elementor-widget-wrap elementor-element-populated\">\n\t\t\t\t\t\t<div class=\"elementor-element elementor-element-295c8566 tip elementor-widget elementor-widget-text-editor\" data-id=\"295c8566\" data-element_type=\"widget\" data-widget_type=\"text-editor.default\">\n\t\t\t\t<div class=\"elementor-widget-container\">\n\t\t\t\t\t\t\t\t\t<p>Die Eifel ist gerade f\u00fcr j\u00fcngere Sch\u00fcler ein tolles Ziel f\u00fcr eine mehrt\u00e4gige Klassenfahrt. Am Rursee werden zahlreiche erlebnisp\u00e4dagogische Programme angeboten, die sich mit dem Besuch der Ordensburg Vogelsang und einem Tagesausflug nach Aachen oder K\u00f6ln kombinieren lassen.<\/p>\t\t\t\t\t\t\t\t<\/div>\n\t\t\t\t<\/div>\n\t\t\t\t\t<\/div>\n\t\t<\/div>\n\t\t\t\t\t<\/div>\n\t\t<\/section>\n\t\t\t\t<div class=\"elementor-element elementor-element-bad8ecb elementor-widget elementor-widget-text-editor\" data-id=\"bad8ecb\" data-element_type=\"widget\" data-widget_type=\"text-editor.default\">\n\t\t\t\t<div class=\"elementor-widget-container\">\n\t\t\t\t\t\t\t\t\t<h3>Weitere au\u00dferschulische Lernorte im Westen Deutschlands<\/h3><p>Im Westen des Landes gibt es nat\u00fcrlich noch viele weitere au\u00dferschulische Lernorte, die sich im Rahmen eines Tagesausflugs oder einer Klassenfahrt erkunden lassen.<\/p>\t\t\t\t\t\t\t\t<\/div>\n\t\t\t\t<\/div>\n\t\t\t\t<section class=\"elementor-section elementor-inner-section elementor-element elementor-element-7768ed9f elementor-section-boxed elementor-section-height-default elementor-section-height-default\" data-id=\"7768ed9f\" data-element_type=\"section\">\n\t\t\t\t\t\t<div class=\"elementor-container elementor-column-gap-no\">\n\t\t\t\t\t<div class=\"elementor-column elementor-col-50 elementor-inner-column elementor-element elementor-element-7e3c4140\" data-id=\"7e3c4140\" data-element_type=\"column\">\n\t\t\t<div class=\"elementor-widget-wrap elementor-element-populated\">\n\t\t\t\t\t\t<div class=\"elementor-element elementor-element-2a06ece9 elementor-widget elementor-widget-image\" data-id=\"2a06ece9\" data-element_type=\"widget\" data-widget_type=\"image.default\">\n\t\t\t\t<div class=\"elementor-widget-container\">\n\t\t\t\t\t\t\t\t\t\t\t\t\t\t\t\t<a href=\"https:\/\/www.herole.de\/blog\/wp-content\/uploads\/Odysseum-Themenraum-Erde.jpg\" data-elementor-open-lightbox=\"yes\" data-elementor-lightbox-title=\"Odysseum - Themenraum Erde\" data-e-action-hash=\"#elementor-action%3Aaction%3Dlightbox%26settings%3DeyJpZCI6MTQ0MDQsInVybCI6Imh0dHBzOlwvXC93d3cuaGVyb2xlLmRlXC9ibG9nXC93cC1jb250ZW50XC91cGxvYWRzXC9PZHlzc2V1bS1UaGVtZW5yYXVtLUVyZGUuanBnIn0%3D\">\n\t\t\t\t\t\t\t<img loading=\"lazy\" decoding=\"async\" width=\"1024\" height=\"683\" src=\"https:\/\/www.herole.de\/blog\/wp-content\/uploads\/Odysseum-Themenraum-Erde-1024x683.jpg\" class=\"attachment-large size-large wp-image-14404\" alt=\"Odysseum - Themenraum Erde\" srcset=\"https:\/\/www.herole.de\/blog\/wp-content\/uploads\/Odysseum-Themenraum-Erde-1024x683.jpg 1024w, https:\/\/www.herole.de\/blog\/wp-content\/uploads\/Odysseum-Themenraum-Erde-300x200.jpg 300w, https:\/\/www.herole.de\/blog\/wp-content\/uploads\/Odysseum-Themenraum-Erde-768x512.jpg 768w, https:\/\/www.herole.de\/blog\/wp-content\/uploads\/Odysseum-Themenraum-Erde.jpg 1920w\" sizes=\"(max-width: 1024px) 100vw, 1024px\" \/>\t\t\t\t\t\t\t\t<\/a>\n\t\t\t\t\t\t\t\t\t\t\t\t\t\t\t<\/div>\n\t\t\t\t<\/div>\n\t\t\t\t\t<\/div>\n\t\t<\/div>\n\t\t\t\t<div class=\"elementor-column elementor-col-50 elementor-inner-column elementor-element elementor-element-56339d9f\" data-id=\"56339d9f\" data-element_type=\"column\">\n\t\t\t<div class=\"elementor-widget-wrap elementor-element-populated\">\n\t\t\t\t\t\t<div class=\"elementor-element elementor-element-036a886 elementor-widget elementor-widget-text-editor\" data-id=\"036a886\" data-element_type=\"widget\" data-widget_type=\"text-editor.default\">\n\t\t\t\t<div class=\"elementor-widget-container\">\n\t\t\t\t\t\t\t\t\t<p>Ein Highlight, das <strong>Schulklassen auf die Spuren unserer fr\u00fchesten Vorfahren<\/strong> zur\u00fcckf\u00fchrt ist ein Besuch <a href=\"#linksammlung\">des Museums im Neandertal<\/a> bei Mettmann, das dem Neanderthaler seinen Namen gab. Als au\u00dferschulischer Lernort bietet das Museum diverse Workshops zur Humanevolution, sowie F\u00fchrungen zur eigentlichen Fundstelle und durch das eiszeitliche Wildgehege. Hier leben zwar keine Mammuts und Dinosaurier, doch immerhin <strong>Wisente, Auerochsen und Wildpferde<\/strong>. \u00c4hnlich weit in die Vergangenheit zur\u00fcck geht es in der Vulkaneifel, wo die ungew\u00f6hnliche <a href=\"#linksammlung\">Vulkanschule<\/a> in Plaidt verschiedene F\u00fchrungen und Workshops rund um das Thema Vulkanismus bereith\u00e4lt. Ausfl\u00fcge zur Vulkanschule oder in das <a href=\"#linksammlung\">Freilichtmuseum Kommern<\/a> lassen sich daneben gut in Klassenfahrten in die Eifel, nach Aachen oder nach K\u00f6ln integrieren.<\/p>\t\t\t\t\t\t\t\t<\/div>\n\t\t\t\t<\/div>\n\t\t\t\t\t<\/div>\n\t\t<\/div>\n\t\t\t\t\t<\/div>\n\t\t<\/section>\n\t\t\t\t<div class=\"elementor-element elementor-element-6bffb48 elementor-widget elementor-widget-text-editor\" data-id=\"6bffb48\" data-element_type=\"widget\" data-widget_type=\"text-editor.default\">\n\t\t\t\t<div class=\"elementor-widget-container\">\n\t\t\t\t\t\t\t\t\t<p>Aachen, Standort der renommierten Rheinisch-Westf\u00e4lisch Technischen Hochschule bietet mit dem <a href=\"#linksammlung\">DLR_School_Lab<\/a> des <strong>Deutschen Zentrums f\u00fcr Luft- und Raumfahrt<\/strong> einen weiteren attraktiven au\u00dferschulischen Lernort in einer der modernsten Forschungseinrichtungen Europas. Ganz in der N\u00e4he befinden sich mit dem<a href=\"#linksammlung\"> JuLab<\/a> des <strong>Forschungszentrums J\u00fclich<\/strong> und dem <a href=\"#linksammlung\">Continium Discovery Center<\/a> im niederl\u00e4ndischen Kerkrade zwei weitere attraktive Einrichtungen f\u00fcr junge Naturwissenschaftler.<\/p>\t\t\t\t\t\t\t\t<\/div>\n\t\t\t\t<\/div>\n\t\t\t\t<div class=\"elementor-element elementor-element-45382072 elementor-cta--valign-top lines lines-2 elementor-cta--skin-classic elementor-animated-content elementor-bg-transform elementor-bg-transform-zoom-in elementor-widget elementor-widget-call-to-action\" data-id=\"45382072\" data-element_type=\"widget\" data-widget_type=\"call-to-action.default\">\n\t\t\t\t<div class=\"elementor-widget-container\">\n\t\t\t\t\t\t\t<div class=\"elementor-cta\">\n\t\t\t\t\t\t\t<div class=\"elementor-cta__content\">\n\t\t\t\t\n\t\t\t\t\t\t\t\t\t<h2 class=\"elementor-cta__title elementor-cta__content-item elementor-content-item\">\n\t\t\t\t\t\tUnsere Angebote\t\t\t\t\t<\/h2>\n\t\t\t\t\n\t\t\t\t\t\t\t\t\t<div class=\"elementor-cta__description elementor-cta__content-item elementor-content-item\">\n\t\t\t\t\t\tStellen Sie sich jetzt Ihre individuelle Klassenfahrt in die Eifel zusammen!\t\t\t\t\t<\/div>\n\t\t\t\t\n\t\t\t\t\t\t\t\t\t<div class=\"elementor-cta__button-wrapper elementor-cta__content-item elementor-content-item \">\n\t\t\t\t\t<a class=\"elementor-cta__button elementor-button elementor-size-\" href=\"https:\/\/www.herole.de\/klassenfahrten-eifel\" target=\"_blank\">\n\t\t\t\t\t\tKlassenfahrten EIfel Entdecken\t\t\t\t\t<\/a>\n\t\t\t\t\t<\/div>\n\t\t\t\t\t\t\t<\/div>\n\t\t\t\t\t\t<\/div>\n\t\t\t\t\t\t<\/div>\n\t\t\t\t<\/div>\n\t\t\t\t<div class=\"elementor-element elementor-element-3486cbf0 elementor-widget elementor-widget-heading\" data-id=\"3486cbf0\" data-element_type=\"widget\" data-widget_type=\"heading.default\">\n\t\t\t\t<div class=\"elementor-widget-container\">\n\t\t\t\t\t<h2 class=\"elementor-heading-title elementor-size-default\">Weitere Au\u00dferschulische Lernorte in Deutschland<\/h2>\t\t\t\t<\/div>\n\t\t\t\t<\/div>\n\t\t\t\t<div class=\"elementor-element elementor-element-37be17e1 elementor-posts__hover-none one-line-tiles elementor-widget-tablet__width-initial elementor-widget-mobile__width-initial elementor-grid-3 elementor-grid-tablet-2 elementor-grid-mobile-1 elementor-posts--thumbnail-top elementor-card-shadow-yes elementor-widget elementor-widget-posts\" data-id=\"37be17e1\" data-element_type=\"widget\" data-settings=\"{&quot;cards_columns&quot;:&quot;3&quot;,&quot;cards_columns_tablet&quot;:&quot;2&quot;,&quot;cards_columns_mobile&quot;:&quot;1&quot;,&quot;cards_row_gap&quot;:{&quot;unit&quot;:&quot;px&quot;,&quot;size&quot;:35,&quot;sizes&quot;:[]},&quot;cards_row_gap_tablet&quot;:{&quot;unit&quot;:&quot;px&quot;,&quot;size&quot;:&quot;&quot;,&quot;sizes&quot;:[]},&quot;cards_row_gap_mobile&quot;:{&quot;unit&quot;:&quot;px&quot;,&quot;size&quot;:&quot;&quot;,&quot;sizes&quot;:[]}}\" data-widget_type=\"posts.cards\">\n\t\t\t\t<div class=\"elementor-widget-container\">\n\t\t\t\t\t\t\t<div class=\"elementor-posts-container elementor-posts elementor-posts--skin-cards elementor-grid\">\n\t\t\t\t<article class=\"elementor-post elementor-grid-item post-13969 post type-post status-publish format-standard has-post-thumbnail hentry category-programme tag-ausserschulische_lernorte tag-bremerhaven tag-de tag-hamburg tag-la001182 tag-la001250 tag-la003702 tag-la003705 tag-la004175 tag-stralsund\">\n\t\t\t<div class=\"elementor-post__card\">\n\t\t\t\t<a class=\"elementor-post__thumbnail__link\" href=\"https:\/\/www.herole.de\/blog\/ausserschulische-lernorte-norddeutschland\/\" tabindex=\"-1\" ><div class=\"elementor-post__thumbnail\"><img loading=\"lazy\" decoding=\"async\" width=\"300\" height=\"200\" src=\"https:\/\/www.herole.de\/blog\/wp-content\/uploads\/shutterstock_37117357-65987fde4aa17423040658b299469dc5-300x200.jpg\" class=\"attachment-medium size-medium wp-image-14008\" alt=\"M\u00e4dchen am Stand der Nordsee\" srcset=\"https:\/\/www.herole.de\/blog\/wp-content\/uploads\/shutterstock_37117357-65987fde4aa17423040658b299469dc5-300x200.jpg 300w, https:\/\/www.herole.de\/blog\/wp-content\/uploads\/shutterstock_37117357-65987fde4aa17423040658b299469dc5-768x512.jpg 768w, https:\/\/www.herole.de\/blog\/wp-content\/uploads\/shutterstock_37117357-65987fde4aa17423040658b299469dc5-1024x683.jpg 1024w, https:\/\/www.herole.de\/blog\/wp-content\/uploads\/shutterstock_37117357-65987fde4aa17423040658b299469dc5.jpg 1920w\" sizes=\"(max-width: 300px) 100vw, 300px\" \/><\/div><\/a>\n\t\t\t\t<div class=\"elementor-post__badge\">Programme<\/div>\n\t\t\t\t<div class=\"elementor-post__text\">\n\t\t\t\t<h3 class=\"elementor-post__title\">\n\t\t\t<a href=\"https:\/\/www.herole.de\/blog\/ausserschulische-lernorte-norddeutschland\/\" >\n\t\t\t\tAu\u00dferschulische Lernorte in Norddeutschland\t\t\t<\/a>\n\t\t<\/h3>\n\t\t\t\t<\/div>\n\t\t\t\t<div class=\"elementor-post__meta-data\">\n\t\t\t\t\t<span class=\"elementor-post-date\">\n\t\t\t5. M\u00e4rz 2020\t\t<\/span>\n\t\t\t\t<\/div>\n\t\t\t\t\t<\/div>\n\t\t<\/article>\n\t\t\t\t<article class=\"elementor-post elementor-grid-item post-14135 post type-post status-publish format-standard has-post-thumbnail hentry category-programme tag-ausserschulische_lernorte tag-bodensee tag-de tag-heidelberg tag-la001274 tag-la003146 tag-la006362 tag-la008006 tag-muenchen tag-nuernberg\">\n\t\t\t<div class=\"elementor-post__card\">\n\t\t\t\t<a class=\"elementor-post__thumbnail__link\" href=\"https:\/\/www.herole.de\/blog\/ausserschulische-lernorte-sueddeutschland\/\" tabindex=\"-1\" ><div class=\"elementor-post__thumbnail\"><img loading=\"lazy\" decoding=\"async\" width=\"300\" height=\"200\" src=\"https:\/\/www.herole.de\/blog\/wp-content\/uploads\/experimenta-heilbronn-300x200.jpg\" class=\"attachment-medium size-medium wp-image-14154\" alt=\"Eine strukturierte Ausstellung in der experimenta in Heilbronn\" srcset=\"https:\/\/www.herole.de\/blog\/wp-content\/uploads\/experimenta-heilbronn-300x200.jpg 300w, https:\/\/www.herole.de\/blog\/wp-content\/uploads\/experimenta-heilbronn-768x512.jpg 768w, https:\/\/www.herole.de\/blog\/wp-content\/uploads\/experimenta-heilbronn-1024x683.jpg 1024w, https:\/\/www.herole.de\/blog\/wp-content\/uploads\/experimenta-heilbronn.jpg 1920w\" sizes=\"(max-width: 300px) 100vw, 300px\" \/><\/div><\/a>\n\t\t\t\t<div class=\"elementor-post__badge\">Programme<\/div>\n\t\t\t\t<div class=\"elementor-post__text\">\n\t\t\t\t<h3 class=\"elementor-post__title\">\n\t\t\t<a href=\"https:\/\/www.herole.de\/blog\/ausserschulische-lernorte-sueddeutschland\/\" >\n\t\t\t\tAu\u00dferschulische Lernorte in S\u00fcddeutschland\t\t\t<\/a>\n\t\t<\/h3>\n\t\t\t\t<\/div>\n\t\t\t\t<div class=\"elementor-post__meta-data\">\n\t\t\t\t\t<span class=\"elementor-post-date\">\n\t\t\t12. M\u00e4rz 2020\t\t<\/span>\n\t\t\t\t<\/div>\n\t\t\t\t\t<\/div>\n\t\t<\/article>\n\t\t\t\t<article class=\"elementor-post elementor-grid-item post-14034 post type-post status-publish format-standard has-post-thumbnail hentry category-programme tag-ausserschulische_lernorte tag-berlin tag-de tag-dresden tag-la001307 tag-la001360 tag-la004922 tag-la005630 tag-weimar\">\n\t\t\t<div class=\"elementor-post__card\">\n\t\t\t\t<a class=\"elementor-post__thumbnail__link\" href=\"https:\/\/www.herole.de\/blog\/ausserschulische-lernorte-ostdeutschland\/\" tabindex=\"-1\" ><div class=\"elementor-post__thumbnail\"><img loading=\"lazy\" decoding=\"async\" width=\"300\" height=\"200\" src=\"https:\/\/www.herole.de\/blog\/wp-content\/uploads\/kfd-berlin-checkpoint-charlie-300x200.jpg\" class=\"attachment-medium size-medium wp-image-14047\" alt=\"Checkpoint Charlie in Berlin\" srcset=\"https:\/\/www.herole.de\/blog\/wp-content\/uploads\/kfd-berlin-checkpoint-charlie-300x200.jpg 300w, https:\/\/www.herole.de\/blog\/wp-content\/uploads\/kfd-berlin-checkpoint-charlie-1024x683.jpg 1024w, https:\/\/www.herole.de\/blog\/wp-content\/uploads\/kfd-berlin-checkpoint-charlie-768x512.jpg 768w, https:\/\/www.herole.de\/blog\/wp-content\/uploads\/kfd-berlin-checkpoint-charlie-1536x1024.jpg 1536w, https:\/\/www.herole.de\/blog\/wp-content\/uploads\/kfd-berlin-checkpoint-charlie.jpg 1920w\" sizes=\"(max-width: 300px) 100vw, 300px\" \/><\/div><\/a>\n\t\t\t\t<div class=\"elementor-post__badge\">Programme<\/div>\n\t\t\t\t<div class=\"elementor-post__text\">\n\t\t\t\t<h3 class=\"elementor-post__title\">\n\t\t\t<a href=\"https:\/\/www.herole.de\/blog\/ausserschulische-lernorte-ostdeutschland\/\" >\n\t\t\t\tAu\u00dferschulische Lernorte in Ostdeutschland\t\t\t<\/a>\n\t\t<\/h3>\n\t\t\t\t<\/div>\n\t\t\t\t<div class=\"elementor-post__meta-data\">\n\t\t\t\t\t<span class=\"elementor-post-date\">\n\t\t\t10. M\u00e4rz 2020\t\t<\/span>\n\t\t\t\t<\/div>\n\t\t\t\t\t<\/div>\n\t\t<\/article>\n\t\t\t\t<\/div>\n\t\t\n\t\t\t\t\t\t<\/div>\n\t\t\t\t<\/div>\n\t\t\t\t<div class=\"elementor-element elementor-element-56dbc181 elementor-widget elementor-widget-button\" data-id=\"56dbc181\" data-element_type=\"widget\" data-widget_type=\"button.default\">\n\t\t\t\t<div class=\"elementor-widget-container\">\n\t\t\t\t\t\t\t\t\t<div class=\"elementor-button-wrapper\">\n\t\t\t\t\t<a class=\"elementor-button elementor-button-link elementor-size-sm\" href=\"https:\/\/www.herole.de\/blog\/ausserschulische-lernorte\/\">\n\t\t\t\t\t\t<span class=\"elementor-button-content-wrapper\">\n\t\t\t\t\t\t\t\t\t<span class=\"elementor-button-text\">Weitere Lernorte<\/span>\n\t\t\t\t\t<\/span>\n\t\t\t\t\t<\/a>\n\t\t\t\t<\/div>\n\t\t\t\t\t\t\t\t<\/div>\n\t\t\t\t<\/div>\n\t\t\t\t<div class=\"elementor-element elementor-element-632eefca elementor-widget elementor-widget-menu-anchor\" data-id=\"632eefca\" data-element_type=\"widget\" data-widget_type=\"menu-anchor.default\">\n\t\t\t\t<div class=\"elementor-widget-container\">\n\t\t\t\t\t\t\t<div class=\"elementor-menu-anchor\" id=\"linksammlung\"><\/div>\n\t\t\t\t\t\t<\/div>\n\t\t\t\t<\/div>\n\t\t\t\t<div class=\"elementor-element elementor-element-218fa9ac elementor-widget elementor-widget-text-editor\" data-id=\"218fa9ac\" data-element_type=\"widget\" data-widget_type=\"text-editor.default\">\n\t\t\t\t<div class=\"elementor-widget-container\">\n\t\t\t\t\t\t\t\t\t<h2>Linksammlung<\/h2><ul><li>Haus der Geschichte Bonn: <a href=\"https:\/\/www.hdg.de\/haus-der-geschichte\/lernen\/schueler-und-lehrer\">Alle Angebote<\/a><\/li><li>Odysseum K\u00f6ln: <a href=\"https:\/\/www.odysseum.de\/wp-content\/uploads\/2020\/01\/1909-Odysseum-BildungslangFlyer_online.pdf\">Alle Angebote<\/a><\/li><li>NS-Dokumentationszentrum Vogelsang: <a href=\"https:\/\/www.yumpu.com\/de\/document\/read\/59486280\/gruppenbroschure-vip\">Alle Angebote<\/a><\/li><li>Museum in Neandertal: <a href=\"https:\/\/www.neanderthal.de\/de\/ausserschulischer-lernort.html\">Website<\/a><\/li><li>Vulkanschule: <a href=\"https:\/\/vulkanschule.de\/\">Website<\/a><\/li><li>Freilichtmusem Kommern: <a href=\"https:\/\/kommern.lvr.de\/de\/index.html\">Website<\/a><\/li><li>DRL-School-Lab: <a href=\"https:\/\/www.dlr.de\/schoollab\/\">Website<\/a><\/li><li>JuLab: <a href=\"https:\/\/www.fz-juelich.de\/julab\/DE\/Home\/home_node.html\">Website<\/a><\/li><li>Continium Discovery Center: <a href=\"https:\/\/www.continium.nl\/de\">Website<\/a><\/li><\/ul>\t\t\t\t\t\t\t\t<\/div>\n\t\t\t\t<\/div>\n\t\t\t\t<div class=\"elementor-element elementor-element-677ce924 elementor-widget elementor-widget-text-editor\" data-id=\"677ce924\" data-element_type=\"widget\" data-widget_type=\"text-editor.default\">\n\t\t\t\t<div class=\"elementor-widget-container\">\n\t\t\t\t\t\t\t\t\t<h2>Bildnachweis<\/h2><ul><li>Bildbeschreibung: \u00a9 Odysseum &#8211; Das Museum mit der Maus\u00a0<\/li><li>NS-Dokumentationszentrum K\u00f6ln: \u00a9 NS-Dokumentationszentrum Koeln<\/li><li>Kinder beim Experimentieren: \u00a9 Odysseum &#8211; Das Museum mit der Maus\u00a0<\/li><li>Blick in den Themenraum: \u00a9 Odysseum &#8211; Das Museum mit der Maus\u00a0<\/li><\/ul>\t\t\t\t\t\t\t\t<\/div>\n\t\t\t\t<\/div>\n\t\t\t\t\t<\/div>\n\t\t<\/div>\n\t\t\t\t\t<\/div>\n\t\t<\/section>\n\t\t\t\t<\/div>\n\t\t","protected":false},"excerpt":{"rendered":"<p>Der Westen Deutschlands mit dem bev\u00f6lkerungsreichsten Bundesland bietet eine F\u00fclle verschiedener au\u00dferschulischer Lernorte f\u00fcr alle Altersgruppen und Fachrichtungen. Die Palette reicht von Wanderungen auf den Spuren unserer Vorfahren im Neandertal bis zu hochmodernen Science Centern. Aufgrund der kurzen Distanzen lassen sich viele Besuche sogar kombinieren. <\/p>\n","protected":false},"author":6,"featured_media":14367,"comment_status":"closed","ping_status":"closed","sticky":false,"template":"","format":"standard","meta":{"footnotes":""},"categories":[38],"tags":[324,228,83,89,345,344],"class_list":["post-14301","post","type-post","status-publish","format-standard","has-post-thumbnail","hentry","category-programme","tag-ausserschulische_lernorte","tag-bonn","tag-de","tag-koeln","tag-la003263","tag-la003341"],"yoast_head":"<!-- This site is optimized with the Yoast SEO plugin v26.0 - https:\/\/yoast.com\/wordpress\/plugins\/seo\/ -->\n<title>Au\u00dferschulische Lernorte in Westdeutschland<\/title>\n<meta name=\"description\" content=\"Wanderungen auf den Spuren unserer Vorfahren im Neandertal und hochmoderne Science Center. Erfahren Sie mehr zu au\u00dferschulischen Lernorten im Westen.\" \/>\n<meta name=\"robots\" content=\"index, follow, max-snippet:-1, max-image-preview:large, max-video-preview:-1\" \/>\n<link rel=\"canonical\" href=\"https:\/\/www.herole.de\/blog\/ausserschulische-lernorte-westdeutschland\/\" \/>\n<meta property=\"og:locale\" content=\"de_DE\" \/>\n<meta property=\"og:type\" content=\"article\" \/>\n<meta property=\"og:title\" content=\"Au\u00dferschulische Lernorte in Westdeutschland\" \/>\n<meta property=\"og:description\" content=\"Wanderungen auf den Spuren unserer Vorfahren im Neandertal und hochmoderne Science Center. Erfahren Sie mehr zu au\u00dferschulischen Lernorten im Westen.\" \/>\n<meta property=\"og:url\" content=\"https:\/\/www.herole.de\/blog\/ausserschulische-lernorte-westdeutschland\/\" \/>\n<meta property=\"og:site_name\" content=\"HEROL\u00c9 Ratgeber\" \/>\n<meta property=\"article:publisher\" content=\"https:\/\/www.facebook.com\/HeroleKlassenfahrten\" \/>\n<meta property=\"article:published_time\" content=\"2020-03-17T10:22:54+00:00\" \/>\n<meta property=\"article:modified_time\" content=\"2024-10-14T13:06:58+00:00\" \/>\n<meta property=\"og:image\" content=\"https:\/\/www.herole.de\/blog\/wp-content\/uploads\/Odysseum-Das-Museum-mit-der-Maus.jpg\" \/>\n\t<meta property=\"og:image:width\" content=\"1920\" \/>\n\t<meta property=\"og:image:height\" content=\"1283\" \/>\n\t<meta property=\"og:image:type\" content=\"image\/jpeg\" \/>\n<meta name=\"author\" content=\"Heike Philipp\" \/>\n<meta name=\"twitter:card\" content=\"summary_large_image\" \/>\n<meta name=\"twitter:creator\" content=\"@heike.bach\" \/>\n<meta name=\"twitter:site\" content=\"@herole_reisen\" \/>\n<meta name=\"twitter:label1\" content=\"Verfasst von\" \/>\n\t<meta name=\"twitter:data1\" content=\"Heike Philipp\" \/>\n\t<meta name=\"twitter:label2\" content=\"Gesch\u00e4tzte Lesezeit\" \/>\n\t<meta name=\"twitter:data2\" content=\"14\u00a0Minuten\" \/>\n<script type=\"application\/ld+json\" class=\"yoast-schema-graph\">{\"@context\":\"https:\/\/schema.org\",\"@graph\":[{\"@type\":\"Article\",\"@id\":\"https:\/\/www.herole.de\/blog\/ausserschulische-lernorte-westdeutschland\/#article\",\"isPartOf\":{\"@id\":\"https:\/\/www.herole.de\/blog\/ausserschulische-lernorte-westdeutschland\/\"},\"author\":{\"name\":\"Heike Philipp\",\"@id\":\"https:\/\/www.herole.de\/blog\/#\/schema\/person\/13fb982c1909aaffcf2c09f0fde399ba\"},\"headline\":\"Au\u00dferschulische Lernorte in Westdeutschland\",\"datePublished\":\"2020-03-17T10:22:54+00:00\",\"dateModified\":\"2024-10-14T13:06:58+00:00\",\"mainEntityOfPage\":{\"@id\":\"https:\/\/www.herole.de\/blog\/ausserschulische-lernorte-westdeutschland\/\"},\"wordCount\":2316,\"publisher\":{\"@id\":\"https:\/\/www.herole.de\/blog\/#organization\"},\"image\":{\"@id\":\"https:\/\/www.herole.de\/blog\/ausserschulische-lernorte-westdeutschland\/#primaryimage\"},\"thumbnailUrl\":\"https:\/\/www.herole.de\/blog\/wp-content\/uploads\/Odysseum-Das-Museum-mit-der-Maus.jpg\",\"keywords\":[\"Au\u00dferschulische_Lernorte\",\"bonn\",\"DE\",\"KOELN\",\"LA003263\",\"LA003341\"],\"articleSection\":[\"Programme\"],\"inLanguage\":\"de\"},{\"@type\":\"WebPage\",\"@id\":\"https:\/\/www.herole.de\/blog\/ausserschulische-lernorte-westdeutschland\/\",\"url\":\"https:\/\/www.herole.de\/blog\/ausserschulische-lernorte-westdeutschland\/\",\"name\":\"Au\u00dferschulische Lernorte in Westdeutschland\",\"isPartOf\":{\"@id\":\"https:\/\/www.herole.de\/blog\/#website\"},\"primaryImageOfPage\":{\"@id\":\"https:\/\/www.herole.de\/blog\/ausserschulische-lernorte-westdeutschland\/#primaryimage\"},\"image\":{\"@id\":\"https:\/\/www.herole.de\/blog\/ausserschulische-lernorte-westdeutschland\/#primaryimage\"},\"thumbnailUrl\":\"https:\/\/www.herole.de\/blog\/wp-content\/uploads\/Odysseum-Das-Museum-mit-der-Maus.jpg\",\"datePublished\":\"2020-03-17T10:22:54+00:00\",\"dateModified\":\"2024-10-14T13:06:58+00:00\",\"description\":\"Wanderungen auf den Spuren unserer Vorfahren im Neandertal und hochmoderne Science Center. Erfahren Sie mehr zu au\u00dferschulischen Lernorten im Westen.\",\"breadcrumb\":{\"@id\":\"https:\/\/www.herole.de\/blog\/ausserschulische-lernorte-westdeutschland\/#breadcrumb\"},\"inLanguage\":\"de\",\"potentialAction\":[{\"@type\":\"ReadAction\",\"target\":[\"https:\/\/www.herole.de\/blog\/ausserschulische-lernorte-westdeutschland\/\"]}]},{\"@type\":\"ImageObject\",\"inLanguage\":\"de\",\"@id\":\"https:\/\/www.herole.de\/blog\/ausserschulische-lernorte-westdeutschland\/#primaryimage\",\"url\":\"https:\/\/www.herole.de\/blog\/wp-content\/uploads\/Odysseum-Das-Museum-mit-der-Maus.jpg\",\"contentUrl\":\"https:\/\/www.herole.de\/blog\/wp-content\/uploads\/Odysseum-Das-Museum-mit-der-Maus.jpg\",\"width\":1920,\"height\":1283,\"caption\":\"\u00a9Odysseum - Das Museum mit der Maus\"},{\"@type\":\"BreadcrumbList\",\"@id\":\"https:\/\/www.herole.de\/blog\/ausserschulische-lernorte-westdeutschland\/#breadcrumb\",\"itemListElement\":[{\"@type\":\"ListItem\",\"position\":1,\"name\":\"Startseite\",\"item\":\"https:\/\/www.herole.de\/blog\/\"},{\"@type\":\"ListItem\",\"position\":2,\"name\":\"Au\u00dferschulische Lernorte in Westdeutschland\"}]},{\"@type\":\"WebSite\",\"@id\":\"https:\/\/www.herole.de\/blog\/#website\",\"url\":\"https:\/\/www.herole.de\/blog\/\",\"name\":\"HEROL\u00c9 Ratgeber\",\"description\":\"Wissenswertes rund um die Organisation von Klassenfahrten, zudem Lehrertipps und Themen des Schulalltags.\",\"publisher\":{\"@id\":\"https:\/\/www.herole.de\/blog\/#organization\"},\"potentialAction\":[{\"@type\":\"SearchAction\",\"target\":{\"@type\":\"EntryPoint\",\"urlTemplate\":\"https:\/\/www.herole.de\/blog\/?s={search_term_string}\"},\"query-input\":{\"@type\":\"PropertyValueSpecification\",\"valueRequired\":true,\"valueName\":\"search_term_string\"}}],\"inLanguage\":\"de\"},{\"@type\":\"Organization\",\"@id\":\"https:\/\/www.herole.de\/blog\/#organization\",\"name\":\"HEROL\u00c9 Reisen GmbH\",\"url\":\"https:\/\/www.herole.de\/blog\/\",\"logo\":{\"@type\":\"ImageObject\",\"inLanguage\":\"de\",\"@id\":\"https:\/\/www.herole.de\/blog\/#\/schema\/logo\/image\/\",\"url\":\"https:\/\/www.herole.de\/blog\/wp-content\/uploads\/herole-logo.png\",\"contentUrl\":\"https:\/\/www.herole.de\/blog\/wp-content\/uploads\/herole-logo.png\",\"width\":274,\"height\":70,\"caption\":\"HEROL\u00c9 Reisen GmbH\"},\"image\":{\"@id\":\"https:\/\/www.herole.de\/blog\/#\/schema\/logo\/image\/\"},\"sameAs\":[\"https:\/\/www.facebook.com\/HeroleKlassenfahrten\",\"https:\/\/x.com\/herole_reisen\",\"https:\/\/instagram.com\/heroleklassenfahrten\",\"https:\/\/www.youtube.com\/HeroleReisen\"]},{\"@type\":\"Person\",\"@id\":\"https:\/\/www.herole.de\/blog\/#\/schema\/person\/13fb982c1909aaffcf2c09f0fde399ba\",\"name\":\"Heike Philipp\",\"image\":{\"@type\":\"ImageObject\",\"inLanguage\":\"de\",\"@id\":\"https:\/\/www.herole.de\/blog\/#\/schema\/person\/image\/\",\"url\":\"https:\/\/secure.gravatar.com\/avatar\/6010203aefccca33c04c1b210ceba8ee7e5a734d5844451cfadfb0913f869e7a?s=96&d=mm&r=g\",\"contentUrl\":\"https:\/\/secure.gravatar.com\/avatar\/6010203aefccca33c04c1b210ceba8ee7e5a734d5844451cfadfb0913f869e7a?s=96&d=mm&r=g\",\"caption\":\"Heike Philipp\"},\"sameAs\":[\"https:\/\/x.com\/heike.bach\"]}]}<\/script>\n<!-- \/ Yoast SEO plugin. -->","yoast_head_json":{"title":"Au\u00dferschulische Lernorte in Westdeutschland","description":"Wanderungen auf den Spuren unserer Vorfahren im Neandertal und hochmoderne Science Center. Erfahren Sie mehr zu au\u00dferschulischen Lernorten im Westen.","robots":{"index":"index","follow":"follow","max-snippet":"max-snippet:-1","max-image-preview":"max-image-preview:large","max-video-preview":"max-video-preview:-1"},"canonical":"https:\/\/www.herole.de\/blog\/ausserschulische-lernorte-westdeutschland\/","og_locale":"de_DE","og_type":"article","og_title":"Au\u00dferschulische Lernorte in Westdeutschland","og_description":"Wanderungen auf den Spuren unserer Vorfahren im Neandertal und hochmoderne Science Center. Erfahren Sie mehr zu au\u00dferschulischen Lernorten im Westen.","og_url":"https:\/\/www.herole.de\/blog\/ausserschulische-lernorte-westdeutschland\/","og_site_name":"HEROL\u00c9 Ratgeber","article_publisher":"https:\/\/www.facebook.com\/HeroleKlassenfahrten","article_published_time":"2020-03-17T10:22:54+00:00","article_modified_time":"2024-10-14T13:06:58+00:00","og_image":[{"width":1920,"height":1283,"url":"https:\/\/www.herole.de\/blog\/wp-content\/uploads\/Odysseum-Das-Museum-mit-der-Maus.jpg","type":"image\/jpeg"}],"author":"Heike Philipp","twitter_card":"summary_large_image","twitter_creator":"@heike.bach","twitter_site":"@herole_reisen","twitter_misc":{"Verfasst von":"Heike Philipp","Gesch\u00e4tzte Lesezeit":"14\u00a0Minuten"},"schema":{"@context":"https:\/\/schema.org","@graph":[{"@type":"Article","@id":"https:\/\/www.herole.de\/blog\/ausserschulische-lernorte-westdeutschland\/#article","isPartOf":{"@id":"https:\/\/www.herole.de\/blog\/ausserschulische-lernorte-westdeutschland\/"},"author":{"name":"Heike Philipp","@id":"https:\/\/www.herole.de\/blog\/#\/schema\/person\/13fb982c1909aaffcf2c09f0fde399ba"},"headline":"Au\u00dferschulische Lernorte in Westdeutschland","datePublished":"2020-03-17T10:22:54+00:00","dateModified":"2024-10-14T13:06:58+00:00","mainEntityOfPage":{"@id":"https:\/\/www.herole.de\/blog\/ausserschulische-lernorte-westdeutschland\/"},"wordCount":2316,"publisher":{"@id":"https:\/\/www.herole.de\/blog\/#organization"},"image":{"@id":"https:\/\/www.herole.de\/blog\/ausserschulische-lernorte-westdeutschland\/#primaryimage"},"thumbnailUrl":"https:\/\/www.herole.de\/blog\/wp-content\/uploads\/Odysseum-Das-Museum-mit-der-Maus.jpg","keywords":["Au\u00dferschulische_Lernorte","bonn","DE","KOELN","LA003263","LA003341"],"articleSection":["Programme"],"inLanguage":"de"},{"@type":"WebPage","@id":"https:\/\/www.herole.de\/blog\/ausserschulische-lernorte-westdeutschland\/","url":"https:\/\/www.herole.de\/blog\/ausserschulische-lernorte-westdeutschland\/","name":"Au\u00dferschulische Lernorte in Westdeutschland","isPartOf":{"@id":"https:\/\/www.herole.de\/blog\/#website"},"primaryImageOfPage":{"@id":"https:\/\/www.herole.de\/blog\/ausserschulische-lernorte-westdeutschland\/#primaryimage"},"image":{"@id":"https:\/\/www.herole.de\/blog\/ausserschulische-lernorte-westdeutschland\/#primaryimage"},"thumbnailUrl":"https:\/\/www.herole.de\/blog\/wp-content\/uploads\/Odysseum-Das-Museum-mit-der-Maus.jpg","datePublished":"2020-03-17T10:22:54+00:00","dateModified":"2024-10-14T13:06:58+00:00","description":"Wanderungen auf den Spuren unserer Vorfahren im Neandertal und hochmoderne Science Center. Erfahren Sie mehr zu au\u00dferschulischen Lernorten im Westen.","breadcrumb":{"@id":"https:\/\/www.herole.de\/blog\/ausserschulische-lernorte-westdeutschland\/#breadcrumb"},"inLanguage":"de","potentialAction":[{"@type":"ReadAction","target":["https:\/\/www.herole.de\/blog\/ausserschulische-lernorte-westdeutschland\/"]}]},{"@type":"ImageObject","inLanguage":"de","@id":"https:\/\/www.herole.de\/blog\/ausserschulische-lernorte-westdeutschland\/#primaryimage","url":"https:\/\/www.herole.de\/blog\/wp-content\/uploads\/Odysseum-Das-Museum-mit-der-Maus.jpg","contentUrl":"https:\/\/www.herole.de\/blog\/wp-content\/uploads\/Odysseum-Das-Museum-mit-der-Maus.jpg","width":1920,"height":1283,"caption":"\u00a9Odysseum - Das Museum mit der Maus"},{"@type":"BreadcrumbList","@id":"https:\/\/www.herole.de\/blog\/ausserschulische-lernorte-westdeutschland\/#breadcrumb","itemListElement":[{"@type":"ListItem","position":1,"name":"Startseite","item":"https:\/\/www.herole.de\/blog\/"},{"@type":"ListItem","position":2,"name":"Au\u00dferschulische Lernorte in Westdeutschland"}]},{"@type":"WebSite","@id":"https:\/\/www.herole.de\/blog\/#website","url":"https:\/\/www.herole.de\/blog\/","name":"HEROL\u00c9 Ratgeber","description":"Wissenswertes rund um die Organisation von Klassenfahrten, zudem Lehrertipps und Themen des Schulalltags.","publisher":{"@id":"https:\/\/www.herole.de\/blog\/#organization"},"potentialAction":[{"@type":"SearchAction","target":{"@type":"EntryPoint","urlTemplate":"https:\/\/www.herole.de\/blog\/?s={search_term_string}"},"query-input":{"@type":"PropertyValueSpecification","valueRequired":true,"valueName":"search_term_string"}}],"inLanguage":"de"},{"@type":"Organization","@id":"https:\/\/www.herole.de\/blog\/#organization","name":"HEROL\u00c9 Reisen GmbH","url":"https:\/\/www.herole.de\/blog\/","logo":{"@type":"ImageObject","inLanguage":"de","@id":"https:\/\/www.herole.de\/blog\/#\/schema\/logo\/image\/","url":"https:\/\/www.herole.de\/blog\/wp-content\/uploads\/herole-logo.png","contentUrl":"https:\/\/www.herole.de\/blog\/wp-content\/uploads\/herole-logo.png","width":274,"height":70,"caption":"HEROL\u00c9 Reisen GmbH"},"image":{"@id":"https:\/\/www.herole.de\/blog\/#\/schema\/logo\/image\/"},"sameAs":["https:\/\/www.facebook.com\/HeroleKlassenfahrten","https:\/\/x.com\/herole_reisen","https:\/\/instagram.com\/heroleklassenfahrten","https:\/\/www.youtube.com\/HeroleReisen"]},{"@type":"Person","@id":"https:\/\/www.herole.de\/blog\/#\/schema\/person\/13fb982c1909aaffcf2c09f0fde399ba","name":"Heike Philipp","image":{"@type":"ImageObject","inLanguage":"de","@id":"https:\/\/www.herole.de\/blog\/#\/schema\/person\/image\/","url":"https:\/\/secure.gravatar.com\/avatar\/6010203aefccca33c04c1b210ceba8ee7e5a734d5844451cfadfb0913f869e7a?s=96&d=mm&r=g","contentUrl":"https:\/\/secure.gravatar.com\/avatar\/6010203aefccca33c04c1b210ceba8ee7e5a734d5844451cfadfb0913f869e7a?s=96&d=mm&r=g","caption":"Heike Philipp"},"sameAs":["https:\/\/x.com\/heike.bach"]}]}},"_links":{"self":[{"href":"https:\/\/www.herole.de\/blog\/wp-json\/wp\/v2\/posts\/14301","targetHints":{"allow":["GET"]}}],"collection":[{"href":"https:\/\/www.herole.de\/blog\/wp-json\/wp\/v2\/posts"}],"about":[{"href":"https:\/\/www.herole.de\/blog\/wp-json\/wp\/v2\/types\/post"}],"author":[{"embeddable":true,"href":"https:\/\/www.herole.de\/blog\/wp-json\/wp\/v2\/users\/6"}],"replies":[{"embeddable":true,"href":"https:\/\/www.herole.de\/blog\/wp-json\/wp\/v2\/comments?post=14301"}],"version-history":[{"count":0,"href":"https:\/\/www.herole.de\/blog\/wp-json\/wp\/v2\/posts\/14301\/revisions"}],"wp:featuredmedia":[{"embeddable":true,"href":"https:\/\/www.herole.de\/blog\/wp-json\/wp\/v2\/media\/14367"}],"wp:attachment":[{"href":"https:\/\/www.herole.de\/blog\/wp-json\/wp\/v2\/media?parent=14301"}],"wp:term":[{"taxonomy":"category","embeddable":true,"href":"https:\/\/www.herole.de\/blog\/wp-json\/wp\/v2\/categories?post=14301"},{"taxonomy":"post_tag","embeddable":true,"href":"https:\/\/www.herole.de\/blog\/wp-json\/wp\/v2\/tags?post=14301"}],"curies":[{"name":"wp","href":"https:\/\/api.w.org\/{rel}","templated":true}]}}