{"id":14135,"date":"2020-03-12T11:20:15","date_gmt":"2020-03-12T10:20:15","guid":{"rendered":"https:\/\/www.herole.de\/blog\/?p=14135"},"modified":"2024-10-14T15:05:46","modified_gmt":"2024-10-14T13:05:46","slug":"ausserschulische-lernorte-sueddeutschland","status":"publish","type":"post","link":"https:\/\/www.herole.de\/blog\/ausserschulische-lernorte-sueddeutschland\/","title":{"rendered":"Au\u00dferschulische Lernorte in S\u00fcddeutschland"},"content":{"rendered":"\t\t<div data-elementor-type=\"wp-post\" data-elementor-id=\"14135\" class=\"elementor elementor-14135\" data-elementor-post-type=\"post\">\n\t\t\t\t\t\t<section class=\"elementor-section elementor-top-section elementor-element elementor-element-36a29e8c elementor-section-boxed elementor-section-height-default elementor-section-height-default\" data-id=\"36a29e8c\" data-element_type=\"section\">\n\t\t\t\t\t\t<div class=\"elementor-container elementor-column-gap-default\">\n\t\t\t\t\t<div class=\"elementor-column elementor-col-100 elementor-top-column elementor-element elementor-element-21bead24\" data-id=\"21bead24\" data-element_type=\"column\">\n\t\t\t<div class=\"elementor-widget-wrap elementor-element-populated\">\n\t\t\t\t\t\t<div class=\"elementor-element elementor-element-199ed60e elementor-widget elementor-widget-text-editor\" data-id=\"199ed60e\" data-element_type=\"widget\" data-widget_type=\"text-editor.default\">\n\t\t\t\t<div class=\"elementor-widget-container\">\n\t\t\t\t\t\t\t\t\t<h2>Deutsches Museum M\u00fcnchen<\/h2>\t\t\t\t\t\t\t\t<\/div>\n\t\t\t\t<\/div>\n\t\t\t\t<section class=\"elementor-section elementor-inner-section elementor-element elementor-element-2bd3ad39 elementor-reverse-tablet elementor-reverse-mobile elementor-section-boxed elementor-section-height-default elementor-section-height-default\" data-id=\"2bd3ad39\" data-element_type=\"section\">\n\t\t\t\t\t\t<div class=\"elementor-container elementor-column-gap-no\">\n\t\t\t\t\t<div class=\"elementor-column elementor-col-50 elementor-inner-column elementor-element elementor-element-4aca2042\" data-id=\"4aca2042\" data-element_type=\"column\">\n\t\t\t<div class=\"elementor-widget-wrap elementor-element-populated\">\n\t\t\t\t\t\t<div class=\"elementor-element elementor-element-f20a8e6 elementor-widget elementor-widget-text-editor\" data-id=\"f20a8e6\" data-element_type=\"widget\" data-widget_type=\"text-editor.default\">\n\t\t\t\t<div class=\"elementor-widget-container\">\n\t\t\t\t\t\t\t\t\t<p>Das <strong>Deutsche Museum<\/strong> in M\u00fcnchen ist nach Ausstellungsfl\u00e4che das <strong>gr\u00f6\u00dfte Wissenschafts- und Technikmuseum der Welt<\/strong>. Die Ausstellungen sind in 50 Bereiche gegliedert und umfassen <strong>mehr als 28.000 Objekte<\/strong>. Dazu kommen mehrere Au\u00dfenstellen und Kooperationen.<\/p><p>F\u00fcr den Besuch des kompletten Museums m\u00fcsste schon <strong>mindestens ein ganzer Tag eingeplant werden<\/strong>. Es ist daher sinnvoller f\u00fcr Sch\u00fcler, sich auf einige zum Unterricht passende Themenbereiche zu konzentrieren.<\/p>\t\t\t\t\t\t\t\t<\/div>\n\t\t\t\t<\/div>\n\t\t\t\t\t<\/div>\n\t\t<\/div>\n\t\t\t\t<div class=\"elementor-column elementor-col-50 elementor-inner-column elementor-element elementor-element-b3c7390\" data-id=\"b3c7390\" data-element_type=\"column\">\n\t\t\t<div class=\"elementor-widget-wrap elementor-element-populated\">\n\t\t\t\t\t\t<div class=\"elementor-element elementor-element-59b61f79 elementor-widget elementor-widget-image\" data-id=\"59b61f79\" data-element_type=\"widget\" data-widget_type=\"image.default\">\n\t\t\t\t<div class=\"elementor-widget-container\">\n\t\t\t\t\t\t\t\t\t\t\t\t\t\t\t\t<a href=\"https:\/\/www.herole.de\/blog\/wp-content\/uploads\/deutsches-museum-muenchen.jpg\" data-elementor-open-lightbox=\"yes\" data-elementor-lightbox-title=\"Deutsches Museum M\u00fcnchen\" data-e-action-hash=\"#elementor-action%3Aaction%3Dlightbox%26settings%3DeyJpZCI6MTQxNjIsInVybCI6Imh0dHBzOlwvXC93d3cuaGVyb2xlLmRlXC9ibG9nXC93cC1jb250ZW50XC91cGxvYWRzXC9kZXV0c2NoZXMtbXVzZXVtLW11ZW5jaGVuLmpwZyJ9\">\n\t\t\t\t\t\t\t<img fetchpriority=\"high\" decoding=\"async\" width=\"1024\" height=\"565\" src=\"https:\/\/www.herole.de\/blog\/wp-content\/uploads\/deutsches-museum-muenchen-1024x565.jpg\" class=\"attachment-large size-large wp-image-14162\" alt=\"Ansicht des Deutschen Museums in M\u00fcnchen aus dem S\u00fcdwesten\" srcset=\"https:\/\/www.herole.de\/blog\/wp-content\/uploads\/deutsches-museum-muenchen-1024x565.jpg 1024w, https:\/\/www.herole.de\/blog\/wp-content\/uploads\/deutsches-museum-muenchen-300x166.jpg 300w, https:\/\/www.herole.de\/blog\/wp-content\/uploads\/deutsches-museum-muenchen-768x424.jpg 768w, https:\/\/www.herole.de\/blog\/wp-content\/uploads\/deutsches-museum-muenchen.jpg 1920w\" sizes=\"(max-width: 1024px) 100vw, 1024px\" \/>\t\t\t\t\t\t\t\t<\/a>\n\t\t\t\t\t\t\t\t\t\t\t\t\t\t\t<\/div>\n\t\t\t\t<\/div>\n\t\t\t\t\t<\/div>\n\t\t<\/div>\n\t\t\t\t\t<\/div>\n\t\t<\/section>\n\t\t\t\t<div class=\"elementor-element elementor-element-649d325d elementor-widget elementor-widget-text-editor\" data-id=\"649d325d\" data-element_type=\"widget\" data-widget_type=\"text-editor.default\">\n\t\t\t\t<div class=\"elementor-widget-container\">\n\t\t\t\t\t\t\t\t\t<h3>Worum geht es?<\/h3><p>Das Deutsche Museum wurde 1903 auf Betreiben<strong> von Oskar von Miller gegr\u00fcndet<\/strong>, dem ein neues Technikmuseum in der bayerischen Landeshauptstadt vorschwebte. Dieses wurde auf der sogenannten Kohleninsel, heute Museumsinsel, angelegt und wurde schon bald zum Besuchermagneten. Dabei wuchsen die Ausstellungen immer weiter und umfassen heute so <strong>verschiedene Themen<\/strong> wie eine <strong>Nachbildung der steinzeitlichen Felszeichnungen<\/strong> in der H\u00f6hle von Altamira, einem <strong>k\u00fcnstlichen Bergbaustollen<\/strong> im Keller und einem <strong>Planetarium<\/strong>. Einige der wichtigsten Themenbereiche:<\/p>\t\t\t\t\t\t\t\t<\/div>\n\t\t\t\t<\/div>\n\t\t\t\t<section class=\"elementor-section elementor-inner-section elementor-element elementor-element-c8e7855 elementor-section-boxed elementor-section-height-default elementor-section-height-default\" data-id=\"c8e7855\" data-element_type=\"section\">\n\t\t\t\t\t\t<div class=\"elementor-container elementor-column-gap-default\">\n\t\t\t\t\t<div class=\"elementor-column elementor-col-50 elementor-inner-column elementor-element elementor-element-1f8f837\" data-id=\"1f8f837\" data-element_type=\"column\">\n\t\t\t<div class=\"elementor-widget-wrap elementor-element-populated\">\n\t\t\t\t\t\t<div class=\"elementor-element elementor-element-d499574 elementor-icon-list--layout-traditional elementor-list-item-link-full_width elementor-widget elementor-widget-icon-list\" data-id=\"d499574\" data-element_type=\"widget\" data-widget_type=\"icon-list.default\">\n\t\t\t\t<div class=\"elementor-widget-container\">\n\t\t\t\t\t\t\t<ul class=\"elementor-icon-list-items\">\n\t\t\t\t\t\t\t<li class=\"elementor-icon-list-item\">\n\t\t\t\t\t\t\t\t\t\t\t<span class=\"elementor-icon-list-icon\">\n\t\t\t\t\t\t\t<i aria-hidden=\"true\" class=\"icon icon-ok\"><\/i>\t\t\t\t\t\t<\/span>\n\t\t\t\t\t\t\t\t\t\t<span class=\"elementor-icon-list-text\">Astronomie<\/span>\n\t\t\t\t\t\t\t\t\t<\/li>\n\t\t\t\t\t\t\t\t<li class=\"elementor-icon-list-item\">\n\t\t\t\t\t\t\t\t\t\t\t<span class=\"elementor-icon-list-icon\">\n\t\t\t\t\t\t\t<i aria-hidden=\"true\" class=\"icon icon-ok\"><\/i>\t\t\t\t\t\t<\/span>\n\t\t\t\t\t\t\t\t\t\t<span class=\"elementor-icon-list-text\">Chemie<\/span>\n\t\t\t\t\t\t\t\t\t<\/li>\n\t\t\t\t\t\t\t\t<li class=\"elementor-icon-list-item\">\n\t\t\t\t\t\t\t\t\t\t\t<span class=\"elementor-icon-list-icon\">\n\t\t\t\t\t\t\t<i aria-hidden=\"true\" class=\"icon icon-ok\"><\/i>\t\t\t\t\t\t<\/span>\n\t\t\t\t\t\t\t\t\t\t<span class=\"elementor-icon-list-text\">Energietechnik<\/span>\n\t\t\t\t\t\t\t\t\t<\/li>\n\t\t\t\t\t\t\t\t<li class=\"elementor-icon-list-item\">\n\t\t\t\t\t\t\t\t\t\t\t<span class=\"elementor-icon-list-icon\">\n\t\t\t\t\t\t\t<i aria-hidden=\"true\" class=\"icon icon-ok\"><\/i>\t\t\t\t\t\t<\/span>\n\t\t\t\t\t\t\t\t\t\t<span class=\"elementor-icon-list-text\">Foto &amp; Film<\/span>\n\t\t\t\t\t\t\t\t\t<\/li>\n\t\t\t\t\t\t\t\t<li class=\"elementor-icon-list-item\">\n\t\t\t\t\t\t\t\t\t\t\t<span class=\"elementor-icon-list-icon\">\n\t\t\t\t\t\t\t<i aria-hidden=\"true\" class=\"icon icon-ok\"><\/i>\t\t\t\t\t\t<\/span>\n\t\t\t\t\t\t\t\t\t\t<span class=\"elementor-icon-list-text\">Informatik<\/span>\n\t\t\t\t\t\t\t\t\t<\/li>\n\t\t\t\t\t\t\t\t<li class=\"elementor-icon-list-item\">\n\t\t\t\t\t\t\t\t\t\t\t<span class=\"elementor-icon-list-icon\">\n\t\t\t\t\t\t\t<i aria-hidden=\"true\" class=\"icon icon-ok\"><\/i>\t\t\t\t\t\t<\/span>\n\t\t\t\t\t\t\t\t\t\t<span class=\"elementor-icon-list-text\">Dampfmaschinen und Motoren<\/span>\n\t\t\t\t\t\t\t\t\t<\/li>\n\t\t\t\t\t\t\t\t<li class=\"elementor-icon-list-item\">\n\t\t\t\t\t\t\t\t\t\t\t<span class=\"elementor-icon-list-icon\">\n\t\t\t\t\t\t\t<i aria-hidden=\"true\" class=\"icon icon-ok\"><\/i>\t\t\t\t\t\t<\/span>\n\t\t\t\t\t\t\t\t\t\t<span class=\"elementor-icon-list-text\">Luft- &amp; Raumfahrt<\/span>\n\t\t\t\t\t\t\t\t\t<\/li>\n\t\t\t\t\t\t<\/ul>\n\t\t\t\t\t\t<\/div>\n\t\t\t\t<\/div>\n\t\t\t\t\t<\/div>\n\t\t<\/div>\n\t\t\t\t<div class=\"elementor-column elementor-col-50 elementor-inner-column elementor-element elementor-element-d708aa0\" data-id=\"d708aa0\" data-element_type=\"column\">\n\t\t\t<div class=\"elementor-widget-wrap elementor-element-populated\">\n\t\t\t\t\t\t<div class=\"elementor-element elementor-element-3e219df elementor-icon-list--layout-traditional elementor-list-item-link-full_width elementor-widget elementor-widget-icon-list\" data-id=\"3e219df\" data-element_type=\"widget\" data-widget_type=\"icon-list.default\">\n\t\t\t\t<div class=\"elementor-widget-container\">\n\t\t\t\t\t\t\t<ul class=\"elementor-icon-list-items\">\n\t\t\t\t\t\t\t<li class=\"elementor-icon-list-item\">\n\t\t\t\t\t\t\t\t\t\t\t<span class=\"elementor-icon-list-icon\">\n\t\t\t\t\t\t\t<i aria-hidden=\"true\" class=\"icon icon-ok\"><\/i>\t\t\t\t\t\t<\/span>\n\t\t\t\t\t\t\t\t\t\t<span class=\"elementor-icon-list-text\">Mikroelektronik<\/span>\n\t\t\t\t\t\t\t\t\t<\/li>\n\t\t\t\t\t\t\t\t<li class=\"elementor-icon-list-item\">\n\t\t\t\t\t\t\t\t\t\t\t<span class=\"elementor-icon-list-icon\">\n\t\t\t\t\t\t\t<i aria-hidden=\"true\" class=\"icon icon-ok\"><\/i>\t\t\t\t\t\t<\/span>\n\t\t\t\t\t\t\t\t\t\t<span class=\"elementor-icon-list-text\">Mathematik<\/span>\n\t\t\t\t\t\t\t\t\t<\/li>\n\t\t\t\t\t\t\t\t<li class=\"elementor-icon-list-item\">\n\t\t\t\t\t\t\t\t\t\t\t<span class=\"elementor-icon-list-icon\">\n\t\t\t\t\t\t\t<i aria-hidden=\"true\" class=\"icon icon-ok\"><\/i>\t\t\t\t\t\t<\/span>\n\t\t\t\t\t\t\t\t\t\t<span class=\"elementor-icon-list-text\">Musikinstrumente<\/span>\n\t\t\t\t\t\t\t\t\t<\/li>\n\t\t\t\t\t\t\t\t<li class=\"elementor-icon-list-item\">\n\t\t\t\t\t\t\t\t\t\t\t<span class=\"elementor-icon-list-icon\">\n\t\t\t\t\t\t\t<i aria-hidden=\"true\" class=\"icon icon-ok\"><\/i>\t\t\t\t\t\t<\/span>\n\t\t\t\t\t\t\t\t\t\t<span class=\"elementor-icon-list-text\">Pharmazie<\/span>\n\t\t\t\t\t\t\t\t\t<\/li>\n\t\t\t\t\t\t\t\t<li class=\"elementor-icon-list-item\">\n\t\t\t\t\t\t\t\t\t\t\t<span class=\"elementor-icon-list-icon\">\n\t\t\t\t\t\t\t<i aria-hidden=\"true\" class=\"icon icon-ok\"><\/i>\t\t\t\t\t\t<\/span>\n\t\t\t\t\t\t\t\t\t\t<span class=\"elementor-icon-list-text\">Physik<\/span>\n\t\t\t\t\t\t\t\t\t<\/li>\n\t\t\t\t\t\t\t\t<li class=\"elementor-icon-list-item\">\n\t\t\t\t\t\t\t\t\t\t\t<span class=\"elementor-icon-list-icon\">\n\t\t\t\t\t\t\t<i aria-hidden=\"true\" class=\"icon icon-ok\"><\/i>\t\t\t\t\t\t<\/span>\n\t\t\t\t\t\t\t\t\t\t<span class=\"elementor-icon-list-text\">Telekommunikation<\/span>\n\t\t\t\t\t\t\t\t\t<\/li>\n\t\t\t\t\t\t\t\t<li class=\"elementor-icon-list-item\">\n\t\t\t\t\t\t\t\t\t\t\t<span class=\"elementor-icon-list-icon\">\n\t\t\t\t\t\t\t<i aria-hidden=\"true\" class=\"icon icon-ok\"><\/i>\t\t\t\t\t\t<\/span>\n\t\t\t\t\t\t\t\t\t\t<span class=\"elementor-icon-list-text\">Umwelt<\/span>\n\t\t\t\t\t\t\t\t\t<\/li>\n\t\t\t\t\t\t<\/ul>\n\t\t\t\t\t\t<\/div>\n\t\t\t\t<\/div>\n\t\t\t\t\t<\/div>\n\t\t<\/div>\n\t\t\t\t\t<\/div>\n\t\t<\/section>\n\t\t\t\t<div class=\"elementor-element elementor-element-5ffecca elementor-widget elementor-widget-text-editor\" data-id=\"5ffecca\" data-element_type=\"widget\" data-widget_type=\"text-editor.default\">\n\t\t\t\t<div class=\"elementor-widget-container\">\n\t\t\t\t\t\t\t\t\t<p>In regelm\u00e4\u00dfigen Abst\u00e4nden finden im Museum <strong>Vorf\u00fchrungen<\/strong> statt, darunter die <strong>Demonstration eines Faradayschen K\u00e4figs in der Hochspannungsanlage<\/strong>. Sch\u00fcler k\u00f6nnen einen Blick in ein echtes U-Boot (Die U1 der kaiserlichen Marine) werfen und die Rechenmaschinen Z3 und Z4 des Computerpioniers Konrad Zuse bewundern.<\/p>\t\t\t\t\t\t\t\t<\/div>\n\t\t\t\t<\/div>\n\t\t\t\t<div class=\"elementor-element elementor-element-d6f0833 elementor-widget elementor-widget-text-editor\" data-id=\"d6f0833\" data-element_type=\"widget\" data-widget_type=\"text-editor.default\">\n\t\t\t\t<div class=\"elementor-widget-container\">\n\t\t\t\t\t\t\t\t\t<h3>Was bietet das Deutsche Museum als au\u00dferschulischer Lernort?<\/h3>\t\t\t\t\t\t\t\t<\/div>\n\t\t\t\t<\/div>\n\t\t\t\t<section class=\"elementor-section elementor-inner-section elementor-element elementor-element-7d853964 elementor-section-boxed elementor-section-height-default elementor-section-height-default\" data-id=\"7d853964\" data-element_type=\"section\">\n\t\t\t\t\t\t<div class=\"elementor-container elementor-column-gap-no\">\n\t\t\t\t\t<div class=\"elementor-column elementor-col-50 elementor-inner-column elementor-element elementor-element-608a1a9\" data-id=\"608a1a9\" data-element_type=\"column\">\n\t\t\t<div class=\"elementor-widget-wrap elementor-element-populated\">\n\t\t\t\t\t\t<div class=\"elementor-element elementor-element-3766fdd9 elementor-widget elementor-widget-image\" data-id=\"3766fdd9\" data-element_type=\"widget\" data-widget_type=\"image.default\">\n\t\t\t\t<div class=\"elementor-widget-container\">\n\t\t\t\t\t\t\t\t\t\t\t\t\t\t\t\t<a href=\"https:\/\/www.herole.de\/blog\/wp-content\/uploads\/schueler-experimentieren-deutsches-museum.jpg\" data-elementor-open-lightbox=\"yes\" data-elementor-lightbox-title=\"Sch\u00fcler experimentieren im Deutschen Museum in M\u00fcnchen\" data-e-action-hash=\"#elementor-action%3Aaction%3Dlightbox%26settings%3DeyJpZCI6MTQxODMsInVybCI6Imh0dHBzOlwvXC93d3cuaGVyb2xlLmRlXC9ibG9nXC93cC1jb250ZW50XC91cGxvYWRzXC9zY2h1ZWxlci1leHBlcmltZW50aWVyZW4tZGV1dHNjaGVzLW11c2V1bS5qcGcifQ%3D%3D\">\n\t\t\t\t\t\t\t<img decoding=\"async\" width=\"640\" height=\"480\" src=\"https:\/\/www.herole.de\/blog\/wp-content\/uploads\/schueler-experimentieren-deutsches-museum.jpg\" class=\"attachment-large size-large wp-image-14183\" alt=\"Zwei Sch\u00fcler probieren sich an einem Bildschirm im Deutschen Museum in M\u00fcnchen aus\" srcset=\"https:\/\/www.herole.de\/blog\/wp-content\/uploads\/schueler-experimentieren-deutsches-museum.jpg 640w, https:\/\/www.herole.de\/blog\/wp-content\/uploads\/schueler-experimentieren-deutsches-museum-300x225.jpg 300w\" sizes=\"(max-width: 640px) 100vw, 640px\" \/>\t\t\t\t\t\t\t\t<\/a>\n\t\t\t\t\t\t\t\t\t\t\t\t\t\t\t<\/div>\n\t\t\t\t<\/div>\n\t\t\t\t\t<\/div>\n\t\t<\/div>\n\t\t\t\t<div class=\"elementor-column elementor-col-50 elementor-inner-column elementor-element elementor-element-4c22f3ae\" data-id=\"4c22f3ae\" data-element_type=\"column\">\n\t\t\t<div class=\"elementor-widget-wrap elementor-element-populated\">\n\t\t\t\t\t\t<div class=\"elementor-element elementor-element-196a95c4 elementor-widget elementor-widget-text-editor\" data-id=\"196a95c4\" data-element_type=\"widget\" data-widget_type=\"text-editor.default\">\n\t\t\t\t<div class=\"elementor-widget-container\">\n\t\t\t\t\t\t\t\t\t<p>Aufgrund der vielen Ausstellungsbereiche ist auch das Angebot f\u00fcr Schulklassen entsprechend umfangreich. Eine Besonderheit ist die <strong>Experimentier-Werkstatt<\/strong>, in der Sch\u00fcler an altersgerechten Workshops teilnehmen k\u00f6nnen, zum Beispiel <strong>&#8222;Malen mit Licht&#8220;<\/strong> oder das <strong>&#8222;Sensor Lab&#8220;<\/strong>.<\/p><p>Im DNA-Labor bet\u00e4tigen sich Sch\u00fcler selbst aktiv als Forscher in der Molekularbiologie. Dazu gibt es zahlreiche <strong>F\u00fchrungen<\/strong> mit und ohne <strong>Praxisteil zu Themen wie Mechanik, Elektrizit\u00e4t, Astronomie, Umweltschutz oder Atomphysik<\/strong>. F\u00fchrungen k\u00f6nnen sich auf bestimmte Bereiche und Abteilungen des Museums konzentrieren.<\/p>\t\t\t\t\t\t\t\t<\/div>\n\t\t\t\t<\/div>\n\t\t\t\t<div class=\"elementor-element elementor-element-0e74e74 elementor-widget elementor-widget-button\" data-id=\"0e74e74\" data-element_type=\"widget\" data-widget_type=\"button.default\">\n\t\t\t\t<div class=\"elementor-widget-container\">\n\t\t\t\t\t\t\t\t\t<div class=\"elementor-button-wrapper\">\n\t\t\t\t\t<a class=\"elementor-button elementor-button-link elementor-size-sm\" href=\"#linksammlung\">\n\t\t\t\t\t\t<span class=\"elementor-button-content-wrapper\">\n\t\t\t\t\t\t\t\t\t<span class=\"elementor-button-text\">Alle schulischen Angebote<\/span>\n\t\t\t\t\t<\/span>\n\t\t\t\t\t<\/a>\n\t\t\t\t<\/div>\n\t\t\t\t\t\t\t\t<\/div>\n\t\t\t\t<\/div>\n\t\t\t\t\t<\/div>\n\t\t<\/div>\n\t\t\t\t\t<\/div>\n\t\t<\/section>\n\t\t\t\t<div class=\"elementor-element elementor-element-6e230fa elementor-widget elementor-widget-text-editor\" data-id=\"6e230fa\" data-element_type=\"widget\" data-widget_type=\"text-editor.default\">\n\t\t\t\t<div class=\"elementor-widget-container\">\n\t\t\t\t\t\t\t\t\t<h3>Weitere Informationen zum Besuch des Deutschen Museums<\/h3>\t\t\t\t\t\t\t\t<\/div>\n\t\t\t\t<\/div>\n\t\t\t\t<div class=\"elementor-element elementor-element-1402a0d9 elementor-widget elementor-widget-toggle\" data-id=\"1402a0d9\" data-element_type=\"widget\" data-widget_type=\"toggle.default\">\n\t\t\t\t<div class=\"elementor-widget-container\">\n\t\t\t\t\t\t\t<div class=\"elementor-toggle\">\n\t\t\t\t\t\t\t<div class=\"elementor-toggle-item\">\n\t\t\t\t\t<h3 id=\"elementor-tab-title-3351\" class=\"elementor-tab-title\" data-tab=\"1\" role=\"button\" aria-controls=\"elementor-tab-content-3351\" aria-expanded=\"false\">\n\t\t\t\t\t\t\t\t\t\t\t\t<span class=\"elementor-toggle-icon elementor-toggle-icon-right\" aria-hidden=\"true\">\n\t\t\t\t\t\t\t\t\t\t\t\t\t\t\t<span class=\"elementor-toggle-icon-closed\"><i class=\"icon icon-down-open\"><\/i><\/span>\n\t\t\t\t\t\t\t\t<span class=\"elementor-toggle-icon-opened\"><i class=\"elementor-toggle-icon-opened icon icon-up-open\"><\/i><\/span>\n\t\t\t\t\t\t\t\t\t\t\t\t\t<\/span>\n\t\t\t\t\t\t\t\t\t\t\t\t<a class=\"elementor-toggle-title\" tabindex=\"0\">Eintrittspreise<\/a>\n\t\t\t\t\t<\/h3>\n\n\t\t\t\t\t<div id=\"elementor-tab-content-3351\" class=\"elementor-tab-content elementor-clearfix\" data-tab=\"1\" role=\"region\" aria-labelledby=\"elementor-tab-title-3351\"><p>Sch\u00fcler mit g\u00fcltigem Ausweis zahlen 5,50\u20ac pro Person. F\u00fcr erwachsene Begleitpersonen ist der Eintritt kostenlos. F\u00fcr F\u00fchrungen, Workshops und das DNA-Labor werden Aufpreise berechnet.<\/p><\/div>\n\t\t\t\t<\/div>\n\t\t\t\t\t\t\t<div class=\"elementor-toggle-item\">\n\t\t\t\t\t<h3 id=\"elementor-tab-title-3352\" class=\"elementor-tab-title\" data-tab=\"2\" role=\"button\" aria-controls=\"elementor-tab-content-3352\" aria-expanded=\"false\">\n\t\t\t\t\t\t\t\t\t\t\t\t<span class=\"elementor-toggle-icon elementor-toggle-icon-right\" aria-hidden=\"true\">\n\t\t\t\t\t\t\t\t\t\t\t\t\t\t\t<span class=\"elementor-toggle-icon-closed\"><i class=\"icon icon-down-open\"><\/i><\/span>\n\t\t\t\t\t\t\t\t<span class=\"elementor-toggle-icon-opened\"><i class=\"elementor-toggle-icon-opened icon icon-up-open\"><\/i><\/span>\n\t\t\t\t\t\t\t\t\t\t\t\t\t<\/span>\n\t\t\t\t\t\t\t\t\t\t\t\t<a class=\"elementor-toggle-title\" tabindex=\"0\">Verpflegung<\/a>\n\t\t\t\t\t<\/h3>\n\n\t\t\t\t\t<div id=\"elementor-tab-content-3352\" class=\"elementor-tab-content elementor-clearfix\" data-tab=\"2\" role=\"region\" aria-labelledby=\"elementor-tab-title-3352\"><p>Im Deutschen Museum gibt es ein Selbstbedienungsrestaurant und mehrere Caf\u00e9s. F\u00fcr Schulgruppen steht au\u00dferdem ein Selbstversorger-Raum zur Verf\u00fcgung, in dem mitgebrachte Speisen und Getr\u00e4nke verzehrt werden k\u00f6nnen. In der Eingangshalle der Bibliothek gibt es Getr\u00e4nke- und Snackautomaten.<\/p><\/div>\n\t\t\t\t<\/div>\n\t\t\t\t\t\t\t<div class=\"elementor-toggle-item\">\n\t\t\t\t\t<h3 id=\"elementor-tab-title-3353\" class=\"elementor-tab-title\" data-tab=\"3\" role=\"button\" aria-controls=\"elementor-tab-content-3353\" aria-expanded=\"false\">\n\t\t\t\t\t\t\t\t\t\t\t\t<span class=\"elementor-toggle-icon elementor-toggle-icon-right\" aria-hidden=\"true\">\n\t\t\t\t\t\t\t\t\t\t\t\t\t\t\t<span class=\"elementor-toggle-icon-closed\"><i class=\"icon icon-down-open\"><\/i><\/span>\n\t\t\t\t\t\t\t\t<span class=\"elementor-toggle-icon-opened\"><i class=\"elementor-toggle-icon-opened icon icon-up-open\"><\/i><\/span>\n\t\t\t\t\t\t\t\t\t\t\t\t\t<\/span>\n\t\t\t\t\t\t\t\t\t\t\t\t<a class=\"elementor-toggle-title\" tabindex=\"0\">Barrierefreiheit<\/a>\n\t\t\t\t\t<\/h3>\n\n\t\t\t\t\t<div id=\"elementor-tab-content-3353\" class=\"elementor-tab-content elementor-clearfix\" data-tab=\"3\" role=\"region\" aria-labelledby=\"elementor-tab-title-3353\"><p>Das Deutsche Museum ist weitestgehend barrierefrei. Das Bergwerk im Keller kann nur \u00fcber 120 Stufen erreicht werden. Auch einige andere Galerien sind derzeit noch nicht barrierefrei zug\u00e4nglich, doch das Museum ist um einen Ausbau und Modernisierungen bem\u00fcht.<\/p><\/div>\n\t\t\t\t<\/div>\n\t\t\t\t\t\t\t<div class=\"elementor-toggle-item\">\n\t\t\t\t\t<h3 id=\"elementor-tab-title-3354\" class=\"elementor-tab-title\" data-tab=\"4\" role=\"button\" aria-controls=\"elementor-tab-content-3354\" aria-expanded=\"false\">\n\t\t\t\t\t\t\t\t\t\t\t\t<span class=\"elementor-toggle-icon elementor-toggle-icon-right\" aria-hidden=\"true\">\n\t\t\t\t\t\t\t\t\t\t\t\t\t\t\t<span class=\"elementor-toggle-icon-closed\"><i class=\"icon icon-down-open\"><\/i><\/span>\n\t\t\t\t\t\t\t\t<span class=\"elementor-toggle-icon-opened\"><i class=\"elementor-toggle-icon-opened icon icon-up-open\"><\/i><\/span>\n\t\t\t\t\t\t\t\t\t\t\t\t\t<\/span>\n\t\t\t\t\t\t\t\t\t\t\t\t<a class=\"elementor-toggle-title\" tabindex=\"0\">Anfahrt<\/a>\n\t\t\t\t\t<\/h3>\n\n\t\t\t\t\t<div id=\"elementor-tab-content-3354\" class=\"elementor-tab-content elementor-clearfix\" data-tab=\"4\" role=\"region\" aria-labelledby=\"elementor-tab-title-3354\"><p>Auf der Museumsinsel sind keine Parkpl\u00e4tze vorhanden. Reisebusse k\u00f6nnen den Busparkplatz an der Erhardtstra\u00dfe nutzen. Von dort sind es nur wenige Gehminuten \u00fcber die Boschbr\u00fccke zum Museum. Die Stra\u00dfenbahnlinie 17 f\u00e4hrt die Haltestelle Deutsches Museum an. Eine Alternative f\u00fcr die Anreise mit \u00f6ffentlichen Verkehrsmitteln ist der nahe Bahnhof Isartor (Regionalbahnen und S-Bahnen)<\/p><\/div>\n\t\t\t\t<\/div>\n\t\t\t\t\t\t\t\t<\/div>\n\t\t\t\t\t\t<\/div>\n\t\t\t\t<\/div>\n\t\t\t\t<div class=\"elementor-element elementor-element-e3a1504 elementor-widget elementor-widget-text-editor\" data-id=\"e3a1504\" data-element_type=\"widget\" data-widget_type=\"text-editor.default\">\n\t\t\t\t<div class=\"elementor-widget-container\">\n\t\t\t\t\t\t\t\t\t<h3>Warum sich das Deutsche Museum als au\u00dferschulischer Lernort lohnt<\/h3>\n\t\t\t\t\t\t\t\t<\/div>\n\t\t\t\t<\/div>\n\t\t\t\t<section class=\"elementor-section elementor-inner-section elementor-element elementor-element-6cba5ed elementor-section-boxed elementor-section-height-default elementor-section-height-default\" data-id=\"6cba5ed\" data-element_type=\"section\">\n\t\t\t\t\t\t<div class=\"elementor-container elementor-column-gap-default\">\n\t\t\t\t\t<div class=\"elementor-column elementor-col-50 elementor-inner-column elementor-element elementor-element-3b147eb\" data-id=\"3b147eb\" data-element_type=\"column\">\n\t\t\t<div class=\"elementor-widget-wrap elementor-element-populated\">\n\t\t\t\t\t\t<div class=\"elementor-element elementor-element-097f278 elementor-widget elementor-widget-text-editor\" data-id=\"097f278\" data-element_type=\"widget\" data-widget_type=\"text-editor.default\">\n\t\t\t\t<div class=\"elementor-widget-container\">\n\t\t\t\t\t\t\t\t\t<p>Das Deutsche Museum mit seinen umfangreichen Sammlungen ist eines der <strong>gr\u00f6\u00dften und bekanntesten Museen Deutschlands<\/strong>. F\u00fcr Sch\u00fcler ist es ein faszinierender Einstieg in die Welt der Naturwissenschaften und der Technik mit vielen tagesaktuellen Bez\u00fcgen. Aufgrund der schieren Gr\u00f6\u00dfe des Museums l\u00e4sst sich leicht ein ganzer Ausflugstag hier verbringen.<\/p><p>Sch\u00fcler mit l\u00e4ngerer Anreise sollten eine mehrt\u00e4gige Klassenfahrt nach M\u00fcnchen in Erw\u00e4gung ziehen. Dabei l\u00e4sst sich ein Besuch im Deutschen Museum mit weiteren Highlights der Landeshauptstadt und <strong>Ausfl\u00fcgen<\/strong> in die n\u00e4here Umgebung, zum Beispiel <strong>nach Neuschwanstein, Garmisch-Partenkirchen, zum Bavaria Filmpark oder zum Spa\u00dfbad Galaxy in Erding<\/strong> verbinden.<\/p>\t\t\t\t\t\t\t\t<\/div>\n\t\t\t\t<\/div>\n\t\t\t\t\t<\/div>\n\t\t<\/div>\n\t\t\t\t<div class=\"elementor-column elementor-col-50 elementor-inner-column elementor-element elementor-element-f3c6f34\" data-id=\"f3c6f34\" data-element_type=\"column\">\n\t\t\t<div class=\"elementor-widget-wrap elementor-element-populated\">\n\t\t\t\t\t\t<div class=\"elementor-element elementor-element-1909c988 elementor-cta--valign-top elementor-cta--skin-classic elementor-animated-content elementor-widget elementor-widget-call-to-action\" data-id=\"1909c988\" data-element_type=\"widget\" data-widget_type=\"call-to-action.default\">\n\t\t\t\t<div class=\"elementor-widget-container\">\n\t\t\t\t\t\t\t<div class=\"elementor-cta\">\n\t\t\t\t\t\t\t<div class=\"elementor-cta__content\">\n\t\t\t\t\n\t\t\t\t\t\t\t\t\t<h2 class=\"elementor-cta__title elementor-cta__content-item elementor-content-item\">\n\t\t\t\t\t\tWeitere Attraktionen\t\t\t\t\t<\/h2>\n\t\t\t\t\n\t\t\t\t\t\t\t\t\t<div class=\"elementor-cta__description elementor-cta__content-item elementor-content-item\">\n\t\t\t\t\t\t<ul>\n \t<li>Ein Bummel entlang der Isar zu den Maximiliansanlagen oder zum Englischen Garten mit Picknick und\/oder Biergartenbesuch<\/li>\n \t<li>F\u00fcr \u00e4ltere Sch\u00fcler Freizeit mit einem Shopping Bummel entlang der Kaufinger Stra\u00dfe<\/li>\n \t<li>Besuch eines Escape Rooms<\/li>\n \t<li>Schwarzlicht Minigolf mit der ganzen Klasse<\/li>\n \t<li>Trampolinpark M\u00fcnchen<\/li>\n<\/ul>\t\t\t\t\t<\/div>\n\t\t\t\t\n\t\t\t\t\t\t\t<\/div>\n\t\t\t\t\t\t<\/div>\n\t\t\t\t\t\t<\/div>\n\t\t\t\t<\/div>\n\t\t\t\t\t<\/div>\n\t\t<\/div>\n\t\t\t\t\t<\/div>\n\t\t<\/section>\n\t\t\t\t<div class=\"elementor-element elementor-element-428f693f elementor-cta--valign-top lines lines-2 elementor-cta--skin-classic elementor-animated-content elementor-bg-transform elementor-bg-transform-zoom-in elementor-widget elementor-widget-call-to-action\" data-id=\"428f693f\" data-element_type=\"widget\" data-widget_type=\"call-to-action.default\">\n\t\t\t\t<div class=\"elementor-widget-container\">\n\t\t\t\t\t\t\t<div class=\"elementor-cta\">\n\t\t\t\t\t\t\t<div class=\"elementor-cta__content\">\n\t\t\t\t\n\t\t\t\t\t\t\t\t\t<h2 class=\"elementor-cta__title elementor-cta__content-item elementor-content-item\">\n\t\t\t\t\t\tUnsere Angebote\t\t\t\t\t<\/h2>\n\t\t\t\t\n\t\t\t\t\t\t\t\t\t<div class=\"elementor-cta__description elementor-cta__content-item elementor-content-item\">\n\t\t\t\t\t\tStellen Sie sich jetzt Ihre individuelle Klassenfahrt nach M\u00fcnchen zusammen!\t\t\t\t\t<\/div>\n\t\t\t\t\n\t\t\t\t\t\t\t\t\t<div class=\"elementor-cta__button-wrapper elementor-cta__content-item elementor-content-item \">\n\t\t\t\t\t<a class=\"elementor-cta__button elementor-button elementor-size-\" href=\"https:\/\/www.herole.de\/klassenfahrten-muenchen\" target=\"_blank\">\n\t\t\t\t\t\tMehr dazu\t\t\t\t\t<\/a>\n\t\t\t\t\t<\/div>\n\t\t\t\t\t\t\t<\/div>\n\t\t\t\t\t\t<\/div>\n\t\t\t\t\t\t<\/div>\n\t\t\t\t<\/div>\n\t\t\t\t<div class=\"elementor-element elementor-element-a1fcf82 elementor-widget elementor-widget-text-editor\" data-id=\"a1fcf82\" data-element_type=\"widget\" data-widget_type=\"text-editor.default\">\n\t\t\t\t<div class=\"elementor-widget-container\">\n\t\t\t\t\t\t\t\t\t<h2>Dokumentationszentrum Reichsparteitagsgel\u00e4nde N\u00fcrnberg<\/h2><p>Die Geschichte der fr\u00e4nkischen Metropole N\u00fcrnberg ist nicht nur mit bekannten historischen Pers\u00f6nlichkeiten wie Albrecht D\u00fcrer verbunden, sondern leider auch mit der Zeit des Nationalsozialismus. Heute pr\u00e4sentiert sich N\u00fcrnberg bewusst als <strong>Stadt des Friedens und der Menschenrechte<\/strong>. Das <strong>Dokumentationszentrum Reichsparteitagsgel\u00e4nde N\u00fcrnberg<\/strong> ist eine der wichtigsten Erinnerungsst\u00e4tten und ein wichtiger au\u00dferschulischer Lernort.<\/p>\t\t\t\t\t\t\t\t<\/div>\n\t\t\t\t<\/div>\n\t\t\t\t<div class=\"elementor-element elementor-element-f17bfa6 elementor-widget elementor-widget-text-editor\" data-id=\"f17bfa6\" data-element_type=\"widget\" data-widget_type=\"text-editor.default\">\n\t\t\t\t<div class=\"elementor-widget-container\">\n\t\t\t\t\t\t\t\t\t<h3>Worum geht es?<\/h3>\t\t\t\t\t\t\t\t<\/div>\n\t\t\t\t<\/div>\n\t\t\t\t<section class=\"elementor-section elementor-inner-section elementor-element elementor-element-2df908c elementor-reverse-tablet elementor-reverse-mobile elementor-section-boxed elementor-section-height-default elementor-section-height-default\" data-id=\"2df908c\" data-element_type=\"section\">\n\t\t\t\t\t\t<div class=\"elementor-container elementor-column-gap-no\">\n\t\t\t\t\t<div class=\"elementor-column elementor-col-50 elementor-inner-column elementor-element elementor-element-617e6c7\" data-id=\"617e6c7\" data-element_type=\"column\">\n\t\t\t<div class=\"elementor-widget-wrap elementor-element-populated\">\n\t\t\t\t\t\t<div class=\"elementor-element elementor-element-068e669 elementor-widget elementor-widget-text-editor\" data-id=\"068e669\" data-element_type=\"widget\" data-widget_type=\"text-editor.default\">\n\t\t\t\t<div class=\"elementor-widget-container\">\n\t\t\t\t\t\t\t\t\t<p>Das Dokumentationszentrum wurde im Nordfl\u00fcgel der von den Nazis geplanten unvollendeten Kongresshalle auf dem Reichsparteitagsgel\u00e4nde eingerichtet. Die Dauerausstellung dokumentiert die <strong>Geschichte der Reichsparteitage in N\u00fcrnberg<\/strong>, die N\u00fcrnberger Rassengesetze, die 1935 erlassen und verabschiedet wurden und auch die N\u00fcrnberger Prozesse gegen die Verbrecher der NS-Zeit nach dem Krieg.<\/p><p>Es ist sinnvoll den Besuch des Dokumentationszentrums mit einem Abstecher zum Schwurgerichtsgeb\u00e4ude zu verbinden, in dessen Saal 600 die Prozesse stattfanden. Im Dachgeschoss ist die Dauerausstellung <strong>&#8222;Memorium N\u00fcrnberger Prozesse&#8220;<\/strong> untergebracht. Auch F\u00fchrungen \u00fcber das gesamte Reichsparteitagsgel\u00e4nde mit dem Zeppelinfeld, auf dem Hitler seine Massenspektakel veranstaltete, den Resten des M\u00e4rzfeldes und des geplanten Stadions f\u00fcr 400.000 Besucher k\u00f6nnen in den Ausflug integriert werden.<\/p>\t\t\t\t\t\t\t\t<\/div>\n\t\t\t\t<\/div>\n\t\t\t\t\t<\/div>\n\t\t<\/div>\n\t\t\t\t<div class=\"elementor-column elementor-col-50 elementor-inner-column elementor-element elementor-element-b3f51fa\" data-id=\"b3f51fa\" data-element_type=\"column\">\n\t\t\t<div class=\"elementor-widget-wrap elementor-element-populated\">\n\t\t\t\t\t\t<div class=\"elementor-element elementor-element-1902ddba elementor-widget elementor-widget-image\" data-id=\"1902ddba\" data-element_type=\"widget\" data-widget_type=\"image.default\">\n\t\t\t\t<div class=\"elementor-widget-container\">\n\t\t\t\t\t\t\t\t\t\t\t\t\t\t\t\t<a href=\"https:\/\/www.herole.de\/blog\/wp-content\/uploads\/dokumentationszentrum-reichsparteigelaende-nuernberg.jpg\" data-elementor-open-lightbox=\"yes\" data-elementor-lightbox-title=\"Ausstellung im Dokumentationszentrum Reichsparteitagsgel\u00e4nde N\u00fcrnberg\" data-e-action-hash=\"#elementor-action%3Aaction%3Dlightbox%26settings%3DeyJpZCI6MTQyMTcsInVybCI6Imh0dHBzOlwvXC93d3cuaGVyb2xlLmRlXC9ibG9nXC93cC1jb250ZW50XC91cGxvYWRzXC9kb2t1bWVudGF0aW9uc3plbnRydW0tcmVpY2hzcGFydGVpZ2VsYWVuZGUtbnVlcm5iZXJnLmpwZyJ9\">\n\t\t\t\t\t\t\t<img decoding=\"async\" width=\"1024\" height=\"683\" src=\"https:\/\/www.herole.de\/blog\/wp-content\/uploads\/dokumentationszentrum-reichsparteigelaende-nuernberg-1024x683.jpg\" class=\"attachment-large size-large wp-image-14217\" alt=\"Die Austellungen im Dokumentationszentrum Reichsparteitagsgel\u00e4nde in N\u00fcrnberg vermitteln anhand von Biografien individuelle Schicksale.\" srcset=\"https:\/\/www.herole.de\/blog\/wp-content\/uploads\/dokumentationszentrum-reichsparteigelaende-nuernberg-1024x683.jpg 1024w, https:\/\/www.herole.de\/blog\/wp-content\/uploads\/dokumentationszentrum-reichsparteigelaende-nuernberg-300x200.jpg 300w, https:\/\/www.herole.de\/blog\/wp-content\/uploads\/dokumentationszentrum-reichsparteigelaende-nuernberg-768x512.jpg 768w, https:\/\/www.herole.de\/blog\/wp-content\/uploads\/dokumentationszentrum-reichsparteigelaende-nuernberg.jpg 1920w\" sizes=\"(max-width: 1024px) 100vw, 1024px\" \/>\t\t\t\t\t\t\t\t<\/a>\n\t\t\t\t\t\t\t\t\t\t\t\t\t\t\t<\/div>\n\t\t\t\t<\/div>\n\t\t\t\t\t<\/div>\n\t\t<\/div>\n\t\t\t\t\t<\/div>\n\t\t<\/section>\n\t\t\t\t<div class=\"elementor-element elementor-element-6e57c93 elementor-widget elementor-widget-text-editor\" data-id=\"6e57c93\" data-element_type=\"widget\" data-widget_type=\"text-editor.default\">\n\t\t\t\t<div class=\"elementor-widget-container\">\n\t\t\t\t\t\t\t\t\t<h3>Was bietet das Dokumentationszentrum als au\u00dferschulischer Lernort?<\/h3><p>Dem Dokumentationszentrum Reichsparteitagsgel\u00e4nde ist ein Studienforum angeschlossen, das ein umfangreiches Angebot f\u00fcr Schulklassen bereith\u00e4lt. Diese umfasst Gruppenf\u00fchrungen \u00fcber das Gel\u00e4nde und durch das Dokumentationszentrum sowie Lesungen und Diskussionsrunden.<\/p><p>Ein <strong>Schwerpunkt<\/strong> ist beispielsweise die <strong>Macht der Propaganda<\/strong> und die <strong>Faszination des F\u00fchrerkultes<\/strong>, die in Zeiten von Fake News und Populismus eine bedr\u00fcckende Aktualit\u00e4t haben. Schulklassen k\u00f6nnen gemeinsam Leni Riefenstahls Propagandafilm<strong> &#8222;Triumph des Willens&#8220;<\/strong> ansehen und anschlie\u00dfend dar\u00fcber diskutieren. Andere Themenfelder sind u.a. Menschenrechte und Diskriminierung.<\/p>\t\t\t\t\t\t\t\t<\/div>\n\t\t\t\t<\/div>\n\t\t\t\t<div class=\"elementor-element elementor-element-2eda30a elementor-widget elementor-widget-button\" data-id=\"2eda30a\" data-element_type=\"widget\" data-widget_type=\"button.default\">\n\t\t\t\t<div class=\"elementor-widget-container\">\n\t\t\t\t\t\t\t\t\t<div class=\"elementor-button-wrapper\">\n\t\t\t\t\t<a class=\"elementor-button elementor-button-link elementor-size-sm\" href=\"#linksammlung\">\n\t\t\t\t\t\t<span class=\"elementor-button-content-wrapper\">\n\t\t\t\t\t\t\t\t\t<span class=\"elementor-button-text\">Alle schulischen Angebote<\/span>\n\t\t\t\t\t<\/span>\n\t\t\t\t\t<\/a>\n\t\t\t\t<\/div>\n\t\t\t\t\t\t\t\t<\/div>\n\t\t\t\t<\/div>\n\t\t\t\t<div class=\"elementor-element elementor-element-4b2f4c7 elementor-widget elementor-widget-text-editor\" data-id=\"4b2f4c7\" data-element_type=\"widget\" data-widget_type=\"text-editor.default\">\n\t\t\t\t<div class=\"elementor-widget-container\">\n\t\t\t\t\t\t\t\t\t<h3>Weitere Informationen zum Besuch des Dokumentationszentrums<\/h3>\t\t\t\t\t\t\t\t<\/div>\n\t\t\t\t<\/div>\n\t\t\t\t<div class=\"elementor-element elementor-element-e39f0ff elementor-widget elementor-widget-toggle\" data-id=\"e39f0ff\" data-element_type=\"widget\" data-widget_type=\"toggle.default\">\n\t\t\t\t<div class=\"elementor-widget-container\">\n\t\t\t\t\t\t\t<div class=\"elementor-toggle\">\n\t\t\t\t\t\t\t<div class=\"elementor-toggle-item\">\n\t\t\t\t\t<h3 id=\"elementor-tab-title-2381\" class=\"elementor-tab-title\" data-tab=\"1\" role=\"button\" aria-controls=\"elementor-tab-content-2381\" aria-expanded=\"false\">\n\t\t\t\t\t\t\t\t\t\t\t\t<span class=\"elementor-toggle-icon elementor-toggle-icon-right\" aria-hidden=\"true\">\n\t\t\t\t\t\t\t\t\t\t\t\t\t\t\t<span class=\"elementor-toggle-icon-closed\"><i class=\"icon icon-down-open\"><\/i><\/span>\n\t\t\t\t\t\t\t\t<span class=\"elementor-toggle-icon-opened\"><i class=\"elementor-toggle-icon-opened icon icon-up-open\"><\/i><\/span>\n\t\t\t\t\t\t\t\t\t\t\t\t\t<\/span>\n\t\t\t\t\t\t\t\t\t\t\t\t<a class=\"elementor-toggle-title\" tabindex=\"0\">Eintrittspreise<\/a>\n\t\t\t\t\t<\/h3>\n\n\t\t\t\t\t<div id=\"elementor-tab-content-2381\" class=\"elementor-tab-content elementor-clearfix\" data-tab=\"1\" role=\"region\" aria-labelledby=\"elementor-tab-title-2381\"><p>Sch\u00fcler im Klassenverband 2,00\u20ac pro Person. F\u00fchrungen, Diskussionen, etc. gegen Aufpreis. Eine zweist\u00fcndige F\u00fchrung \u00fcber das Reichsparteitagsgel\u00e4nde kostet beispielsweise 60,00\u20ac.<\/p><\/div>\n\t\t\t\t<\/div>\n\t\t\t\t\t\t\t<div class=\"elementor-toggle-item\">\n\t\t\t\t\t<h3 id=\"elementor-tab-title-2382\" class=\"elementor-tab-title\" data-tab=\"2\" role=\"button\" aria-controls=\"elementor-tab-content-2382\" aria-expanded=\"false\">\n\t\t\t\t\t\t\t\t\t\t\t\t<span class=\"elementor-toggle-icon elementor-toggle-icon-right\" aria-hidden=\"true\">\n\t\t\t\t\t\t\t\t\t\t\t\t\t\t\t<span class=\"elementor-toggle-icon-closed\"><i class=\"icon icon-down-open\"><\/i><\/span>\n\t\t\t\t\t\t\t\t<span class=\"elementor-toggle-icon-opened\"><i class=\"elementor-toggle-icon-opened icon icon-up-open\"><\/i><\/span>\n\t\t\t\t\t\t\t\t\t\t\t\t\t<\/span>\n\t\t\t\t\t\t\t\t\t\t\t\t<a class=\"elementor-toggle-title\" tabindex=\"0\">Verpflegung<\/a>\n\t\t\t\t\t<\/h3>\n\n\t\t\t\t\t<div id=\"elementor-tab-content-2382\" class=\"elementor-tab-content elementor-clearfix\" data-tab=\"2\" role=\"region\" aria-labelledby=\"elementor-tab-title-2382\"><p>Im Foyer des Dokumentationszentrums befindet sich ein Caf\u00e9. Daneben gibt es viele M\u00f6glichkeiten f\u00fcr ein Picknick im Volkspark Dutzendteich und Einkaufsm\u00f6glichkeiten in der N\u00e4he des Fu\u00dfballstadions.<\/p><\/div>\n\t\t\t\t<\/div>\n\t\t\t\t\t\t\t<div class=\"elementor-toggle-item\">\n\t\t\t\t\t<h3 id=\"elementor-tab-title-2383\" class=\"elementor-tab-title\" data-tab=\"3\" role=\"button\" aria-controls=\"elementor-tab-content-2383\" aria-expanded=\"false\">\n\t\t\t\t\t\t\t\t\t\t\t\t<span class=\"elementor-toggle-icon elementor-toggle-icon-right\" aria-hidden=\"true\">\n\t\t\t\t\t\t\t\t\t\t\t\t\t\t\t<span class=\"elementor-toggle-icon-closed\"><i class=\"icon icon-down-open\"><\/i><\/span>\n\t\t\t\t\t\t\t\t<span class=\"elementor-toggle-icon-opened\"><i class=\"elementor-toggle-icon-opened icon icon-up-open\"><\/i><\/span>\n\t\t\t\t\t\t\t\t\t\t\t\t\t<\/span>\n\t\t\t\t\t\t\t\t\t\t\t\t<a class=\"elementor-toggle-title\" tabindex=\"0\">Barrierefreiheit<\/a>\n\t\t\t\t\t<\/h3>\n\n\t\t\t\t\t<div id=\"elementor-tab-content-2383\" class=\"elementor-tab-content elementor-clearfix\" data-tab=\"3\" role=\"region\" aria-labelledby=\"elementor-tab-title-2383\"><p>Das Dokumentationszentrum und das Studienforum sind weitestgehend barrierefrei.<\/p><\/div>\n\t\t\t\t<\/div>\n\t\t\t\t\t\t\t<div class=\"elementor-toggle-item\">\n\t\t\t\t\t<h3 id=\"elementor-tab-title-2384\" class=\"elementor-tab-title\" data-tab=\"4\" role=\"button\" aria-controls=\"elementor-tab-content-2384\" aria-expanded=\"false\">\n\t\t\t\t\t\t\t\t\t\t\t\t<span class=\"elementor-toggle-icon elementor-toggle-icon-right\" aria-hidden=\"true\">\n\t\t\t\t\t\t\t\t\t\t\t\t\t\t\t<span class=\"elementor-toggle-icon-closed\"><i class=\"icon icon-down-open\"><\/i><\/span>\n\t\t\t\t\t\t\t\t<span class=\"elementor-toggle-icon-opened\"><i class=\"elementor-toggle-icon-opened icon icon-up-open\"><\/i><\/span>\n\t\t\t\t\t\t\t\t\t\t\t\t\t<\/span>\n\t\t\t\t\t\t\t\t\t\t\t\t<a class=\"elementor-toggle-title\" tabindex=\"0\">Anfahrt<\/a>\n\t\t\t\t\t<\/h3>\n\n\t\t\t\t\t<div id=\"elementor-tab-content-2384\" class=\"elementor-tab-content elementor-clearfix\" data-tab=\"4\" role=\"region\" aria-labelledby=\"elementor-tab-title-2384\"><p>Die Anreise mit einem Reisebus ist problemlos m\u00f6glich. Neben der Kongresshalle befinden sich mehrere Busparkpl\u00e4tze. Die Stra\u00dfenbahnlinien 6 und 8 fahren die Haltestelle Doku-Zentrum an. Vom Bahnhof N\u00fcrnberg-Dutzendteich ist das Gel\u00e4nde fu\u00dfl\u00e4ufig zu erreichen.<\/p><\/div>\n\t\t\t\t<\/div>\n\t\t\t\t\t\t\t\t<\/div>\n\t\t\t\t\t\t<\/div>\n\t\t\t\t<\/div>\n\t\t\t\t<div class=\"elementor-element elementor-element-205ffb3 elementor-widget elementor-widget-text-editor\" data-id=\"205ffb3\" data-element_type=\"widget\" data-widget_type=\"text-editor.default\">\n\t\t\t\t<div class=\"elementor-widget-container\">\n\t\t\t\t\t\t\t\t\t<h3>Warum sich das Dokumentationszentrum Reichsparteitagsgel\u00e4nde als au\u00dferschulischer Lernort lohnt<\/h3><p>Die Ausstellungen im Dokumentationszentrum machen wie kaum ein anderer Ort die Macht der Propaganda und die gekonnte Inszenierung von Populisten und Diktatoren deutlich. Der Besuch lohnt sich nicht nur f\u00fcr den <strong>Geschichtsunterricht<\/strong>, sondern auch f\u00fcr die <strong>Themenfelder Medien und Politik.<\/strong><\/p>\t\t\t\t\t\t\t\t<\/div>\n\t\t\t\t<\/div>\n\t\t\t\t<section class=\"elementor-section elementor-inner-section elementor-element elementor-element-3a98c218 elementor-section-boxed elementor-section-height-default elementor-section-height-default\" data-id=\"3a98c218\" data-element_type=\"section\">\n\t\t\t\t\t\t<div class=\"elementor-container elementor-column-gap-default\">\n\t\t\t\t\t<div class=\"elementor-column elementor-col-50 elementor-inner-column elementor-element elementor-element-41d6b158 auto-width\" data-id=\"41d6b158\" data-element_type=\"column\">\n\t\t\t<div class=\"elementor-widget-wrap elementor-element-populated\">\n\t\t\t\t\t\t<div class=\"elementor-element elementor-element-5b228e2f elementor-view-default elementor-widget elementor-widget-icon\" data-id=\"5b228e2f\" data-element_type=\"widget\" data-widget_type=\"icon.default\">\n\t\t\t\t<div class=\"elementor-widget-container\">\n\t\t\t\t\t\t\t<div class=\"elementor-icon-wrapper\">\n\t\t\t<div class=\"elementor-icon\">\n\t\t\t<i aria-hidden=\"true\" class=\"icon icon-blog_tip\"><\/i>\t\t\t<\/div>\n\t\t<\/div>\n\t\t\t\t\t\t<\/div>\n\t\t\t\t<\/div>\n\t\t\t\t\t<\/div>\n\t\t<\/div>\n\t\t\t\t<div class=\"elementor-column elementor-col-50 elementor-inner-column elementor-element elementor-element-1b0d69f9\" data-id=\"1b0d69f9\" data-element_type=\"column\">\n\t\t\t<div class=\"elementor-widget-wrap elementor-element-populated\">\n\t\t\t\t\t\t<div class=\"elementor-element elementor-element-22b3e77b tip elementor-widget elementor-widget-text-editor\" data-id=\"22b3e77b\" data-element_type=\"widget\" data-widget_type=\"text-editor.default\">\n\t\t\t\t<div class=\"elementor-widget-container\">\n\t\t\t\t\t\t\t\t\t<p>Es lohnt sich, mehrere Tage in N\u00fcrnberg im Rahmen einer Klassenfahrt zu verbringen. So bleibt genug Zeit f\u00fcr die Erkundung der historischen Altstadt und der Burg sowie des Germanischen Nationalmuseums.<\/p>\t\t\t\t\t\t\t\t<\/div>\n\t\t\t\t<\/div>\n\t\t\t\t\t<\/div>\n\t\t<\/div>\n\t\t\t\t\t<\/div>\n\t\t<\/section>\n\t\t\t\t<div class=\"elementor-element elementor-element-c64a893 elementor-widget elementor-widget-text-editor\" data-id=\"c64a893\" data-element_type=\"widget\" data-widget_type=\"text-editor.default\">\n\t\t\t\t<div class=\"elementor-widget-container\">\n\t\t\t\t\t\t\t\t\t<p>Das <strong>gesamte Programm<\/strong> mit Rundgang, Diskussionsrunde, Ausstellungsbesuch und Abstecher zum Schwurgerichtsgeb\u00e4ude nimmt leicht <strong>einen ganzen Ausflugstag in Anspruch<\/strong>. Bleibt jedoch noch Zeit \u00fcbrig, bietet N\u00fcrnberg eine F\u00fclle <strong>weiterer Attraktionen<\/strong> wie den Besuch der <strong>N\u00fcrnberger Burg oder des Albrecht-D\u00fcrer-Hauses<\/strong>.<\/p>\t\t\t\t\t\t\t\t<\/div>\n\t\t\t\t<\/div>\n\t\t\t\t<div class=\"elementor-element elementor-element-4d622c1 elementor-cta--valign-top lines lines-2 elementor-cta--skin-classic elementor-animated-content elementor-bg-transform elementor-bg-transform-zoom-in elementor-widget elementor-widget-call-to-action\" data-id=\"4d622c1\" data-element_type=\"widget\" data-widget_type=\"call-to-action.default\">\n\t\t\t\t<div class=\"elementor-widget-container\">\n\t\t\t\t\t\t\t<div class=\"elementor-cta\">\n\t\t\t\t\t\t\t<div class=\"elementor-cta__content\">\n\t\t\t\t\n\t\t\t\t\t\t\t\t\t<h2 class=\"elementor-cta__title elementor-cta__content-item elementor-content-item\">\n\t\t\t\t\t\tUnsere Angebote\t\t\t\t\t<\/h2>\n\t\t\t\t\n\t\t\t\t\t\t\t\t\t<div class=\"elementor-cta__description elementor-cta__content-item elementor-content-item\">\n\t\t\t\t\t\tStellen Sie sich jetzt Ihre individuelle Klassenfahrt nach N\u00fcrnberg zusammen!\t\t\t\t\t<\/div>\n\t\t\t\t\n\t\t\t\t\t\t\t\t\t<div class=\"elementor-cta__button-wrapper elementor-cta__content-item elementor-content-item \">\n\t\t\t\t\t<a class=\"elementor-cta__button elementor-button elementor-size-\" href=\"https:\/\/www.herole.de\/klassenfahrten-nuernberg\" target=\"_blank\">\n\t\t\t\t\t\tMehr dazu\t\t\t\t\t<\/a>\n\t\t\t\t\t<\/div>\n\t\t\t\t\t\t\t<\/div>\n\t\t\t\t\t\t<\/div>\n\t\t\t\t\t\t<\/div>\n\t\t\t\t<\/div>\n\t\t\t\t<div class=\"elementor-element elementor-element-248e0ee elementor-widget elementor-widget-text-editor\" data-id=\"248e0ee\" data-element_type=\"widget\" data-widget_type=\"text-editor.default\">\n\t\t\t\t<div class=\"elementor-widget-container\">\n\t\t\t\t\t\t\t\t\t<h2>Gr\u00fcne Schule auf Mainau<\/h2><p>Die <strong>Insel Mainau<\/strong> gilt als eine der <strong>beliebtesten Ausflugsziele<\/strong> am Bodensee. Sie ist ber\u00fchmt f\u00fcr ihre wundersch\u00f6nen Parkanlagen, in denen dank des milden Klimas auch subtropische und sogar tropische Pflanzen gedeihen. Die Insel geh\u00f6rt der Adelsfamilie Bernadotte, die bis heute im schmucken Deutschordensschloss lebt.<\/p>\t\t\t\t\t\t\t\t<\/div>\n\t\t\t\t<\/div>\n\t\t\t\t<div class=\"elementor-element elementor-element-77939a1 elementor-widget elementor-widget-text-editor\" data-id=\"77939a1\" data-element_type=\"widget\" data-widget_type=\"text-editor.default\">\n\t\t\t\t<div class=\"elementor-widget-container\">\n\t\t\t\t\t\t\t\t\t<h3>Worum geht es?<\/h3>\t\t\t\t\t\t\t\t<\/div>\n\t\t\t\t<\/div>\n\t\t\t\t<section class=\"elementor-section elementor-inner-section elementor-element elementor-element-3a17a49 elementor-section-boxed elementor-section-height-default elementor-section-height-default\" data-id=\"3a17a49\" data-element_type=\"section\">\n\t\t\t\t\t\t<div class=\"elementor-container elementor-column-gap-default\">\n\t\t\t\t\t<div class=\"elementor-column elementor-col-50 elementor-inner-column elementor-element elementor-element-bc7e07d\" data-id=\"bc7e07d\" data-element_type=\"column\">\n\t\t\t<div class=\"elementor-widget-wrap elementor-element-populated\">\n\t\t\t\t\t\t<div class=\"elementor-element elementor-element-2e772f5 elementor-widget elementor-widget-text-editor\" data-id=\"2e772f5\" data-element_type=\"widget\" data-widget_type=\"text-editor.default\">\n\t\t\t\t<div class=\"elementor-widget-container\">\n\t\t\t\t\t\t\t\t\t<p>Nach dem Tod des kinderlosen Friedrich II. von Baden fiel die Insel Mainau \u00fcber seine Schwester an die schwedische K\u00f6nigsfamilie. Der junge Prinz Lennart Bernadotte verzichtete aufgrund seiner Liebe zur b\u00fcrgerlichen Karin Nissvandt auf Titel und Privilegien und zog sich mit seiner Gattin auf die Mainau zur\u00fcck. Hier widmete er sich \u00fcber Jahrzehnte den wundersch\u00f6nen Parklandschaften und verwandelte sie schon fr\u00fch in eine touristische Attraktion.<\/p><p>Heute str\u00f6men j\u00e4hrlich \u00fcber eine Million Besucher auf die <strong>&#8222;Blumeninsel&#8220;<\/strong>, um die weitl\u00e4ufigen Gartenanlagen der zu bewundern.<\/p>\t\t\t\t\t\t\t\t<\/div>\n\t\t\t\t<\/div>\n\t\t\t\t\t<\/div>\n\t\t<\/div>\n\t\t\t\t<div class=\"elementor-column elementor-col-50 elementor-inner-column elementor-element elementor-element-cd1ef05\" data-id=\"cd1ef05\" data-element_type=\"column\">\n\t\t\t<div class=\"elementor-widget-wrap elementor-element-populated\">\n\t\t\t\t\t\t<div class=\"elementor-element elementor-element-d558b3b elementor-cta--valign-top elementor-cta--skin-classic elementor-animated-content elementor-widget elementor-widget-call-to-action\" data-id=\"d558b3b\" data-element_type=\"widget\" data-widget_type=\"call-to-action.default\">\n\t\t\t\t<div class=\"elementor-widget-container\">\n\t\t\t\t\t\t\t<div class=\"elementor-cta\">\n\t\t\t\t\t\t\t<div class=\"elementor-cta__content\">\n\t\t\t\t\n\t\t\t\t\t\t\t\t\t<h2 class=\"elementor-cta__title elementor-cta__content-item elementor-content-item\">\n\t\t\t\t\t\tAlles im Blick\t\t\t\t\t<\/h2>\n\t\t\t\t\n\t\t\t\t\t\t\t\t\t<div class=\"elementor-cta__description elementor-cta__content-item elementor-content-item\">\n\t\t\t\t\t\tUm den Ausflug auf die Mainau gut zu planen, kann vorab der Lageplan heruntergeladen werden. Neben den verschiedenen G\u00e4rten sind hier auch Toiletten, Kioske, Shops & mehr verzeichnet.\t\t\t\t\t<\/div>\n\t\t\t\t\n\t\t\t\t\t\t\t<\/div>\n\t\t\t\t\t\t<\/div>\n\t\t\t\t\t\t<\/div>\n\t\t\t\t<\/div>\n\t\t\t\t\t<\/div>\n\t\t<\/div>\n\t\t\t\t\t<\/div>\n\t\t<\/section>\n\t\t\t\t<div class=\"elementor-element elementor-element-d249dc1 elementor-widget elementor-widget-text-editor\" data-id=\"d249dc1\" data-element_type=\"widget\" data-widget_type=\"text-editor.default\">\n\t\t\t\t<div class=\"elementor-widget-container\">\n\t\t\t\t\t\t\t\t\t<h3>Was bietet die Gr\u00fcne Schule Mainau als au\u00dferschulischer Lernort?<\/h3>\t\t\t\t\t\t\t\t<\/div>\n\t\t\t\t<\/div>\n\t\t\t\t<section class=\"elementor-section elementor-inner-section elementor-element elementor-element-55f2048 elementor-section-boxed elementor-section-height-default elementor-section-height-default\" data-id=\"55f2048\" data-element_type=\"section\">\n\t\t\t\t\t\t<div class=\"elementor-container elementor-column-gap-no\">\n\t\t\t\t\t<div class=\"elementor-column elementor-col-50 elementor-inner-column elementor-element elementor-element-0803f29\" data-id=\"0803f29\" data-element_type=\"column\">\n\t\t\t<div class=\"elementor-widget-wrap elementor-element-populated\">\n\t\t\t\t\t\t<div class=\"elementor-element elementor-element-0970aae elementor-widget elementor-widget-image\" data-id=\"0970aae\" data-element_type=\"widget\" data-widget_type=\"image.default\">\n\t\t\t\t<div class=\"elementor-widget-container\">\n\t\t\t\t\t\t\t\t\t\t\t\t\t\t\t\t<a href=\"https:\/\/www.herole.de\/blog\/wp-content\/uploads\/insel-mainau-bodensee.jpg\" data-elementor-open-lightbox=\"yes\" data-elementor-lightbox-title=\"Insel Mainau am Bodensee\" data-e-action-hash=\"#elementor-action%3Aaction%3Dlightbox%26settings%3DeyJpZCI6MTQyMTgsInVybCI6Imh0dHBzOlwvXC93d3cuaGVyb2xlLmRlXC9ibG9nXC93cC1jb250ZW50XC91cGxvYWRzXC9pbnNlbC1tYWluYXUtYm9kZW5zZWUuanBnIn0%3D\">\n\t\t\t\t\t\t\t<img loading=\"lazy\" decoding=\"async\" width=\"1024\" height=\"576\" src=\"https:\/\/www.herole.de\/blog\/wp-content\/uploads\/insel-mainau-bodensee-1024x576.jpg\" class=\"attachment-large size-large wp-image-14218\" alt=\"Die Blumeninsel Mainau am Bodensee l\u00e4dt nicht nur zum Verweilen ein. Die Gr\u00fcne Schule ist ein toller au\u00dferschulischer Lernort auf Klassenfahrt.\" srcset=\"https:\/\/www.herole.de\/blog\/wp-content\/uploads\/insel-mainau-bodensee-1024x576.jpg 1024w, https:\/\/www.herole.de\/blog\/wp-content\/uploads\/insel-mainau-bodensee-300x169.jpg 300w, https:\/\/www.herole.de\/blog\/wp-content\/uploads\/insel-mainau-bodensee-768x432.jpg 768w, https:\/\/www.herole.de\/blog\/wp-content\/uploads\/insel-mainau-bodensee.jpg 1920w\" sizes=\"(max-width: 1024px) 100vw, 1024px\" \/>\t\t\t\t\t\t\t\t<\/a>\n\t\t\t\t\t\t\t\t\t\t\t\t\t\t\t<\/div>\n\t\t\t\t<\/div>\n\t\t\t\t\t<\/div>\n\t\t<\/div>\n\t\t\t\t<div class=\"elementor-column elementor-col-50 elementor-inner-column elementor-element elementor-element-429f686\" data-id=\"429f686\" data-element_type=\"column\">\n\t\t\t<div class=\"elementor-widget-wrap elementor-element-populated\">\n\t\t\t\t\t\t<div class=\"elementor-element elementor-element-2f989a2 elementor-widget elementor-widget-text-editor\" data-id=\"2f989a2\" data-element_type=\"widget\" data-widget_type=\"text-editor.default\">\n\t\t\t\t<div class=\"elementor-widget-container\">\n\t\t\t\t\t\t\t\t\t<p>Der Umweltschutz spielt auch auf der Mainau eine immer gr\u00f6\u00dfere Rolle. Mit der Gr\u00fcnen Schule wurde ein au\u00dferschulischer Lernort geschaffen, der vor allem j\u00fcngeren Schulkindern einen direkten Bezug zur Natur und zur Pflanzenwelt nahebringen m\u00f6chte. Das Programmangebot umfasst in der Regel eine F\u00fchrung durch bestimmte Themenbereiche wie <strong>&#8222;Abenteuer Wald&#8220;<\/strong>, <strong>&#8222;Zauberhafte Schmetterlinge&#8220;<\/strong> oder <strong>&#8222;Wasserwelten&#8220;<\/strong>.<\/p><p>Au\u00dferdem k\u00f6nnen Kinder selbst als G\u00e4rtner aktiv werden. F\u00fcr <strong>\u00e4ltere Sch\u00fcler<\/strong> empfiehlt sich eine <strong>selbst\u00e4ndige Rallye \u00fcber die gesamte Insel<\/strong>, bei der sie auf eigene Faust Antworten auf Fragen finden m\u00fcssen.<\/p>\t\t\t\t\t\t\t\t<\/div>\n\t\t\t\t<\/div>\n\t\t\t\t<div class=\"elementor-element elementor-element-b7972bb elementor-widget elementor-widget-button\" data-id=\"b7972bb\" data-element_type=\"widget\" data-widget_type=\"button.default\">\n\t\t\t\t<div class=\"elementor-widget-container\">\n\t\t\t\t\t\t\t\t\t<div class=\"elementor-button-wrapper\">\n\t\t\t\t\t<a class=\"elementor-button elementor-button-link elementor-size-sm\" href=\"#linksammlung\">\n\t\t\t\t\t\t<span class=\"elementor-button-content-wrapper\">\n\t\t\t\t\t\t\t\t\t<span class=\"elementor-button-text\">Alle schulischen Angebote<\/span>\n\t\t\t\t\t<\/span>\n\t\t\t\t\t<\/a>\n\t\t\t\t<\/div>\n\t\t\t\t\t\t\t\t<\/div>\n\t\t\t\t<\/div>\n\t\t\t\t\t<\/div>\n\t\t<\/div>\n\t\t\t\t\t<\/div>\n\t\t<\/section>\n\t\t\t\t<div class=\"elementor-element elementor-element-f9262a7 elementor-widget elementor-widget-text-editor\" data-id=\"f9262a7\" data-element_type=\"widget\" data-widget_type=\"text-editor.default\">\n\t\t\t\t<div class=\"elementor-widget-container\">\n\t\t\t\t\t\t\t\t\t<h3>Weitere Informationen zum Besuch der Insel Mainau<\/h3>\t\t\t\t\t\t\t\t<\/div>\n\t\t\t\t<\/div>\n\t\t\t\t<div class=\"elementor-element elementor-element-d0fc3ea elementor-widget elementor-widget-toggle\" data-id=\"d0fc3ea\" data-element_type=\"widget\" data-widget_type=\"toggle.default\">\n\t\t\t\t<div class=\"elementor-widget-container\">\n\t\t\t\t\t\t\t<div class=\"elementor-toggle\">\n\t\t\t\t\t\t\t<div class=\"elementor-toggle-item\">\n\t\t\t\t\t<h3 id=\"elementor-tab-title-2191\" class=\"elementor-tab-title\" data-tab=\"1\" role=\"button\" aria-controls=\"elementor-tab-content-2191\" aria-expanded=\"false\">\n\t\t\t\t\t\t\t\t\t\t\t\t<span class=\"elementor-toggle-icon elementor-toggle-icon-right\" aria-hidden=\"true\">\n\t\t\t\t\t\t\t\t\t\t\t\t\t\t\t<span class=\"elementor-toggle-icon-closed\"><i class=\"icon icon-down-open\"><\/i><\/span>\n\t\t\t\t\t\t\t\t<span class=\"elementor-toggle-icon-opened\"><i class=\"elementor-toggle-icon-opened icon icon-up-open\"><\/i><\/span>\n\t\t\t\t\t\t\t\t\t\t\t\t\t<\/span>\n\t\t\t\t\t\t\t\t\t\t\t\t<a class=\"elementor-toggle-title\" tabindex=\"0\">Eintrittspreise<\/a>\n\t\t\t\t\t<\/h3>\n\n\t\t\t\t\t<div id=\"elementor-tab-content-2191\" class=\"elementor-tab-content elementor-clearfix\" data-tab=\"1\" role=\"region\" aria-labelledby=\"elementor-tab-title-2191\"><p>Sch\u00fcler zahlen mit g\u00fcltigem Ausweis 7,00\u20ac in der Wintersaison und 15,00\u20ac im Blumenjahr vom 20.M\u00e4rz bis zum 25.Oktober. F\u00fcr die Teilnahme an verschiedenen Projekten und F\u00fchrungen werden weitere 6-7\u20ac pro Kind erhoben. Der Eintritt f\u00fcr die Gr\u00fcne Schule Mainau betr\u00e4gt 8,50\u20ac pro Person.\u00a0<\/p><\/div>\n\t\t\t\t<\/div>\n\t\t\t\t\t\t\t<div class=\"elementor-toggle-item\">\n\t\t\t\t\t<h3 id=\"elementor-tab-title-2192\" class=\"elementor-tab-title\" data-tab=\"2\" role=\"button\" aria-controls=\"elementor-tab-content-2192\" aria-expanded=\"false\">\n\t\t\t\t\t\t\t\t\t\t\t\t<span class=\"elementor-toggle-icon elementor-toggle-icon-right\" aria-hidden=\"true\">\n\t\t\t\t\t\t\t\t\t\t\t\t\t\t\t<span class=\"elementor-toggle-icon-closed\"><i class=\"icon icon-down-open\"><\/i><\/span>\n\t\t\t\t\t\t\t\t<span class=\"elementor-toggle-icon-opened\"><i class=\"elementor-toggle-icon-opened icon icon-up-open\"><\/i><\/span>\n\t\t\t\t\t\t\t\t\t\t\t\t\t<\/span>\n\t\t\t\t\t\t\t\t\t\t\t\t<a class=\"elementor-toggle-title\" tabindex=\"0\">Verpflegung<\/a>\n\t\t\t\t\t<\/h3>\n\n\t\t\t\t\t<div id=\"elementor-tab-content-2192\" class=\"elementor-tab-content elementor-clearfix\" data-tab=\"2\" role=\"region\" aria-labelledby=\"elementor-tab-title-2192\"><p>Auf der Mainau gibt es mehrere Caf\u00e9s und Restaurants. Dazu sind Picknickfl\u00e4chen im Gr\u00fcnen ausgewiesen, auf denen die Sch\u00fcler mitgebrachte Speisen und Getr\u00e4nke verzehren k\u00f6nnen.<\/p><\/div>\n\t\t\t\t<\/div>\n\t\t\t\t\t\t\t<div class=\"elementor-toggle-item\">\n\t\t\t\t\t<h3 id=\"elementor-tab-title-2193\" class=\"elementor-tab-title\" data-tab=\"3\" role=\"button\" aria-controls=\"elementor-tab-content-2193\" aria-expanded=\"false\">\n\t\t\t\t\t\t\t\t\t\t\t\t<span class=\"elementor-toggle-icon elementor-toggle-icon-right\" aria-hidden=\"true\">\n\t\t\t\t\t\t\t\t\t\t\t\t\t\t\t<span class=\"elementor-toggle-icon-closed\"><i class=\"icon icon-down-open\"><\/i><\/span>\n\t\t\t\t\t\t\t\t<span class=\"elementor-toggle-icon-opened\"><i class=\"elementor-toggle-icon-opened icon icon-up-open\"><\/i><\/span>\n\t\t\t\t\t\t\t\t\t\t\t\t\t<\/span>\n\t\t\t\t\t\t\t\t\t\t\t\t<a class=\"elementor-toggle-title\" tabindex=\"0\">Barrierefreiheit<\/a>\n\t\t\t\t\t<\/h3>\n\n\t\t\t\t\t<div id=\"elementor-tab-content-2193\" class=\"elementor-tab-content elementor-clearfix\" data-tab=\"3\" role=\"region\" aria-labelledby=\"elementor-tab-title-2193\"><p>Die meisten Gehwege und Pfade auf der Mainau sind barrierefrei.<\/p><\/div>\n\t\t\t\t<\/div>\n\t\t\t\t\t\t\t<div class=\"elementor-toggle-item\">\n\t\t\t\t\t<h3 id=\"elementor-tab-title-2194\" class=\"elementor-tab-title\" data-tab=\"4\" role=\"button\" aria-controls=\"elementor-tab-content-2194\" aria-expanded=\"false\">\n\t\t\t\t\t\t\t\t\t\t\t\t<span class=\"elementor-toggle-icon elementor-toggle-icon-right\" aria-hidden=\"true\">\n\t\t\t\t\t\t\t\t\t\t\t\t\t\t\t<span class=\"elementor-toggle-icon-closed\"><i class=\"icon icon-down-open\"><\/i><\/span>\n\t\t\t\t\t\t\t\t<span class=\"elementor-toggle-icon-opened\"><i class=\"elementor-toggle-icon-opened icon icon-up-open\"><\/i><\/span>\n\t\t\t\t\t\t\t\t\t\t\t\t\t<\/span>\n\t\t\t\t\t\t\t\t\t\t\t\t<a class=\"elementor-toggle-title\" tabindex=\"0\">Anfahrt<\/a>\n\t\t\t\t\t<\/h3>\n\n\t\t\t\t\t<div id=\"elementor-tab-content-2194\" class=\"elementor-tab-content elementor-clearfix\" data-tab=\"4\" role=\"region\" aria-labelledby=\"elementor-tab-title-2194\"><p>Eine Anreise mit dem Reisebus ist problemlos m\u00f6glich. Auf dem gro\u00dfen Parkplatz vor der Br\u00fccke zur Insel Mainau sind zahlreiche Busparkpl\u00e4tze vorhanden. Die Anfahrt mit \u00f6ffentlichen Verkehrsmitteln ist etwas m\u00fchsamer. Vom Bahnhof Konstanz f\u00e4hrt die Ringlinie 4\/13 \u00fcber mehrere D\u00f6rfer bis zur Mainau.<\/p><\/div>\n\t\t\t\t<\/div>\n\t\t\t\t\t\t\t\t<\/div>\n\t\t\t\t\t\t<\/div>\n\t\t\t\t<\/div>\n\t\t\t\t<div class=\"elementor-element elementor-element-b07fe6e elementor-widget elementor-widget-text-editor\" data-id=\"b07fe6e\" data-element_type=\"widget\" data-widget_type=\"text-editor.default\">\n\t\t\t\t<div class=\"elementor-widget-container\">\n\t\t\t\t\t\t\t\t\t<h3>Warum sich die Gr\u00fcne Schule Mainau als au\u00dferschulischer Lernort lohnt<\/h3><p>Immer mehr Kindern und Jugendlichen geht der direkte Kontakt zur Natur verloren. Sie kennen Pflanzen oft nur noch aus gro\u00dfst\u00e4dtischen Gr\u00fcnanlagen und aus dem Supermarkt. Bei einer F\u00fchrung \u00fcber die Blumeninsel erleben Sie die Vielfalt der Blumen und Gr\u00fcnpflanzen hautnah und d\u00fcrfen selbst als G\u00e4rtner aktiv werden. Der Umgang mit den Pflanzen weckt ein st\u00e4rkeres Bewusstsein f\u00fcr den sorgsamen Umgang mit der Natur.<\/p><p>Dazu ist der <strong>Bodensee<\/strong> selbst ein <strong>attraktives Ziel f\u00fcr einen Tagesausflug oder sogar eine mehrt\u00e4gige Klassenfahrt<\/strong>. Je nach Wetter l\u00e4sst sich der Besuch der Gr\u00fcnen Schule sogar mit einigen Stunden im nahen <strong>Strandbad von Litzelstetten<\/strong> kombinieren. Als Schlechtwetteralterative empfiehlt sich das nahe <strong>Konstanz<\/strong> mit dem <strong>SEALIFE<\/strong> Aquarium und dem <strong>LAGO Shopping Center<\/strong>.<\/p>\t\t\t\t\t\t\t\t<\/div>\n\t\t\t\t<\/div>\n\t\t\t\t<div class=\"elementor-element elementor-element-631abdc elementor-cta--valign-top lines lines-2 elementor-cta--skin-classic elementor-animated-content elementor-bg-transform elementor-bg-transform-zoom-in elementor-widget elementor-widget-call-to-action\" data-id=\"631abdc\" data-element_type=\"widget\" data-widget_type=\"call-to-action.default\">\n\t\t\t\t<div class=\"elementor-widget-container\">\n\t\t\t\t\t\t\t<div class=\"elementor-cta\">\n\t\t\t\t\t\t\t<div class=\"elementor-cta__content\">\n\t\t\t\t\n\t\t\t\t\t\t\t\t\t<h2 class=\"elementor-cta__title elementor-cta__content-item elementor-content-item\">\n\t\t\t\t\t\tUnsere Angebote\t\t\t\t\t<\/h2>\n\t\t\t\t\n\t\t\t\t\t\t\t\t\t<div class=\"elementor-cta__description elementor-cta__content-item elementor-content-item\">\n\t\t\t\t\t\tStellen Sie sich jetzt Ihre individuelle Klassenfahrt an den Bodensee zusammen!\t\t\t\t\t<\/div>\n\t\t\t\t\n\t\t\t\t\t\t\t\t\t<div class=\"elementor-cta__button-wrapper elementor-cta__content-item elementor-content-item \">\n\t\t\t\t\t<a class=\"elementor-cta__button elementor-button elementor-size-\" href=\"https:\/\/www.herole.de\/klassenfahrten-bodensee\" target=\"_blank\">\n\t\t\t\t\t\tMehr dazu\t\t\t\t\t<\/a>\n\t\t\t\t\t<\/div>\n\t\t\t\t\t\t\t<\/div>\n\t\t\t\t\t\t<\/div>\n\t\t\t\t\t\t<\/div>\n\t\t\t\t<\/div>\n\t\t\t\t<div class=\"elementor-element elementor-element-28d1133 elementor-widget elementor-widget-text-editor\" data-id=\"28d1133\" data-element_type=\"widget\" data-widget_type=\"text-editor.default\">\n\t\t\t\t<div class=\"elementor-widget-container\">\n\t\t\t\t\t\t\t\t\t<h2>experimenta Heilbronn<\/h2><p>Die experimenta Heilbronn versteht sich als Science Center f\u00fcr die Region Heilbronn-Franken. Sie wurde 2009 er\u00f6ffnet und 2019 erweitert. Mit rund 25.000 Quadratmetern Fl\u00e4che und vielf\u00e4ltigen Angeboten gilt sie heute als <strong>gr\u00f6\u00dftes Science Center Deutschlands<\/strong>. F\u00fcr Schulklassen ist sie als au\u00dferschulischer Lernort das ideale Ziel f\u00fcr einen Tagesausflug, bei dem Ber\u00fchrungs\u00e4ngste mit den Naturwissenschaften abgebaut werden.<\/p>\t\t\t\t\t\t\t\t<\/div>\n\t\t\t\t<\/div>\n\t\t\t\t<div class=\"elementor-element elementor-element-bf1afa0 elementor-widget elementor-widget-text-editor\" data-id=\"bf1afa0\" data-element_type=\"widget\" data-widget_type=\"text-editor.default\">\n\t\t\t\t<div class=\"elementor-widget-container\">\n\t\t\t\t\t\t\t\t\t<h3>Worum geht es?<\/h3><p>Die experimenta r\u00fchmt sich mit <strong>275 interaktiven Exponaten<\/strong>, einer Sternwarte, neun Laboren und vier Kreativstudios. Im sogenannten Science Dome werden t\u00e4glich Wissenschaftsshows veranstaltet.<\/p>\t\t\t\t\t\t\t\t<\/div>\n\t\t\t\t<\/div>\n\t\t\t\t<section class=\"elementor-section elementor-inner-section elementor-element elementor-element-0af8b46 elementor-reverse-tablet elementor-reverse-mobile elementor-section-boxed elementor-section-height-default elementor-section-height-default\" data-id=\"0af8b46\" data-element_type=\"section\">\n\t\t\t\t\t\t<div class=\"elementor-container elementor-column-gap-no\">\n\t\t\t\t\t<div class=\"elementor-column elementor-col-50 elementor-inner-column elementor-element elementor-element-cafc25d\" data-id=\"cafc25d\" data-element_type=\"column\">\n\t\t\t<div class=\"elementor-widget-wrap elementor-element-populated\">\n\t\t\t\t\t\t<div class=\"elementor-element elementor-element-6daca6e elementor-icon-list--layout-traditional elementor-list-item-link-full_width elementor-widget elementor-widget-icon-list\" data-id=\"6daca6e\" data-element_type=\"widget\" data-widget_type=\"icon-list.default\">\n\t\t\t\t<div class=\"elementor-widget-container\">\n\t\t\t\t\t\t\t<ul class=\"elementor-icon-list-items\">\n\t\t\t\t\t\t\t<li class=\"elementor-icon-list-item\">\n\t\t\t\t\t\t\t\t\t\t\t<span class=\"elementor-icon-list-icon\">\n\t\t\t\t\t\t\t<i aria-hidden=\"true\" class=\"icon icon-ok\"><\/i>\t\t\t\t\t\t<\/span>\n\t\t\t\t\t\t\t\t\t\t<span class=\"elementor-icon-list-text\">Die <strong>Entdeckerwelten<\/strong> sind wiederum in die vier Themenbereiche StoffWechsel, KopfSachen, WeltBlick und ForscherLand. Ein ganz besonderer Clou sind die Besucherarmb\u00e4nder, auf denen G\u00e4ste die Ergebnisse der rund 275 Stationen abspeichern und sp\u00e4ter noch einmal im Internet abrufen k\u00f6nnen.<\/span>\n\t\t\t\t\t\t\t\t\t<\/li>\n\t\t\t\t\t\t\t\t<li class=\"elementor-icon-list-item\">\n\t\t\t\t\t\t\t\t\t\t\t<span class=\"elementor-icon-list-icon\">\n\t\t\t\t\t\t\t<i aria-hidden=\"true\" class=\"icon icon-ok\"><\/i>\t\t\t\t\t\t<\/span>\n\t\t\t\t\t\t\t\t\t\t<span class=\"elementor-icon-list-text\">In den <strong>gl\u00e4sernen Studios<\/strong> k\u00f6nnen Sch\u00fcler selbst wahlweise handwerklich, technisch, kreativ oder kommunikativ aktiv werden.<\/span>\n\t\t\t\t\t\t\t\t\t<\/li>\n\t\t\t\t\t\t\t\t<li class=\"elementor-icon-list-item\">\n\t\t\t\t\t\t\t\t\t\t\t<span class=\"elementor-icon-list-icon\">\n\t\t\t\t\t\t\t<i aria-hidden=\"true\" class=\"icon icon-ok\"><\/i>\t\t\t\t\t\t<\/span>\n\t\t\t\t\t\t\t\t\t\t<span class=\"elementor-icon-list-text\">Der <strong>Science Dome<\/strong> ist ein Hightech-Erlebnisraum mit beweglichem Auditorium, indem Mitarbeiter verschiedene wissenschaftliche Ph\u00e4nomene demonstrieren und erkl\u00e4ren.<\/span>\n\t\t\t\t\t\t\t\t\t<\/li>\n\t\t\t\t\t\t\t\t<li class=\"elementor-icon-list-item\">\n\t\t\t\t\t\t\t\t\t\t\t<span class=\"elementor-icon-list-icon\">\n\t\t\t\t\t\t\t<i aria-hidden=\"true\" class=\"icon icon-ok\"><\/i>\t\t\t\t\t\t<\/span>\n\t\t\t\t\t\t\t\t\t\t<span class=\"elementor-icon-list-text\">Das <strong>Experimental-Theater<\/strong> geht Alltagsfragen auf den Grund und erkl\u00e4rt beispielsweise, wie ein Flugzeug fliegt und wie es zur Wolkenbildung kommt.<\/span>\n\t\t\t\t\t\t\t\t\t<\/li>\n\t\t\t\t\t\t\t\t<li class=\"elementor-icon-list-item\">\n\t\t\t\t\t\t\t\t\t\t\t<span class=\"elementor-icon-list-icon\">\n\t\t\t\t\t\t\t<i aria-hidden=\"true\" class=\"icon icon-ok\"><\/i>\t\t\t\t\t\t<\/span>\n\t\t\t\t\t\t\t\t\t\t<span class=\"elementor-icon-list-text\">Die <strong>Sternwarte<\/strong> mit ihren leistungsstarken Teleskopen erm\u00f6glicht faszinierende Blicke in die endlosen Weiten des Weltalls.<\/span>\n\t\t\t\t\t\t\t\t\t<\/li>\n\t\t\t\t\t\t<\/ul>\n\t\t\t\t\t\t<\/div>\n\t\t\t\t<\/div>\n\t\t\t\t\t<\/div>\n\t\t<\/div>\n\t\t\t\t<div class=\"elementor-column elementor-col-50 elementor-inner-column elementor-element elementor-element-b8b1c1f\" data-id=\"b8b1c1f\" data-element_type=\"column\">\n\t\t\t<div class=\"elementor-widget-wrap elementor-element-populated\">\n\t\t\t\t\t\t<div class=\"elementor-element elementor-element-eaf5553 elementor-widget elementor-widget-image\" data-id=\"eaf5553\" data-element_type=\"widget\" data-widget_type=\"image.default\">\n\t\t\t\t<div class=\"elementor-widget-container\">\n\t\t\t\t\t\t\t\t\t\t\t\t\t\t\t\t<a href=\"https:\/\/www.herole.de\/blog\/wp-content\/uploads\/schueler-experimentieren-experimenta.jpg\" data-elementor-open-lightbox=\"yes\" data-elementor-lightbox-title=\"Sch\u00fcler-Experiment in der experimenta Heilbronn\" data-e-action-hash=\"#elementor-action%3Aaction%3Dlightbox%26settings%3DeyJpZCI6MTQxNTUsInVybCI6Imh0dHBzOlwvXC93d3cuaGVyb2xlLmRlXC9ibG9nXC93cC1jb250ZW50XC91cGxvYWRzXC9zY2h1ZWxlci1leHBlcmltZW50aWVyZW4tZXhwZXJpbWVudGEuanBnIn0%3D\">\n\t\t\t\t\t\t\t<img loading=\"lazy\" decoding=\"async\" width=\"1024\" height=\"683\" src=\"https:\/\/www.herole.de\/blog\/wp-content\/uploads\/schueler-experimentieren-experimenta-1024x683.jpg\" class=\"attachment-large size-large wp-image-14155\" alt=\"Sch\u00fcler experiementieren bei einem der vielen interessanten Workshops in der experimenta in Heilbronn\" srcset=\"https:\/\/www.herole.de\/blog\/wp-content\/uploads\/schueler-experimentieren-experimenta-1024x683.jpg 1024w, https:\/\/www.herole.de\/blog\/wp-content\/uploads\/schueler-experimentieren-experimenta-300x200.jpg 300w, https:\/\/www.herole.de\/blog\/wp-content\/uploads\/schueler-experimentieren-experimenta-768x512.jpg 768w, https:\/\/www.herole.de\/blog\/wp-content\/uploads\/schueler-experimentieren-experimenta.jpg 1920w\" sizes=\"(max-width: 1024px) 100vw, 1024px\" \/>\t\t\t\t\t\t\t\t<\/a>\n\t\t\t\t\t\t\t\t\t\t\t\t\t\t\t<\/div>\n\t\t\t\t<\/div>\n\t\t\t\t\t<\/div>\n\t\t<\/div>\n\t\t\t\t\t<\/div>\n\t\t<\/section>\n\t\t\t\t<div class=\"elementor-element elementor-element-80094c4 elementor-widget elementor-widget-text-editor\" data-id=\"80094c4\" data-element_type=\"widget\" data-widget_type=\"text-editor.default\">\n\t\t\t\t<div class=\"elementor-widget-container\">\n\t\t\t\t\t\t\t\t\t<h3>Was bietet die experimenta Heilbronn als au\u00dferschulischer Lernort?<\/h3><p>Die experimenta Heilbronn ist ein anerkannter au\u00dferschulischer Lernort mit <strong>umfangreichem Angebot f\u00fcr alle Altersgruppen vom Kindergarten bis zur Oberstufe<\/strong>. Die Workshops in den Laboren sind alltagsnah und spannend inszeniert. So k\u00f6nnen die Sch\u00fcler mit Hilfe einer DNA-Analyse auf Verbrecherjagd gehen, einen Roboter programmieren oder selbst Gummib\u00e4rchen herstellen.<\/p><p>F\u00fcr <strong>Oberstufensch\u00fcler<\/strong> gibt es anspruchsvolle Workshops in Bereichen wie der <strong>Molekularbiologie<\/strong>, bei der sich die Teilnehmer an der Krebsdiagnostik versuchen oder echte Nobelpreis-Experimente in der Optik durchf\u00fchren.<\/p><p>Daneben besteht die M\u00f6glichkeit zu F\u00fchrungen durch bestimmte Bereiche und nat\u00fcrlich die Teilnahme an den Shows im <strong>Science Dome<\/strong> und im <strong>Experimentiertheater<\/strong>. Ein halber Tag sollte mindestens f\u00fcr den Besuch der experimenta eingeplant werden.<\/p>\t\t\t\t\t\t\t\t<\/div>\n\t\t\t\t<\/div>\n\t\t\t\t<div class=\"elementor-element elementor-element-7073e4f elementor-widget elementor-widget-button\" data-id=\"7073e4f\" data-element_type=\"widget\" data-widget_type=\"button.default\">\n\t\t\t\t<div class=\"elementor-widget-container\">\n\t\t\t\t\t\t\t\t\t<div class=\"elementor-button-wrapper\">\n\t\t\t\t\t<a class=\"elementor-button elementor-button-link elementor-size-sm\" href=\"#linksammlung\">\n\t\t\t\t\t\t<span class=\"elementor-button-content-wrapper\">\n\t\t\t\t\t\t\t\t\t<span class=\"elementor-button-text\">Alle schulischen Angebote<\/span>\n\t\t\t\t\t<\/span>\n\t\t\t\t\t<\/a>\n\t\t\t\t<\/div>\n\t\t\t\t\t\t\t\t<\/div>\n\t\t\t\t<\/div>\n\t\t\t\t<div class=\"elementor-element elementor-element-4038eba elementor-widget elementor-widget-text-editor\" data-id=\"4038eba\" data-element_type=\"widget\" data-widget_type=\"text-editor.default\">\n\t\t\t\t<div class=\"elementor-widget-container\">\n\t\t\t\t\t\t\t\t\t<h3>Weitere Informationen zum Besuch der experimenta Heilbronn<\/h3>\t\t\t\t\t\t\t\t<\/div>\n\t\t\t\t<\/div>\n\t\t\t\t<div class=\"elementor-element elementor-element-09f1beb elementor-widget elementor-widget-toggle\" data-id=\"09f1beb\" data-element_type=\"widget\" data-widget_type=\"toggle.default\">\n\t\t\t\t<div class=\"elementor-widget-container\">\n\t\t\t\t\t\t\t<div class=\"elementor-toggle\">\n\t\t\t\t\t\t\t<div class=\"elementor-toggle-item\">\n\t\t\t\t\t<h3 id=\"elementor-tab-title-1041\" class=\"elementor-tab-title\" data-tab=\"1\" role=\"button\" aria-controls=\"elementor-tab-content-1041\" aria-expanded=\"false\">\n\t\t\t\t\t\t\t\t\t\t\t\t<span class=\"elementor-toggle-icon elementor-toggle-icon-right\" aria-hidden=\"true\">\n\t\t\t\t\t\t\t\t\t\t\t\t\t\t\t<span class=\"elementor-toggle-icon-closed\"><i class=\"icon icon-down-open\"><\/i><\/span>\n\t\t\t\t\t\t\t\t<span class=\"elementor-toggle-icon-opened\"><i class=\"elementor-toggle-icon-opened icon icon-up-open\"><\/i><\/span>\n\t\t\t\t\t\t\t\t\t\t\t\t\t<\/span>\n\t\t\t\t\t\t\t\t\t\t\t\t<a class=\"elementor-toggle-title\" tabindex=\"0\">Eintrittspreise<\/a>\n\t\t\t\t\t<\/h3>\n\n\t\t\t\t\t<div id=\"elementor-tab-content-1041\" class=\"elementor-tab-content elementor-clearfix\" data-tab=\"1\" role=\"region\" aria-labelledby=\"elementor-tab-title-1041\"><p>Einmalige Besucher zahlen f\u00fcr den Zugang zur gesamten experimenta einschlie\u00dflich der Erlebniswelten und dem Science Dome 8,00\u20ac zum erm\u00e4\u00dfigten Gruppentarif.<br \/>F\u00fcr Schulen besteht die M\u00f6glichkeit, eine <a href=\"#linksammlung\">Schuljahres-Mitgliedschaft<\/a> abzuschlie\u00dfen. Der Eintritt kostet dann nur noch 2,00\u20ac pro Sch\u00fcler. Wenn ein Laborkurs gebucht wird, dann ist der Eintritt kostenfrei. Die Laborkurse k\u00f6nnen bereits ab 7,50\u20ac pro Sch\u00fcler gebucht werden.\u00a0<\/p><\/div>\n\t\t\t\t<\/div>\n\t\t\t\t\t\t\t<div class=\"elementor-toggle-item\">\n\t\t\t\t\t<h3 id=\"elementor-tab-title-1042\" class=\"elementor-tab-title\" data-tab=\"2\" role=\"button\" aria-controls=\"elementor-tab-content-1042\" aria-expanded=\"false\">\n\t\t\t\t\t\t\t\t\t\t\t\t<span class=\"elementor-toggle-icon elementor-toggle-icon-right\" aria-hidden=\"true\">\n\t\t\t\t\t\t\t\t\t\t\t\t\t\t\t<span class=\"elementor-toggle-icon-closed\"><i class=\"icon icon-down-open\"><\/i><\/span>\n\t\t\t\t\t\t\t\t<span class=\"elementor-toggle-icon-opened\"><i class=\"elementor-toggle-icon-opened icon icon-up-open\"><\/i><\/span>\n\t\t\t\t\t\t\t\t\t\t\t\t\t<\/span>\n\t\t\t\t\t\t\t\t\t\t\t\t<a class=\"elementor-toggle-title\" tabindex=\"0\">Verpflegung<\/a>\n\t\t\t\t\t<\/h3>\n\n\t\t\t\t\t<div id=\"elementor-tab-content-1042\" class=\"elementor-tab-content elementor-clearfix\" data-tab=\"2\" role=\"region\" aria-labelledby=\"elementor-tab-title-1042\"><p>Die experimenta verf\u00fcgt \u00fcber ein eigenes Restaurant mit g\u00fcnstigen Snacks, Getr\u00e4nken und Mahlzeiten. Alternativ laden die Gr\u00fcnfl\u00e4chen der Forscherinsel zu einem Picknick mit mitgebrachten Speisen ein. Die Heilbronner Innenstadt mit g\u00fcnstigen B\u00e4ckereien und anderen Einkaufsm\u00f6glichkeiten ist nur wenige Gehminuten entfernt.<\/p><\/div>\n\t\t\t\t<\/div>\n\t\t\t\t\t\t\t<div class=\"elementor-toggle-item\">\n\t\t\t\t\t<h3 id=\"elementor-tab-title-1043\" class=\"elementor-tab-title\" data-tab=\"3\" role=\"button\" aria-controls=\"elementor-tab-content-1043\" aria-expanded=\"false\">\n\t\t\t\t\t\t\t\t\t\t\t\t<span class=\"elementor-toggle-icon elementor-toggle-icon-right\" aria-hidden=\"true\">\n\t\t\t\t\t\t\t\t\t\t\t\t\t\t\t<span class=\"elementor-toggle-icon-closed\"><i class=\"icon icon-down-open\"><\/i><\/span>\n\t\t\t\t\t\t\t\t<span class=\"elementor-toggle-icon-opened\"><i class=\"elementor-toggle-icon-opened icon icon-up-open\"><\/i><\/span>\n\t\t\t\t\t\t\t\t\t\t\t\t\t<\/span>\n\t\t\t\t\t\t\t\t\t\t\t\t<a class=\"elementor-toggle-title\" tabindex=\"0\">Barrierefreiheit<\/a>\n\t\t\t\t\t<\/h3>\n\n\t\t\t\t\t<div id=\"elementor-tab-content-1043\" class=\"elementor-tab-content elementor-clearfix\" data-tab=\"3\" role=\"region\" aria-labelledby=\"elementor-tab-title-1043\"><p>Die Innenbereiche der experimenta sind barrierefrei.<\/p><\/div>\n\t\t\t\t<\/div>\n\t\t\t\t\t\t\t<div class=\"elementor-toggle-item\">\n\t\t\t\t\t<h3 id=\"elementor-tab-title-1044\" class=\"elementor-tab-title\" data-tab=\"4\" role=\"button\" aria-controls=\"elementor-tab-content-1044\" aria-expanded=\"false\">\n\t\t\t\t\t\t\t\t\t\t\t\t<span class=\"elementor-toggle-icon elementor-toggle-icon-right\" aria-hidden=\"true\">\n\t\t\t\t\t\t\t\t\t\t\t\t\t\t\t<span class=\"elementor-toggle-icon-closed\"><i class=\"icon icon-down-open\"><\/i><\/span>\n\t\t\t\t\t\t\t\t<span class=\"elementor-toggle-icon-opened\"><i class=\"elementor-toggle-icon-opened icon icon-up-open\"><\/i><\/span>\n\t\t\t\t\t\t\t\t\t\t\t\t\t<\/span>\n\t\t\t\t\t\t\t\t\t\t\t\t<a class=\"elementor-toggle-title\" tabindex=\"0\">Anfahrt<\/a>\n\t\t\t\t\t<\/h3>\n\n\t\t\t\t\t<div id=\"elementor-tab-content-1044\" class=\"elementor-tab-content elementor-clearfix\" data-tab=\"4\" role=\"region\" aria-labelledby=\"elementor-tab-title-1044\"><p>Bei der Anreise mit dem Reisebus empfiehlt es sich, die Sch\u00fcler an der experimenta aussteigen zu lassen. Busparkpl\u00e4tze stehen lediglich am Stadtrand (Theresienwiese) zur Verf\u00fcgung. Eine Anreise mit \u00f6ffentlichen Verkehrsmitteln ist relativ einfach: Vom Hauptbahnhof Heilbronn sind es nur zehn Gehminuten zur experimenta.<\/p><\/div>\n\t\t\t\t<\/div>\n\t\t\t\t\t\t\t\t<\/div>\n\t\t\t\t\t\t<\/div>\n\t\t\t\t<\/div>\n\t\t\t\t<div class=\"elementor-element elementor-element-40b9162 elementor-widget elementor-widget-text-editor\" data-id=\"40b9162\" data-element_type=\"widget\" data-widget_type=\"text-editor.default\">\n\t\t\t\t<div class=\"elementor-widget-container\">\n\t\t\t\t\t\t\t\t\t<h3>Warum sich die experimenta Heilbronn als au\u00dferschulischer Lernort lohnt<\/h3><p>Das gr\u00f6\u00dfte Science Center im S\u00fcden Deutschlands ist ideal geeignet, um Schulklassen auf <strong>anschauliche Weise die Naturwissenschaften n\u00e4herzubringen<\/strong>. Die Labore erm\u00f6glichen praktische Erfahrungen unter fachkundiger Anleitung zu Bedingungen, die im Schulbetrieb nicht m\u00f6glich sind. Heilbronn ist dank der zentralen Lage in Baden-W\u00fcrttemberg leicht zu erreichen.<\/p>\t\t\t\t\t\t\t\t<\/div>\n\t\t\t\t<\/div>\n\t\t\t\t<section class=\"elementor-section elementor-inner-section elementor-element elementor-element-d65e780 elementor-section-boxed elementor-section-height-default elementor-section-height-default\" data-id=\"d65e780\" data-element_type=\"section\">\n\t\t\t\t\t\t<div class=\"elementor-container elementor-column-gap-default\">\n\t\t\t\t\t<div class=\"elementor-column elementor-col-50 elementor-inner-column elementor-element elementor-element-44f2dcb auto-width\" data-id=\"44f2dcb\" data-element_type=\"column\">\n\t\t\t<div class=\"elementor-widget-wrap elementor-element-populated\">\n\t\t\t\t\t\t<div class=\"elementor-element elementor-element-6c92181 elementor-view-default elementor-widget elementor-widget-icon\" data-id=\"6c92181\" data-element_type=\"widget\" data-widget_type=\"icon.default\">\n\t\t\t\t<div class=\"elementor-widget-container\">\n\t\t\t\t\t\t\t<div class=\"elementor-icon-wrapper\">\n\t\t\t<div class=\"elementor-icon\">\n\t\t\t<i aria-hidden=\"true\" class=\"icon icon-blog_tip\"><\/i>\t\t\t<\/div>\n\t\t<\/div>\n\t\t\t\t\t\t<\/div>\n\t\t\t\t<\/div>\n\t\t\t\t\t<\/div>\n\t\t<\/div>\n\t\t\t\t<div class=\"elementor-column elementor-col-50 elementor-inner-column elementor-element elementor-element-b31361a\" data-id=\"b31361a\" data-element_type=\"column\">\n\t\t\t<div class=\"elementor-widget-wrap elementor-element-populated\">\n\t\t\t\t\t\t<div class=\"elementor-element elementor-element-378fe70 tip elementor-widget elementor-widget-text-editor\" data-id=\"378fe70\" data-element_type=\"widget\" data-widget_type=\"text-editor.default\">\n\t\t\t\t<div class=\"elementor-widget-container\">\n\t\t\t\t\t\t\t\t\t<p>Sch\u00fcler aus anderen Bundesl\u00e4ndern k\u00f6nnen den Ausflug nach Heilbronn in eine Klassenfahrt in den S\u00fcdwesten Deutschlands integrieren. Empfehlenswerte Standorte sind das sch\u00f6ne Heidelberg am Neckar mit seinen vielen Attraktionen und die Landeshauptstadt Stuttgart, in der vor allem an Technik interessierte Sch\u00fcler bei Mercedes-Benz und Porsche auf ihre Kosten kommen.<\/p>\t\t\t\t\t\t\t\t<\/div>\n\t\t\t\t<\/div>\n\t\t\t\t\t<\/div>\n\t\t<\/div>\n\t\t\t\t\t<\/div>\n\t\t<\/section>\n\t\t\t\t<div class=\"elementor-element elementor-element-ba9d4e0 elementor-widget elementor-widget-text-editor\" data-id=\"ba9d4e0\" data-element_type=\"widget\" data-widget_type=\"text-editor.default\">\n\t\t\t\t<div class=\"elementor-widget-container\">\n\t\t\t\t\t\t\t\t\t<p>Bleibt nach dem Besuch der <strong>experimenta<\/strong> noch genug Zeit, k\u00f6nnen sich die Sch\u00fcler anschlie\u00dfend im benachbarten <strong>Freizeitbad Soleo austoben<\/strong> oder<strong> auf eigene Faust die Innenstadt erkunden<\/strong>.<\/p>\t\t\t\t\t\t\t\t<\/div>\n\t\t\t\t<\/div>\n\t\t\t\t<div class=\"elementor-element elementor-element-fb212f9 elementor-cta--valign-top lines lines-2 elementor-cta--skin-classic elementor-animated-content elementor-bg-transform elementor-bg-transform-zoom-in elementor-widget elementor-widget-call-to-action\" data-id=\"fb212f9\" data-element_type=\"widget\" data-widget_type=\"call-to-action.default\">\n\t\t\t\t<div class=\"elementor-widget-container\">\n\t\t\t\t\t\t\t<div class=\"elementor-cta\">\n\t\t\t\t\t\t\t<div class=\"elementor-cta__content\">\n\t\t\t\t\n\t\t\t\t\t\t\t\t\t<h2 class=\"elementor-cta__title elementor-cta__content-item elementor-content-item\">\n\t\t\t\t\t\tUnsere Angebote\t\t\t\t\t<\/h2>\n\t\t\t\t\n\t\t\t\t\t\t\t\t\t<div class=\"elementor-cta__description elementor-cta__content-item elementor-content-item\">\n\t\t\t\t\t\tStellen Sie sich jetzt Ihre individuelle Klassenfahrt nach Heidelberg oder Heilbronn zusammen!\t\t\t\t\t<\/div>\n\t\t\t\t\n\t\t\t\t\t\t\t\t\t<div class=\"elementor-cta__button-wrapper elementor-cta__content-item elementor-content-item \">\n\t\t\t\t\t<a class=\"elementor-cta__button elementor-button elementor-size-\" href=\"https:\/\/www.herole.de\/klassenfahrten-heidelberg\" target=\"_blank\">\n\t\t\t\t\t\tMehr dazu\t\t\t\t\t<\/a>\n\t\t\t\t\t<\/div>\n\t\t\t\t\t\t\t<\/div>\n\t\t\t\t\t\t<\/div>\n\t\t\t\t\t\t<\/div>\n\t\t\t\t<\/div>\n\t\t\t\t<div class=\"elementor-element elementor-element-d7f6657 elementor-widget elementor-widget-heading\" data-id=\"d7f6657\" data-element_type=\"widget\" data-widget_type=\"heading.default\">\n\t\t\t\t<div class=\"elementor-widget-container\">\n\t\t\t\t\t<h2 class=\"elementor-heading-title elementor-size-default\">Weitere au\u00dferschulische Lernorte in Deutschland<\/h2>\t\t\t\t<\/div>\n\t\t\t\t<\/div>\n\t\t\t\t<div class=\"elementor-element elementor-element-47de35df elementor-posts__hover-none one-line-tiles elementor-widget-tablet__width-initial elementor-widget-mobile__width-initial elementor-grid-3 elementor-grid-tablet-2 elementor-grid-mobile-1 elementor-posts--thumbnail-top elementor-card-shadow-yes elementor-widget elementor-widget-posts\" data-id=\"47de35df\" data-element_type=\"widget\" data-settings=\"{&quot;cards_columns&quot;:&quot;3&quot;,&quot;cards_columns_tablet&quot;:&quot;2&quot;,&quot;cards_columns_mobile&quot;:&quot;1&quot;,&quot;cards_row_gap&quot;:{&quot;unit&quot;:&quot;px&quot;,&quot;size&quot;:35,&quot;sizes&quot;:[]},&quot;cards_row_gap_tablet&quot;:{&quot;unit&quot;:&quot;px&quot;,&quot;size&quot;:&quot;&quot;,&quot;sizes&quot;:[]},&quot;cards_row_gap_mobile&quot;:{&quot;unit&quot;:&quot;px&quot;,&quot;size&quot;:&quot;&quot;,&quot;sizes&quot;:[]}}\" data-widget_type=\"posts.cards\">\n\t\t\t\t<div class=\"elementor-widget-container\">\n\t\t\t\t\t\t\t<div class=\"elementor-posts-container elementor-posts elementor-posts--skin-cards elementor-grid\">\n\t\t\t\t<article class=\"elementor-post elementor-grid-item post-14034 post type-post status-publish format-standard has-post-thumbnail hentry category-programme tag-ausserschulische_lernorte tag-berlin tag-de tag-dresden tag-la001307 tag-la001360 tag-la004922 tag-la005630 tag-weimar\">\n\t\t\t<div class=\"elementor-post__card\">\n\t\t\t\t<a class=\"elementor-post__thumbnail__link\" href=\"https:\/\/www.herole.de\/blog\/ausserschulische-lernorte-ostdeutschland\/\" tabindex=\"-1\" ><div class=\"elementor-post__thumbnail\"><img loading=\"lazy\" decoding=\"async\" width=\"300\" height=\"200\" src=\"https:\/\/www.herole.de\/blog\/wp-content\/uploads\/kfd-berlin-checkpoint-charlie-300x200.jpg\" class=\"attachment-medium size-medium wp-image-14047\" alt=\"Checkpoint Charlie in Berlin\" srcset=\"https:\/\/www.herole.de\/blog\/wp-content\/uploads\/kfd-berlin-checkpoint-charlie-300x200.jpg 300w, https:\/\/www.herole.de\/blog\/wp-content\/uploads\/kfd-berlin-checkpoint-charlie-1024x683.jpg 1024w, https:\/\/www.herole.de\/blog\/wp-content\/uploads\/kfd-berlin-checkpoint-charlie-768x512.jpg 768w, https:\/\/www.herole.de\/blog\/wp-content\/uploads\/kfd-berlin-checkpoint-charlie-1536x1024.jpg 1536w, https:\/\/www.herole.de\/blog\/wp-content\/uploads\/kfd-berlin-checkpoint-charlie.jpg 1920w\" sizes=\"(max-width: 300px) 100vw, 300px\" \/><\/div><\/a>\n\t\t\t\t<div class=\"elementor-post__badge\">Programme<\/div>\n\t\t\t\t<div class=\"elementor-post__text\">\n\t\t\t\t<h3 class=\"elementor-post__title\">\n\t\t\t<a href=\"https:\/\/www.herole.de\/blog\/ausserschulische-lernorte-ostdeutschland\/\" >\n\t\t\t\tAu\u00dferschulische Lernorte in Ostdeutschland\t\t\t<\/a>\n\t\t<\/h3>\n\t\t\t\t<\/div>\n\t\t\t\t<div class=\"elementor-post__meta-data\">\n\t\t\t\t\t<span class=\"elementor-post-date\">\n\t\t\t10. M\u00e4rz 2020\t\t<\/span>\n\t\t\t\t<\/div>\n\t\t\t\t\t<\/div>\n\t\t<\/article>\n\t\t\t\t<article class=\"elementor-post elementor-grid-item post-14135 post type-post status-publish format-standard has-post-thumbnail hentry category-programme tag-ausserschulische_lernorte tag-bodensee tag-de tag-heidelberg tag-la001274 tag-la003146 tag-la006362 tag-la008006 tag-muenchen tag-nuernberg\">\n\t\t\t<div class=\"elementor-post__card\">\n\t\t\t\t<a class=\"elementor-post__thumbnail__link\" href=\"https:\/\/www.herole.de\/blog\/ausserschulische-lernorte-sueddeutschland\/\" tabindex=\"-1\" ><div class=\"elementor-post__thumbnail\"><img loading=\"lazy\" decoding=\"async\" width=\"300\" height=\"200\" src=\"https:\/\/www.herole.de\/blog\/wp-content\/uploads\/experimenta-heilbronn-300x200.jpg\" class=\"attachment-medium size-medium wp-image-14154\" alt=\"Eine strukturierte Ausstellung in der experimenta in Heilbronn\" srcset=\"https:\/\/www.herole.de\/blog\/wp-content\/uploads\/experimenta-heilbronn-300x200.jpg 300w, https:\/\/www.herole.de\/blog\/wp-content\/uploads\/experimenta-heilbronn-768x512.jpg 768w, https:\/\/www.herole.de\/blog\/wp-content\/uploads\/experimenta-heilbronn-1024x683.jpg 1024w, https:\/\/www.herole.de\/blog\/wp-content\/uploads\/experimenta-heilbronn.jpg 1920w\" sizes=\"(max-width: 300px) 100vw, 300px\" \/><\/div><\/a>\n\t\t\t\t<div class=\"elementor-post__badge\">Programme<\/div>\n\t\t\t\t<div class=\"elementor-post__text\">\n\t\t\t\t<h3 class=\"elementor-post__title\">\n\t\t\t<a href=\"https:\/\/www.herole.de\/blog\/ausserschulische-lernorte-sueddeutschland\/\" >\n\t\t\t\tAu\u00dferschulische Lernorte in S\u00fcddeutschland\t\t\t<\/a>\n\t\t<\/h3>\n\t\t\t\t<\/div>\n\t\t\t\t<div class=\"elementor-post__meta-data\">\n\t\t\t\t\t<span class=\"elementor-post-date\">\n\t\t\t12. M\u00e4rz 2020\t\t<\/span>\n\t\t\t\t<\/div>\n\t\t\t\t\t<\/div>\n\t\t<\/article>\n\t\t\t\t<article class=\"elementor-post elementor-grid-item post-13969 post type-post status-publish format-standard has-post-thumbnail hentry category-programme tag-ausserschulische_lernorte tag-bremerhaven tag-de tag-hamburg tag-la001182 tag-la001250 tag-la003702 tag-la003705 tag-la004175 tag-stralsund\">\n\t\t\t<div class=\"elementor-post__card\">\n\t\t\t\t<a class=\"elementor-post__thumbnail__link\" href=\"https:\/\/www.herole.de\/blog\/ausserschulische-lernorte-norddeutschland\/\" tabindex=\"-1\" ><div class=\"elementor-post__thumbnail\"><img loading=\"lazy\" decoding=\"async\" width=\"300\" height=\"200\" src=\"https:\/\/www.herole.de\/blog\/wp-content\/uploads\/shutterstock_37117357-65987fde4aa17423040658b299469dc5-300x200.jpg\" class=\"attachment-medium size-medium wp-image-14008\" alt=\"M\u00e4dchen am Stand der Nordsee\" srcset=\"https:\/\/www.herole.de\/blog\/wp-content\/uploads\/shutterstock_37117357-65987fde4aa17423040658b299469dc5-300x200.jpg 300w, https:\/\/www.herole.de\/blog\/wp-content\/uploads\/shutterstock_37117357-65987fde4aa17423040658b299469dc5-768x512.jpg 768w, https:\/\/www.herole.de\/blog\/wp-content\/uploads\/shutterstock_37117357-65987fde4aa17423040658b299469dc5-1024x683.jpg 1024w, https:\/\/www.herole.de\/blog\/wp-content\/uploads\/shutterstock_37117357-65987fde4aa17423040658b299469dc5.jpg 1920w\" sizes=\"(max-width: 300px) 100vw, 300px\" \/><\/div><\/a>\n\t\t\t\t<div class=\"elementor-post__badge\">Programme<\/div>\n\t\t\t\t<div class=\"elementor-post__text\">\n\t\t\t\t<h3 class=\"elementor-post__title\">\n\t\t\t<a href=\"https:\/\/www.herole.de\/blog\/ausserschulische-lernorte-norddeutschland\/\" >\n\t\t\t\tAu\u00dferschulische Lernorte in Norddeutschland\t\t\t<\/a>\n\t\t<\/h3>\n\t\t\t\t<\/div>\n\t\t\t\t<div class=\"elementor-post__meta-data\">\n\t\t\t\t\t<span class=\"elementor-post-date\">\n\t\t\t5. M\u00e4rz 2020\t\t<\/span>\n\t\t\t\t<\/div>\n\t\t\t\t\t<\/div>\n\t\t<\/article>\n\t\t\t\t<\/div>\n\t\t\n\t\t\t\t\t\t<\/div>\n\t\t\t\t<\/div>\n\t\t\t\t<div class=\"elementor-element elementor-element-31f1eecb elementor-widget elementor-widget-button\" data-id=\"31f1eecb\" data-element_type=\"widget\" data-widget_type=\"button.default\">\n\t\t\t\t<div class=\"elementor-widget-container\">\n\t\t\t\t\t\t\t\t\t<div class=\"elementor-button-wrapper\">\n\t\t\t\t\t<a class=\"elementor-button elementor-button-link elementor-size-sm\" href=\"https:\/\/www.herole.de\/blog\/ausserschulische-lernorte\/\">\n\t\t\t\t\t\t<span class=\"elementor-button-content-wrapper\">\n\t\t\t\t\t\t\t\t\t<span class=\"elementor-button-text\">weitere Lernorte<\/span>\n\t\t\t\t\t<\/span>\n\t\t\t\t\t<\/a>\n\t\t\t\t<\/div>\n\t\t\t\t\t\t\t\t<\/div>\n\t\t\t\t<\/div>\n\t\t\t\t<div class=\"elementor-element elementor-element-27111523 elementor-widget elementor-widget-menu-anchor\" data-id=\"27111523\" data-element_type=\"widget\" data-widget_type=\"menu-anchor.default\">\n\t\t\t\t<div class=\"elementor-widget-container\">\n\t\t\t\t\t\t\t<div class=\"elementor-menu-anchor\" id=\"linksammlung\"><\/div>\n\t\t\t\t\t\t<\/div>\n\t\t\t\t<\/div>\n\t\t\t\t<div class=\"elementor-element elementor-element-6e5b1842 elementor-widget elementor-widget-text-editor\" data-id=\"6e5b1842\" data-element_type=\"widget\" data-widget_type=\"text-editor.default\">\n\t\t\t\t<div class=\"elementor-widget-container\">\n\t\t\t\t\t\t\t\t\t<h2>Linksammlung<\/h2><ul><li>Deutsches Museum: <a href=\"http:\/\/www.deutsches-museum.de\/angebote\/schule-im-museum\/\" target=\"_blank\" rel=\"noopener\">Alle Angebote f\u00fcr Schulen<\/a><\/li><li>Dokumentationszentrum Reichsparteitagsgel\u00e4nde N\u00fcrnberg: <a href=\"https:\/\/museen.nuernberg.de\/fileadmin\/mdsn\/pdf\/Dokuzentrum\/Downloads\/Bildungsangebot\/bildungsangebot-dokuzentrum.pdf\" target=\"_blank\" rel=\"noopener\">Brosch\u00fcre des Studienforums<\/a><\/li><li>Gr\u00fcne Schule Mainau: <a href=\"https:\/\/www.gaertnern-fuer-alle.de\/\" target=\"_blank\" rel=\"noopener\">Das gesamte Programm der Forscherwelten<\/a><\/li><li>experimenta Heilbronn: <a href=\"https:\/\/www.experimenta.science\/de\/die-experimenta\/forscherwelten\" target=\"_blank\" rel=\"noopener\">Alle Angebote f\u00fcr Schulen<\/a><\/li><li>experimenta Heilbronn: <a href=\"http:\/\/files.experimenta.science\/2019-06_Schulmitgliedschaft_DinA4_1AUF-Web.pdf\" target=\"_blank\" rel=\"noopener\">Alle Informationen zur Schuljahres-Mitgliedschaft<\/a><\/li><\/ul>\t\t\t\t\t\t\t\t<\/div>\n\t\t\t\t<\/div>\n\t\t\t\t<div class=\"elementor-element elementor-element-31960fdc elementor-widget elementor-widget-text-editor\" data-id=\"31960fdc\" data-element_type=\"widget\" data-widget_type=\"text-editor.default\">\n\t\t\t\t<div class=\"elementor-widget-container\">\n\t\t\t\t\t\t\t\t\t<h2>Bildnachweis<\/h2><ul><li>Ausstellung in der experimenta (Hauptbild des Beitrags): \u00a9 experimenta Heilbronn<\/li><li>Au\u00dfenansicht Deutsches Museum: \u00a9 Deutsches Museum<\/li><li>Zwei Sch\u00fcler vor einem Bildschirm im Deutschen Museum: \u00a9 Deutsches Museum<\/li><li>Ausstellung: <a href=\"https:\/\/museen.nuernberg.de\/fileadmin\/mdsn\/images\/content\/Dokuzentrum\/Service\/Presse\/2019\/Reichsparteitagsgelaende_im_Krieg\/individuelle-schicksale-p.jpg\">Museen der Stadt N\u00fcrnberg<\/a>, Dokumentationszentrum Reichsparteitagsgel\u00e4nde; Foto: Stefan Meyer<\/li><li>Sch\u00fclerexperiment in der experimenta Heilbronn: \u00a9 experimenta Heilbronn<\/li><\/ul>\t\t\t\t\t\t\t\t<\/div>\n\t\t\t\t<\/div>\n\t\t\t\t\t<\/div>\n\t\t<\/div>\n\t\t\t\t\t<\/div>\n\t\t<\/section>\n\t\t\t\t<\/div>\n\t\t","protected":false},"excerpt":{"rendered":"<p>S\u00fcddeutschland mit seinen vielen attraktiven Zielen vom Schwarzwald im Westen bis zum Bayerischen Wald im Osten h\u00e4lt eine F\u00fclle hochwertiger au\u00dferschulischer Lernorte bereit. Sie lassen sich gut im Rahmen eines Halbtages- oder Tagesausflugs besuchen oder in eine Klassenfahrt integrieren.<\/p>\n","protected":false},"author":6,"featured_media":14154,"comment_status":"closed","ping_status":"closed","sticky":false,"template":"","format":"standard","meta":{"footnotes":""},"categories":[38],"tags":[324,338,83,339,340,341,342,343,102,292],"class_list":["post-14135","post","type-post","status-publish","format-standard","has-post-thumbnail","hentry","category-programme","tag-ausserschulische_lernorte","tag-bodensee","tag-de","tag-heidelberg","tag-la001274","tag-la003146","tag-la006362","tag-la008006","tag-muenchen","tag-nuernberg"],"yoast_head":"<!-- This site is optimized with the Yoast SEO plugin v26.0 - https:\/\/yoast.com\/wordpress\/plugins\/seo\/ -->\n<title>Au\u00dferschulische Lernorte in S\u00fcddeutschland - HEROL\u00c9 Ratgeber<\/title>\n<meta name=\"description\" content=\"Schwarzwald im Westen, bayrischer Wald im Osten... S\u00fcddeutschland hat definitiv einige hochwertige au\u00dferschulische Lernorte zu bieten.\" \/>\n<meta name=\"robots\" content=\"index, follow, max-snippet:-1, max-image-preview:large, max-video-preview:-1\" \/>\n<link rel=\"canonical\" href=\"https:\/\/www.herole.de\/blog\/ausserschulische-lernorte-sueddeutschland\/\" \/>\n<meta property=\"og:locale\" content=\"de_DE\" \/>\n<meta property=\"og:type\" content=\"article\" \/>\n<meta property=\"og:title\" content=\"Au\u00dferschulische Lernorte in S\u00fcddeutschland - HEROL\u00c9 Ratgeber\" \/>\n<meta property=\"og:description\" content=\"Schwarzwald im Westen, bayrischer Wald im Osten... S\u00fcddeutschland hat definitiv einige hochwertige au\u00dferschulische Lernorte zu bieten.\" \/>\n<meta property=\"og:url\" content=\"https:\/\/www.herole.de\/blog\/ausserschulische-lernorte-sueddeutschland\/\" \/>\n<meta property=\"og:site_name\" content=\"HEROL\u00c9 Ratgeber\" \/>\n<meta property=\"article:publisher\" content=\"https:\/\/www.facebook.com\/HeroleKlassenfahrten\" \/>\n<meta property=\"article:published_time\" content=\"2020-03-12T10:20:15+00:00\" \/>\n<meta property=\"article:modified_time\" content=\"2024-10-14T13:05:46+00:00\" \/>\n<meta property=\"og:image\" content=\"https:\/\/www.herole.de\/blog\/wp-content\/uploads\/experimenta-heilbronn.jpg\" \/>\n\t<meta property=\"og:image:width\" content=\"1920\" \/>\n\t<meta property=\"og:image:height\" content=\"1280\" \/>\n\t<meta property=\"og:image:type\" content=\"image\/jpeg\" \/>\n<meta name=\"author\" content=\"Heike Philipp\" \/>\n<meta name=\"twitter:card\" content=\"summary_large_image\" \/>\n<meta name=\"twitter:creator\" content=\"@heike.bach\" \/>\n<meta name=\"twitter:site\" content=\"@herole_reisen\" \/>\n<meta name=\"twitter:label1\" content=\"Verfasst von\" \/>\n\t<meta name=\"twitter:data1\" content=\"Heike Philipp\" \/>\n\t<meta name=\"twitter:label2\" content=\"Gesch\u00e4tzte Lesezeit\" \/>\n\t<meta name=\"twitter:data2\" content=\"15\u00a0Minuten\" \/>\n<script type=\"application\/ld+json\" class=\"yoast-schema-graph\">{\"@context\":\"https:\/\/schema.org\",\"@graph\":[{\"@type\":\"Article\",\"@id\":\"https:\/\/www.herole.de\/blog\/ausserschulische-lernorte-sueddeutschland\/#article\",\"isPartOf\":{\"@id\":\"https:\/\/www.herole.de\/blog\/ausserschulische-lernorte-sueddeutschland\/\"},\"author\":{\"name\":\"Heike Philipp\",\"@id\":\"https:\/\/www.herole.de\/blog\/#\/schema\/person\/13fb982c1909aaffcf2c09f0fde399ba\"},\"headline\":\"Au\u00dferschulische Lernorte in S\u00fcddeutschland\",\"datePublished\":\"2020-03-12T10:20:15+00:00\",\"dateModified\":\"2024-10-14T13:05:46+00:00\",\"mainEntityOfPage\":{\"@id\":\"https:\/\/www.herole.de\/blog\/ausserschulische-lernorte-sueddeutschland\/\"},\"wordCount\":2576,\"publisher\":{\"@id\":\"https:\/\/www.herole.de\/blog\/#organization\"},\"image\":{\"@id\":\"https:\/\/www.herole.de\/blog\/ausserschulische-lernorte-sueddeutschland\/#primaryimage\"},\"thumbnailUrl\":\"https:\/\/www.herole.de\/blog\/wp-content\/uploads\/experimenta-heilbronn.jpg\",\"keywords\":[\"Au\u00dferschulische_Lernorte\",\"BODENSEE\",\"DE\",\"HEIDELBERG\",\"LA001274\",\"LA003146\",\"LA006362\",\"LA008006\",\"MUENCHEN\",\"NUERNBERG\"],\"articleSection\":[\"Programme\"],\"inLanguage\":\"de\"},{\"@type\":\"WebPage\",\"@id\":\"https:\/\/www.herole.de\/blog\/ausserschulische-lernorte-sueddeutschland\/\",\"url\":\"https:\/\/www.herole.de\/blog\/ausserschulische-lernorte-sueddeutschland\/\",\"name\":\"Au\u00dferschulische Lernorte in S\u00fcddeutschland - HEROL\u00c9 Ratgeber\",\"isPartOf\":{\"@id\":\"https:\/\/www.herole.de\/blog\/#website\"},\"primaryImageOfPage\":{\"@id\":\"https:\/\/www.herole.de\/blog\/ausserschulische-lernorte-sueddeutschland\/#primaryimage\"},\"image\":{\"@id\":\"https:\/\/www.herole.de\/blog\/ausserschulische-lernorte-sueddeutschland\/#primaryimage\"},\"thumbnailUrl\":\"https:\/\/www.herole.de\/blog\/wp-content\/uploads\/experimenta-heilbronn.jpg\",\"datePublished\":\"2020-03-12T10:20:15+00:00\",\"dateModified\":\"2024-10-14T13:05:46+00:00\",\"description\":\"Schwarzwald im Westen, bayrischer Wald im Osten... S\u00fcddeutschland hat definitiv einige hochwertige au\u00dferschulische Lernorte zu bieten.\",\"breadcrumb\":{\"@id\":\"https:\/\/www.herole.de\/blog\/ausserschulische-lernorte-sueddeutschland\/#breadcrumb\"},\"inLanguage\":\"de\",\"potentialAction\":[{\"@type\":\"ReadAction\",\"target\":[\"https:\/\/www.herole.de\/blog\/ausserschulische-lernorte-sueddeutschland\/\"]}]},{\"@type\":\"ImageObject\",\"inLanguage\":\"de\",\"@id\":\"https:\/\/www.herole.de\/blog\/ausserschulische-lernorte-sueddeutschland\/#primaryimage\",\"url\":\"https:\/\/www.herole.de\/blog\/wp-content\/uploads\/experimenta-heilbronn.jpg\",\"contentUrl\":\"https:\/\/www.herole.de\/blog\/wp-content\/uploads\/experimenta-heilbronn.jpg\",\"width\":1920,\"height\":1280,\"caption\":\"\u00a9 experimenta\"},{\"@type\":\"BreadcrumbList\",\"@id\":\"https:\/\/www.herole.de\/blog\/ausserschulische-lernorte-sueddeutschland\/#breadcrumb\",\"itemListElement\":[{\"@type\":\"ListItem\",\"position\":1,\"name\":\"Startseite\",\"item\":\"https:\/\/www.herole.de\/blog\/\"},{\"@type\":\"ListItem\",\"position\":2,\"name\":\"Au\u00dferschulische Lernorte in S\u00fcddeutschland\"}]},{\"@type\":\"WebSite\",\"@id\":\"https:\/\/www.herole.de\/blog\/#website\",\"url\":\"https:\/\/www.herole.de\/blog\/\",\"name\":\"HEROL\u00c9 Ratgeber\",\"description\":\"Wissenswertes rund um die Organisation von Klassenfahrten, zudem Lehrertipps und Themen des Schulalltags.\",\"publisher\":{\"@id\":\"https:\/\/www.herole.de\/blog\/#organization\"},\"potentialAction\":[{\"@type\":\"SearchAction\",\"target\":{\"@type\":\"EntryPoint\",\"urlTemplate\":\"https:\/\/www.herole.de\/blog\/?s={search_term_string}\"},\"query-input\":{\"@type\":\"PropertyValueSpecification\",\"valueRequired\":true,\"valueName\":\"search_term_string\"}}],\"inLanguage\":\"de\"},{\"@type\":\"Organization\",\"@id\":\"https:\/\/www.herole.de\/blog\/#organization\",\"name\":\"HEROL\u00c9 Reisen GmbH\",\"url\":\"https:\/\/www.herole.de\/blog\/\",\"logo\":{\"@type\":\"ImageObject\",\"inLanguage\":\"de\",\"@id\":\"https:\/\/www.herole.de\/blog\/#\/schema\/logo\/image\/\",\"url\":\"https:\/\/www.herole.de\/blog\/wp-content\/uploads\/herole-logo.png\",\"contentUrl\":\"https:\/\/www.herole.de\/blog\/wp-content\/uploads\/herole-logo.png\",\"width\":274,\"height\":70,\"caption\":\"HEROL\u00c9 Reisen GmbH\"},\"image\":{\"@id\":\"https:\/\/www.herole.de\/blog\/#\/schema\/logo\/image\/\"},\"sameAs\":[\"https:\/\/www.facebook.com\/HeroleKlassenfahrten\",\"https:\/\/x.com\/herole_reisen\",\"https:\/\/instagram.com\/heroleklassenfahrten\",\"https:\/\/www.youtube.com\/HeroleReisen\"]},{\"@type\":\"Person\",\"@id\":\"https:\/\/www.herole.de\/blog\/#\/schema\/person\/13fb982c1909aaffcf2c09f0fde399ba\",\"name\":\"Heike Philipp\",\"image\":{\"@type\":\"ImageObject\",\"inLanguage\":\"de\",\"@id\":\"https:\/\/www.herole.de\/blog\/#\/schema\/person\/image\/\",\"url\":\"https:\/\/secure.gravatar.com\/avatar\/6010203aefccca33c04c1b210ceba8ee7e5a734d5844451cfadfb0913f869e7a?s=96&d=mm&r=g\",\"contentUrl\":\"https:\/\/secure.gravatar.com\/avatar\/6010203aefccca33c04c1b210ceba8ee7e5a734d5844451cfadfb0913f869e7a?s=96&d=mm&r=g\",\"caption\":\"Heike Philipp\"},\"sameAs\":[\"https:\/\/x.com\/heike.bach\"]}]}<\/script>\n<!-- \/ Yoast SEO plugin. -->","yoast_head_json":{"title":"Au\u00dferschulische Lernorte in S\u00fcddeutschland - HEROL\u00c9 Ratgeber","description":"Schwarzwald im Westen, bayrischer Wald im Osten... S\u00fcddeutschland hat definitiv einige hochwertige au\u00dferschulische Lernorte zu bieten.","robots":{"index":"index","follow":"follow","max-snippet":"max-snippet:-1","max-image-preview":"max-image-preview:large","max-video-preview":"max-video-preview:-1"},"canonical":"https:\/\/www.herole.de\/blog\/ausserschulische-lernorte-sueddeutschland\/","og_locale":"de_DE","og_type":"article","og_title":"Au\u00dferschulische Lernorte in S\u00fcddeutschland - HEROL\u00c9 Ratgeber","og_description":"Schwarzwald im Westen, bayrischer Wald im Osten... S\u00fcddeutschland hat definitiv einige hochwertige au\u00dferschulische Lernorte zu bieten.","og_url":"https:\/\/www.herole.de\/blog\/ausserschulische-lernorte-sueddeutschland\/","og_site_name":"HEROL\u00c9 Ratgeber","article_publisher":"https:\/\/www.facebook.com\/HeroleKlassenfahrten","article_published_time":"2020-03-12T10:20:15+00:00","article_modified_time":"2024-10-14T13:05:46+00:00","og_image":[{"width":1920,"height":1280,"url":"https:\/\/www.herole.de\/blog\/wp-content\/uploads\/experimenta-heilbronn.jpg","type":"image\/jpeg"}],"author":"Heike Philipp","twitter_card":"summary_large_image","twitter_creator":"@heike.bach","twitter_site":"@herole_reisen","twitter_misc":{"Verfasst von":"Heike Philipp","Gesch\u00e4tzte Lesezeit":"15\u00a0Minuten"},"schema":{"@context":"https:\/\/schema.org","@graph":[{"@type":"Article","@id":"https:\/\/www.herole.de\/blog\/ausserschulische-lernorte-sueddeutschland\/#article","isPartOf":{"@id":"https:\/\/www.herole.de\/blog\/ausserschulische-lernorte-sueddeutschland\/"},"author":{"name":"Heike Philipp","@id":"https:\/\/www.herole.de\/blog\/#\/schema\/person\/13fb982c1909aaffcf2c09f0fde399ba"},"headline":"Au\u00dferschulische Lernorte in S\u00fcddeutschland","datePublished":"2020-03-12T10:20:15+00:00","dateModified":"2024-10-14T13:05:46+00:00","mainEntityOfPage":{"@id":"https:\/\/www.herole.de\/blog\/ausserschulische-lernorte-sueddeutschland\/"},"wordCount":2576,"publisher":{"@id":"https:\/\/www.herole.de\/blog\/#organization"},"image":{"@id":"https:\/\/www.herole.de\/blog\/ausserschulische-lernorte-sueddeutschland\/#primaryimage"},"thumbnailUrl":"https:\/\/www.herole.de\/blog\/wp-content\/uploads\/experimenta-heilbronn.jpg","keywords":["Au\u00dferschulische_Lernorte","BODENSEE","DE","HEIDELBERG","LA001274","LA003146","LA006362","LA008006","MUENCHEN","NUERNBERG"],"articleSection":["Programme"],"inLanguage":"de"},{"@type":"WebPage","@id":"https:\/\/www.herole.de\/blog\/ausserschulische-lernorte-sueddeutschland\/","url":"https:\/\/www.herole.de\/blog\/ausserschulische-lernorte-sueddeutschland\/","name":"Au\u00dferschulische Lernorte in S\u00fcddeutschland - HEROL\u00c9 Ratgeber","isPartOf":{"@id":"https:\/\/www.herole.de\/blog\/#website"},"primaryImageOfPage":{"@id":"https:\/\/www.herole.de\/blog\/ausserschulische-lernorte-sueddeutschland\/#primaryimage"},"image":{"@id":"https:\/\/www.herole.de\/blog\/ausserschulische-lernorte-sueddeutschland\/#primaryimage"},"thumbnailUrl":"https:\/\/www.herole.de\/blog\/wp-content\/uploads\/experimenta-heilbronn.jpg","datePublished":"2020-03-12T10:20:15+00:00","dateModified":"2024-10-14T13:05:46+00:00","description":"Schwarzwald im Westen, bayrischer Wald im Osten... S\u00fcddeutschland hat definitiv einige hochwertige au\u00dferschulische Lernorte zu bieten.","breadcrumb":{"@id":"https:\/\/www.herole.de\/blog\/ausserschulische-lernorte-sueddeutschland\/#breadcrumb"},"inLanguage":"de","potentialAction":[{"@type":"ReadAction","target":["https:\/\/www.herole.de\/blog\/ausserschulische-lernorte-sueddeutschland\/"]}]},{"@type":"ImageObject","inLanguage":"de","@id":"https:\/\/www.herole.de\/blog\/ausserschulische-lernorte-sueddeutschland\/#primaryimage","url":"https:\/\/www.herole.de\/blog\/wp-content\/uploads\/experimenta-heilbronn.jpg","contentUrl":"https:\/\/www.herole.de\/blog\/wp-content\/uploads\/experimenta-heilbronn.jpg","width":1920,"height":1280,"caption":"\u00a9 experimenta"},{"@type":"BreadcrumbList","@id":"https:\/\/www.herole.de\/blog\/ausserschulische-lernorte-sueddeutschland\/#breadcrumb","itemListElement":[{"@type":"ListItem","position":1,"name":"Startseite","item":"https:\/\/www.herole.de\/blog\/"},{"@type":"ListItem","position":2,"name":"Au\u00dferschulische Lernorte in S\u00fcddeutschland"}]},{"@type":"WebSite","@id":"https:\/\/www.herole.de\/blog\/#website","url":"https:\/\/www.herole.de\/blog\/","name":"HEROL\u00c9 Ratgeber","description":"Wissenswertes rund um die Organisation von Klassenfahrten, zudem Lehrertipps und Themen des Schulalltags.","publisher":{"@id":"https:\/\/www.herole.de\/blog\/#organization"},"potentialAction":[{"@type":"SearchAction","target":{"@type":"EntryPoint","urlTemplate":"https:\/\/www.herole.de\/blog\/?s={search_term_string}"},"query-input":{"@type":"PropertyValueSpecification","valueRequired":true,"valueName":"search_term_string"}}],"inLanguage":"de"},{"@type":"Organization","@id":"https:\/\/www.herole.de\/blog\/#organization","name":"HEROL\u00c9 Reisen GmbH","url":"https:\/\/www.herole.de\/blog\/","logo":{"@type":"ImageObject","inLanguage":"de","@id":"https:\/\/www.herole.de\/blog\/#\/schema\/logo\/image\/","url":"https:\/\/www.herole.de\/blog\/wp-content\/uploads\/herole-logo.png","contentUrl":"https:\/\/www.herole.de\/blog\/wp-content\/uploads\/herole-logo.png","width":274,"height":70,"caption":"HEROL\u00c9 Reisen GmbH"},"image":{"@id":"https:\/\/www.herole.de\/blog\/#\/schema\/logo\/image\/"},"sameAs":["https:\/\/www.facebook.com\/HeroleKlassenfahrten","https:\/\/x.com\/herole_reisen","https:\/\/instagram.com\/heroleklassenfahrten","https:\/\/www.youtube.com\/HeroleReisen"]},{"@type":"Person","@id":"https:\/\/www.herole.de\/blog\/#\/schema\/person\/13fb982c1909aaffcf2c09f0fde399ba","name":"Heike Philipp","image":{"@type":"ImageObject","inLanguage":"de","@id":"https:\/\/www.herole.de\/blog\/#\/schema\/person\/image\/","url":"https:\/\/secure.gravatar.com\/avatar\/6010203aefccca33c04c1b210ceba8ee7e5a734d5844451cfadfb0913f869e7a?s=96&d=mm&r=g","contentUrl":"https:\/\/secure.gravatar.com\/avatar\/6010203aefccca33c04c1b210ceba8ee7e5a734d5844451cfadfb0913f869e7a?s=96&d=mm&r=g","caption":"Heike Philipp"},"sameAs":["https:\/\/x.com\/heike.bach"]}]}},"_links":{"self":[{"href":"https:\/\/www.herole.de\/blog\/wp-json\/wp\/v2\/posts\/14135","targetHints":{"allow":["GET"]}}],"collection":[{"href":"https:\/\/www.herole.de\/blog\/wp-json\/wp\/v2\/posts"}],"about":[{"href":"https:\/\/www.herole.de\/blog\/wp-json\/wp\/v2\/types\/post"}],"author":[{"embeddable":true,"href":"https:\/\/www.herole.de\/blog\/wp-json\/wp\/v2\/users\/6"}],"replies":[{"embeddable":true,"href":"https:\/\/www.herole.de\/blog\/wp-json\/wp\/v2\/comments?post=14135"}],"version-history":[{"count":0,"href":"https:\/\/www.herole.de\/blog\/wp-json\/wp\/v2\/posts\/14135\/revisions"}],"wp:featuredmedia":[{"embeddable":true,"href":"https:\/\/www.herole.de\/blog\/wp-json\/wp\/v2\/media\/14154"}],"wp:attachment":[{"href":"https:\/\/www.herole.de\/blog\/wp-json\/wp\/v2\/media?parent=14135"}],"wp:term":[{"taxonomy":"category","embeddable":true,"href":"https:\/\/www.herole.de\/blog\/wp-json\/wp\/v2\/categories?post=14135"},{"taxonomy":"post_tag","embeddable":true,"href":"https:\/\/www.herole.de\/blog\/wp-json\/wp\/v2\/tags?post=14135"}],"curies":[{"name":"wp","href":"https:\/\/api.w.org\/{rel}","templated":true}]}}