{"id":12637,"date":"2020-01-08T10:15:00","date_gmt":"2020-01-08T09:15:00","guid":{"rendered":"https:\/\/www.herole.de\/blog\/?p=12637"},"modified":"2024-10-14T14:15:32","modified_gmt":"2024-10-14T12:15:32","slug":"ausschluss-von-einer-klassenfahrt-das-sollten-lehrer-wissen","status":"publish","type":"post","link":"https:\/\/www.herole.de\/blog\/ausschluss-von-einer-klassenfahrt-das-sollten-lehrer-wissen\/","title":{"rendered":"Ausschluss von einer Klassenfahrt: Das sollten Lehrer wissen"},"content":{"rendered":"\t\t<div data-elementor-type=\"wp-post\" data-elementor-id=\"12637\" class=\"elementor elementor-12637\" data-elementor-post-type=\"post\">\n\t\t\t\t\t\t<section class=\"elementor-section elementor-top-section elementor-element elementor-element-6b6588b5 elementor-section-boxed elementor-section-height-default elementor-section-height-default\" data-id=\"6b6588b5\" data-element_type=\"section\">\n\t\t\t\t\t\t<div class=\"elementor-container elementor-column-gap-default\">\n\t\t\t\t\t<div class=\"elementor-column elementor-col-100 elementor-top-column elementor-element elementor-element-26d5e47d\" data-id=\"26d5e47d\" data-element_type=\"column\">\n\t\t\t<div class=\"elementor-widget-wrap elementor-element-populated\">\n\t\t\t\t\t\t<div class=\"elementor-element elementor-element-1bd2ac20 elementor-widget elementor-widget-text-editor\" data-id=\"1bd2ac20\" data-element_type=\"widget\" data-widget_type=\"text-editor.default\">\n\t\t\t\t<div class=\"elementor-widget-container\">\n\t\t\t\t\t\t\t\t\t<p>Grunds\u00e4tzlich gelten <a href=\"https:\/\/www.herole.de\/\">Klassenfahrten<\/a> als Teil der Unterrichtszeit, in der die Sch\u00fcler anwesend sein m\u00fcssen. Gemeinsame Erlebnisse st\u00e4rken den Zusammenhalt und f\u00f6rdern den Teamgeist im Klassenverband. Darum ist es wichtig, m\u00f6glichst allen Sch\u00fclern die Teilnahme an der Klassenfahrt zu erm\u00f6glichen. Doch genau wie Sch\u00fcler bei Fehlverhalten des Unterrichts verwiesen werden k\u00f6nnen, ist ein Ausschluss von der Klassenfahrt bereits vor der Abreise oder eine vorzeitige Heimreise des betroffenen Sch\u00fclers m\u00f6glich. Lehrer sollten diese Strafen jedoch nur als Ultima Ratio einsetzen, wenn der Sch\u00fcler bewusst vereinbarte Regeln gebrochen hat und\/oder mehrmals durch Fehlverhalten aufgefallen ist.<\/p><h2>Die rechtlichen Grundlagen<\/h2><p>Lehrern stehen verschiedene Ma\u00dfnahmen zur Ahndung von Fehlverhalten seitens ihrer Sch\u00fcler zur Verf\u00fcgung.<\/p>\t\t\t\t\t\t\t\t<\/div>\n\t\t\t\t<\/div>\n\t\t\t\t<div class=\"elementor-element elementor-element-23c6255 elementor-icon-list--layout-traditional elementor-list-item-link-full_width elementor-widget elementor-widget-icon-list\" data-id=\"23c6255\" data-element_type=\"widget\" data-widget_type=\"icon-list.default\">\n\t\t\t\t<div class=\"elementor-widget-container\">\n\t\t\t\t\t\t\t<ul class=\"elementor-icon-list-items\">\n\t\t\t\t\t\t\t<li class=\"elementor-icon-list-item\">\n\t\t\t\t\t\t\t\t\t\t\t<span class=\"elementor-icon-list-icon\">\n\t\t\t\t\t\t\t<i aria-hidden=\"true\" class=\"icon icon-ok\"><\/i>\t\t\t\t\t\t<\/span>\n\t\t\t\t\t\t\t\t\t\t<span class=\"elementor-icon-list-text\"><strong>P\u00e4dagogische Ma\u00dfnahmen<\/strong> werden in der Schule (und auch bei Klassenfahrten) als erzieherisches Mittel eingesetzt, wenn Sch\u00fcler gegen Regeln versto\u00dfen haben. Der Lehrer entscheidet selbst, wann und in welchem Umfang er diese Ma\u00dfnahmen anwendet. Es kann sich dabei um eine schriftliche Strafarbeit handeln, eine m\u00fcndliche Ermahnung vor der ganzen Klasse oder ein Gespr\u00e4ch mit den Eltern. Hat der Sch\u00fcler trotz mehrmaliger m\u00fcndlicher Ermahnung das Handy oder Smartphone nicht weggelegt, ist es Lehrern auch erlaubt, dem Sch\u00fcler das Handy bis zum Unterrichtsende wegzunehmen.<\/span>\n\t\t\t\t\t\t\t\t\t<\/li>\n\t\t\t\t\t\t\t\t<li class=\"elementor-icon-list-item\">\n\t\t\t\t\t\t\t\t\t\t\t<span class=\"elementor-icon-list-icon\">\n\t\t\t\t\t\t\t<i aria-hidden=\"true\" class=\"icon icon-ok\"><\/i>\t\t\t\t\t\t<\/span>\n\t\t\t\t\t\t\t\t\t\t<span class=\"elementor-icon-list-text\"><strong>Ordnungsma\u00dfnahmen<\/strong> sind dagegen Verwaltungsakte und k\u00f6nnen von den Eltern vor dem jeweiligen Verwaltungsgericht angefochten werden. Der Ausschluss eines Sch\u00fclers von einer bevorstehenden Klassenfahrt ist eine solche Ordnungsma\u00dfnahme. Wenn Lehrer eine solche Ma\u00dfnahme anordnen, sollten sie also darauf achten, juristisch auf der sicheren Seite zu sein.<\/span>\n\t\t\t\t\t\t\t\t\t<\/li>\n\t\t\t\t\t\t<\/ul>\n\t\t\t\t\t\t<\/div>\n\t\t\t\t<\/div>\n\t\t\t\t<div class=\"elementor-element elementor-element-41729859 elementor-widget elementor-widget-text-editor\" data-id=\"41729859\" data-element_type=\"widget\" data-widget_type=\"text-editor.default\">\n\t\t\t\t<div class=\"elementor-widget-container\">\n\t\t\t\t\t\t\t\t\t<p>Jedes Bundesland regelt die erlaubten Ordnungsma\u00dfnahmen in seinem Schulgesetz. Die entsprechenden Paragraphen in der jeweiligen Gesetzgebung haben wir in dieser Liste zusammengestellt:<\/p><ul><li><a href=\"http:\/\/www.landesrecht-bw.de\/jportal\/?quelle=jlink&amp;query=SchulG+BW+%C2%A7+90&amp;psml=bsbawueprod.psml&amp;max=true\">BADEN-W\u00dcRTTEMBERG:<\/a> 90 (Erziehungs- und Ordnungsma\u00dfnahmen)<\/li><li><a href=\"https:\/\/www.gesetze-bayern.de\/(X(1)S(ne4fwvducjdtkwbc5aue4gm4))\/Content\/Document\/BayEUG-86?AspxAutoDetectCookieSupport=1\">BAYERN<\/a>: Art. 86 (Erziehungsma\u00dfnahmen, Ordnungsma\u00dfnahmen)<\/li><li><a href=\"http:\/\/gesetze.berlin.de\/jportal\/;jsessionid=7A8A5FA1295961C6BFA888DCE58D0002.jp14?quelle=jlink&amp;query=SchulG+BE&amp;psml=bsbeprod.psml&amp;max=true&amp;aiz=true#jlr-SchulGBEpG17\">BERLIN<\/a>: \u00a7 63 (Ordnungsma\u00dfnahmen)<\/li><li><a href=\"https:\/\/bravors.brandenburg.de\/gesetze\/bbgschulg\">BRANDENBURG<\/a>: \u00a7 64 (Ordnungsma\u00dfnahmen)<\/li><li><a href=\"https:\/\/www.bildung.bremen.de\/sixcms\/media.php\/13\/schulgesetze.pdf\">BREMEN:<\/a>46 (Ordnungsma\u00dfnahmen)<\/li><li><a href=\"https:\/\/www.hamburg.de\/contentblob\/1995414\/5b23ded37092b4e61d0716878dba9bae\/data\/schulgesetzdownload.pdf\">HAMBURG<\/a>: \u00a7 49 (Ordnungsma\u00dfnahmen)<\/li><li><a href=\"https:\/\/kultusministerium.hessen.de\/schulsystem\/schulrecht\">HESSEN:<\/a>82 (P\u00e4dagogische Ma\u00dfnahmen und Ordnungsma\u00dfnahmen)<\/li><li><a href=\"https:\/\/www.landesrecht-mv.de\/bsmv\/document\/jlr-SchulGMV2010rahmen\">MECKLENBURG-VORPOMMERN<\/a>: \u00a7 62a (Ordnungsma\u00dfnahmen)<\/li><li><a href=\"https:\/\/www.mk.niedersachsen.de\/service\/rechts_und_verwaltungsvorschriften\/niedersaechsisches_schulgesetz\/das-niedersaechsische-schulgesetz-6520.html\">NIEDERSACHSEN:<\/a>61 (Erziehungsmittel, Ordnungsma\u00dfnahmen)<\/li><li><a href=\"https:\/\/bass.schul-welt.de\/6043.htm\">NORDRHEIN-WESTFALEN:<\/a>53 (Erzieherische Einwirkungen, Ordnungsma\u00dfnahmen)<\/li><li><a href=\"https:\/\/landesrecht.rlp.de\/bsrp\/document\/jlr-SchulGRP2004V22P67\">RHEINLAND-PFALZ:<\/a>53 (Schul-, Pr\u00fcfungs- und Heimordnungen)<\/li><li><a href=\"http:\/\/sl.juris.de\/cgi-bin\/landesrecht.py?d=http:\/\/sl.juris.de\/sl\/gesamt\/SchulOG_SL.htm#SchulOG_SL_rahmen\">SAARLAND:<\/a>32 (Ordnungsma\u00dfnahmen)<\/li><li><a href=\"https:\/\/www.revosax.sachsen.de\/vorschrift\/4192-SchulG#p39\">SACHSEN:<\/a>39 (Erziehungs- und Ordnungsma\u00dfnahmen)<\/li><li><a href=\"https:\/\/www.landesrecht.sachsen-anhalt.de\/perma?d=jlr-SchulGST2018rahmen\">SACHSEN-ANHALT<\/a>: \u00a7 44 (Ordnungsma\u00dfnahmen)<\/li><li><a href=\"http:\/\/www.gesetze-rechtsprechung.sh.juris.de\/jportal\/portal\/t\/lio\/page\/bsshoprod.psml\/action\/portlets.jw.MainAction?p1=z&amp;eventSubmit_doNavigate=searchInSubtreeTOC&amp;showdoccase=1&amp;doc.hl=0&amp;doc.id=jlr-SchulGSH2007V24P25&amp;doc.part=S&amp;toc.poskey=#focuspoint\">SCHLESWIG-HOLSTEIN:<\/a>25 (Ma\u00dfnahmen bei Konflikten mit oder zwischen Sch\u00fclerinnen und Sch\u00fclern)<\/li><li><a href=\"http:\/\/landesrecht.thueringen.de\/jportal\/?quelle=jlink&amp;query=SchulG+TH&amp;psml=bsthueprod.psml&amp;max=true&amp;aiz=true\">TH\u00dcRINGEN<\/a>: \u00a7 51 (P\u00e4dagogische Ma\u00dfnahmen und Ordnungsma\u00dfnahmen)<\/li><\/ul>\t\t\t\t\t\t\t\t<\/div>\n\t\t\t\t<\/div>\n\t\t\t\t<div class=\"elementor-element elementor-element-fe04675 elementor-cta--valign-top lines lines-1 elementor-cta--skin-classic elementor-animated-content elementor-bg-transform elementor-bg-transform-zoom-in elementor-widget elementor-widget-call-to-action\" data-id=\"fe04675\" data-element_type=\"widget\" data-widget_type=\"call-to-action.default\">\n\t\t\t\t<div class=\"elementor-widget-container\">\n\t\t\t\t\t\t\t<div class=\"elementor-cta\">\n\t\t\t\t\t\t\t<div class=\"elementor-cta__content\">\n\t\t\t\t\n\t\t\t\t\t\t\t\t\t<h2 class=\"elementor-cta__title elementor-cta__content-item elementor-content-item\">\n\t\t\t\t\t\tLesetipp\t\t\t\t\t<\/h2>\n\t\t\t\t\n\t\t\t\t\t\t\t\t\t<div class=\"elementor-cta__description elementor-cta__content-item elementor-content-item\">\n\t\t\t\t\t\tMuss ich mir von meinen Sch\u00fclern alles bieten lassen? Wir beantworten die wichtigsten Anliegen zum Thema Schulrecht. \t\t\t\t\t<\/div>\n\t\t\t\t\n\t\t\t\t\t\t\t\t\t<div class=\"elementor-cta__button-wrapper elementor-cta__content-item elementor-content-item \">\n\t\t\t\t\t<a class=\"elementor-cta__button elementor-button elementor-size-\" href=\"https:\/\/www.herole.de\/blog\/wie-kann-ich-meine-schueler-erziehen-diese-rechte-haben-lehrer\/\">\n\t\t\t\t\t\tJetzt mehr erfahren\t\t\t\t\t<\/a>\n\t\t\t\t\t<\/div>\n\t\t\t\t\t\t\t<\/div>\n\t\t\t\t\t\t<\/div>\n\t\t\t\t\t\t<\/div>\n\t\t\t\t<\/div>\n\t\t\t\t<div class=\"elementor-element elementor-element-6a5940ba elementor-widget elementor-widget-text-editor\" data-id=\"6a5940ba\" data-element_type=\"widget\" data-widget_type=\"text-editor.default\">\n\t\t\t\t<div class=\"elementor-widget-container\">\n\t\t\t\t\t\t\t\t\t<h2>Urteile zum Thema Ausschluss von Klassenfahrten<\/h2><p>Werden Sch\u00fcler bereits vor dem Beginn der Klassenfahrt ausgeschlossen, handelt es sich in der Regel um eine gerichtlich anfechtbare <strong>Ordnungsma\u00dfnahme<\/strong>. Sollten die Eltern eines Sch\u00fclers vor Gericht ziehen, steht die Rechtsprechung jedoch meist auf Seiten der Lehrer. Zwei Beispiele aus der Praxis:<\/p>\t\t\t\t\t\t\t\t<\/div>\n\t\t\t\t<\/div>\n\t\t\t\t<div class=\"elementor-element elementor-element-03fa5ee elementor-blockquote--skin-clean elementor-blockquote--button-color-official elementor-widget elementor-widget-blockquote\" data-id=\"03fa5ee\" data-element_type=\"widget\" data-widget_type=\"blockquote.default\">\n\t\t\t\t<div class=\"elementor-widget-container\">\n\t\t\t\t\t\t\t<blockquote class=\"elementor-blockquote\">\n\t\t\t<p class=\"elementor-blockquote__content\">\n\t\t\t\tDas Verwaltungsgericht Berlin wies 2008 den Eilantrag eines 16-j\u00e4hrigen Sch\u00fclers ab, der die 11.Klasse eines Gymnasiums besuchte und von der bevorstehenden Klassenfahrt nach Rom ausgeschlossen worden war. Die Klassenkonferenz hatte die Ordnungsma\u00dfnahme beschlossen, weil der Sch\u00fcler immer wieder mit Beschimpfungen und Disziplinlosigkeit den Unterricht st\u00f6rte und zahlreiche Abmahnungen keine Erfolge gebracht hatten. Zudem zeigte er sich gegen\u00fcber den eigenen Verfehlungen uneinsichtig. Die Richter urteilten, es sei davon auszugehen, dass sein Verhalten den Erfolg der Klassenfahrt gef\u00e4hrde und best\u00e4tigten die Rechtm\u00e4\u00dfigkeit des Ausschlusses.\t\t\t<\/p>\n\t\t\t\t\t<\/blockquote>\n\t\t\t\t\t\t<\/div>\n\t\t\t\t<\/div>\n\t\t\t\t<div class=\"elementor-element elementor-element-17176dc elementor-blockquote--skin-clean elementor-blockquote--button-color-official elementor-widget elementor-widget-blockquote\" data-id=\"17176dc\" data-element_type=\"widget\" data-widget_type=\"blockquote.default\">\n\t\t\t\t<div class=\"elementor-widget-container\">\n\t\t\t\t\t\t\t<blockquote class=\"elementor-blockquote\">\n\t\t\t<p class=\"elementor-blockquote__content\">\n\t\t\t\t2019 kam es zu einem \u00e4hnlichen Fall in Nordrhein-Westfalen: Hier wurde ein Gesamtsch\u00fcler der 6.Klasse aufgrund seines anhaltenden Fehlverhaltens von der bevorstehenden Klassenfahrt ausgeschlossen. Zahlreiche Eintr\u00e4ge im Klassenbuch und die aktenkundigen Schilderungen diverser Lehrkr\u00e4fte f\u00fchrten die Richter zu der Annahme, dass \"der Antragsteller erhebliche Defizite bei seiner Bereitschaft zeigte, sich an Anweisungen der Lehrkr\u00e4fte zu halten\". Gerade auf Klassenfahrten seien Lehrer jedoch darauf angewiesen, dass Sch\u00fcler klare Anweisungen befolgten.\t\t\t<\/p>\n\t\t\t\t\t<\/blockquote>\n\t\t\t\t\t\t<\/div>\n\t\t\t\t<\/div>\n\t\t\t\t<div class=\"elementor-element elementor-element-8fe24bc elementor-widget elementor-widget-text-editor\" data-id=\"8fe24bc\" data-element_type=\"widget\" data-widget_type=\"text-editor.default\">\n\t\t\t\t<div class=\"elementor-widget-container\">\n\t\t\t\t\t\t\t\t\t<p>Damit die Ordnungsma\u00dfnahme vor Gericht als gerechtfertigt anerkannt wird, m\u00fcssen Lehrer nicht nur sehr gute Gr\u00fcnde f\u00fcr den Ausschluss haben, sondern diese auch belegen k\u00f6nnen. In den beiden F\u00e4llen aus Berlin und NRW war das vorherige Fehlverhalten der beiden ausgeschlossenen Sch\u00fcler ausf\u00fchrlich dokumentiert worden und erleichterte den Richtern die Entscheidungsfindung.<\/p><h2>Wann ist ein Ausschluss von einer Klassenfahrt angebracht?<\/h2>\t\t\t\t\t\t\t\t<\/div>\n\t\t\t\t<\/div>\n\t\t\t\t<section class=\"elementor-section elementor-inner-section elementor-element elementor-element-2464232d elementor-section-boxed elementor-section-height-default elementor-section-height-default\" data-id=\"2464232d\" data-element_type=\"section\">\n\t\t\t\t\t\t<div class=\"elementor-container elementor-column-gap-no\">\n\t\t\t\t\t<div class=\"elementor-column elementor-col-50 elementor-inner-column elementor-element elementor-element-37403e97\" data-id=\"37403e97\" data-element_type=\"column\">\n\t\t\t<div class=\"elementor-widget-wrap elementor-element-populated\">\n\t\t\t\t\t\t<div class=\"elementor-element elementor-element-5edbf407 elementor-widget elementor-widget-image\" data-id=\"5edbf407\" data-element_type=\"widget\" data-widget_type=\"image.default\">\n\t\t\t\t<div class=\"elementor-widget-container\">\n\t\t\t\t\t\t\t\t\t\t\t\t\t\t\t\t<a href=\"https:\/\/www.herole.de\/blog\/wp-content\/uploads\/rauchen-klassenfahrt.jpg\" data-elementor-open-lightbox=\"yes\" data-elementor-lightbox-title=\"rauchen-klassenfahrt\" data-e-action-hash=\"#elementor-action%3Aaction%3Dlightbox%26settings%3DeyJpZCI6MzcwOCwidXJsIjoiaHR0cHM6XC9cL3d3dy5oZXJvbGUuZGVcL2Jsb2dcL3dwLWNvbnRlbnRcL3VwbG9hZHNcL3JhdWNoZW4ta2xhc3NlbmZhaHJ0LmpwZyJ9\">\n\t\t\t\t\t\t\t<img fetchpriority=\"high\" decoding=\"async\" width=\"1024\" height=\"681\" src=\"https:\/\/www.herole.de\/blog\/wp-content\/uploads\/rauchen-klassenfahrt-1024x681.jpg\" class=\"attachment-large size-large wp-image-3708\" alt=\"\" srcset=\"https:\/\/www.herole.de\/blog\/wp-content\/uploads\/rauchen-klassenfahrt.jpg 1024w, https:\/\/www.herole.de\/blog\/wp-content\/uploads\/rauchen-klassenfahrt-300x200.jpg 300w, https:\/\/www.herole.de\/blog\/wp-content\/uploads\/rauchen-klassenfahrt-768x511.jpg 768w\" sizes=\"(max-width: 1024px) 100vw, 1024px\" \/>\t\t\t\t\t\t\t\t<\/a>\n\t\t\t\t\t\t\t\t\t\t\t\t\t\t\t<\/div>\n\t\t\t\t<\/div>\n\t\t\t\t\t<\/div>\n\t\t<\/div>\n\t\t\t\t<div class=\"elementor-column elementor-col-50 elementor-inner-column elementor-element elementor-element-396a6049\" data-id=\"396a6049\" data-element_type=\"column\">\n\t\t\t<div class=\"elementor-widget-wrap elementor-element-populated\">\n\t\t\t\t\t\t<div class=\"elementor-element elementor-element-a33f45a elementor-widget elementor-widget-text-editor\" data-id=\"a33f45a\" data-element_type=\"widget\" data-widget_type=\"text-editor.default\">\n\t\t\t\t<div class=\"elementor-widget-container\">\n\t\t\t\t\t\t\t\t\t<p>Meist liegt dem Ausschluss von der Klassenfahrt ein bereits l\u00e4nger andauerndes ausf\u00fchrliches Fehlverhalten im Unterricht zugrunde:<\/p><p>Kann der Lehrer also dokumentieren, dass zahlreiche Ermahnungen, p\u00e4dagogische Ma\u00dfnahmen und Gespr\u00e4che mit den Eltern nicht zu einer Besserung des Verhaltens gef\u00fchrt haben, ist davon auszugehen, dass er das gleiche Fehlverhalten auch bei der Klassenfahrt zeigen wird. Dadurch verhindert der Sch\u00fcler die Erf\u00fcllung der Aufgaben der Schule und der begleitenden Lehrer und gef\u00e4hrdet die Rechte anderer.<\/p>\t\t\t\t\t\t\t\t<\/div>\n\t\t\t\t<\/div>\n\t\t\t\t\t<\/div>\n\t\t<\/div>\n\t\t\t\t\t<\/div>\n\t\t<\/section>\n\t\t\t\t<div class=\"elementor-element elementor-element-ee5bfb3 elementor-blockquote--skin-clean elementor-blockquote--button-color-official elementor-widget elementor-widget-blockquote\" data-id=\"ee5bfb3\" data-element_type=\"widget\" data-widget_type=\"blockquote.default\">\n\t\t\t\t<div class=\"elementor-widget-container\">\n\t\t\t\t\t\t\t<blockquote class=\"elementor-blockquote\">\n\t\t\t<p class=\"elementor-blockquote__content\">\n\t\t\t\tAuch mangelnde Kommunikationsbereitschaft kann zum Ausschluss von Klassenfahrten f\u00fchren: Diese Erfahrung musste 2014 eine Sch\u00fclerin aus Niedersachsen machen, die von der Klassenfahrt nach Berlin ausgeschlossen worden war. Die Sch\u00fclerin entzog sich regelm\u00e4\u00dfig Gespr\u00e4chsversuchen und k\u00fcndigte offen an, \"dass sie sich das Recht vorbehalte, sich ggf. erneut der Aufsicht der Lehrkr\u00e4fte zu entziehen\". Dadurch bestand seitens der Lehrerin die begr\u00fcndete Bef\u00fcrchtung, dass dies auch w\u00e4hrend der Klassenfahrt nach Berlin vorkommen k\u00f6nnte. Sie ordnete den Ausschluss als erzieherische Ma\u00dfnahme an und erhielt vom Verwaltungsgericht Osnabr\u00fcck Recht.\t\t\t<\/p>\n\t\t\t\t\t<\/blockquote>\n\t\t\t\t\t\t<\/div>\n\t\t\t\t<\/div>\n\t\t\t\t<div class=\"elementor-element elementor-element-7c09cb1 elementor-widget elementor-widget-text-editor\" data-id=\"7c09cb1\" data-element_type=\"widget\" data-widget_type=\"text-editor.default\">\n\t\t\t\t<div class=\"elementor-widget-container\">\n\t\t\t\t\t\t\t\t\t<p>Anders sieht es dagegen beim Konsum unerlaubter Substanzen (Alkohol, Drogen, Zigaretten) aus. Es ist Lehrern durchaus gestattet, Sch\u00fcler, die sich w\u00e4hrend der Klassenfahrt \u00fcber ein Verbot hinwegsetzen, fr\u00fchzeitig nach Hause zu schicken. Fr\u00fcherer Konsum verbotener Substanzen hat jedoch keinen Einfluss auf zuk\u00fcnftige Klassenfahrten, wie das Verwaltungsgericht Hannover urteilte: <strong><em>&#8222;Ein Erziehungsmittel, das nicht erkennbar auf das Verhalten des betroffenen Sch\u00fclers einwirken kann, sondern den Charakter einer reinen Strafma\u00dfnahme hat, ist unzul\u00e4ssig.&#8220;<\/em><\/strong><\/p>\t\t\t\t\t\t\t\t<\/div>\n\t\t\t\t<\/div>\n\t\t\t\t<div class=\"elementor-element elementor-element-71f4b05 elementor-blockquote--skin-clean elementor-blockquote--button-color-official elementor-widget elementor-widget-blockquote\" data-id=\"71f4b05\" data-element_type=\"widget\" data-widget_type=\"blockquote.default\">\n\t\t\t\t<div class=\"elementor-widget-container\">\n\t\t\t\t\t\t\t<blockquote class=\"elementor-blockquote\">\n\t\t\t<p class=\"elementor-blockquote__content\">\n\t\t\t\tIm konkreten Fall ging es um eine Sch\u00fclerin der 9.Klasse eines Gymnasiums, die w\u00e4hrend eines deutsch-franz\u00f6sischen Sch\u00fcleraustausches bei einer gemeinsamen Feier beim Rauchen einer Haschischzigarette erwischt wurde. Die Klassenkonferenz beschloss daraufhin, die Sch\u00fclerin von der geplanten Klassenfahrt nach M\u00fcnchen im folgenden Schuljahr auszuschlie\u00dfen. Die Eltern legten gegen das Urteil Widerspruch ein und begr\u00fcndeten dies u.a. damit, dass es sich um eine von den Sch\u00fclern selbst organisierte Feier au\u00dferhalb der Schule gehandelt habe, und dass einmaliges Haschischrauchen als Jugends\u00fcnde zu werten sei. Die Schule wehrte sich mit dem Hinweis, es handele sich um eine erzieherische Ma\u00dfnahme. Dies wies das Gericht jedoch ab: Zwar k\u00f6nne der Ausschluss von einer Klassenfahrt als Erziehungsmittel dienen, um als Denkansto\u00df eine nachhaltige Verhaltens\u00e4nderung herbei zu f\u00fchren, nicht jedoch als reines Mittel zur Bestrafung f\u00fcr bereits erfolgtes Fehlverhalten. \t\t\t<\/p>\n\t\t\t\t\t<\/blockquote>\n\t\t\t\t\t\t<\/div>\n\t\t\t\t<\/div>\n\t\t\t\t<div class=\"elementor-element elementor-element-12c565f elementor-widget elementor-widget-text-editor\" data-id=\"12c565f\" data-element_type=\"widget\" data-widget_type=\"text-editor.default\">\n\t\t\t\t<div class=\"elementor-widget-container\">\n\t\t\t\t\t\t\t\t\t<p>Zu beachten ist hier der Unterschied: Die Sch\u00fclerin hatte sich nur ein einziges Mal falsch verhalten und war daf\u00fcr auch schon bestraft worden. Sollte sich ein Sch\u00fcler mehrmals Anweisungen widersetzen und in der Schule mehrfach mit verbotenen Substanzen erwischt worden sein, liegt nahe, dass sie sich auch auf der Klassenfahrt nicht an die entsprechenden Regeln halten wird. Hier ist der Ausschluss von der Klassenfahrt bereits im Vorfeld also sinnvoll und eher gerechtfertigt.<\/p><h2>Einmal unterwegs: Vorzeitige Heimreise wegen Fehlverhaltens<\/h2><p>Der Konsum verbotener Substanzen \u2013 seien es illegale Substanzen wie Cannabis oder nur im Rahmen der Klassenfahrt verbotener Substanzen wie Alkohol und Zigaretten, ist seit jeher ein gro\u00dfes Problem bei Klassenfahrten.<\/p><p>Der Experte <strong>G\u00fcnther Hoegg<\/strong>, Jurist mit Schwerpunkt Schulrecht, empfiehlt in seinem <strong>Ratgeber &#8222;SchulRecht!&#8220;<\/strong> folgende Konsequenzen bei unerlaubtem Alkoholkonsum:<\/p>\t\t\t\t\t\t\t\t<\/div>\n\t\t\t\t<\/div>\n\t\t\t\t<div class=\"elementor-element elementor-element-503a29d elementor-blockquote--skin-clean elementor-blockquote--button-color-official elementor-widget elementor-widget-blockquote\" data-id=\"503a29d\" data-element_type=\"widget\" data-widget_type=\"blockquote.default\">\n\t\t\t\t<div class=\"elementor-widget-container\">\n\t\t\t\t\t\t\t<blockquote class=\"elementor-blockquote\">\n\t\t\t<p class=\"elementor-blockquote__content\">\n\t\t\t\t\u201eBei leichtem Alkoholgenuss gen\u00fcgt eine Ausgangssperre. Sollte der Betroffene regelrecht betrunken sein, empfiehlt es sich, ihn nach Hause zu schicken.\u201c  \t\t\t<\/p>\n\t\t\t\t\t<\/blockquote>\n\t\t\t\t\t\t<\/div>\n\t\t\t\t<\/div>\n\t\t\t\t<section class=\"elementor-section elementor-inner-section elementor-element elementor-element-0670388 elementor-reverse-tablet elementor-reverse-mobile elementor-section-boxed elementor-section-height-default elementor-section-height-default\" data-id=\"0670388\" data-element_type=\"section\">\n\t\t\t\t\t\t<div class=\"elementor-container elementor-column-gap-no\">\n\t\t\t\t\t<div class=\"elementor-column elementor-col-50 elementor-inner-column elementor-element elementor-element-7185969\" data-id=\"7185969\" data-element_type=\"column\">\n\t\t\t<div class=\"elementor-widget-wrap elementor-element-populated\">\n\t\t\t\t\t\t<div class=\"elementor-element elementor-element-4172426 elementor-widget elementor-widget-text-editor\" data-id=\"4172426\" data-element_type=\"widget\" data-widget_type=\"text-editor.default\">\n\t\t\t\t<div class=\"elementor-widget-container\">\n\t\t\t\t\t\t\t\t\t<p>Laut Hoegg gibt es insbesondere f\u00fcnf Gr\u00fcnde, die den Ausschluss von einer Klassenfahrt rechtfertigen:<\/p><ul><li>Starker Alkoholkonsum<\/li><li>Drogenbesitz und\/oder Drogenkonsum<\/li><li>Aufenthalt im Zimmer des anderen Geschlechts w\u00e4hrend der Ruhezeit<\/li><li>Unerlaubtes Verlassen der Unterkunft<\/li><li>K\u00f6rperliche Gewalt gegen Mitsch\u00fcler (oder Lehrer)<\/li><\/ul><p>\u00a0<\/p>\t\t\t\t\t\t\t\t<\/div>\n\t\t\t\t<\/div>\n\t\t\t\t\t<\/div>\n\t\t<\/div>\n\t\t\t\t<div class=\"elementor-column elementor-col-50 elementor-inner-column elementor-element elementor-element-03ce653\" data-id=\"03ce653\" data-element_type=\"column\">\n\t\t\t<div class=\"elementor-widget-wrap elementor-element-populated\">\n\t\t\t\t\t\t<div class=\"elementor-element elementor-element-9828936 elementor-widget elementor-widget-image\" data-id=\"9828936\" data-element_type=\"widget\" data-widget_type=\"image.default\">\n\t\t\t\t<div class=\"elementor-widget-container\">\n\t\t\t\t\t\t\t\t\t\t\t\t\t\t\t\t<a href=\"https:\/\/www.herole.de\/blog\/wp-content\/uploads\/drogen-klassenfahrt.jpg\" data-elementor-open-lightbox=\"yes\" data-elementor-lightbox-title=\"Drogen auf Klassenfahrt\" data-e-action-hash=\"#elementor-action%3Aaction%3Dlightbox%26settings%3DeyJpZCI6MzcwOSwidXJsIjoiaHR0cHM6XC9cL3d3dy5oZXJvbGUuZGVcL2Jsb2dcL3dwLWNvbnRlbnRcL3VwbG9hZHNcL2Ryb2dlbi1rbGFzc2VuZmFocnQuanBnIn0%3D\">\n\t\t\t\t\t\t\t<img decoding=\"async\" width=\"1000\" height=\"667\" src=\"https:\/\/www.herole.de\/blog\/wp-content\/uploads\/drogen-klassenfahrt.jpg\" class=\"attachment-large size-large wp-image-3709\" alt=\"Wenn auf Klassenfahrt gekifft wird, ist das oft ein Zeichen daf\u00fcr, dass auch zuhause Cannabis konsumiert wird.\" srcset=\"https:\/\/www.herole.de\/blog\/wp-content\/uploads\/drogen-klassenfahrt.jpg 1000w, https:\/\/www.herole.de\/blog\/wp-content\/uploads\/drogen-klassenfahrt-300x200.jpg 300w, https:\/\/www.herole.de\/blog\/wp-content\/uploads\/drogen-klassenfahrt-768x512.jpg 768w\" sizes=\"(max-width: 1000px) 100vw, 1000px\" \/>\t\t\t\t\t\t\t\t<\/a>\n\t\t\t\t\t\t\t\t\t\t\t\t\t\t\t<\/div>\n\t\t\t\t<\/div>\n\t\t\t\t\t<\/div>\n\t\t<\/div>\n\t\t\t\t\t<\/div>\n\t\t<\/section>\n\t\t\t\t<div class=\"elementor-element elementor-element-82981b4 elementor-cta--valign-top lines lines-1 elementor-cta--skin-classic elementor-animated-content elementor-bg-transform elementor-bg-transform-zoom-in elementor-widget elementor-widget-call-to-action\" data-id=\"82981b4\" data-element_type=\"widget\" data-widget_type=\"call-to-action.default\">\n\t\t\t\t<div class=\"elementor-widget-container\">\n\t\t\t\t\t\t\t<div class=\"elementor-cta\">\n\t\t\t\t\t\t\t<div class=\"elementor-cta__content\">\n\t\t\t\t\n\t\t\t\t\t\t\t\t\t<h2 class=\"elementor-cta__title elementor-cta__content-item elementor-content-item\">\n\t\t\t\t\t\tLesetipp\t\t\t\t\t<\/h2>\n\t\t\t\t\n\t\t\t\t\t\t\t\t\t<div class=\"elementor-cta__description elementor-cta__content-item elementor-content-item\">\n\t\t\t\t\t\tIn unseren Beitr\u00e4gen  \u201eZigaretten und Drogen auf Klassenfahrt \u2013 Was ist erlaubt?\u201c und \u201e\nKlassenfahrt und Alkohol: Der Albtraum f\u00fcr Lehrer?\u201c erl\u00e4utern wir das Problemfeld genauer und zeigen Handlungsm\u00f6glichkeiten auf.\n\t\t\t\t\t<\/div>\n\t\t\t\t\n\t\t\t\t\t\t\t\t\t<div class=\"elementor-cta__button-wrapper elementor-cta__content-item elementor-content-item \">\n\t\t\t\t\t<a class=\"elementor-cta__button elementor-button elementor-size-\" href=\"https:\/\/www.herole.de\/blog\/rauchen-und-drogen-auf-klassenfahrt\/\">\n\t\t\t\t\t\tJetzt mehr erfahren\t\t\t\t\t<\/a>\n\t\t\t\t\t<\/div>\n\t\t\t\t\t\t\t<\/div>\n\t\t\t\t\t\t<\/div>\n\t\t\t\t\t\t<\/div>\n\t\t\t\t<\/div>\n\t\t\t\t<div class=\"elementor-element elementor-element-8c4e895 elementor-widget elementor-widget-text-editor\" data-id=\"8c4e895\" data-element_type=\"widget\" data-widget_type=\"text-editor.default\">\n\t\t\t\t<div class=\"elementor-widget-container\">\n\t\t\t\t\t\t\t\t\t<p>Allerdings k\u00f6nnen auch <strong>andere Gr\u00fcnde<\/strong> zur vorzeigen Heimreise von einer Klassenfahrt f\u00fchren:<\/p>\t\t\t\t\t\t\t\t<\/div>\n\t\t\t\t<\/div>\n\t\t\t\t<div class=\"elementor-element elementor-element-65ff85b elementor-blockquote--skin-clean elementor-blockquote--button-color-official elementor-widget elementor-widget-blockquote\" data-id=\"65ff85b\" data-element_type=\"widget\" data-widget_type=\"blockquote.default\">\n\t\t\t\t<div class=\"elementor-widget-container\">\n\t\t\t\t\t\t\t<blockquote class=\"elementor-blockquote\">\n\t\t\t<p class=\"elementor-blockquote__content\">\n\t\t\t\tIm Juni 2001 wurden ein damals 14-j\u00e4hriger Sch\u00fcler und eine gleichaltrige Mitsch\u00fclerin von der Klassenfahrt seiner Klasse 8a nach Tschechien vorzeitig nach Hause geschickt. Der Sch\u00fcler hatte einen antisemitischen Spruch ins G\u00e4stebuch des KZ Theresienstadt (Terezin) geschrieben. Der Vater des Sch\u00fclers holte die beiden ausgeschlossenen Sch\u00fcler in Prag ab, erhob jedoch sp\u00e4ter Klage auf Schadenersatz f\u00fcr die entstandenen Fahrtkosten. Seiner Meinung nach war die Ordnungsma\u00dfnahme unangemessen gewesen. Die Lehrkr\u00e4fte h\u00e4tten die Sch\u00fcler im Unterricht nicht ausreichend auf den Besuch des Lagers vorbereitet. Die Bezirksregierung Braunschweig wies die Klage zur\u00fcck und legte fest, dass es sich nicht um eine Ordnungsma\u00dfnahme, sondern um eine p\u00e4dagogische Ma\u00dfnahme gehandelt habe.\t\t\t<\/p>\n\t\t\t\t\t<\/blockquote>\n\t\t\t\t\t\t<\/div>\n\t\t\t\t<\/div>\n\t\t\t\t<div class=\"elementor-element elementor-element-b7eb7a7 elementor-widget elementor-widget-text-editor\" data-id=\"b7eb7a7\" data-element_type=\"widget\" data-widget_type=\"text-editor.default\">\n\t\t\t\t<div class=\"elementor-widget-container\">\n\t\t\t\t\t\t\t\t\t<p>Die Lehrer konnten in diesem Fall glaubhaft machen, dass sie <strong>dem Sch\u00fcler sein Fehlverhalten durch den Ausschluss vor Augen f\u00fchren wollten und um den anderen Sch\u00fclerinnen und Sch\u00fcler eine unbelastete weitere Durchf\u00fchrung der Klassenfahrt zu erm\u00f6glichen. <\/strong><\/p><h2>Was muss beachtet werden, um einen Sch\u00fcler vorzeitig nach Hause zu schicken?<\/h2>\t\t\t\t\t\t\t\t<\/div>\n\t\t\t\t<\/div>\n\t\t\t\t<section class=\"elementor-section elementor-inner-section elementor-element elementor-element-9bf0f75 elementor-section-boxed elementor-section-height-default elementor-section-height-default\" data-id=\"9bf0f75\" data-element_type=\"section\">\n\t\t\t\t\t\t<div class=\"elementor-container elementor-column-gap-no\">\n\t\t\t\t\t<div class=\"elementor-column elementor-col-50 elementor-inner-column elementor-element elementor-element-80a116a\" data-id=\"80a116a\" data-element_type=\"column\">\n\t\t\t<div class=\"elementor-widget-wrap elementor-element-populated\">\n\t\t\t\t\t\t<div class=\"elementor-element elementor-element-3518651 elementor-widget elementor-widget-image\" data-id=\"3518651\" data-element_type=\"widget\" data-widget_type=\"image.default\">\n\t\t\t\t<div class=\"elementor-widget-container\">\n\t\t\t\t\t\t\t\t\t\t\t\t\t\t\t\t<a href=\"https:\/\/www.herole.de\/blog\/wp-content\/uploads\/blick-auf-eine-richterwaage.jpg\" data-elementor-open-lightbox=\"yes\" data-elementor-lightbox-title=\"Blick auf eine Richterwaage\" data-e-action-hash=\"#elementor-action%3Aaction%3Dlightbox%26settings%3DeyJpZCI6MTUzMSwidXJsIjoiaHR0cHM6XC9cL3d3dy5oZXJvbGUuZGVcL2Jsb2dcL3dwLWNvbnRlbnRcL3VwbG9hZHNcL2JsaWNrLWF1Zi1laW5lLXJpY2h0ZXJ3YWFnZS5qcGcifQ%3D%3D\">\n\t\t\t\t\t\t\t<img decoding=\"async\" width=\"1024\" height=\"681\" src=\"https:\/\/www.herole.de\/blog\/wp-content\/uploads\/blick-auf-eine-richterwaage-1024x681.jpg\" class=\"attachment-large size-large wp-image-1531\" alt=\"Blick auf eine Richterwaage\" srcset=\"https:\/\/www.herole.de\/blog\/wp-content\/uploads\/blick-auf-eine-richterwaage-1024x681.jpg 1024w, https:\/\/www.herole.de\/blog\/wp-content\/uploads\/blick-auf-eine-richterwaage-300x200.jpg 300w, https:\/\/www.herole.de\/blog\/wp-content\/uploads\/blick-auf-eine-richterwaage-768x511.jpg 768w, https:\/\/www.herole.de\/blog\/wp-content\/uploads\/blick-auf-eine-richterwaage.jpg 1920w, https:\/\/www.herole.de\/blog\/wp-content\/uploads\/blick-auf-eine-richterwaage-1320x878.jpg 1320w\" sizes=\"(max-width: 1024px) 100vw, 1024px\" \/>\t\t\t\t\t\t\t\t<\/a>\n\t\t\t\t\t\t\t\t\t\t\t\t\t\t\t<\/div>\n\t\t\t\t<\/div>\n\t\t\t\t\t<\/div>\n\t\t<\/div>\n\t\t\t\t<div class=\"elementor-column elementor-col-50 elementor-inner-column elementor-element elementor-element-5859c01\" data-id=\"5859c01\" data-element_type=\"column\">\n\t\t\t<div class=\"elementor-widget-wrap elementor-element-populated\">\n\t\t\t\t\t\t<div class=\"elementor-element elementor-element-39bebfa elementor-widget elementor-widget-text-editor\" data-id=\"39bebfa\" data-element_type=\"widget\" data-widget_type=\"text-editor.default\">\n\t\t\t\t<div class=\"elementor-widget-container\">\n\t\t\t\t\t\t\t\t\t<p>Damit Lehrer die p\u00e4dagogische Ma\u00dfnahme &#8222;vorzeitige Heimreise&#8220; wirksam und rechtssicher einsetzen k\u00f6nnen, sollten sie bereits vor der Klassenfahrt entsprechende Vorbereitungen treffen.\u00a0<\/p><p>Das Wichtigste ist eine schriftliche Erkl\u00e4rung (&#8222;Elternbrief&#8220;), den die Erziehungsberechtigten (bzw. vollj\u00e4hrige Sch\u00fcler selbst) unterzeichnen m\u00fcssen. In diesem Elternbrief werden die Eltern dar\u00fcber informiert, dass ihre Kinder bei schwerer Disziplinlosigkeit bzw. Regelverst\u00f6\u00dfen, vorzeitig von der Klassenfahrt ausgeschlossen und auf eigene Kosten eine fr\u00fchere Heimreise antreten m\u00fcssen. Dieser Abschnitt sollte m\u00f6glichst deutlich und umfassend formuliert sein, weil der Elternbrief einen <strong>\u00f6ffentlich-rechtlichen<\/strong> <strong>Vertrag zwischen Schule und Eltern bzw. vollj\u00e4hrigem Sch\u00fcler<\/strong> darstellt. Er sollte vor Gericht nicht anfechtbar sein.<\/p>\t\t\t\t\t\t\t\t<\/div>\n\t\t\t\t<\/div>\n\t\t\t\t\t<\/div>\n\t\t<\/div>\n\t\t\t\t\t<\/div>\n\t\t<\/section>\n\t\t\t\t<div class=\"elementor-element elementor-element-0f05b9a elementor-cta--valign-top lines lines-1 elementor-cta--skin-classic elementor-animated-content elementor-bg-transform elementor-bg-transform-zoom-in elementor-widget elementor-widget-call-to-action\" data-id=\"0f05b9a\" data-element_type=\"widget\" data-widget_type=\"call-to-action.default\">\n\t\t\t\t<div class=\"elementor-widget-container\">\n\t\t\t\t\t\t\t<div class=\"elementor-cta\">\n\t\t\t\t\t\t\t<div class=\"elementor-cta__content\">\n\t\t\t\t\n\t\t\t\t\t\t\t\t\t<h2 class=\"elementor-cta__title elementor-cta__content-item elementor-content-item\">\n\t\t\t\t\t\tGratis-Download\t\t\t\t\t<\/h2>\n\t\t\t\t\n\t\t\t\t\t\t\t\t\t<div class=\"elementor-cta__description elementor-cta__content-item elementor-content-item\">\n\t\t\t\t\t\tWir haben f\u00fcr Sie eine Belehrung zum Konsum von Nikotin, Alkohol und Drogen sowie eine Einverst\u00e4ndniserkl\u00e4rung der\/des Erziehungsberechtigten erstellt.\t\t\t\t\t<\/div>\n\t\t\t\t\n\t\t\t\t\t\t\t\t\t<div class=\"elementor-cta__button-wrapper elementor-cta__content-item elementor-content-item \">\n\t\t\t\t\t<a class=\"elementor-cta__button elementor-button elementor-size-\" href=\"https:\/\/www.herole.de\/checklisten-downloads\/blog\">\n\t\t\t\t\t\tJetzt gratis downloaden\t\t\t\t\t<\/a>\n\t\t\t\t\t<\/div>\n\t\t\t\t\t\t\t<\/div>\n\t\t\t\t\t\t<\/div>\n\t\t\t\t\t\t<\/div>\n\t\t\t\t<\/div>\n\t\t\t\t<div class=\"elementor-element elementor-element-c24b984 elementor-widget elementor-widget-text-editor\" data-id=\"c24b984\" data-element_type=\"widget\" data-widget_type=\"text-editor.default\">\n\t\t\t\t<div class=\"elementor-widget-container\">\n\t\t\t\t\t\t\t\t\t<p>Zudem sollten Lehrer ihre Sch\u00fcler und deren Eltern m\u00fcndlich dar\u00fcber informieren, welche konkreten Regeln und Konsequenzen bei Fehlverhalten gelten. Am besten berufen Lehrer minderj\u00e4hriger Sch\u00fcler einen <a href=\"https:\/\/www.herole.de\/blog\/klassenfahrt-elternabend\/\">ELTERNABEND<\/a> ein, bei dem sie deutlich machen, unter welchen Umst\u00e4nden Sch\u00fcler die Klassenfahrt vorzeitig abbrechen m\u00fcssen.<\/p><p>Hoegg weist darauf hin, dass Lehrer den Eltern bzw. den Sch\u00fclern gegen\u00fcber <strong>keine m\u00fcndlichen Zugest\u00e4ndnisse<\/strong> machen sollten. Hat die Lehrkraft beispielsweise beim Elternabend gesagt, dass <em>&#8222;das ein oder andere Glas Bier oder Wein kein Problem darstellt&#8220;<\/em> und ein Sch\u00fcler wird dann aufgrund des Alkoholkonsums nach Hause geschickt, kann die Aussage vor Gericht verwendet werden. Schlie\u00dflich kann sich der Sch\u00fcler auf die Dehnbarkeit des Begriffes &#8222;das ein oder andere Glas&#8220; berufen.<\/p><p>Besser ist es, <strong>feste Grenzen<\/strong> zu setzen und z.B. gar keinen Alkohol zu erlauben oder den Konsum von exakt 0,2 Litern Bier\/Wein (ein Glas) abends zum Essen festzulegen. Jegliche Verst\u00f6\u00dfe f\u00fchren zu den im Vorfeld festgelegten Konsequenzen.<\/p><p><strong>Gut zu wissen:<\/strong> Eine vorzeitige Heimreise von der Klassenfahrt kann nur der Schulleiter anordnen. Der betroffene Lehrer informiert ihn telefonisch \u00fcber die Lage und er pr\u00fcft den Sachverhalt. Vorausgehendes Fehlverhalten des Sch\u00fclers und Verwarnungen des Lehrers m\u00fcssen dokumentiert sein. <br \/><br \/><strong>Beispiel:<\/strong> Ein Sch\u00fcler ist bereits am ersten Abend der Klassenfahrt durch unerlaubten Bierkonsum aufgefallen. Der Lehrer hat ihn m\u00fcndlich verwarnt und auf die im Elternbrief festgelegten Konsequenzen hingewiesen. Dennoch wird der Sch\u00fcler am n\u00e4chsten Tag wieder mit Bier erwischt. Nun kann der Lehrer nachweisen, dass:<\/p>\t\t\t\t\t\t\t\t<\/div>\n\t\t\t\t<\/div>\n\t\t\t\t<div class=\"elementor-element elementor-element-3f535f99 elementor-icon-list--layout-traditional elementor-list-item-link-full_width elementor-widget elementor-widget-icon-list\" data-id=\"3f535f99\" data-element_type=\"widget\" data-widget_type=\"icon-list.default\">\n\t\t\t\t<div class=\"elementor-widget-container\">\n\t\t\t\t\t\t\t<ul class=\"elementor-icon-list-items\">\n\t\t\t\t\t\t\t<li class=\"elementor-icon-list-item\">\n\t\t\t\t\t\t\t\t\t\t\t<span class=\"elementor-icon-list-icon\">\n\t\t\t\t\t\t\t<i aria-hidden=\"true\" class=\"icon icon-ok\"><\/i>\t\t\t\t\t\t<\/span>\n\t\t\t\t\t\t\t\t\t\t<span class=\"elementor-icon-list-text\">er bereits eine Verwarnung ausgesprochen hat,<\/span>\n\t\t\t\t\t\t\t\t\t<\/li>\n\t\t\t\t\t\t\t\t<li class=\"elementor-icon-list-item\">\n\t\t\t\t\t\t\t\t\t\t\t<span class=\"elementor-icon-list-icon\">\n\t\t\t\t\t\t\t<i aria-hidden=\"true\" class=\"icon icon-ok\"><\/i>\t\t\t\t\t\t<\/span>\n\t\t\t\t\t\t\t\t\t\t<span class=\"elementor-icon-list-text\">der Sch\u00fcler keine Einsicht gezeigt hat und<\/span>\n\t\t\t\t\t\t\t\t\t<\/li>\n\t\t\t\t\t\t\t\t<li class=\"elementor-icon-list-item\">\n\t\t\t\t\t\t\t\t\t\t\t<span class=\"elementor-icon-list-icon\">\n\t\t\t\t\t\t\t<i aria-hidden=\"true\" class=\"icon icon-ok\"><\/i>\t\t\t\t\t\t<\/span>\n\t\t\t\t\t\t\t\t\t\t<span class=\"elementor-icon-list-text\">damit eine hohe Wiederholungsgefahrt besteht.<\/span>\n\t\t\t\t\t\t\t\t\t<\/li>\n\t\t\t\t\t\t<\/ul>\n\t\t\t\t\t\t<\/div>\n\t\t\t\t<\/div>\n\t\t\t\t<div class=\"elementor-element elementor-element-0a0b1b8 elementor-widget elementor-widget-text-editor\" data-id=\"0a0b1b8\" data-element_type=\"widget\" data-widget_type=\"text-editor.default\">\n\t\t\t\t<div class=\"elementor-widget-container\">\n\t\t\t\t\t\t\t\t\t<p>Der begleitende Lehrer selbst ist nicht berechtigt, den Ausschluss von der Klassenfahrt zu beschlie\u00dfen. Dies best\u00e4tigte auch das Verwaltungsgericht M\u00fcnchen im Mai 2011 in einem Urteil.<\/p><h2>Wer \u00fcbernimmt die Kosten f\u00fcr die vorzeitige Heimreise von einer Klassenfahrt?<\/h2>\t\t\t\t\t\t\t\t<\/div>\n\t\t\t\t<\/div>\n\t\t\t\t<section class=\"elementor-section elementor-inner-section elementor-element elementor-element-663ae8e elementor-reverse-tablet elementor-reverse-mobile elementor-section-boxed elementor-section-height-default elementor-section-height-default\" data-id=\"663ae8e\" data-element_type=\"section\">\n\t\t\t\t\t\t<div class=\"elementor-container elementor-column-gap-no\">\n\t\t\t\t\t<div class=\"elementor-column elementor-col-50 elementor-inner-column elementor-element elementor-element-f1e454f\" data-id=\"f1e454f\" data-element_type=\"column\">\n\t\t\t<div class=\"elementor-widget-wrap elementor-element-populated\">\n\t\t\t\t\t\t<div class=\"elementor-element elementor-element-2df49b1 elementor-widget elementor-widget-text-editor\" data-id=\"2df49b1\" data-element_type=\"widget\" data-widget_type=\"text-editor.default\">\n\t\t\t\t<div class=\"elementor-widget-container\">\n\t\t\t\t\t\t\t\t\t<p><strong>In der Regel m\u00fcssen die Eltern f\u00fcr die Kosten der Heimreise aufkommen.<\/strong> Dies sorgt nat\u00fcrlich oft f\u00fcr \u00c4rger. G\u00fcnther Hoegg empfiehlt Lehrern, sich hier gar nicht auf eine Debatte einzulassen, sondern gleich auf den unterzeichneten Elternbrief zu verweisen. Mit ihrer Unterschrift\u00a0 haben die Eltern ihr schriftliches Einverst\u00e4ndnis zu einer etwaigen Kosten\u00fcbernahme gegeben.<\/p><p>Welche <strong>Form der Heimreise<\/strong> am besten ist, h\u00e4ngt vom Alter der Sch\u00fcler und vom Reiseziel ab. Bei j\u00fcngeren Sch\u00fclern ist es meist am besten, wenn die Eltern sie mit dem Auto abholen. Bei Sch\u00fclern ab der 9. Klasse ist auch eine Heimreise alleine mit der Bahn oder dem Flugzeug zumutbar.<\/p><p>Die meisten Airlines nehmen unbegleitete Minderj\u00e4hrige bereits ab einem Alter von 12 Jahren mit. Wurde die Klassenfahrt \u00fcber HEROL\u00c9 Reisen gebucht, helfen die Reiseexperten gerne dabei, auch kurzfristig ein m\u00f6glichst g\u00fcnstiges Flugticket oder eine Bahnfahrkarte zu vermitteln.<\/p>\t\t\t\t\t\t\t\t<\/div>\n\t\t\t\t<\/div>\n\t\t\t\t\t<\/div>\n\t\t<\/div>\n\t\t\t\t<div class=\"elementor-column elementor-col-50 elementor-inner-column elementor-element elementor-element-85f2ad3\" data-id=\"85f2ad3\" data-element_type=\"column\">\n\t\t\t<div class=\"elementor-widget-wrap elementor-element-populated\">\n\t\t\t\t\t\t<div class=\"elementor-element elementor-element-48c69b2 elementor-widget elementor-widget-image\" data-id=\"48c69b2\" data-element_type=\"widget\" data-widget_type=\"image.default\">\n\t\t\t\t<div class=\"elementor-widget-container\">\n\t\t\t\t\t\t\t\t\t\t\t\t\t\t\t\t<a href=\"https:\/\/www.herole.de\/blog\/wp-content\/uploads\/elterngespraech-in-der-schule.jpg\" data-elementor-open-lightbox=\"yes\" data-elementor-lightbox-title=\"Elterngespr\u00e4ch in der Schule\" data-e-action-hash=\"#elementor-action%3Aaction%3Dlightbox%26settings%3DeyJpZCI6MTI0NSwidXJsIjoiaHR0cHM6XC9cL3d3dy5oZXJvbGUuZGVcL2Jsb2dcL3dwLWNvbnRlbnRcL3VwbG9hZHNcL2VsdGVybmdlc3ByYWVjaC1pbi1kZXItc2NodWxlLmpwZyJ9\">\n\t\t\t\t\t\t\t<img loading=\"lazy\" decoding=\"async\" width=\"1024\" height=\"684\" src=\"https:\/\/www.herole.de\/blog\/wp-content\/uploads\/elterngespraech-in-der-schule-1024x684.jpg\" class=\"attachment-large size-large wp-image-1245\" alt=\"Frauen bei einem Elterngespr\u00e4ch in der Schule\" srcset=\"https:\/\/www.herole.de\/blog\/wp-content\/uploads\/elterngespraech-in-der-schule-1024x684.jpg 1024w, https:\/\/www.herole.de\/blog\/wp-content\/uploads\/elterngespraech-in-der-schule-300x200.jpg 300w, https:\/\/www.herole.de\/blog\/wp-content\/uploads\/elterngespraech-in-der-schule-768x513.jpg 768w, https:\/\/www.herole.de\/blog\/wp-content\/uploads\/elterngespraech-in-der-schule-1320x882.jpg 1320w, https:\/\/www.herole.de\/blog\/wp-content\/uploads\/elterngespraech-in-der-schule.jpg 1910w\" sizes=\"(max-width: 1024px) 100vw, 1024px\" \/>\t\t\t\t\t\t\t\t<\/a>\n\t\t\t\t\t\t\t\t\t\t\t\t\t\t\t<\/div>\n\t\t\t\t<\/div>\n\t\t\t\t\t<\/div>\n\t\t<\/div>\n\t\t\t\t\t<\/div>\n\t\t<\/section>\n\t\t\t\t<div class=\"elementor-element elementor-element-da9e525 elementor-widget elementor-widget-text-editor\" data-id=\"da9e525\" data-element_type=\"widget\" data-widget_type=\"text-editor.default\">\n\t\t\t\t<div class=\"elementor-widget-container\">\n\t\t\t\t\t\t\t\t\t<p>Zum Abschluss noch einmal Experte G\u00fcnther Hoegg: Tritt die Situation ein, f\u00fcr deren Fall mit einer vorzeitigen Heimreise gedroht wurde (z.B. Alkoholkonsum), sollte der Lehrer die Strafe auch konsequent durchsetzen. Dr\u00fcckt er einmal ein Auge zu, w\u00fcrde sp\u00e4ter von ihm erwartet, in \u00e4hnlichen Situationen genauso nachsichtig zu handeln. Lieber von Anfang an <strong>konsequent<\/strong> bleiben \u2013 da wissen die Sch\u00fcler, womit sie zu rechnen haben.<\/p>\t\t\t\t\t\t\t\t<\/div>\n\t\t\t\t<\/div>\n\t\t\t\t<div class=\"elementor-element elementor-element-47a94473 elementor-widget elementor-widget-menu-anchor\" data-id=\"47a94473\" data-element_type=\"widget\" data-widget_type=\"menu-anchor.default\">\n\t\t\t\t<div class=\"elementor-widget-container\">\n\t\t\t\t\t\t\t<div class=\"elementor-menu-anchor\" id=\"linksammlung\"><\/div>\n\t\t\t\t\t\t<\/div>\n\t\t\t\t<\/div>\n\t\t\t\t<div class=\"elementor-element elementor-element-3c34e88f elementor-widget elementor-widget-text-editor\" data-id=\"3c34e88f\" data-element_type=\"widget\" data-widget_type=\"text-editor.default\">\n\t\t\t\t<div class=\"elementor-widget-container\">\n\t\t\t\t\t\t\t\t\t<h2>Linksammlung<\/h2><ul><li>Leipziger Volkszeitung: <a href=\"https:\/\/www.lvz.de\/Mehr\/Recht\/Verbraucherrecht\/Duerfen-Lehrer-das-Handy-wegnehmen\" target=\"_blank\" rel=\"noopener\">D\u00fcrfen Lehrer das Handy wegnehmen?<\/a><\/li><li>Openjur: <a href=\"https:\/\/openjur.de\/u\/278198.html\" target=\"_blank\" rel=\"noopener\">VG Berlin, Beschluss vom 30.Juni 2008<\/a><\/li><li>Openjur: <a href=\"https:\/\/openjur.de\/u\/765431.html\" target=\"_blank\" rel=\"noopener\">VG Osnabr\u00fcck, Beschluss vom 27.Januar 2015<\/a><\/li><li>Openjur: <a href=\"https:\/\/openjur.de\/u\/313487.html\" target=\"_blank\" rel=\"noopener\">VG Hannover, Beschluss vom 24.Mai 2002<\/a><\/li><li>Openjur: <a href=\"https:\/\/openjur.de\/u\/314829.html\" target=\"_blank\" rel=\"noopener\">VG G\u00f6ttingen, Beschluss vom 3.April 2003<\/a><\/li><li>Openjur: <a href=\"https:\/\/openjur.de\/u\/491442.html\" target=\"_blank\" rel=\"noopener\">VG M\u00fcnchen, Beschluss vom 17.Mai 2011<\/a><\/li><\/ul>\t\t\t\t\t\t\t\t<\/div>\n\t\t\t\t<\/div>\n\t\t\t\t<div class=\"elementor-element elementor-element-139025a5 elementor-widget elementor-widget-text-editor\" data-id=\"139025a5\" data-element_type=\"widget\" data-widget_type=\"text-editor.default\">\n\t\t\t\t<div class=\"elementor-widget-container\">\n\t\t\t\t\t\t\t\t\t<h2>Bildnachweis<\/h2><ul><li>Titelbild: Junges M\u00e4dchen, verborgen hinter Zigarettenqualm eine Zigarette ausdr\u00fcckt: Joshua Resnick\/ <a href=\"https:\/\/www.shutterstock.com\/de\/\" target=\"_blank\" rel=\"noopener\">Shutterstock.com<\/a><\/li><li>Friendly Smoking von Valentine Ottone, Lizenz: CC by 2.0<\/li><li>Junges M\u00e4dchen lehnt Cannabis-Zigarette ab: Diego Cervo\/ <a href=\"https:\/\/www.shutterstock.com\/de\/\" target=\"_blank\" rel=\"noopener\">Shutterstock.com<\/a><\/li><li>Waage steht auf einem Tisch: vladek \/ <a href=\"https:\/\/de.depositphotos.com\" target=\"_blank\" rel=\"noopener\">Depositphotos.com<\/a><\/li><li>Jugendliche im Gespr\u00e4ch mit zwei Lehrerinnen: Tim Gouw\/ <a href=\"https:\/\/unsplash.com\/\" target=\"_blank\" rel=\"noopener\">Unsplash<\/a><\/li><\/ul>\t\t\t\t\t\t\t\t<\/div>\n\t\t\t\t<\/div>\n\t\t\t\t\t<\/div>\n\t\t<\/div>\n\t\t\t\t\t<\/div>\n\t\t<\/section>\n\t\t\t\t<\/div>\n\t\t","protected":false},"excerpt":{"rendered":"<p>Kein Lehrer macht sich die Entscheidung leicht, einen Sch\u00fcler von der Klassenfahrt auszuschlie\u00dfen. Wann ist diese Ma\u00dfnahme nicht zu vermeiden und unter welchen Umst\u00e4nden ist sie \u00fcberhaupt erlaubt? Hier haben wir einige wichtige Fragen und Antworten zum Thema Ausschluss von einer Klassenfahrt zusammengefasst. <\/p>\n","protected":false},"author":6,"featured_media":12722,"comment_status":"closed","ping_status":"closed","sticky":false,"template":"","format":"standard","meta":{"footnotes":""},"categories":[10],"tags":[],"class_list":["post-12637","post","type-post","status-publish","format-standard","has-post-thumbnail","hentry","category-umgang-probleme"],"yoast_head":"<!-- This site is optimized with the Yoast SEO plugin v26.0 - https:\/\/yoast.com\/wordpress\/plugins\/seo\/ -->\n<title>Ausschluss von einer Klassenfahrt: Das sollten Lehrer wissen<\/title>\n<meta name=\"description\" content=\"Wann ist ein Ausschluss von einer Klassenfahrt angebracht? Wie sieht die rechtliche Grundlage aus? Antworten darauf und mehr finden Sie in diesem Blog.\" \/>\n<meta name=\"robots\" content=\"index, follow, max-snippet:-1, max-image-preview:large, max-video-preview:-1\" \/>\n<link rel=\"canonical\" href=\"https:\/\/www.herole.de\/blog\/ausschluss-von-einer-klassenfahrt-das-sollten-lehrer-wissen\/\" \/>\n<meta property=\"og:locale\" content=\"de_DE\" \/>\n<meta property=\"og:type\" content=\"article\" \/>\n<meta property=\"og:title\" content=\"Ausschluss von einer Klassenfahrt: Das sollten Lehrer wissen\" \/>\n<meta property=\"og:description\" content=\"Wann ist ein Ausschluss von einer Klassenfahrt angebracht? Wie sieht die rechtliche Grundlage aus? Antworten darauf und mehr finden Sie in diesem Blog.\" \/>\n<meta property=\"og:url\" content=\"https:\/\/www.herole.de\/blog\/ausschluss-von-einer-klassenfahrt-das-sollten-lehrer-wissen\/\" \/>\n<meta property=\"og:site_name\" content=\"HEROL\u00c9 Ratgeber\" \/>\n<meta property=\"article:publisher\" content=\"https:\/\/www.facebook.com\/HeroleKlassenfahrten\" \/>\n<meta property=\"article:published_time\" content=\"2020-01-08T09:15:00+00:00\" \/>\n<meta property=\"article:modified_time\" content=\"2024-10-14T12:15:32+00:00\" \/>\n<meta property=\"og:image\" content=\"https:\/\/www.herole.de\/blog\/wp-content\/uploads\/jugendliche-alkohol-rauchen.jpg\" \/>\n\t<meta property=\"og:image:width\" content=\"1920\" \/>\n\t<meta property=\"og:image:height\" content=\"1440\" \/>\n\t<meta property=\"og:image:type\" content=\"image\/jpeg\" \/>\n<meta name=\"author\" content=\"Heike Philipp\" \/>\n<meta name=\"twitter:card\" content=\"summary_large_image\" \/>\n<meta name=\"twitter:creator\" content=\"@heike.bach\" \/>\n<meta name=\"twitter:site\" content=\"@herole_reisen\" \/>\n<meta name=\"twitter:label1\" content=\"Verfasst von\" \/>\n\t<meta name=\"twitter:data1\" content=\"Heike Philipp\" \/>\n\t<meta name=\"twitter:label2\" content=\"Gesch\u00e4tzte Lesezeit\" \/>\n\t<meta name=\"twitter:data2\" content=\"10\u00a0Minuten\" \/>\n<script type=\"application\/ld+json\" class=\"yoast-schema-graph\">{\"@context\":\"https:\/\/schema.org\",\"@graph\":[{\"@type\":\"Article\",\"@id\":\"https:\/\/www.herole.de\/blog\/ausschluss-von-einer-klassenfahrt-das-sollten-lehrer-wissen\/#article\",\"isPartOf\":{\"@id\":\"https:\/\/www.herole.de\/blog\/ausschluss-von-einer-klassenfahrt-das-sollten-lehrer-wissen\/\"},\"author\":{\"name\":\"Heike Philipp\",\"@id\":\"https:\/\/www.herole.de\/blog\/#\/schema\/person\/13fb982c1909aaffcf2c09f0fde399ba\"},\"headline\":\"Ausschluss von einer Klassenfahrt: Das sollten Lehrer wissen\",\"datePublished\":\"2020-01-08T09:15:00+00:00\",\"dateModified\":\"2024-10-14T12:15:32+00:00\",\"mainEntityOfPage\":{\"@id\":\"https:\/\/www.herole.de\/blog\/ausschluss-von-einer-klassenfahrt-das-sollten-lehrer-wissen\/\"},\"wordCount\":2282,\"publisher\":{\"@id\":\"https:\/\/www.herole.de\/blog\/#organization\"},\"image\":{\"@id\":\"https:\/\/www.herole.de\/blog\/ausschluss-von-einer-klassenfahrt-das-sollten-lehrer-wissen\/#primaryimage\"},\"thumbnailUrl\":\"https:\/\/www.herole.de\/blog\/wp-content\/uploads\/jugendliche-alkohol-rauchen.jpg\",\"articleSection\":[\"Umgang mit Problemen\"],\"inLanguage\":\"de\"},{\"@type\":\"WebPage\",\"@id\":\"https:\/\/www.herole.de\/blog\/ausschluss-von-einer-klassenfahrt-das-sollten-lehrer-wissen\/\",\"url\":\"https:\/\/www.herole.de\/blog\/ausschluss-von-einer-klassenfahrt-das-sollten-lehrer-wissen\/\",\"name\":\"Ausschluss von einer Klassenfahrt: Das sollten Lehrer wissen\",\"isPartOf\":{\"@id\":\"https:\/\/www.herole.de\/blog\/#website\"},\"primaryImageOfPage\":{\"@id\":\"https:\/\/www.herole.de\/blog\/ausschluss-von-einer-klassenfahrt-das-sollten-lehrer-wissen\/#primaryimage\"},\"image\":{\"@id\":\"https:\/\/www.herole.de\/blog\/ausschluss-von-einer-klassenfahrt-das-sollten-lehrer-wissen\/#primaryimage\"},\"thumbnailUrl\":\"https:\/\/www.herole.de\/blog\/wp-content\/uploads\/jugendliche-alkohol-rauchen.jpg\",\"datePublished\":\"2020-01-08T09:15:00+00:00\",\"dateModified\":\"2024-10-14T12:15:32+00:00\",\"description\":\"Wann ist ein Ausschluss von einer Klassenfahrt angebracht? Wie sieht die rechtliche Grundlage aus? Antworten darauf und mehr finden Sie in diesem Blog.\",\"breadcrumb\":{\"@id\":\"https:\/\/www.herole.de\/blog\/ausschluss-von-einer-klassenfahrt-das-sollten-lehrer-wissen\/#breadcrumb\"},\"inLanguage\":\"de\",\"potentialAction\":[{\"@type\":\"ReadAction\",\"target\":[\"https:\/\/www.herole.de\/blog\/ausschluss-von-einer-klassenfahrt-das-sollten-lehrer-wissen\/\"]}]},{\"@type\":\"ImageObject\",\"inLanguage\":\"de\",\"@id\":\"https:\/\/www.herole.de\/blog\/ausschluss-von-einer-klassenfahrt-das-sollten-lehrer-wissen\/#primaryimage\",\"url\":\"https:\/\/www.herole.de\/blog\/wp-content\/uploads\/jugendliche-alkohol-rauchen.jpg\",\"contentUrl\":\"https:\/\/www.herole.de\/blog\/wp-content\/uploads\/jugendliche-alkohol-rauchen.jpg\",\"width\":1920,\"height\":1440,\"caption\":\"Eine Jugendliche die Alkohol trinkt, dr\u00fcckt eine Zigarette aus.\"},{\"@type\":\"BreadcrumbList\",\"@id\":\"https:\/\/www.herole.de\/blog\/ausschluss-von-einer-klassenfahrt-das-sollten-lehrer-wissen\/#breadcrumb\",\"itemListElement\":[{\"@type\":\"ListItem\",\"position\":1,\"name\":\"Startseite\",\"item\":\"https:\/\/www.herole.de\/blog\/\"},{\"@type\":\"ListItem\",\"position\":2,\"name\":\"Ausschluss von einer Klassenfahrt: Das sollten Lehrer wissen\"}]},{\"@type\":\"WebSite\",\"@id\":\"https:\/\/www.herole.de\/blog\/#website\",\"url\":\"https:\/\/www.herole.de\/blog\/\",\"name\":\"HEROL\u00c9 Ratgeber\",\"description\":\"Wissenswertes rund um die Organisation von Klassenfahrten, zudem Lehrertipps und Themen des Schulalltags.\",\"publisher\":{\"@id\":\"https:\/\/www.herole.de\/blog\/#organization\"},\"potentialAction\":[{\"@type\":\"SearchAction\",\"target\":{\"@type\":\"EntryPoint\",\"urlTemplate\":\"https:\/\/www.herole.de\/blog\/?s={search_term_string}\"},\"query-input\":{\"@type\":\"PropertyValueSpecification\",\"valueRequired\":true,\"valueName\":\"search_term_string\"}}],\"inLanguage\":\"de\"},{\"@type\":\"Organization\",\"@id\":\"https:\/\/www.herole.de\/blog\/#organization\",\"name\":\"HEROL\u00c9 Reisen GmbH\",\"url\":\"https:\/\/www.herole.de\/blog\/\",\"logo\":{\"@type\":\"ImageObject\",\"inLanguage\":\"de\",\"@id\":\"https:\/\/www.herole.de\/blog\/#\/schema\/logo\/image\/\",\"url\":\"https:\/\/www.herole.de\/blog\/wp-content\/uploads\/herole-logo.png\",\"contentUrl\":\"https:\/\/www.herole.de\/blog\/wp-content\/uploads\/herole-logo.png\",\"width\":274,\"height\":70,\"caption\":\"HEROL\u00c9 Reisen GmbH\"},\"image\":{\"@id\":\"https:\/\/www.herole.de\/blog\/#\/schema\/logo\/image\/\"},\"sameAs\":[\"https:\/\/www.facebook.com\/HeroleKlassenfahrten\",\"https:\/\/x.com\/herole_reisen\",\"https:\/\/instagram.com\/heroleklassenfahrten\",\"https:\/\/www.youtube.com\/HeroleReisen\"]},{\"@type\":\"Person\",\"@id\":\"https:\/\/www.herole.de\/blog\/#\/schema\/person\/13fb982c1909aaffcf2c09f0fde399ba\",\"name\":\"Heike Philipp\",\"image\":{\"@type\":\"ImageObject\",\"inLanguage\":\"de\",\"@id\":\"https:\/\/www.herole.de\/blog\/#\/schema\/person\/image\/\",\"url\":\"https:\/\/secure.gravatar.com\/avatar\/6010203aefccca33c04c1b210ceba8ee7e5a734d5844451cfadfb0913f869e7a?s=96&d=mm&r=g\",\"contentUrl\":\"https:\/\/secure.gravatar.com\/avatar\/6010203aefccca33c04c1b210ceba8ee7e5a734d5844451cfadfb0913f869e7a?s=96&d=mm&r=g\",\"caption\":\"Heike Philipp\"},\"sameAs\":[\"https:\/\/x.com\/heike.bach\"]}]}<\/script>\n<!-- \/ Yoast SEO plugin. -->","yoast_head_json":{"title":"Ausschluss von einer Klassenfahrt: Das sollten Lehrer wissen","description":"Wann ist ein Ausschluss von einer Klassenfahrt angebracht? Wie sieht die rechtliche Grundlage aus? Antworten darauf und mehr finden Sie in diesem Blog.","robots":{"index":"index","follow":"follow","max-snippet":"max-snippet:-1","max-image-preview":"max-image-preview:large","max-video-preview":"max-video-preview:-1"},"canonical":"https:\/\/www.herole.de\/blog\/ausschluss-von-einer-klassenfahrt-das-sollten-lehrer-wissen\/","og_locale":"de_DE","og_type":"article","og_title":"Ausschluss von einer Klassenfahrt: Das sollten Lehrer wissen","og_description":"Wann ist ein Ausschluss von einer Klassenfahrt angebracht? Wie sieht die rechtliche Grundlage aus? Antworten darauf und mehr finden Sie in diesem Blog.","og_url":"https:\/\/www.herole.de\/blog\/ausschluss-von-einer-klassenfahrt-das-sollten-lehrer-wissen\/","og_site_name":"HEROL\u00c9 Ratgeber","article_publisher":"https:\/\/www.facebook.com\/HeroleKlassenfahrten","article_published_time":"2020-01-08T09:15:00+00:00","article_modified_time":"2024-10-14T12:15:32+00:00","og_image":[{"width":1920,"height":1440,"url":"https:\/\/www.herole.de\/blog\/wp-content\/uploads\/jugendliche-alkohol-rauchen.jpg","type":"image\/jpeg"}],"author":"Heike Philipp","twitter_card":"summary_large_image","twitter_creator":"@heike.bach","twitter_site":"@herole_reisen","twitter_misc":{"Verfasst von":"Heike Philipp","Gesch\u00e4tzte Lesezeit":"10\u00a0Minuten"},"schema":{"@context":"https:\/\/schema.org","@graph":[{"@type":"Article","@id":"https:\/\/www.herole.de\/blog\/ausschluss-von-einer-klassenfahrt-das-sollten-lehrer-wissen\/#article","isPartOf":{"@id":"https:\/\/www.herole.de\/blog\/ausschluss-von-einer-klassenfahrt-das-sollten-lehrer-wissen\/"},"author":{"name":"Heike Philipp","@id":"https:\/\/www.herole.de\/blog\/#\/schema\/person\/13fb982c1909aaffcf2c09f0fde399ba"},"headline":"Ausschluss von einer Klassenfahrt: Das sollten Lehrer wissen","datePublished":"2020-01-08T09:15:00+00:00","dateModified":"2024-10-14T12:15:32+00:00","mainEntityOfPage":{"@id":"https:\/\/www.herole.de\/blog\/ausschluss-von-einer-klassenfahrt-das-sollten-lehrer-wissen\/"},"wordCount":2282,"publisher":{"@id":"https:\/\/www.herole.de\/blog\/#organization"},"image":{"@id":"https:\/\/www.herole.de\/blog\/ausschluss-von-einer-klassenfahrt-das-sollten-lehrer-wissen\/#primaryimage"},"thumbnailUrl":"https:\/\/www.herole.de\/blog\/wp-content\/uploads\/jugendliche-alkohol-rauchen.jpg","articleSection":["Umgang mit Problemen"],"inLanguage":"de"},{"@type":"WebPage","@id":"https:\/\/www.herole.de\/blog\/ausschluss-von-einer-klassenfahrt-das-sollten-lehrer-wissen\/","url":"https:\/\/www.herole.de\/blog\/ausschluss-von-einer-klassenfahrt-das-sollten-lehrer-wissen\/","name":"Ausschluss von einer Klassenfahrt: Das sollten Lehrer wissen","isPartOf":{"@id":"https:\/\/www.herole.de\/blog\/#website"},"primaryImageOfPage":{"@id":"https:\/\/www.herole.de\/blog\/ausschluss-von-einer-klassenfahrt-das-sollten-lehrer-wissen\/#primaryimage"},"image":{"@id":"https:\/\/www.herole.de\/blog\/ausschluss-von-einer-klassenfahrt-das-sollten-lehrer-wissen\/#primaryimage"},"thumbnailUrl":"https:\/\/www.herole.de\/blog\/wp-content\/uploads\/jugendliche-alkohol-rauchen.jpg","datePublished":"2020-01-08T09:15:00+00:00","dateModified":"2024-10-14T12:15:32+00:00","description":"Wann ist ein Ausschluss von einer Klassenfahrt angebracht? Wie sieht die rechtliche Grundlage aus? Antworten darauf und mehr finden Sie in diesem Blog.","breadcrumb":{"@id":"https:\/\/www.herole.de\/blog\/ausschluss-von-einer-klassenfahrt-das-sollten-lehrer-wissen\/#breadcrumb"},"inLanguage":"de","potentialAction":[{"@type":"ReadAction","target":["https:\/\/www.herole.de\/blog\/ausschluss-von-einer-klassenfahrt-das-sollten-lehrer-wissen\/"]}]},{"@type":"ImageObject","inLanguage":"de","@id":"https:\/\/www.herole.de\/blog\/ausschluss-von-einer-klassenfahrt-das-sollten-lehrer-wissen\/#primaryimage","url":"https:\/\/www.herole.de\/blog\/wp-content\/uploads\/jugendliche-alkohol-rauchen.jpg","contentUrl":"https:\/\/www.herole.de\/blog\/wp-content\/uploads\/jugendliche-alkohol-rauchen.jpg","width":1920,"height":1440,"caption":"Eine Jugendliche die Alkohol trinkt, dr\u00fcckt eine Zigarette aus."},{"@type":"BreadcrumbList","@id":"https:\/\/www.herole.de\/blog\/ausschluss-von-einer-klassenfahrt-das-sollten-lehrer-wissen\/#breadcrumb","itemListElement":[{"@type":"ListItem","position":1,"name":"Startseite","item":"https:\/\/www.herole.de\/blog\/"},{"@type":"ListItem","position":2,"name":"Ausschluss von einer Klassenfahrt: Das sollten Lehrer wissen"}]},{"@type":"WebSite","@id":"https:\/\/www.herole.de\/blog\/#website","url":"https:\/\/www.herole.de\/blog\/","name":"HEROL\u00c9 Ratgeber","description":"Wissenswertes rund um die Organisation von Klassenfahrten, zudem Lehrertipps und Themen des Schulalltags.","publisher":{"@id":"https:\/\/www.herole.de\/blog\/#organization"},"potentialAction":[{"@type":"SearchAction","target":{"@type":"EntryPoint","urlTemplate":"https:\/\/www.herole.de\/blog\/?s={search_term_string}"},"query-input":{"@type":"PropertyValueSpecification","valueRequired":true,"valueName":"search_term_string"}}],"inLanguage":"de"},{"@type":"Organization","@id":"https:\/\/www.herole.de\/blog\/#organization","name":"HEROL\u00c9 Reisen GmbH","url":"https:\/\/www.herole.de\/blog\/","logo":{"@type":"ImageObject","inLanguage":"de","@id":"https:\/\/www.herole.de\/blog\/#\/schema\/logo\/image\/","url":"https:\/\/www.herole.de\/blog\/wp-content\/uploads\/herole-logo.png","contentUrl":"https:\/\/www.herole.de\/blog\/wp-content\/uploads\/herole-logo.png","width":274,"height":70,"caption":"HEROL\u00c9 Reisen GmbH"},"image":{"@id":"https:\/\/www.herole.de\/blog\/#\/schema\/logo\/image\/"},"sameAs":["https:\/\/www.facebook.com\/HeroleKlassenfahrten","https:\/\/x.com\/herole_reisen","https:\/\/instagram.com\/heroleklassenfahrten","https:\/\/www.youtube.com\/HeroleReisen"]},{"@type":"Person","@id":"https:\/\/www.herole.de\/blog\/#\/schema\/person\/13fb982c1909aaffcf2c09f0fde399ba","name":"Heike Philipp","image":{"@type":"ImageObject","inLanguage":"de","@id":"https:\/\/www.herole.de\/blog\/#\/schema\/person\/image\/","url":"https:\/\/secure.gravatar.com\/avatar\/6010203aefccca33c04c1b210ceba8ee7e5a734d5844451cfadfb0913f869e7a?s=96&d=mm&r=g","contentUrl":"https:\/\/secure.gravatar.com\/avatar\/6010203aefccca33c04c1b210ceba8ee7e5a734d5844451cfadfb0913f869e7a?s=96&d=mm&r=g","caption":"Heike Philipp"},"sameAs":["https:\/\/x.com\/heike.bach"]}]}},"_links":{"self":[{"href":"https:\/\/www.herole.de\/blog\/wp-json\/wp\/v2\/posts\/12637","targetHints":{"allow":["GET"]}}],"collection":[{"href":"https:\/\/www.herole.de\/blog\/wp-json\/wp\/v2\/posts"}],"about":[{"href":"https:\/\/www.herole.de\/blog\/wp-json\/wp\/v2\/types\/post"}],"author":[{"embeddable":true,"href":"https:\/\/www.herole.de\/blog\/wp-json\/wp\/v2\/users\/6"}],"replies":[{"embeddable":true,"href":"https:\/\/www.herole.de\/blog\/wp-json\/wp\/v2\/comments?post=12637"}],"version-history":[{"count":0,"href":"https:\/\/www.herole.de\/blog\/wp-json\/wp\/v2\/posts\/12637\/revisions"}],"wp:featuredmedia":[{"embeddable":true,"href":"https:\/\/www.herole.de\/blog\/wp-json\/wp\/v2\/media\/12722"}],"wp:attachment":[{"href":"https:\/\/www.herole.de\/blog\/wp-json\/wp\/v2\/media?parent=12637"}],"wp:term":[{"taxonomy":"category","embeddable":true,"href":"https:\/\/www.herole.de\/blog\/wp-json\/wp\/v2\/categories?post=12637"},{"taxonomy":"post_tag","embeddable":true,"href":"https:\/\/www.herole.de\/blog\/wp-json\/wp\/v2\/tags?post=12637"}],"curies":[{"name":"wp","href":"https:\/\/api.w.org\/{rel}","templated":true}]}}