{"id":10136,"date":"2023-04-18T08:07:05","date_gmt":"2023-04-18T06:07:05","guid":{"rendered":"https:\/\/www.herole.de\/blog\/?p=10136"},"modified":"2026-03-27T10:41:01","modified_gmt":"2026-03-27T09:41:01","slug":"nachhaltigkeit-im-klassenzimmer","status":"publish","type":"post","link":"https:\/\/www.herole.de\/blog\/nachhaltigkeit-im-klassenzimmer\/","title":{"rendered":"Nachhaltigkeit: Ideen f\u00fcr den Schulunterricht"},"content":{"rendered":"\t\t<div data-elementor-type=\"wp-post\" data-elementor-id=\"10136\" class=\"elementor elementor-10136\" data-elementor-post-type=\"post\">\n\t\t\t\t\t\t<section class=\"elementor-section elementor-top-section elementor-element elementor-element-64efd5f1 elementor-section-boxed elementor-section-height-default elementor-section-height-default\" data-id=\"64efd5f1\" data-element_type=\"section\">\n\t\t\t\t\t\t<div class=\"elementor-container elementor-column-gap-default\">\n\t\t\t\t\t<div class=\"elementor-column elementor-col-100 elementor-top-column elementor-element elementor-element-4ad975e0\" data-id=\"4ad975e0\" data-element_type=\"column\">\n\t\t\t<div class=\"elementor-widget-wrap elementor-element-populated\">\n\t\t\t\t\t\t<div class=\"elementor-element elementor-element-8d2d454 elementor-widget elementor-widget-text-editor\" data-id=\"8d2d454\" data-element_type=\"widget\" data-widget_type=\"text-editor.default\">\n\t\t\t\t<div class=\"elementor-widget-container\">\n\t\t\t\t\t\t\t\t\t<p>Bereits 2017 wurde der Nationale Aktionsplan verabschiedet, der <strong>Bildung f\u00fcr nachhaltige Entwicklung<\/strong> in allen Bereichen des <strong>deutschen Bildungssystems <\/strong>verankern will. Das Bundesumweltministerium hat zu diesem Zweck eine <strong>Linksammlung<\/strong> zusammengestellt. Diese f\u00fchrt zu zahlreichen Materialien f\u00fcr die p\u00e4dagogische Bildungsarbeit rund um das Thema Nachhaltigkeit (<a href=\"#linksammlung\">Nachhaltigkeit im Unterricht<\/a>).<\/p><h2>Was bedeutet Nachhaltigkeit?<\/h2>\t\t\t\t\t\t\t\t<\/div>\n\t\t\t\t<\/div>\n\t\t\t\t<section class=\"elementor-section elementor-inner-section elementor-element elementor-element-998ddf5 elementor-reverse-tablet elementor-reverse-mobile elementor-section-boxed elementor-section-height-default elementor-section-height-default\" data-id=\"998ddf5\" data-element_type=\"section\">\n\t\t\t\t\t\t<div class=\"elementor-container elementor-column-gap-no\">\n\t\t\t\t\t<div class=\"elementor-column elementor-col-50 elementor-inner-column elementor-element elementor-element-181814c\" data-id=\"181814c\" data-element_type=\"column\">\n\t\t\t<div class=\"elementor-widget-wrap elementor-element-populated\">\n\t\t\t\t\t\t<div class=\"elementor-element elementor-element-5df851b elementor-widget elementor-widget-text-editor\" data-id=\"5df851b\" data-element_type=\"widget\" data-widget_type=\"text-editor.default\">\n\t\t\t\t<div class=\"elementor-widget-container\">\n\t\t\t\t\t\t\t\t\t<p>Der Begriff stammt urspr\u00fcnglich aus der <strong>Forstwirtschaft<\/strong>. Mit \u201e<strong>nachhaltigem Wirtschaften<\/strong>\u201c ist gemeint, dass F\u00f6rster:innen<strong> nicht mehr B\u00e4ume f\u00e4llen als nachwachsen k\u00f6nnen<\/strong>. Mittlerweile wird der Begriff auf alle Bereiche des menschlichen Lebens ausgedehnt: Wir sollen so wirtschaften, dass unsere Folge-Generationen noch einen lebenswerten Planeten vorfinden.<\/p><p>Derzeit sind wir davon leider weit entfernt: 2022 fiel der <a href=\"https:\/\/www.herole.de\/blog\/nachhaltigkeit-im-klassenzimmer\/#linksammlung\">\u201eEarth Overshoot Day\u201c<\/a> bereits auf den <strong>28. Juli<\/strong>. Dieser \u201eErd\u00fcberlastungstag\u201c ist jener Tag, an dem<strong> alle Ressourcen aufgebraucht waren<\/strong>, die die Erde im ganzen Jahr selbst wiederherstellen kann. Ozeane werden schneller <strong>leergefischt<\/strong> als sich Fischbest\u00e4nde erholen k\u00f6nnen, W\u00e4lder schneller <strong>gerodet<\/strong> als sie nachwachsen k\u00f6nnen. Zum Vergleich: 1987 fiel der \u201eEarth Overshoot Day\u201c auf den 19. Dezember. Der Spruch \u201eWir gehen mit der Erde um, als ob wir eine zweite im Keller haben\u201c ist bittere Wirklichkeit.\u200b<\/p>\t\t\t\t\t\t\t\t<\/div>\n\t\t\t\t<\/div>\n\t\t\t\t\t<\/div>\n\t\t<\/div>\n\t\t\t\t<div class=\"elementor-column elementor-col-50 elementor-inner-column elementor-element elementor-element-04b3b28\" data-id=\"04b3b28\" data-element_type=\"column\">\n\t\t\t<div class=\"elementor-widget-wrap elementor-element-populated\">\n\t\t\t\t\t\t<div class=\"elementor-element elementor-element-9562919 elementor-widget elementor-widget-image\" data-id=\"9562919\" data-element_type=\"widget\" data-widget_type=\"image.default\">\n\t\t\t\t<div class=\"elementor-widget-container\">\n\t\t\t\t\t\t\t\t\t\t\t\t\t\t\t\t<a href=\"https:\/\/www.herole.de\/blog\/wp-content\/uploads\/Herole-Reisen_Berlin22_20220615163127_8042.jpg\" data-elementor-open-lightbox=\"yes\" data-elementor-lightbox-title=\"Nachhaltig auf Klassenfahrt mit HEROL\u00c9\" data-elementor-lightbox-description=\"Nachhaltig auf Klassenfahrt mit HEROL\u00c9\" data-e-action-hash=\"#elementor-action%3Aaction%3Dlightbox%26settings%3DeyJpZCI6Mjg4MTQsInVybCI6Imh0dHBzOlwvXC93d3cuaGVyb2xlLmRlXC9ibG9nXC93cC1jb250ZW50XC91cGxvYWRzXC9IZXJvbGUtUmVpc2VuX0JlcmxpbjIyXzIwMjIwNjE1MTYzMTI3XzgwNDIuanBnIn0%3D\">\n\t\t\t\t\t\t\t<img fetchpriority=\"high\" decoding=\"async\" width=\"1024\" height=\"683\" src=\"https:\/\/www.herole.de\/blog\/wp-content\/uploads\/Herole-Reisen_Berlin22_20220615163127_8042-1024x683.jpg\" class=\"attachment-large size-large wp-image-28814\" alt=\"\" srcset=\"https:\/\/www.herole.de\/blog\/wp-content\/uploads\/Herole-Reisen_Berlin22_20220615163127_8042-1024x683.jpg 1024w, https:\/\/www.herole.de\/blog\/wp-content\/uploads\/Herole-Reisen_Berlin22_20220615163127_8042-300x200.jpg 300w, https:\/\/www.herole.de\/blog\/wp-content\/uploads\/Herole-Reisen_Berlin22_20220615163127_8042-768x512.jpg 768w, https:\/\/www.herole.de\/blog\/wp-content\/uploads\/Herole-Reisen_Berlin22_20220615163127_8042-1536x1025.jpg 1536w, https:\/\/www.herole.de\/blog\/wp-content\/uploads\/Herole-Reisen_Berlin22_20220615163127_8042.jpg 1920w\" sizes=\"(max-width: 1024px) 100vw, 1024px\" \/>\t\t\t\t\t\t\t\t<\/a>\n\t\t\t\t\t\t\t\t\t\t\t\t\t\t\t<\/div>\n\t\t\t\t<\/div>\n\t\t\t\t\t<\/div>\n\t\t<\/div>\n\t\t\t\t\t<\/div>\n\t\t<\/section>\n\t\t\t\t<div class=\"elementor-element elementor-element-9a8e782 elementor-widget elementor-widget-text-editor\" data-id=\"9a8e782\" data-element_type=\"widget\" data-widget_type=\"text-editor.default\">\n\t\t\t\t<div class=\"elementor-widget-container\">\n\t\t\t\t\t\t\t\t\t<p>Zwar interessieren sich viele Jugendliche f\u00fcr <strong>umweltpolitische Fragen<\/strong> und w\u00fcrden sich gerne st\u00e4rker engagieren, doch oft fehlt es ihnen an <strong>Hintergrundwissen<\/strong> und seri\u00f6sen Informationsquellen. Hier sind Schulen und Lehrer:innen gefragt. Sie k\u00f6nnen in zahlreichen Schulf\u00e4chern Aspekte des Umweltschutzes theoretisch und praxistauglich vermitteln.<\/p><h2>Nachhaltigkeit im Schulunterricht<\/h2><p>Wenn es die Zeit und die Umst\u00e4nde an den jeweiligen Schulen erlauben, sind die Themen Nachhaltigkeit und Umweltschutz pr\u00e4destiniert f\u00fcr f\u00e4cher\u00fcbergreifendes Lernen. Aktionstage, <strong>Ausfl\u00fcge <\/strong>oder<a href=\"https:\/\/www.herole.de\/klassenfahrten-bne\"> BNE-Klassenfahrten<\/a> runden die theoretischen Unterrichtseinheiten ideal ab. Hier kommen Ideen \u00a0zur Planung f\u00fcr einzelne F\u00e4cher:<\/p>\t\t\t\t\t\t\t\t<\/div>\n\t\t\t\t<\/div>\n\t\t\t\t<div class=\"elementor-element elementor-element-559bef6 elementor-icon-list--layout-traditional elementor-list-item-link-full_width elementor-widget elementor-widget-icon-list\" data-id=\"559bef6\" data-element_type=\"widget\" data-widget_type=\"icon-list.default\">\n\t\t\t\t<div class=\"elementor-widget-container\">\n\t\t\t\t\t\t\t<ul class=\"elementor-icon-list-items\">\n\t\t\t\t\t\t\t<li class=\"elementor-icon-list-item\">\n\t\t\t\t\t\t\t\t\t\t\t<span class=\"elementor-icon-list-icon\">\n\t\t\t\t\t\t\t<i aria-hidden=\"true\" class=\"icon icon-ok\"><\/i>\t\t\t\t\t\t<\/span>\n\t\t\t\t\t\t\t\t\t\t<span class=\"elementor-icon-list-text\"><a href=\"https:\/\/www.herole.de\/klassenfahrten-biologie\" target=\"_blank\">Biologie:<\/a> \u00d6koysteme, Artenvielfalt und -schutz<\/span>\n\t\t\t\t\t\t\t\t\t<\/li>\n\t\t\t\t\t\t\t\t<li class=\"elementor-icon-list-item\">\n\t\t\t\t\t\t\t\t\t\t\t<span class=\"elementor-icon-list-icon\">\n\t\t\t\t\t\t\t<i aria-hidden=\"true\" class=\"icon icon-ok\"><\/i>\t\t\t\t\t\t<\/span>\n\t\t\t\t\t\t\t\t\t\t<span class=\"elementor-icon-list-text\"><a href=\"https:\/\/www.herole.de\/klassenfahrten-chemie\" target=\"_blank\">Chemie:<\/a> Chemikalien und ihr Einfluss auf die Umwelt (Plastik!)<\/span>\n\t\t\t\t\t\t\t\t\t<\/li>\n\t\t\t\t\t\t\t\t<li class=\"elementor-icon-list-item\">\n\t\t\t\t\t\t\t\t\t\t\t<span class=\"elementor-icon-list-icon\">\n\t\t\t\t\t\t\t<i aria-hidden=\"true\" class=\"icon icon-ok\"><\/i>\t\t\t\t\t\t<\/span>\n\t\t\t\t\t\t\t\t\t\t<span class=\"elementor-icon-list-text\"><a href=\"https:\/\/www.herole.de\/klassenfahrten-physik\" target=\"_blank\">Physik:<\/a> Energie, Mobilit\u00e4t &amp; Klima<\/span>\n\t\t\t\t\t\t\t\t\t<\/li>\n\t\t\t\t\t\t\t\t<li class=\"elementor-icon-list-item\">\n\t\t\t\t\t\t\t\t\t\t\t<span class=\"elementor-icon-list-icon\">\n\t\t\t\t\t\t\t<i aria-hidden=\"true\" class=\"icon icon-ok\"><\/i>\t\t\t\t\t\t<\/span>\n\t\t\t\t\t\t\t\t\t\t<span class=\"elementor-icon-list-text\"><a href=\"https:\/\/www.herole.de\/klassenfahrten-politik\" target=\"_blank\">Politik:<\/a> Globalisierung &amp; Klimapolitik<\/span>\n\t\t\t\t\t\t\t\t\t<\/li>\n\t\t\t\t\t\t\t\t<li class=\"elementor-icon-list-item\">\n\t\t\t\t\t\t\t\t\t\t\t<span class=\"elementor-icon-list-icon\">\n\t\t\t\t\t\t\t<i aria-hidden=\"true\" class=\"icon icon-ok\"><\/i>\t\t\t\t\t\t<\/span>\n\t\t\t\t\t\t\t\t\t\t<span class=\"elementor-icon-list-text\"><a href=\"https:\/\/www.herole.de\/klassenfahrten-wirtschaft\" target=\"_blank\">Wirtschaft:<\/a> Konsum &amp; Lifestyle (Einwegbecher, Fast Fashion, etc.)<\/span>\n\t\t\t\t\t\t\t\t\t<\/li>\n\t\t\t\t\t\t\t\t<li class=\"elementor-icon-list-item\">\n\t\t\t\t\t\t\t\t\t\t\t<span class=\"elementor-icon-list-icon\">\n\t\t\t\t\t\t\t<i aria-hidden=\"true\" class=\"icon icon-ok\"><\/i>\t\t\t\t\t\t<\/span>\n\t\t\t\t\t\t\t\t\t\t<span class=\"elementor-icon-list-text\"><a href=\"https:\/\/www.herole.de\/klassenfahrten-geographie\" target=\"_blank\">Geographie:<\/a> Lebensr\u00e4ume, Klimazonen &amp; Weltwirtschaft<\/span>\n\t\t\t\t\t\t\t\t\t<\/li>\n\t\t\t\t\t\t\t\t<li class=\"elementor-icon-list-item\">\n\t\t\t\t\t\t\t\t\t\t\t<span class=\"elementor-icon-list-icon\">\n\t\t\t\t\t\t\t<i aria-hidden=\"true\" class=\"icon icon-ok\"><\/i>\t\t\t\t\t\t<\/span>\n\t\t\t\t\t\t\t\t\t\t<span class=\"elementor-icon-list-text\"><a href=\"https:\/\/www.herole.de\/klassenfahrten-geschichte\" target=\"_blank\">Geschichte:<\/a> Entwicklung der Wirtschaft (Industrie), Ressourcenverbrauch<\/span>\n\t\t\t\t\t\t\t\t\t<\/li>\n\t\t\t\t\t\t\t\t<li class=\"elementor-icon-list-item\">\n\t\t\t\t\t\t\t\t\t\t\t<span class=\"elementor-icon-list-icon\">\n\t\t\t\t\t\t\t<i aria-hidden=\"true\" class=\"icon icon-ok\"><\/i>\t\t\t\t\t\t<\/span>\n\t\t\t\t\t\t\t\t\t\t<span class=\"elementor-icon-list-text\"><strong>Ethik\/Philosophie:<\/strong> Lebensstile,  Menschenrechte &amp; Ressourcenverteilung<\/span>\n\t\t\t\t\t\t\t\t\t<\/li>\n\t\t\t\t\t\t\t\t<li class=\"elementor-icon-list-item\">\n\t\t\t\t\t\t\t\t\t\t\t<span class=\"elementor-icon-list-icon\">\n\t\t\t\t\t\t\t<i aria-hidden=\"true\" class=\"icon icon-ok\"><\/i>\t\t\t\t\t\t<\/span>\n\t\t\t\t\t\t\t\t\t\t<span class=\"elementor-icon-list-text\"><a href=\"https:\/\/www.herole.de\/klassenfahrten-deutsch\" target=\"_blank\">Deutsch:<\/a> Werbung, Kommunikation &amp; manipulative Sprache<\/span>\n\t\t\t\t\t\t\t\t\t<\/li>\n\t\t\t\t\t\t<\/ul>\n\t\t\t\t\t\t<\/div>\n\t\t\t\t<\/div>\n\t\t\t\t<div class=\"elementor-element elementor-element-b20b2d1 elementor-cta--valign-top lines lines-2 elementor-cta--skin-classic elementor-animated-content elementor-bg-transform elementor-bg-transform-zoom-in elementor-widget elementor-widget-call-to-action\" data-id=\"b20b2d1\" data-element_type=\"widget\" data-widget_type=\"call-to-action.default\">\n\t\t\t\t<div class=\"elementor-widget-container\">\n\t\t\t\t\t\t\t<div class=\"elementor-cta\">\n\t\t\t\t\t\t\t<div class=\"elementor-cta__content\">\n\t\t\t\t\n\t\t\t\t\t\t\t\t\t<h2 class=\"elementor-cta__title elementor-cta__content-item elementor-content-item\">\n\t\t\t\t\t\tUnsere Angebote\t\t\t\t\t<\/h2>\n\t\t\t\t\n\t\t\t\t\t\t\t\t\t<div class=\"elementor-cta__description elementor-cta__content-item elementor-content-item\">\n\t\t\t\t\t\tInformieren Sie sich \u00fcber unsere exklusiven BNE-Klassenfahrten und stellen Sie sich Ihre individuelle Reise zusammen.\t\t\t\t\t<\/div>\n\t\t\t\t\n\t\t\t\t\t\t\t\t\t<div class=\"elementor-cta__button-wrapper elementor-cta__content-item elementor-content-item \">\n\t\t\t\t\t<a class=\"elementor-cta__button elementor-button elementor-size-\" href=\"https:\/\/www.herole.de\/klassenfahrten-bne\" target=\"_blank\">\n\t\t\t\t\t\tJetzt nachhaltige Klassenfahrten entdecken\t\t\t\t\t<\/a>\n\t\t\t\t\t<\/div>\n\t\t\t\t\t\t\t<\/div>\n\t\t\t\t\t\t<\/div>\n\t\t\t\t\t\t<\/div>\n\t\t\t\t<\/div>\n\t\t\t\t<div class=\"elementor-element elementor-element-7c78e60 elementor-widget elementor-widget-text-editor\" data-id=\"7c78e60\" data-element_type=\"widget\" data-widget_type=\"text-editor.default\">\n\t\t\t\t<div class=\"elementor-widget-container\">\n\t\t\t\t\t\t\t\t\t<h2>Unterrichtsanregung 1: M\u00fclltrennung<\/h2>\t\t\t\t\t\t\t\t<\/div>\n\t\t\t\t<\/div>\n\t\t\t\t<section class=\"elementor-section elementor-inner-section elementor-element elementor-element-0e83f65 elementor-reverse-tablet elementor-reverse-mobile elementor-section-boxed elementor-section-height-default elementor-section-height-default\" data-id=\"0e83f65\" data-element_type=\"section\">\n\t\t\t\t\t\t<div class=\"elementor-container elementor-column-gap-no\">\n\t\t\t\t\t<div class=\"elementor-column elementor-col-50 elementor-inner-column elementor-element elementor-element-9330d2a\" data-id=\"9330d2a\" data-element_type=\"column\">\n\t\t\t<div class=\"elementor-widget-wrap elementor-element-populated\">\n\t\t\t\t\t\t<div class=\"elementor-element elementor-element-b7aede5 elementor-widget elementor-widget-text-editor\" data-id=\"b7aede5\" data-element_type=\"widget\" data-widget_type=\"text-editor.default\">\n\t\t\t\t<div class=\"elementor-widget-container\">\n\t\t\t\t\t\t\t\t\t<p>In Deutschland fallen jedes Jahr rund <strong>40 Millionen<\/strong> Tonnen Abfall in privaten Haushalten an. Sehr viele Abf\u00e4lle lassen sich <strong>recyceln<\/strong>, d.h. aus ihnen entstehen neue Rohstoffe, die wiederum zu neuen Produkten verarbeitet werden. Dadurch kann der Verbrauch endlicher <strong>nat\u00fcrlicher Ressourcen<\/strong> gesenkt werden.<\/p><p>Leider ist das deutsche Recyclingsystem mit seinen vielen verschiedenfarbigen M\u00fclleimern und anderen Entsorgungsarten immer <strong>komplizierter<\/strong> geworden. Viele Menschen sind nur unzureichend \u00fcber die <strong>richtige M\u00fclltrennung<\/strong> informiert und f\u00fchlen sich \u00fcberfordert. Der Bundesverband Sekund\u00e4rrohstoffe und Entsorgung stellte in manchen Bereich bis zu<strong> 60 Prozent Fehlw\u00fcrfe<\/strong> fest. Soll hei\u00dfen: Mehr als die H\u00e4lfte des M\u00fclls wurde falsch entsorgt. Der Pizzakarton zum Beispiel ist meist beschichtet und mit Pizzaresten versehen und geh\u00f6rt daher in den Restm\u00fcll und nicht in die Altpapiertonne. Schulische Bildung kann hier ansetzen und \u00fcber die Sch\u00fcler:innen eventuell auch die Eltern erreichen.<\/p>\t\t\t\t\t\t\t\t<\/div>\n\t\t\t\t<\/div>\n\t\t\t\t\t<\/div>\n\t\t<\/div>\n\t\t\t\t<div class=\"elementor-column elementor-col-50 elementor-inner-column elementor-element elementor-element-0425d64\" data-id=\"0425d64\" data-element_type=\"column\">\n\t\t\t<div class=\"elementor-widget-wrap elementor-element-populated\">\n\t\t\t\t\t\t<div class=\"elementor-element elementor-element-41a5e3e elementor-widget elementor-widget-image\" data-id=\"41a5e3e\" data-element_type=\"widget\" data-widget_type=\"image.default\">\n\t\t\t\t<div class=\"elementor-widget-container\">\n\t\t\t\t\t\t\t\t\t\t\t\t\t\t\t\t<a href=\"https:\/\/www.herole.de\/blog\/wp-content\/uploads\/Muelltrennung.jpg\" data-elementor-open-lightbox=\"yes\" data-elementor-lightbox-title=\"M\u00fclltrennung\" data-e-action-hash=\"#elementor-action%3Aaction%3Dlightbox%26settings%3DeyJpZCI6MjEwMzgsInVybCI6Imh0dHBzOlwvXC93d3cuaGVyb2xlLmRlXC9ibG9nXC93cC1jb250ZW50XC91cGxvYWRzXC9NdWVsbHRyZW5udW5nLmpwZyJ9\">\n\t\t\t\t\t\t\t<img decoding=\"async\" width=\"1024\" height=\"768\" src=\"https:\/\/www.herole.de\/blog\/wp-content\/uploads\/Muelltrennung-1024x768.jpg\" class=\"attachment-large size-large wp-image-21038\" alt=\"Die Sch\u00fcler befinden sich auf der M\u00fclldeponie\" srcset=\"https:\/\/www.herole.de\/blog\/wp-content\/uploads\/Muelltrennung-1024x768.jpg 1024w, https:\/\/www.herole.de\/blog\/wp-content\/uploads\/Muelltrennung-300x225.jpg 300w, https:\/\/www.herole.de\/blog\/wp-content\/uploads\/Muelltrennung-768x576.jpg 768w, https:\/\/www.herole.de\/blog\/wp-content\/uploads\/Muelltrennung-1536x1152.jpg 1536w, https:\/\/www.herole.de\/blog\/wp-content\/uploads\/Muelltrennung.jpg 1920w\" sizes=\"(max-width: 1024px) 100vw, 1024px\" \/>\t\t\t\t\t\t\t\t<\/a>\n\t\t\t\t\t\t\t\t\t\t\t\t\t\t\t<\/div>\n\t\t\t\t<\/div>\n\t\t\t\t\t<\/div>\n\t\t<\/div>\n\t\t\t\t\t<\/div>\n\t\t<\/section>\n\t\t\t\t<section class=\"elementor-section elementor-inner-section elementor-element elementor-element-e1bf0ae elementor-section-boxed elementor-section-height-default elementor-section-height-default\" data-id=\"e1bf0ae\" data-element_type=\"section\">\n\t\t\t\t\t\t<div class=\"elementor-container elementor-column-gap-default\">\n\t\t\t\t\t<div class=\"elementor-column elementor-col-50 elementor-inner-column elementor-element elementor-element-89d854a auto-width\" data-id=\"89d854a\" data-element_type=\"column\">\n\t\t\t<div class=\"elementor-widget-wrap elementor-element-populated\">\n\t\t\t\t\t\t<div class=\"elementor-element elementor-element-5eb40c6 elementor-view-default elementor-widget elementor-widget-icon\" data-id=\"5eb40c6\" data-element_type=\"widget\" data-widget_type=\"icon.default\">\n\t\t\t\t<div class=\"elementor-widget-container\">\n\t\t\t\t\t\t\t<div class=\"elementor-icon-wrapper\">\n\t\t\t<div class=\"elementor-icon\">\n\t\t\t<i aria-hidden=\"true\" class=\"icon icon-blog_tip\"><\/i>\t\t\t<\/div>\n\t\t<\/div>\n\t\t\t\t\t\t<\/div>\n\t\t\t\t<\/div>\n\t\t\t\t\t<\/div>\n\t\t<\/div>\n\t\t\t\t<div class=\"elementor-column elementor-col-50 elementor-inner-column elementor-element elementor-element-5fceef1\" data-id=\"5fceef1\" data-element_type=\"column\">\n\t\t\t<div class=\"elementor-widget-wrap elementor-element-populated\">\n\t\t\t\t\t\t<div class=\"elementor-element elementor-element-f04631e tip elementor-widget elementor-widget-text-editor\" data-id=\"f04631e\" data-element_type=\"widget\" data-widget_type=\"text-editor.default\">\n\t\t\t\t<div class=\"elementor-widget-container\">\n\t\t\t\t\t\t\t\t\t<p>Viele \u00f6rtliche Entsorgungsbetriebe bieten f\u00fcr Schulklassen zum Beispiel F\u00fchrungen durch Abfallsortierungsanlagen an.<\/p>\t\t\t\t\t\t\t\t<\/div>\n\t\t\t\t<\/div>\n\t\t\t\t\t<\/div>\n\t\t<\/div>\n\t\t\t\t\t<\/div>\n\t\t<\/section>\n\t\t\t\t<div class=\"elementor-element elementor-element-f2a8524 elementor-widget elementor-widget-text-editor\" data-id=\"f2a8524\" data-element_type=\"widget\" data-widget_type=\"text-editor.default\">\n\t\t\t\t<div class=\"elementor-widget-container\">\n\t\t\t\t\t\t\t\t\t<h3>Anregungen f\u00fcr Unterrichtseinheiten zum Thema M\u00fclltrennung:<\/h3>\t\t\t\t\t\t\t\t<\/div>\n\t\t\t\t<\/div>\n\t\t\t\t<div class=\"elementor-element elementor-element-1065d19 elementor-icon-list--layout-traditional elementor-list-item-link-full_width elementor-widget elementor-widget-icon-list\" data-id=\"1065d19\" data-element_type=\"widget\" data-widget_type=\"icon-list.default\">\n\t\t\t\t<div class=\"elementor-widget-container\">\n\t\t\t\t\t\t\t<ul class=\"elementor-icon-list-items\">\n\t\t\t\t\t\t\t<li class=\"elementor-icon-list-item\">\n\t\t\t\t\t\t\t\t\t\t\t<span class=\"elementor-icon-list-icon\">\n\t\t\t\t\t\t\t<i aria-hidden=\"true\" class=\"icon icon-ok\"><\/i>\t\t\t\t\t\t<\/span>\n\t\t\t\t\t\t\t\t\t\t<span class=\"elementor-icon-list-text\">Die Seite <a href=\"#linksammlung\">muelltrennung-wirkt.de<\/a> ist eine Initiative des Dualen Systems und bietet f\u00fcr Grundsch\u00fcler Arbeitsbl\u00e4tter und \u00dcbungsanleitungen zur Unterrichtsvorbereitung.<\/span>\n\t\t\t\t\t\t\t\t\t<\/li>\n\t\t\t\t\t\t\t\t<li class=\"elementor-icon-list-item\">\n\t\t\t\t\t\t\t\t\t\t\t<span class=\"elementor-icon-list-icon\">\n\t\t\t\t\t\t\t<i aria-hidden=\"true\" class=\"icon icon-ok\"><\/i>\t\t\t\t\t\t<\/span>\n\t\t\t\t\t\t\t\t\t\t<span class=\"elementor-icon-list-text\">Ganz praktische Anregungen f\u00fcr <a href=\"#linksammlung\">M\u00fclltrennung an der Schule in Form einer Stationsarbeit<\/a> bietet der Auer Verlag.<\/span>\n\t\t\t\t\t\t\t\t\t<\/li>\n\t\t\t\t\t\t\t\t<li class=\"elementor-icon-list-item\">\n\t\t\t\t\t\t\t\t\t\t\t<span class=\"elementor-icon-list-icon\">\n\t\t\t\t\t\t\t<i aria-hidden=\"true\" class=\"icon icon-ok\"><\/i>\t\t\t\t\t\t<\/span>\n\t\t\t\t\t\t\t\t\t\t<span class=\"elementor-icon-list-text\">Die Seite <a href=\"#linksammlung\">wertstoffprofis.de<\/a> ist ein Bildungsprojekt der Remondis-Firmengruppe und bietet vielf\u00e4ltiges Unterrichtsmaterial und Videos zum Thema M\u00fclltrennung f\u00fcr Grundschule und Sekundarstufe 1 zum kostenfreien Download.<\/span>\n\t\t\t\t\t\t\t\t\t<\/li>\n\t\t\t\t\t\t\t\t<li class=\"elementor-icon-list-item\">\n\t\t\t\t\t\t\t\t\t\t\t<span class=\"elementor-icon-list-icon\">\n\t\t\t\t\t\t\t<i aria-hidden=\"true\" class=\"icon icon-ok\"><\/i>\t\t\t\t\t\t<\/span>\n\t\t\t\t\t\t\t\t\t\t<span class=\"elementor-icon-list-text\">Lieber interaktiv? <a href=\"#linksammlung\">Die M\u00fcll AG<\/a> ist ein kostenfreies Lernspiel, das unterrichtsbegleitend Sch\u00fcler: innen die korrekte M\u00fcllsortierung beibringt.<\/span>\n\t\t\t\t\t\t\t\t\t<\/li>\n\t\t\t\t\t\t<\/ul>\n\t\t\t\t\t\t<\/div>\n\t\t\t\t<\/div>\n\t\t\t\t<div class=\"elementor-element elementor-element-8cd7469 elementor-widget elementor-widget-text-editor\" data-id=\"8cd7469\" data-element_type=\"widget\" data-widget_type=\"text-editor.default\">\n\t\t\t\t<div class=\"elementor-widget-container\">\n\t\t\t\t\t\t\t\t\t<h2>Unterrichtsanregung 2: Plastik vermeiden<\/h2>\t\t\t\t\t\t\t\t<\/div>\n\t\t\t\t<\/div>\n\t\t\t\t<section class=\"elementor-section elementor-inner-section elementor-element elementor-element-cfcee6b elementor-section-boxed elementor-section-height-default elementor-section-height-default\" data-id=\"cfcee6b\" data-element_type=\"section\">\n\t\t\t\t\t\t<div class=\"elementor-container elementor-column-gap-no\">\n\t\t\t\t\t<div class=\"elementor-column elementor-col-50 elementor-inner-column elementor-element elementor-element-8644f87\" data-id=\"8644f87\" data-element_type=\"column\">\n\t\t\t<div class=\"elementor-widget-wrap elementor-element-populated\">\n\t\t\t\t\t\t<div class=\"elementor-element elementor-element-43cf3a1 elementor-widget elementor-widget-image\" data-id=\"43cf3a1\" data-element_type=\"widget\" data-widget_type=\"image.default\">\n\t\t\t\t<div class=\"elementor-widget-container\">\n\t\t\t\t\t\t\t\t\t\t\t\t\t\t\t\t<a href=\"https:\/\/www.herole.de\/blog\/wp-content\/uploads\/plastiktuetenverbrauch-deutschland.jpg\" data-elementor-open-lightbox=\"yes\" data-elementor-lightbox-title=\"Plastiktuetenverbrauch in Deutschland\" data-e-action-hash=\"#elementor-action%3Aaction%3Dlightbox%26settings%3DeyJpZCI6MTAxNTksInVybCI6Imh0dHBzOlwvXC93d3cuaGVyb2xlLmRlXC9ibG9nXC93cC1jb250ZW50XC91cGxvYWRzXC9wbGFzdGlrdHVldGVudmVyYnJhdWNoLWRldXRzY2hsYW5kLmpwZyJ9\">\n\t\t\t\t\t\t\t<img decoding=\"async\" width=\"960\" height=\"684\" src=\"https:\/\/www.herole.de\/blog\/wp-content\/uploads\/plastiktuetenverbrauch-deutschland.jpg\" class=\"attachment-large size-large wp-image-10159\" alt=\"Verbrauch von Kunststoff-Tragetaschen in Deutschland von 2000 - 2018\" srcset=\"https:\/\/www.herole.de\/blog\/wp-content\/uploads\/plastiktuetenverbrauch-deutschland.jpg 960w, https:\/\/www.herole.de\/blog\/wp-content\/uploads\/plastiktuetenverbrauch-deutschland-300x214.jpg 300w, https:\/\/www.herole.de\/blog\/wp-content\/uploads\/plastiktuetenverbrauch-deutschland-768x547.jpg 768w\" sizes=\"(max-width: 960px) 100vw, 960px\" \/>\t\t\t\t\t\t\t\t<\/a>\n\t\t\t\t\t\t\t\t\t\t\t\t\t\t\t<\/div>\n\t\t\t\t<\/div>\n\t\t\t\t\t<\/div>\n\t\t<\/div>\n\t\t\t\t<div class=\"elementor-column elementor-col-50 elementor-inner-column elementor-element elementor-element-254975c\" data-id=\"254975c\" data-element_type=\"column\">\n\t\t\t<div class=\"elementor-widget-wrap elementor-element-populated\">\n\t\t\t\t\t\t<div class=\"elementor-element elementor-element-3ef5a0b elementor-widget elementor-widget-text-editor\" data-id=\"3ef5a0b\" data-element_type=\"widget\" data-widget_type=\"text-editor.default\">\n\t\t\t\t<div class=\"elementor-widget-container\">\n\t\t\t\t\t\t\t\t\t<p><strong>Plastikm\u00fcll<\/strong> ist eines der gr\u00f6\u00dften Probleme der Welt. Erst seit einigen Jahren engagieren sich die Regierungen weltweit f\u00fcr die <strong>Reduzierung<\/strong> von Plastik. Seit der Einzelhandel 2016 anfing, Geb\u00fchren f\u00fcr Plastikt\u00fcten zu erheben, ging der Verbrauch stark zur\u00fcck (siehe Abbildung).<\/p><p>Doch an anderer Stelle sind wir weniger weit, so zum Beispiel beim Konsum von Einwegbechern \u2013 Stichwort: Coffee-to-go. Auch Jugendliche lieben den samt den <a href=\"#linksammlung\">Plastikbechern<\/a> verkauften Lifestyle und tragen so zu fast <strong>drei Milliarden<\/strong> <strong>Einwegbechern<\/strong> pro Jahr im deutschen M\u00fcll bei. Seit 2022 m\u00fcssen Restaurants und Caf\u00e9s daher Mehrweg-Alternativen vorhalten, wenn sie Essen und Getr\u00e4nke zum Mitnehmen anbieten.<\/p><p>Wie sieht es konkret an Ihrer Schule aus? Wie viel Plastik steckt in den Brotb\u00fcchsen der Sch\u00fcler: innen und wer kommt morgens mit dem Einwegbecher vom B\u00e4cker ins Klassenzimmer? Hier startet in der Unterrichtsplanung von Lehrkr\u00e4ften eine erste Analyse-M\u00f6glichkeit mit Sch\u00fcler: innen.<\/p>\t\t\t\t\t\t\t\t<\/div>\n\t\t\t\t<\/div>\n\t\t\t\t\t<\/div>\n\t\t<\/div>\n\t\t\t\t\t<\/div>\n\t\t<\/section>\n\t\t\t\t<div class=\"elementor-element elementor-element-c4f7f46 elementor-cta--valign-top lines lines-2 elementor-cta--skin-classic elementor-animated-content elementor-bg-transform elementor-bg-transform-zoom-in elementor-widget elementor-widget-call-to-action\" data-id=\"c4f7f46\" data-element_type=\"widget\" data-widget_type=\"call-to-action.default\">\n\t\t\t\t<div class=\"elementor-widget-container\">\n\t\t\t\t\t\t\t<div class=\"elementor-cta\">\n\t\t\t\t\t\t\t<div class=\"elementor-cta__content\">\n\t\t\t\t\n\t\t\t\t\t\t\t\t\t<h2 class=\"elementor-cta__title elementor-cta__content-item elementor-content-item\">\n\t\t\t\t\t\tUnsere Angebote\t\t\t\t\t<\/h2>\n\t\t\t\t\n\t\t\t\t\t\t\t\t\t<div class=\"elementor-cta__description elementor-cta__content-item elementor-content-item\">\n\t\t\t\t\t\tAuf Klassenfahrt nach Istrien lassen wir Sch\u00fcler:innen beim Mittelmeer-Plastik-Projekt zu echten Forscher:innen werden!\t\t\t\t\t<\/div>\n\t\t\t\t\n\t\t\t\t\t\t\t\t\t<div class=\"elementor-cta__button-wrapper elementor-cta__content-item elementor-content-item \">\n\t\t\t\t\t<a class=\"elementor-cta__button elementor-button elementor-size-\" href=\"https:\/\/www.herole.de\/klassenfahrten-bne\/istrien-bne-busreise\" target=\"_blank\">\n\t\t\t\t\t\tJETZT MEHR ERFAHREN!\t\t\t\t\t<\/a>\n\t\t\t\t\t<\/div>\n\t\t\t\t\t\t\t<\/div>\n\t\t\t\t\t\t<\/div>\n\t\t\t\t\t\t<\/div>\n\t\t\t\t<\/div>\n\t\t\t\t<div class=\"elementor-element elementor-element-8c633f5 elementor-widget elementor-widget-text-editor\" data-id=\"8c633f5\" data-element_type=\"widget\" data-widget_type=\"text-editor.default\">\n\t\t\t\t<div class=\"elementor-widget-container\">\n\t\t\t\t\t\t\t\t\t<h2>Der Natur auf der Spur mit BNE-Klassenfahrten<\/h2>\t\t\t\t\t\t\t\t<\/div>\n\t\t\t\t<\/div>\n\t\t\t\t<section class=\"elementor-section elementor-inner-section elementor-element elementor-element-3dfe12b elementor-reverse-tablet elementor-reverse-mobile elementor-section-boxed elementor-section-height-default elementor-section-height-default\" data-id=\"3dfe12b\" data-element_type=\"section\">\n\t\t\t\t\t\t<div class=\"elementor-container elementor-column-gap-no\">\n\t\t\t\t\t<div class=\"elementor-column elementor-col-50 elementor-inner-column elementor-element elementor-element-1342cf8\" data-id=\"1342cf8\" data-element_type=\"column\">\n\t\t\t<div class=\"elementor-widget-wrap elementor-element-populated\">\n\t\t\t\t\t\t<div class=\"elementor-element elementor-element-2f55400 elementor-widget elementor-widget-text-editor\" data-id=\"2f55400\" data-element_type=\"widget\" data-widget_type=\"text-editor.default\">\n\t\t\t\t<div class=\"elementor-widget-container\">\n\t\t\t\t\t\t\t\t\t<p>Im Unterricht k\u00f6nnen die meisten mit Nachhaltigkeit verbundenen Themen nur <strong>theoretisch<\/strong> behandelt werden. Als <strong>praxisnahes Erlebnis<\/strong> sind altersgerechte <a href=\"https:\/\/www.herole.de\/klassenfahrten-bne\">BNE-Klassenfahrten<\/a> die perfekte Erg\u00e4nzung. Haben die Sch\u00fcler:innen einmal selbst am Nordseestrand M\u00fcll gesammelt und sich in einem der <strong>Naturschutzzentren<\/strong> des Nationalparks Wattenmeer \u00fcber die <strong>Bedrohung<\/strong> der dortigen Tierwelt informiert, werden sie das Thema Plastikm\u00fcll anderes angehen. <strong>Workshops<\/strong> in au\u00dferschulischen Bildungsorten wie dem Klimahaus Bremerhaven und in wissenschaftlichen Laboren erm\u00f6glichen praktische Erfahrungen unter fachkundiger Anleitung.<\/p><p>Das Interesse f\u00fcr <a href=\"https:\/\/www.herole.de\/klassenfahrten-mint\">MINT-F\u00e4cher<\/a> d\u00fcrfte steigen, wenn Sch\u00fcler:innen verstehen, wie wichtig naturwissenschaftliche Forschungen, moderne <strong>Technologien<\/strong> und die Digitalisierung f\u00fcr den Umweltschutz sind.<\/p>\t\t\t\t\t\t\t\t<\/div>\n\t\t\t\t<\/div>\n\t\t\t\t\t<\/div>\n\t\t<\/div>\n\t\t\t\t<div class=\"elementor-column elementor-col-50 elementor-inner-column elementor-element elementor-element-3911f43\" data-id=\"3911f43\" data-element_type=\"column\">\n\t\t\t<div class=\"elementor-widget-wrap elementor-element-populated\">\n\t\t\t\t\t\t<div class=\"elementor-element elementor-element-1cb4d94 elementor-widget elementor-widget-image\" data-id=\"1cb4d94\" data-element_type=\"widget\" data-widget_type=\"image.default\">\n\t\t\t\t<div class=\"elementor-widget-container\">\n\t\t\t\t\t\t\t\t\t\t\t\t\t\t\t\t<a href=\"https:\/\/www.herole.de\/blog\/wp-content\/uploads\/Herole-Reisen_Berlin22_20220615180837_8359.jpg\" data-elementor-open-lightbox=\"yes\" data-elementor-lightbox-title=\"HEROL\u00c9 Nachhaltige Klassenfahrten\" data-e-action-hash=\"#elementor-action%3Aaction%3Dlightbox%26settings%3DeyJpZCI6Mjg2MjIsInVybCI6Imh0dHBzOlwvXC93d3cuaGVyb2xlLmRlXC9ibG9nXC93cC1jb250ZW50XC91cGxvYWRzXC9IZXJvbGUtUmVpc2VuX0JlcmxpbjIyXzIwMjIwNjE1MTgwODM3XzgzNTkuanBnIn0%3D\">\n\t\t\t\t\t\t\t<img loading=\"lazy\" decoding=\"async\" width=\"1024\" height=\"683\" src=\"https:\/\/www.herole.de\/blog\/wp-content\/uploads\/Herole-Reisen_Berlin22_20220615180837_8359-1024x683.jpg\" class=\"attachment-large size-large wp-image-28622\" alt=\"\" srcset=\"https:\/\/www.herole.de\/blog\/wp-content\/uploads\/Herole-Reisen_Berlin22_20220615180837_8359-1024x683.jpg 1024w, https:\/\/www.herole.de\/blog\/wp-content\/uploads\/Herole-Reisen_Berlin22_20220615180837_8359-300x200.jpg 300w, https:\/\/www.herole.de\/blog\/wp-content\/uploads\/Herole-Reisen_Berlin22_20220615180837_8359-768x512.jpg 768w, https:\/\/www.herole.de\/blog\/wp-content\/uploads\/Herole-Reisen_Berlin22_20220615180837_8359-1536x1025.jpg 1536w, https:\/\/www.herole.de\/blog\/wp-content\/uploads\/Herole-Reisen_Berlin22_20220615180837_8359.jpg 1920w\" sizes=\"(max-width: 1024px) 100vw, 1024px\" \/>\t\t\t\t\t\t\t\t<\/a>\n\t\t\t\t\t\t\t\t\t\t\t\t\t\t\t<\/div>\n\t\t\t\t<\/div>\n\t\t\t\t\t<\/div>\n\t\t<\/div>\n\t\t\t\t\t<\/div>\n\t\t<\/section>\n\t\t\t\t<div class=\"elementor-element elementor-element-2ee682b elementor-cta--valign-top lines lines-1 elementor-cta--skin-classic elementor-animated-content elementor-bg-transform elementor-bg-transform-zoom-in elementor-widget elementor-widget-call-to-action\" data-id=\"2ee682b\" data-element_type=\"widget\" data-widget_type=\"call-to-action.default\">\n\t\t\t\t<div class=\"elementor-widget-container\">\n\t\t\t\t\t\t\t<div class=\"elementor-cta\">\n\t\t\t\t\t\t\t<div class=\"elementor-cta__content\">\n\t\t\t\t\n\t\t\t\t\t\t\t\t\t<h2 class=\"elementor-cta__title elementor-cta__content-item elementor-content-item\">\n\t\t\t\t\t\tGratis Download\t\t\t\t\t<\/h2>\n\t\t\t\t\n\t\t\t\t\t\t\t\t\t<div class=\"elementor-cta__description elementor-cta__content-item elementor-content-item\">\n\t\t\t\t\t\tZur Hilfe und Vorbereitung Ihrer BNE-Klassenfahrt haben wir f\u00fcr Sie eine Lehrerhandreichung erstellt, die sie hier kostenfrei herunterladen k\u00f6nnen.\t\t\t\t\t<\/div>\n\t\t\t\t\n\t\t\t\t\t\t\t\t\t<div class=\"elementor-cta__button-wrapper elementor-cta__content-item elementor-content-item \">\n\t\t\t\t\t<a class=\"elementor-cta__button elementor-button elementor-size-\" href=\"https:\/\/www.herole.de\/lehrerleitfaden\">\n\t\t\t\t\t\tJetzt herunterladen\t\t\t\t\t<\/a>\n\t\t\t\t\t<\/div>\n\t\t\t\t\t\t\t<\/div>\n\t\t\t\t\t\t<\/div>\n\t\t\t\t\t\t<\/div>\n\t\t\t\t<\/div>\n\t\t\t\t<div class=\"elementor-element elementor-element-bbc5f78 elementor-widget elementor-widget-text-editor\" data-id=\"bbc5f78\" data-element_type=\"widget\" data-widget_type=\"text-editor.default\">\n\t\t\t\t<div class=\"elementor-widget-container\">\n\t\t\t\t\t\t\t\t\t<h2>Langfristiges Engagement mit einem Schulgarten<\/h2>\t\t\t\t\t\t\t\t<\/div>\n\t\t\t\t<\/div>\n\t\t\t\t<section class=\"elementor-section elementor-inner-section elementor-element elementor-element-7071083 elementor-section-boxed elementor-section-height-default elementor-section-height-default\" data-id=\"7071083\" data-element_type=\"section\">\n\t\t\t\t\t\t<div class=\"elementor-container elementor-column-gap-no\">\n\t\t\t\t\t<div class=\"elementor-column elementor-col-50 elementor-inner-column elementor-element elementor-element-ee75604\" data-id=\"ee75604\" data-element_type=\"column\">\n\t\t\t<div class=\"elementor-widget-wrap elementor-element-populated\">\n\t\t\t\t\t\t<div class=\"elementor-element elementor-element-f1ed88d elementor-widget elementor-widget-image\" data-id=\"f1ed88d\" data-element_type=\"widget\" data-widget_type=\"image.default\">\n\t\t\t\t<div class=\"elementor-widget-container\">\n\t\t\t\t\t\t\t\t\t\t\t\t\t\t\t\t<a href=\"https:\/\/www.herole.de\/blog\/wp-content\/uploads\/Schulgarten.jpg\" data-elementor-open-lightbox=\"yes\" data-elementor-lightbox-title=\"Schulgarten-SuS\" data-elementor-lightbox-description=\"Sch\u00fcler bestauenen ihre Pflanzen im Schulgarten\" data-e-action-hash=\"#elementor-action%3Aaction%3Dlightbox%26settings%3DeyJpZCI6MjA4ODcsInVybCI6Imh0dHBzOlwvXC93d3cuaGVyb2xlLmRlXC9ibG9nXC93cC1jb250ZW50XC91cGxvYWRzXC9TY2h1bGdhcnRlbi5qcGcifQ%3D%3D\">\n\t\t\t\t\t\t\t<img loading=\"lazy\" decoding=\"async\" width=\"1024\" height=\"768\" src=\"https:\/\/www.herole.de\/blog\/wp-content\/uploads\/Schulgarten-1024x768.jpg\" class=\"attachment-large size-large wp-image-20887\" alt=\"SuS sind flei\u00dfig im Schulgarten\" srcset=\"https:\/\/www.herole.de\/blog\/wp-content\/uploads\/Schulgarten-1024x768.jpg 1024w, https:\/\/www.herole.de\/blog\/wp-content\/uploads\/Schulgarten-300x225.jpg 300w, https:\/\/www.herole.de\/blog\/wp-content\/uploads\/Schulgarten-768x576.jpg 768w, https:\/\/www.herole.de\/blog\/wp-content\/uploads\/Schulgarten-1536x1152.jpg 1536w, https:\/\/www.herole.de\/blog\/wp-content\/uploads\/Schulgarten.jpg 1920w\" sizes=\"(max-width: 1024px) 100vw, 1024px\" \/>\t\t\t\t\t\t\t\t<\/a>\n\t\t\t\t\t\t\t\t\t\t\t\t\t\t\t<\/div>\n\t\t\t\t<\/div>\n\t\t\t\t\t<\/div>\n\t\t<\/div>\n\t\t\t\t<div class=\"elementor-column elementor-col-50 elementor-inner-column elementor-element elementor-element-79cf1ac\" data-id=\"79cf1ac\" data-element_type=\"column\">\n\t\t\t<div class=\"elementor-widget-wrap elementor-element-populated\">\n\t\t\t\t\t\t<div class=\"elementor-element elementor-element-ba16206 elementor-widget elementor-widget-text-editor\" data-id=\"ba16206\" data-element_type=\"widget\" data-widget_type=\"text-editor.default\">\n\t\t\t\t<div class=\"elementor-widget-container\">\n\t\t\t\t\t\t\t\t\t<p>Ein <strong>Schulgarten<\/strong> verbindet die Sch\u00fcler:innen <strong>klassen\u00fcbergreifend<\/strong> und wird immer wieder an die nachfolgenden Klassen \u00fcbergeben. Die Schulklassen lernen <strong>Verantwortung<\/strong> f\u00fcr ein St\u00fcck Natur zu \u00fcbernehmen und entdecken fast spielerisch nebenher wichtige <strong>biologische Prozesse<\/strong>. Vor der Einrichtung eines Schulgartens m\u00fcssen zun\u00e4chst einige wichtige organisatorische Fragen gekl\u00e4rt werden:<\/p>\t\t\t\t\t\t\t\t<\/div>\n\t\t\t\t<\/div>\n\t\t\t\t<div class=\"elementor-element elementor-element-216d200 elementor-icon-list--layout-traditional elementor-list-item-link-full_width elementor-widget elementor-widget-icon-list\" data-id=\"216d200\" data-element_type=\"widget\" data-widget_type=\"icon-list.default\">\n\t\t\t\t<div class=\"elementor-widget-container\">\n\t\t\t\t\t\t\t<ul class=\"elementor-icon-list-items\">\n\t\t\t\t\t\t\t<li class=\"elementor-icon-list-item\">\n\t\t\t\t\t\t\t\t\t\t\t<span class=\"elementor-icon-list-icon\">\n\t\t\t\t\t\t\t<i aria-hidden=\"true\" class=\"icon icon-ok\"><\/i>\t\t\t\t\t\t<\/span>\n\t\t\t\t\t\t\t\t\t\t<span class=\"elementor-icon-list-text\"> Gibt es ein ausreichend gro\u00dfes Grundst\u00fcck auf dem Schulgel\u00e4nde?<\/span>\n\t\t\t\t\t\t\t\t\t<\/li>\n\t\t\t\t\t\t\t\t<li class=\"elementor-icon-list-item\">\n\t\t\t\t\t\t\t\t\t\t\t<span class=\"elementor-icon-list-icon\">\n\t\t\t\t\t\t\t<i aria-hidden=\"true\" class=\"icon icon-ok\"><\/i>\t\t\t\t\t\t<\/span>\n\t\t\t\t\t\t\t\t\t\t<span class=\"elementor-icon-list-text\">Ist dieses Grundst\u00fcck als Standort geeignet (Sonnenlicht, Wasserzufuhr, etc.)?<\/span>\n\t\t\t\t\t\t\t\t\t<\/li>\n\t\t\t\t\t\t\t\t<li class=\"elementor-icon-list-item\">\n\t\t\t\t\t\t\t\t\t\t\t<span class=\"elementor-icon-list-icon\">\n\t\t\t\t\t\t\t<i aria-hidden=\"true\" class=\"icon icon-ok\"><\/i>\t\t\t\t\t\t<\/span>\n\t\t\t\t\t\t\t\t\t\t<span class=\"elementor-icon-list-text\">Ist dieses Grundst\u00fcck au\u00dferhalb der Schulzeit vor Vandalismus gesch\u00fctzt?<\/span>\n\t\t\t\t\t\t\t\t\t<\/li>\n\t\t\t\t\t\t\t\t<li class=\"elementor-icon-list-item\">\n\t\t\t\t\t\t\t\t\t\t\t<span class=\"elementor-icon-list-icon\">\n\t\t\t\t\t\t\t<i aria-hidden=\"true\" class=\"icon icon-ok\"><\/i>\t\t\t\t\t\t<\/span>\n\t\t\t\t\t\t\t\t\t\t<span class=\"elementor-icon-list-text\">Ist das Grundst\u00fcck f\u00fcr Sch\u00fcler:innen mit k\u00f6rperlichen Einschr\u00e4nkungen erreichbar?<\/span>\n\t\t\t\t\t\t\t\t\t<\/li>\n\t\t\t\t\t\t\t\t<li class=\"elementor-icon-list-item\">\n\t\t\t\t\t\t\t\t\t\t\t<span class=\"elementor-icon-list-icon\">\n\t\t\t\t\t\t\t<i aria-hidden=\"true\" class=\"icon icon-ok\"><\/i>\t\t\t\t\t\t<\/span>\n\t\t\t\t\t\t\t\t\t\t<span class=\"elementor-icon-list-text\">Welche Lehrer agieren als Ansprechpartner bzw. Leiter der Schulgarten-AG?<\/span>\n\t\t\t\t\t\t\t\t\t<\/li>\n\t\t\t\t\t\t\t\t<li class=\"elementor-icon-list-item\">\n\t\t\t\t\t\t\t\t\t\t\t<span class=\"elementor-icon-list-icon\">\n\t\t\t\t\t\t\t<i aria-hidden=\"true\" class=\"icon icon-ok\"><\/i>\t\t\t\t\t\t<\/span>\n\t\t\t\t\t\t\t\t\t\t<span class=\"elementor-icon-list-text\">Wer betreut den Garten w\u00e4hrend der Ferienzeiten?<\/span>\n\t\t\t\t\t\t\t\t\t<\/li>\n\t\t\t\t\t\t<\/ul>\n\t\t\t\t\t\t<\/div>\n\t\t\t\t<\/div>\n\t\t\t\t\t<\/div>\n\t\t<\/div>\n\t\t\t\t\t<\/div>\n\t\t<\/section>\n\t\t\t\t<div class=\"elementor-element elementor-element-77b84f8 elementor-widget elementor-widget-text-editor\" data-id=\"77b84f8\" data-element_type=\"widget\" data-widget_type=\"text-editor.default\">\n\t\t\t\t<div class=\"elementor-widget-container\">\n\t\t\t\t\t\t\t\t\t<p>Es ist sinnvoll, den Aufbau und die laufende Betreuung des Schulgartens einer eigenen <strong>Schulgarten-AG<\/strong> mit engagierten Sch\u00fcler:innen und Lehrkr\u00e4ften zu \u00fcbergeben. Schulklassen k\u00f6nnen sich dann zur Nutzung w\u00e4hrend des Unterrichts in einen Plan mit freien Terminen eintragen.<\/p><p>\u00a0<strong>Die wichtigsten Punkte f\u00fcr die Planung des Schulgartens:<\/strong><\/p>\t\t\t\t\t\t\t\t<\/div>\n\t\t\t\t<\/div>\n\t\t\t\t<div class=\"elementor-element elementor-element-6a85729 elementor-icon-list--layout-traditional elementor-list-item-link-full_width elementor-widget elementor-widget-icon-list\" data-id=\"6a85729\" data-element_type=\"widget\" data-widget_type=\"icon-list.default\">\n\t\t\t\t<div class=\"elementor-widget-container\">\n\t\t\t\t\t\t\t<ul class=\"elementor-icon-list-items\">\n\t\t\t\t\t\t\t<li class=\"elementor-icon-list-item\">\n\t\t\t\t\t\t\t\t\t\t\t<span class=\"elementor-icon-list-icon\">\n\t\t\t\t\t\t\t<i aria-hidden=\"true\" class=\"icon icon-ok\"><\/i>\t\t\t\t\t\t<\/span>\n\t\t\t\t\t\t\t\t\t\t<span class=\"elementor-icon-list-text\">Welche Pflanzen sollen gepflanzt werden?<\/span>\n\t\t\t\t\t\t\t\t\t<\/li>\n\t\t\t\t\t\t\t\t<li class=\"elementor-icon-list-item\">\n\t\t\t\t\t\t\t\t\t\t\t<span class=\"elementor-icon-list-icon\">\n\t\t\t\t\t\t\t<i aria-hidden=\"true\" class=\"icon icon-ok\"><\/i>\t\t\t\t\t\t<\/span>\n\t\t\t\t\t\t\t\t\t\t<span class=\"elementor-icon-list-text\">Wie werden die Beete angelegt?<\/span>\n\t\t\t\t\t\t\t\t\t<\/li>\n\t\t\t\t\t\t\t\t<li class=\"elementor-icon-list-item\">\n\t\t\t\t\t\t\t\t\t\t\t<span class=\"elementor-icon-list-icon\">\n\t\t\t\t\t\t\t<i aria-hidden=\"true\" class=\"icon icon-ok\"><\/i>\t\t\t\t\t\t<\/span>\n\t\t\t\t\t\t\t\t\t\t<span class=\"elementor-icon-list-text\">Welche Kulturformen sind m\u00f6glich? <\/span>\n\t\t\t\t\t\t\t\t\t<\/li>\n\t\t\t\t\t\t\t\t<li class=\"elementor-icon-list-item\">\n\t\t\t\t\t\t\t\t\t\t\t<span class=\"elementor-icon-list-icon\">\n\t\t\t\t\t\t\t<i aria-hidden=\"true\" class=\"icon icon-ok\"><\/i>\t\t\t\t\t\t<\/span>\n\t\t\t\t\t\t\t\t\t\t<span class=\"elementor-icon-list-text\">Was geschieht sp\u00e4ter mit der Ernte? <\/span>\n\t\t\t\t\t\t\t\t\t<\/li>\n\t\t\t\t\t\t<\/ul>\n\t\t\t\t\t\t<\/div>\n\t\t\t\t<\/div>\n\t\t\t\t<div class=\"elementor-element elementor-element-c04a2ac elementor-widget elementor-widget-text-editor\" data-id=\"c04a2ac\" data-element_type=\"widget\" data-widget_type=\"text-editor.default\">\n\t\t\t\t<div class=\"elementor-widget-container\">\n\t\t\t\t\t\t\t\t\t<p>Daneben muss mit der Schulleitung \u00fcber die <strong>Infrastruktur<\/strong> und deren <strong>Finanzierung<\/strong> gesprochen werden. Im Idealfall wird ein kleines Ger\u00e4tehaus in der N\u00e4he des Schulgartens aufgestellt, in dem alle Gartenger\u00e4te aufbewahrt werden. Den Schl\u00fcssel zum Schloss nimmt die Lehrkraft an sich, welche mit ihrer Klasse im Schulgarten arbeiten m\u00f6chte. Zu anderen Zeiten tr\u00e4gt ihn die f\u00fcr die Schulgarten-AG zust\u00e4ndige Lehrkraft mit sich.<\/p>\t\t\t\t\t\t\t\t<\/div>\n\t\t\t\t<\/div>\n\t\t\t\t<section class=\"elementor-section elementor-inner-section elementor-element elementor-element-32f2e92 elementor-section-boxed elementor-section-height-default elementor-section-height-default\" data-id=\"32f2e92\" data-element_type=\"section\">\n\t\t\t\t\t\t<div class=\"elementor-container elementor-column-gap-default\">\n\t\t\t\t\t<div class=\"elementor-column elementor-col-50 elementor-inner-column elementor-element elementor-element-7fca7b0 auto-width\" data-id=\"7fca7b0\" data-element_type=\"column\">\n\t\t\t<div class=\"elementor-widget-wrap elementor-element-populated\">\n\t\t\t\t\t\t<div class=\"elementor-element elementor-element-bcf0b63 elementor-view-default elementor-widget elementor-widget-icon\" data-id=\"bcf0b63\" data-element_type=\"widget\" data-widget_type=\"icon.default\">\n\t\t\t\t<div class=\"elementor-widget-container\">\n\t\t\t\t\t\t\t<div class=\"elementor-icon-wrapper\">\n\t\t\t<div class=\"elementor-icon\">\n\t\t\t<i aria-hidden=\"true\" class=\"icon icon-blog_tip\"><\/i>\t\t\t<\/div>\n\t\t<\/div>\n\t\t\t\t\t\t<\/div>\n\t\t\t\t<\/div>\n\t\t\t\t\t<\/div>\n\t\t<\/div>\n\t\t\t\t<div class=\"elementor-column elementor-col-50 elementor-inner-column elementor-element elementor-element-bf6ef00\" data-id=\"bf6ef00\" data-element_type=\"column\">\n\t\t\t<div class=\"elementor-widget-wrap elementor-element-populated\">\n\t\t\t\t\t\t<div class=\"elementor-element elementor-element-6699dba tip elementor-widget elementor-widget-text-editor\" data-id=\"6699dba\" data-element_type=\"widget\" data-widget_type=\"text-editor.default\">\n\t\t\t\t<div class=\"elementor-widget-container\">\n\t\t\t\t\t\t\t\t\t<p>Die Bundesarbeitsgemeinschaft Schulgarten e.V. hat auf ihrer Website eine ausf\u00fchrliche Linkliste mit aktueller <a href=\"#linksammlung\">Literatur zu Schulg\u00e4rten<\/a> zusammengestellt. Hier finden Lehrkr\u00e4fte zahlreiche Anregungen zur Gestaltung des Schulgartens, sowie Arbeitsbl\u00e4tter und Projektideen f\u00fcr verschiedene Altersstufen.<\/p>\t\t\t\t\t\t\t\t<\/div>\n\t\t\t\t<\/div>\n\t\t\t\t\t<\/div>\n\t\t<\/div>\n\t\t\t\t\t<\/div>\n\t\t<\/section>\n\t\t\t\t<div class=\"elementor-element elementor-element-796f6d4 elementor-widget elementor-widget-text-editor\" data-id=\"796f6d4\" data-element_type=\"widget\" data-widget_type=\"text-editor.default\">\n\t\t\t\t<div class=\"elementor-widget-container\">\n\t\t\t\t\t\t\t\t\t<h2>Nachhaltigkeit in der Schule dauerhaft integrieren<\/h2><p style=\"font-size: 14.4px;\">Die Ergebnisse von Projekttagen oder einzelnen Stunden zum Thema Umweltschutz k\u00f6nnen nachhaltig wirken, aber manchmal auch verpuffen. Hier sind einige Anregungen f\u00fcr Lehrkr\u00e4fte, um Nachhaltigkeitsziele tats\u00e4chlich langfristig in der Schule zu erreichen:<\/p>\t\t\t\t\t\t\t\t<\/div>\n\t\t\t\t<\/div>\n\t\t\t\t<div class=\"elementor-element elementor-element-5be9037 elementor-icon-list--layout-traditional elementor-list-item-link-full_width elementor-widget elementor-widget-icon-list\" data-id=\"5be9037\" data-element_type=\"widget\" data-widget_type=\"icon-list.default\">\n\t\t\t\t<div class=\"elementor-widget-container\">\n\t\t\t\t\t\t\t<ul class=\"elementor-icon-list-items\">\n\t\t\t\t\t\t\t<li class=\"elementor-icon-list-item\">\n\t\t\t\t\t\t\t\t\t\t\t<span class=\"elementor-icon-list-icon\">\n\t\t\t\t\t\t\t<i aria-hidden=\"true\" class=\"icon icon-ok\"><\/i>\t\t\t\t\t\t<\/span>\n\t\t\t\t\t\t\t\t\t\t<span class=\"elementor-icon-list-text\"><b>Poster und Ausstellungen:<\/b> Ergebnisse von Projekten zum Beispiel zur richtigen M\u00fclltrennung im Schulhaus aush\u00e4ngen oder als Poster f\u00fcr zuhause aufbereiten.<\/span>\n\t\t\t\t\t\t\t\t\t<\/li>\n\t\t\t\t\t\t\t\t<li class=\"elementor-icon-list-item\">\n\t\t\t\t\t\t\t\t\t\t\t<span class=\"elementor-icon-list-icon\">\n\t\t\t\t\t\t\t<i aria-hidden=\"true\" class=\"icon icon-ok\"><\/i>\t\t\t\t\t\t<\/span>\n\t\t\t\t\t\t\t\t\t\t<span class=\"elementor-icon-list-text\"><b>Schulmaterialien:<\/b> Sch\u00fcler: innen und Eltern zum Kauf von Schulheften und Schreibbl\u00f6cken aus Recyclingmaterial  und Heftern aus Pappe statt aus Plastik sensibilisieren.<\/span>\n\t\t\t\t\t\t\t\t\t<\/li>\n\t\t\t\t\t\t\t\t<li class=\"elementor-icon-list-item\">\n\t\t\t\t\t\t\t\t\t\t\t<span class=\"elementor-icon-list-icon\">\n\t\t\t\t\t\t\t<i aria-hidden=\"true\" class=\"icon icon-ok\"><\/i>\t\t\t\t\t\t<\/span>\n\t\t\t\t\t\t\t\t\t\t<span class=\"elementor-icon-list-text\"><b>Brotdosen-Analyse:<\/b> Mit Sch\u00fcler:innen Brotdosen durchschauen \u2013 wie viel Plastikverpackung steckt drin?<\/span>\n\t\t\t\t\t\t\t\t\t<\/li>\n\t\t\t\t\t\t\t\t<li class=\"elementor-icon-list-item\">\n\t\t\t\t\t\t\t\t\t\t\t<span class=\"elementor-icon-list-icon\">\n\t\t\t\t\t\t\t<i aria-hidden=\"true\" class=\"icon icon-ok\"><\/i>\t\t\t\t\t\t<\/span>\n\t\t\t\t\t\t\t\t\t\t<span class=\"elementor-icon-list-text\"><b>Beleuchtung im Klassenzimmer<\/b> hinterfragen: Brauchen wir in der Pause Licht?<\/span>\n\t\t\t\t\t\t\t\t\t<\/li>\n\t\t\t\t\t\t\t\t<li class=\"elementor-icon-list-item\">\n\t\t\t\t\t\t\t\t\t\t\t<span class=\"elementor-icon-list-icon\">\n\t\t\t\t\t\t\t<i aria-hidden=\"true\" class=\"icon icon-ok\"><\/i>\t\t\t\t\t\t<\/span>\n\t\t\t\t\t\t\t\t\t\t<span class=\"elementor-icon-list-text\">Den <b>Schulweg analysieren:<\/b> Wer schafft es mit dem Rad oder zu Fu\u00df zur Schule?<\/span>\n\t\t\t\t\t\t\t\t\t<\/li>\n\t\t\t\t\t\t\t\t<li class=\"elementor-icon-list-item\">\n\t\t\t\t\t\t\t\t\t\t\t<span class=\"elementor-icon-list-icon\">\n\t\t\t\t\t\t\t<i aria-hidden=\"true\" class=\"icon icon-ok\"><\/i>\t\t\t\t\t\t<\/span>\n\t\t\t\t\t\t\t\t\t\t<span class=\"elementor-icon-list-text\"><b>Umweltsprecher w\u00e4hlen:<\/b> Klassen w\u00e4hlen einen Umweltsprecher, der Themen wie richtiges L\u00fcften, Licht ausschalten, M\u00fcllvermeidung immer wieder anspricht.<\/span>\n\t\t\t\t\t\t\t\t\t<\/li>\n\t\t\t\t\t\t\t\t<li class=\"elementor-icon-list-item\">\n\t\t\t\t\t\t\t\t\t\t\t<span class=\"elementor-icon-list-icon\">\n\t\t\t\t\t\t\t<i aria-hidden=\"true\" class=\"icon icon-ok\"><\/i>\t\t\t\t\t\t<\/span>\n\t\t\t\t\t\t\t\t\t\t<span class=\"elementor-icon-list-text\"><a href=\"#linksammlung\">BNE-Aktion Klimadetektive:<\/a> Unterziehen Sie Ihre Schule einem Klimacheck mit der Aktion \u201eKlimadetektive in der Schule\u201c. <\/span>\n\t\t\t\t\t\t\t\t\t<\/li>\n\t\t\t\t\t\t\t\t<li class=\"elementor-icon-list-item\">\n\t\t\t\t\t\t\t\t\t\t\t<span class=\"elementor-icon-list-icon\">\n\t\t\t\t\t\t\t<i aria-hidden=\"true\" class=\"icon icon-ok\"><\/i>\t\t\t\t\t\t<\/span>\n\t\t\t\t\t\t\t\t\t\t<span class=\"elementor-icon-list-text\"><a href=\"#linksammlung\">\u201eUmweltschule in Europa\u201c werden<\/a> \u2013 Ausschreibung der internationalen Umweltbildungsorganisation Foundation for Environmental Education.<\/span>\n\t\t\t\t\t\t\t\t\t<\/li>\n\t\t\t\t\t\t\t\t<li class=\"elementor-icon-list-item\">\n\t\t\t\t\t\t\t\t\t\t\t<span class=\"elementor-icon-list-icon\">\n\t\t\t\t\t\t\t<i aria-hidden=\"true\" class=\"icon icon-ok\"><\/i>\t\t\t\t\t\t<\/span>\n\t\t\t\t\t\t\t\t\t\t<span class=\"elementor-icon-list-text\"><a href=\"#linksammlung\">Die Fairtrade-Schools-Kampagne<\/a> unterst\u00fctzen und das Thema fairer Handel in der Schule verankern. <\/span>\n\t\t\t\t\t\t\t\t\t<\/li>\n\t\t\t\t\t\t\t\t<li class=\"elementor-icon-list-item\">\n\t\t\t\t\t\t\t\t\t\t\t<span class=\"elementor-icon-list-icon\">\n\t\t\t\t\t\t\t<i aria-hidden=\"true\" class=\"icon icon-ok\"><\/i>\t\t\t\t\t\t<\/span>\n\t\t\t\t\t\t\t\t\t\t<span class=\"elementor-icon-list-text\"><b>Energiesparwochen<\/b> regelm\u00e4\u00dfig in das Schuljahr integrieren. Anregungen gibt es in der <a href=\"#linksammlung\">Brosch\u00fcre Nachhaltigkeit in der Schule<\/a>.<\/span>\n\t\t\t\t\t\t\t\t\t<\/li>\n\t\t\t\t\t\t\t\t<li class=\"elementor-icon-list-item\">\n\t\t\t\t\t\t\t\t\t\t\t<span class=\"elementor-icon-list-icon\">\n\t\t\t\t\t\t\t<i aria-hidden=\"true\" class=\"icon icon-ok\"><\/i>\t\t\t\t\t\t<\/span>\n\t\t\t\t\t\t\t\t\t\t<span class=\"elementor-icon-list-text\"><a href=\"#linksammlung\">Sammeldrache werden.<\/a> Sch\u00fcler:innen sammeln leere Druckerpatronen und ausgediente Smartphones und erhalten im Gegenzug Pr\u00e4mienpunkte f\u00fcr Bastel- und Schulmaterialien. <\/span>\n\t\t\t\t\t\t\t\t\t<\/li>\n\t\t\t\t\t\t<\/ul>\n\t\t\t\t\t\t<\/div>\n\t\t\t\t<\/div>\n\t\t\t\t<div class=\"elementor-element elementor-element-650c38dc elementor-widget elementor-widget-heading\" data-id=\"650c38dc\" data-element_type=\"widget\" data-widget_type=\"heading.default\">\n\t\t\t\t<div class=\"elementor-widget-container\">\n\t\t\t\t\t<h2 class=\"elementor-heading-title elementor-size-default\">Weitere Informationen zum Thema Nachhaltigkeit<\/h2>\t\t\t\t<\/div>\n\t\t\t\t<\/div>\n\t\t\t\t<div class=\"elementor-element elementor-element-434bacd9 elementor-posts__hover-none one-line-tiles elementor-widget-tablet__width-initial elementor-widget-mobile__width-initial elementor-grid-3 elementor-grid-tablet-2 elementor-grid-mobile-1 elementor-posts--thumbnail-top elementor-card-shadow-yes elementor-widget elementor-widget-posts\" data-id=\"434bacd9\" data-element_type=\"widget\" data-settings=\"{&quot;cards_columns&quot;:&quot;3&quot;,&quot;cards_columns_tablet&quot;:&quot;2&quot;,&quot;cards_columns_mobile&quot;:&quot;1&quot;,&quot;cards_row_gap&quot;:{&quot;unit&quot;:&quot;px&quot;,&quot;size&quot;:35,&quot;sizes&quot;:[]},&quot;cards_row_gap_tablet&quot;:{&quot;unit&quot;:&quot;px&quot;,&quot;size&quot;:&quot;&quot;,&quot;sizes&quot;:[]},&quot;cards_row_gap_mobile&quot;:{&quot;unit&quot;:&quot;px&quot;,&quot;size&quot;:&quot;&quot;,&quot;sizes&quot;:[]}}\" data-widget_type=\"posts.cards\">\n\t\t\t\t<div class=\"elementor-widget-container\">\n\t\t\t\t\t\t\t<div class=\"elementor-posts-container elementor-posts elementor-posts--skin-cards elementor-grid\">\n\t\t\t\t<article class=\"elementor-post elementor-grid-item post-34540 post type-post status-publish format-standard has-post-thumbnail hentry category-staedte\">\n\t\t\t<div class=\"elementor-post__card\">\n\t\t\t\t<a class=\"elementor-post__thumbnail__link\" href=\"https:\/\/www.herole.de\/blog\/berlin-klassenfahrt-die-unterkunfts-lage-als-erfolgsfaktor\/\" tabindex=\"-1\" ><div class=\"elementor-post__thumbnail\"><img loading=\"lazy\" decoding=\"async\" width=\"300\" height=\"200\" src=\"https:\/\/www.herole.de\/blog\/wp-content\/uploads\/Klassenfahrt_Berlin_Brandenburger_Tor_webp-300x200.webp\" class=\"attachment-medium size-medium wp-image-33341\" alt=\"Sch\u00fclergruppe macht Selfie auf einer Klassenfahrt in Berlin vor dem Brandenburger Tor\" srcset=\"https:\/\/www.herole.de\/blog\/wp-content\/uploads\/Klassenfahrt_Berlin_Brandenburger_Tor_webp-300x200.webp 300w, https:\/\/www.herole.de\/blog\/wp-content\/uploads\/Klassenfahrt_Berlin_Brandenburger_Tor_webp-1024x683.webp 1024w, https:\/\/www.herole.de\/blog\/wp-content\/uploads\/Klassenfahrt_Berlin_Brandenburger_Tor_webp-768x512.webp 768w, https:\/\/www.herole.de\/blog\/wp-content\/uploads\/Klassenfahrt_Berlin_Brandenburger_Tor_webp-1536x1025.webp 1536w, https:\/\/www.herole.de\/blog\/wp-content\/uploads\/Klassenfahrt_Berlin_Brandenburger_Tor_webp.webp 1920w\" sizes=\"(max-width: 300px) 100vw, 300px\" \/><\/div><\/a>\n\t\t\t\t<div class=\"elementor-post__badge\">St\u00e4dte<\/div>\n\t\t\t\t<div class=\"elementor-post__text\">\n\t\t\t\t<h3 class=\"elementor-post__title\">\n\t\t\t<a href=\"https:\/\/www.herole.de\/blog\/berlin-klassenfahrt-die-unterkunfts-lage-als-erfolgsfaktor\/\" >\n\t\t\t\tKlassenfahrt Berlin:\u00a0Warum die Lage der Unterkunft \u00fcber Ihren Zeitplan entscheidet\t\t\t<\/a>\n\t\t<\/h3>\n\t\t\t\t<\/div>\n\t\t\t\t<div class=\"elementor-post__meta-data\">\n\t\t\t\t\t<span class=\"elementor-post-date\">\n\t\t\t1. April 2026\t\t<\/span>\n\t\t\t\t<\/div>\n\t\t\t\t\t<\/div>\n\t\t<\/article>\n\t\t\t\t<article class=\"elementor-post elementor-grid-item post-3129 post type-post status-publish format-standard has-post-thumbnail hentry category-hamburg\">\n\t\t\t<div class=\"elementor-post__card\">\n\t\t\t\t<a class=\"elementor-post__thumbnail__link\" href=\"https:\/\/www.herole.de\/blog\/klassenfahrtregelung-hamburg\/\" tabindex=\"-1\" ><div class=\"elementor-post__thumbnail\"><img loading=\"lazy\" decoding=\"async\" width=\"300\" height=\"169\" src=\"https:\/\/www.herole.de\/blog\/wp-content\/uploads\/Alles-\u00fcber-Klassenfahrten-in_Hamburg-300x169.jpg\" class=\"attachment-medium size-medium wp-image-3132\" alt=\"Alles \u00fcber Klassenfahrten in Hamburg\" srcset=\"https:\/\/www.herole.de\/blog\/wp-content\/uploads\/Alles-\u00fcber-Klassenfahrten-in_Hamburg-300x169.jpg 300w, https:\/\/www.herole.de\/blog\/wp-content\/uploads\/Alles-\u00fcber-Klassenfahrten-in_Hamburg.jpg 750w\" sizes=\"(max-width: 300px) 100vw, 300px\" \/><\/div><\/a>\n\t\t\t\t<div class=\"elementor-post__badge\">Hamburg<\/div>\n\t\t\t\t<div class=\"elementor-post__text\">\n\t\t\t\t<h3 class=\"elementor-post__title\">\n\t\t\t<a href=\"https:\/\/www.herole.de\/blog\/klassenfahrtregelung-hamburg\/\" >\n\t\t\t\tAlle wichtigen Regelungen zu Klassenfahrten in Hamburg\t\t\t<\/a>\n\t\t<\/h3>\n\t\t\t\t<\/div>\n\t\t\t\t<div class=\"elementor-post__meta-data\">\n\t\t\t\t\t<span class=\"elementor-post-date\">\n\t\t\t15. Dezember 2025\t\t<\/span>\n\t\t\t\t<\/div>\n\t\t\t\t\t<\/div>\n\t\t<\/article>\n\t\t\t\t<article class=\"elementor-post elementor-grid-item post-2254 post type-post status-publish format-standard has-post-thumbnail hentry category-finanzen tag-cluster-berlin tag-cluster-berlin-finanzierung\">\n\t\t\t<div class=\"elementor-post__card\">\n\t\t\t\t<a class=\"elementor-post__thumbnail__link\" href=\"https:\/\/www.herole.de\/blog\/foerderung-moeglichkeiten-klassenfahrten\/\" tabindex=\"-1\" ><div class=\"elementor-post__thumbnail\"><img loading=\"lazy\" decoding=\"async\" width=\"300\" height=\"225\" src=\"https:\/\/www.herole.de\/blog\/wp-content\/uploads\/schulklasse-300x225.jpg\" class=\"attachment-medium size-medium wp-image-2079\" alt=\"Welche Rechte haben Jugendliche\" srcset=\"https:\/\/www.herole.de\/blog\/wp-content\/uploads\/schulklasse-300x225.jpg 300w, https:\/\/www.herole.de\/blog\/wp-content\/uploads\/schulklasse-768x576.jpg 768w, https:\/\/www.herole.de\/blog\/wp-content\/uploads\/schulklasse.jpg 1024w\" sizes=\"(max-width: 300px) 100vw, 300px\" \/><\/div><\/a>\n\t\t\t\t<div class=\"elementor-post__badge\">Finanzen<\/div>\n\t\t\t\t<div class=\"elementor-post__text\">\n\t\t\t\t<h3 class=\"elementor-post__title\">\n\t\t\t<a href=\"https:\/\/www.herole.de\/blog\/foerderung-moeglichkeiten-klassenfahrten\/\" >\n\t\t\t\tF\u00f6rderm\u00f6glichkeiten f\u00fcr Ihre Klassenfahrt\t\t\t<\/a>\n\t\t<\/h3>\n\t\t\t\t<\/div>\n\t\t\t\t<div class=\"elementor-post__meta-data\">\n\t\t\t\t\t<span class=\"elementor-post-date\">\n\t\t\t5. Dezember 2025\t\t<\/span>\n\t\t\t\t<\/div>\n\t\t\t\t\t<\/div>\n\t\t<\/article>\n\t\t\t\t<article class=\"elementor-post elementor-grid-item post-2264 post type-post status-publish format-standard has-post-thumbnail hentry category-finanzen\">\n\t\t\t<div class=\"elementor-post__card\">\n\t\t\t\t<a class=\"elementor-post__thumbnail__link\" href=\"https:\/\/www.herole.de\/blog\/foerdermittel-gedenkstaettenfahrten\/\" tabindex=\"-1\" ><div class=\"elementor-post__thumbnail\"><img loading=\"lazy\" decoding=\"async\" width=\"266\" height=\"300\" src=\"https:\/\/www.herole.de\/blog\/wp-content\/uploads\/gedenkstaette-hohenschoenhausen-266x300.jpg\" class=\"attachment-medium size-medium wp-image-2267\" alt=\"Blick in den Durchgang der Gedenkst\u00e4tte Hohensch\u00f6nhaus\" srcset=\"https:\/\/www.herole.de\/blog\/wp-content\/uploads\/gedenkstaette-hohenschoenhausen-266x300.jpg 266w, https:\/\/www.herole.de\/blog\/wp-content\/uploads\/gedenkstaette-hohenschoenhausen.jpg 768w\" sizes=\"(max-width: 266px) 100vw, 266px\" \/><\/div><\/a>\n\t\t\t\t<div class=\"elementor-post__badge\">Finanzen<\/div>\n\t\t\t\t<div class=\"elementor-post__text\">\n\t\t\t\t<h3 class=\"elementor-post__title\">\n\t\t\t<a href=\"https:\/\/www.herole.de\/blog\/foerdermittel-gedenkstaettenfahrten\/\" >\n\t\t\t\t\u00d6ffentliche F\u00f6rdermittel f\u00fcr Gedenkst\u00e4ttenfahrten\t\t\t<\/a>\n\t\t<\/h3>\n\t\t\t\t<\/div>\n\t\t\t\t<div class=\"elementor-post__meta-data\">\n\t\t\t\t\t<span class=\"elementor-post-date\">\n\t\t\t5. Dezember 2025\t\t<\/span>\n\t\t\t\t<\/div>\n\t\t\t\t\t<\/div>\n\t\t<\/article>\n\t\t\t\t<article class=\"elementor-post elementor-grid-item post-3909 post type-post status-publish format-standard has-post-thumbnail hentry category-ski\">\n\t\t\t<div class=\"elementor-post__card\">\n\t\t\t\t<a class=\"elementor-post__thumbnail__link\" href=\"https:\/\/www.herole.de\/blog\/skiausruestung-leihen-oder-kaufen\/\" tabindex=\"-1\" ><div class=\"elementor-post__thumbnail\"><img loading=\"lazy\" decoding=\"async\" width=\"300\" height=\"217\" src=\"https:\/\/www.herole.de\/blog\/wp-content\/uploads\/klassenfahrt-riesengebirge-skigebiet-selfie-300x217.jpg\" class=\"attachment-medium size-medium wp-image-3911\" alt=\"Skikurs: Ausr\u00fcstung leihen oder kaufen?\" srcset=\"https:\/\/www.herole.de\/blog\/wp-content\/uploads\/klassenfahrt-riesengebirge-skigebiet-selfie-300x217.jpg 300w, https:\/\/www.herole.de\/blog\/wp-content\/uploads\/klassenfahrt-riesengebirge-skigebiet-selfie-768x556.jpg 768w, https:\/\/www.herole.de\/blog\/wp-content\/uploads\/klassenfahrt-riesengebirge-skigebiet-selfie-1024x741.jpg 1024w, https:\/\/www.herole.de\/blog\/wp-content\/uploads\/klassenfahrt-riesengebirge-skigebiet-selfie.jpg 1200w\" sizes=\"(max-width: 300px) 100vw, 300px\" \/><\/div><\/a>\n\t\t\t\t<div class=\"elementor-post__badge\">Ski-Klassenfahrten<\/div>\n\t\t\t\t<div class=\"elementor-post__text\">\n\t\t\t\t<h3 class=\"elementor-post__title\">\n\t\t\t<a href=\"https:\/\/www.herole.de\/blog\/skiausruestung-leihen-oder-kaufen\/\" >\n\t\t\t\tSkikurs: Ausr\u00fcstung leihen oder kaufen?\t\t\t<\/a>\n\t\t<\/h3>\n\t\t\t\t<\/div>\n\t\t\t\t<div class=\"elementor-post__meta-data\">\n\t\t\t\t\t<span class=\"elementor-post-date\">\n\t\t\t9. Januar 2016\t\t<\/span>\n\t\t\t\t<\/div>\n\t\t\t\t\t<\/div>\n\t\t<\/article>\n\t\t\t\t<article class=\"elementor-post elementor-grid-item post-18299 post type-post status-publish format-standard has-post-thumbnail hentry category-vorbereitung\">\n\t\t\t<div class=\"elementor-post__card\">\n\t\t\t\t<a class=\"elementor-post__thumbnail__link\" href=\"https:\/\/www.herole.de\/blog\/10-tipps-klassenfahrt-lehrer-schueler\/\" tabindex=\"-1\" ><div class=\"elementor-post__thumbnail\"><img loading=\"lazy\" decoding=\"async\" width=\"300\" height=\"200\" src=\"https:\/\/www.herole.de\/blog\/wp-content\/uploads\/herole-berlin-300x200.jpg\" class=\"attachment-medium size-medium wp-image-3694\" alt=\"Kulturell bis politisch: Themenreisen nach Berlin\" srcset=\"https:\/\/www.herole.de\/blog\/wp-content\/uploads\/herole-berlin-300x200.jpg 300w, https:\/\/www.herole.de\/blog\/wp-content\/uploads\/herole-berlin-768x512.jpg 768w, https:\/\/www.herole.de\/blog\/wp-content\/uploads\/herole-berlin.jpg 1000w\" sizes=\"(max-width: 300px) 100vw, 300px\" \/><\/div><\/a>\n\t\t\t\t<div class=\"elementor-post__badge\">Vorbereitung<\/div>\n\t\t\t\t<div class=\"elementor-post__text\">\n\t\t\t\t<h3 class=\"elementor-post__title\">\n\t\t\t<a href=\"https:\/\/www.herole.de\/blog\/10-tipps-klassenfahrt-lehrer-schueler\/\" >\n\t\t\t\t10 Tipps zum Gelingen der Klassenfahrt\t\t\t<\/a>\n\t\t<\/h3>\n\t\t\t\t<\/div>\n\t\t\t\t<div class=\"elementor-post__meta-data\">\n\t\t\t\t\t<span class=\"elementor-post-date\">\n\t\t\t19. M\u00e4rz 2021\t\t<\/span>\n\t\t\t\t<\/div>\n\t\t\t\t\t<\/div>\n\t\t<\/article>\n\t\t\t\t<article class=\"elementor-post elementor-grid-item post-3275 post type-post status-publish format-standard has-post-thumbnail hentry category-digitalisierung\">\n\t\t\t<div class=\"elementor-post__card\">\n\t\t\t\t<a class=\"elementor-post__thumbnail__link\" href=\"https:\/\/www.herole.de\/blog\/klassenzimmer-4-0-was-im-ausland-besser-laeuft\/\" tabindex=\"-1\" ><div class=\"elementor-post__thumbnail\"><img loading=\"lazy\" decoding=\"async\" width=\"300\" height=\"200\" src=\"https:\/\/www.herole.de\/blog\/wp-content\/uploads\/junge-schueler-im-pc-kabinett-300x200.jpg\" class=\"attachment-medium size-medium wp-image-2490\" alt=\"Die Digitalisierung an Deutschlands Schulen m\u00fcssen vorangetrieben werden, meint die neue Bildungsministerin Anja Karliczek.\" srcset=\"https:\/\/www.herole.de\/blog\/wp-content\/uploads\/junge-schueler-im-pc-kabinett-300x200.jpg 300w, https:\/\/www.herole.de\/blog\/wp-content\/uploads\/junge-schueler-im-pc-kabinett-768x512.jpg 768w, https:\/\/www.herole.de\/blog\/wp-content\/uploads\/junge-schueler-im-pc-kabinett-1024x683.jpg 1024w, https:\/\/www.herole.de\/blog\/wp-content\/uploads\/junge-schueler-im-pc-kabinett-1320x881.jpg 1320w, https:\/\/www.herole.de\/blog\/wp-content\/uploads\/junge-schueler-im-pc-kabinett.jpg 1920w\" sizes=\"(max-width: 300px) 100vw, 300px\" \/><\/div><\/a>\n\t\t\t\t<div class=\"elementor-post__badge\">Digitalisierung<\/div>\n\t\t\t\t<div class=\"elementor-post__text\">\n\t\t\t\t<h3 class=\"elementor-post__title\">\n\t\t\t<a href=\"https:\/\/www.herole.de\/blog\/klassenzimmer-4-0-was-im-ausland-besser-laeuft\/\" >\n\t\t\t\tKlassenzimmer 4.0: Was im Ausland besser l\u00e4uft\t\t\t<\/a>\n\t\t<\/h3>\n\t\t\t\t<\/div>\n\t\t\t\t<div class=\"elementor-post__meta-data\">\n\t\t\t\t\t<span class=\"elementor-post-date\">\n\t\t\t14. Januar 2019\t\t<\/span>\n\t\t\t\t<\/div>\n\t\t\t\t\t<\/div>\n\t\t<\/article>\n\t\t\t\t<\/div>\n\t\t\n\t\t\t\t\t\t<\/div>\n\t\t\t\t<\/div>\n\t\t\t\t<div class=\"elementor-element elementor-element-3618eb75 elementor-widget elementor-widget-button\" data-id=\"3618eb75\" data-element_type=\"widget\" data-widget_type=\"button.default\">\n\t\t\t\t<div class=\"elementor-widget-container\">\n\t\t\t\t\t\t\t\t\t<div class=\"elementor-button-wrapper\">\n\t\t\t\t\t<a class=\"elementor-button elementor-button-link elementor-size-sm\" href=\"https:\/\/www.herole.de\/blog\/klassenfahrten\/nachhaltigkeit\/\">\n\t\t\t\t\t\t<span class=\"elementor-button-content-wrapper\">\n\t\t\t\t\t\t\t\t\t<span class=\"elementor-button-text\">Alle Beitr\u00e4ge rund um das Thema<\/span>\n\t\t\t\t\t<\/span>\n\t\t\t\t\t<\/a>\n\t\t\t\t<\/div>\n\t\t\t\t\t\t\t\t<\/div>\n\t\t\t\t<\/div>\n\t\t\t\t<div class=\"elementor-element elementor-element-2adf6736 elementor-widget elementor-widget-menu-anchor\" data-id=\"2adf6736\" data-element_type=\"widget\" data-widget_type=\"menu-anchor.default\">\n\t\t\t\t<div class=\"elementor-widget-container\">\n\t\t\t\t\t\t\t<div class=\"elementor-menu-anchor\" id=\"linksammlung\"><\/div>\n\t\t\t\t\t\t<\/div>\n\t\t\t\t<\/div>\n\t\t\t\t<div class=\"elementor-element elementor-element-5f634295 elementor-widget elementor-widget-text-editor\" data-id=\"5f634295\" data-element_type=\"widget\" data-widget_type=\"text-editor.default\">\n\t\t\t\t<div class=\"elementor-widget-container\">\n\t\t\t\t\t\t\t\t\t<h2>Linksammlung<\/h2><ul><li>Bundesministerium f\u00fcr Umwelt, Naturschutz und nukleare Sicherheit: <a href=\"https:\/\/www.umwelt-im-unterricht.de\/hintergrund\/nachhaltigkeit-im-unterricht-materialien-und-ideen-fuer-die-praxis-anlaufstellen-im-netz\/\" target=\"_blank\" rel=\"noopener\">Nachhaltigkeit im Unterricht<\/a><\/li><li>Umweltbundesamt: <a href=\"https:\/\/www.umweltbundesamt.de\/themen\/erdueberlastungstag-ressourcen-fuer-2022-verbraucht\" target=\"_blank\" rel=\"noopener\">Earth Overshoot Day 2022<\/a><\/li><li>M\u00fclltrennung wirkt: <a href=\"https:\/\/www.muelltrennung-wirkt.de\/de\/downloads\/unterrichtsmaterial\/\" target=\"_blank\" rel=\"noopener\">Arbeits- und \u00dcbungsbl\u00e4tter f\u00fcr die Grundschule<\/a><\/li><li>Auer Verlag: <a href=\"https:\/\/www.auer-verlag.de\/media\/ntx\/auer\/sample\/06637_Musterseite.pdf\" target=\"_blank\" rel=\"noopener\">Stationsarbeit M\u00fclltrennung<\/a><\/li><li>Die Wertstoffprofis: <a href=\"https:\/\/www.wertstoffprofis.de\/lernmaterial\/uebersicht-lernmaterial\/\" target=\"_blank\" rel=\"noopener\">Arbeitsbl\u00e4tter Abfall f\u00fcr Grundschule und Sekundarstufe 1<\/a><\/li><li>Die M\u00fcll AG: <a href=\"https:\/\/muell-ag.de\/?home\" target=\"_blank\" rel=\"noopener\">Kostenfreies Lernspiel M\u00fcll AG<\/a><\/li><li>Deutsche Umwelthilfe: <a href=\"https:\/\/www.duh.de\/becherheld_problem.html\" target=\"_blank\" rel=\"noopener\">Problem Kaffeebecher<\/a><\/li><li>\u00a0Bundesarbeitsgemeinschaft Schulgarten e. V.: <a href=\"https:\/\/www.bag-schulgarten.de\/de\/literatur\" target=\"_blank\" rel=\"noopener\">Schulgartenliteratur<\/a><\/li><li>BNE-Aktion Klimadetektive: <a href=\"https:\/\/www.umweltschulen.de\/klima\/\" target=\"_blank\" rel=\"noopener\">Klimadetektive in der Schule<\/a><\/li><li>Deutsche Gesellschaft f\u00fcr Umwelterziehung: <a href=\"http:\/\/www.umwelterziehung.de\/projekte\/umweltschule\/\" target=\"_blank\" rel=\"noopener\">Umweltschule in Europa<\/a><\/li><li>Fairtrade Deutschland e. V.: <a href=\"https:\/\/www.fairtrade-schools.de\/aktuelles\/\" target=\"_blank\" rel=\"noopener\">Fairtrade Schools<\/a><\/li><li>Edition Spohns Haus: <a href=\"https:\/\/www.umweltbildung.de\/uploads\/tx_anubfne\/tuwas_Klima..pdf\" target=\"_blank\" rel=\"noopener\">Nachhaltigkeit in der Schule &#8211; Konzepte und Beispiele f\u00fcr die Praxis<\/a><\/li><li>Der Sammeldrache: <a href=\"https:\/\/www.sammeldrache.de\/\" target=\"_blank\" rel=\"noopener\">Mit Druckerpatronen und Smartphones f\u00fcr Bildung und Umwelt<\/a><\/li><\/ul>\t\t\t\t\t\t\t\t<\/div>\n\t\t\t\t<\/div>\n\t\t\t\t<div class=\"elementor-element elementor-element-5767fdee elementor-widget elementor-widget-text-editor\" data-id=\"5767fdee\" data-element_type=\"widget\" data-widget_type=\"text-editor.default\">\n\t\t\t\t<div class=\"elementor-widget-container\">\n\t\t\t\t\t\t\t\t\t<h2>Bildnachweis<\/h2><ul><li>Titelbild: HEROL\u00c9<\/li><li>Sch\u00fcler auf der M\u00fclldeponie: <a href=\"https:\/\/unsplash.com\/@vivirl0505\">Vivianne Lemay<\/a> \/ unsplash<\/li><li>Statistik &#8222;Auslaufmodell Plastikt\u00fcte&#8220; \/\u00a0<a href=\"https:\/\/de.statista.com\/infografik\/9866\/plastiktuetenverbrauch-in-deutschland\/\" target=\"_blank\" rel=\"noopener\">STATISTA<\/a><\/li><li>Schulgarten: <span class=\"attribution_field hide-sm hide-md\"><a href=\"https:\/\/pixabay.com\/de\/users\/redakter-3511596\/?utm_source=link-attribution&amp;utm_medium=referral&amp;utm_campaign=image&amp;utm_content=1737320\">redakter<\/a> <\/span>\/ Pixabay<\/li><\/ul>\t\t\t\t\t\t\t\t<\/div>\n\t\t\t\t<\/div>\n\t\t\t\t\t<\/div>\n\t\t<\/div>\n\t\t\t\t\t<\/div>\n\t\t<\/section>\n\t\t\t\t<\/div>\n\t\t","protected":false},"excerpt":{"rendered":"<p>Immer mehr Jugendliche besch\u00e4ftigen sich intensiv mit Klimawandel und Umweltschutz. Bildung f\u00fcr nachhaltige Entwicklung (BNE) ist daher l\u00e4ngst fester Bestandteil vieler Lehrpl\u00e4ne. Wir haben zahlreiche Anregungen f\u00fcr Lehrer:innen und Aktivit\u00e4ten an Schulen zusammengestellt.<\/p>\n","protected":false},"author":18,"featured_media":29868,"comment_status":"closed","ping_status":"closed","sticky":false,"template":"","format":"standard","meta":{"footnotes":""},"categories":[207],"tags":[],"class_list":["post-10136","post","type-post","status-publish","format-standard","has-post-thumbnail","hentry","category-nachhaltigkeit"],"yoast_head":"<!-- This site is optimized with the Yoast SEO plugin v26.0 - https:\/\/yoast.com\/wordpress\/plugins\/seo\/ -->\n<title>Nachhaltigkeit: Ideen f\u00fcr den Schulunterricht<\/title>\n<meta name=\"description\" content=\"Lehrer:innen aufgepasst! Hier finden Sie Unterrichtstipps, wie Sie das Thema Nachhaltigkeit im Unterricht und auch praxisnah anwenden k\u00f6nnen.\" \/>\n<meta name=\"robots\" content=\"index, follow, max-snippet:-1, max-image-preview:large, max-video-preview:-1\" \/>\n<link rel=\"canonical\" href=\"https:\/\/www.herole.de\/blog\/nachhaltigkeit-im-klassenzimmer\/\" \/>\n<meta property=\"og:locale\" content=\"de_DE\" \/>\n<meta property=\"og:type\" content=\"article\" \/>\n<meta property=\"og:title\" content=\"Nachhaltigkeit: Ideen f\u00fcr den Schulunterricht\" \/>\n<meta property=\"og:description\" content=\"Lehrer:innen aufgepasst! Hier finden Sie Unterrichtstipps, wie Sie das Thema Nachhaltigkeit im Unterricht und auch praxisnah anwenden k\u00f6nnen.\" \/>\n<meta property=\"og:url\" content=\"https:\/\/www.herole.de\/blog\/nachhaltigkeit-im-klassenzimmer\/\" \/>\n<meta property=\"og:site_name\" content=\"HEROL\u00c9 Ratgeber\" \/>\n<meta property=\"article:publisher\" content=\"https:\/\/www.facebook.com\/HeroleKlassenfahrten\" \/>\n<meta property=\"article:published_time\" content=\"2023-04-18T06:07:05+00:00\" \/>\n<meta property=\"article:modified_time\" content=\"2026-03-27T09:41:01+00:00\" \/>\n<meta property=\"og:image\" content=\"https:\/\/www.herole.de\/blog\/wp-content\/uploads\/Herole-Reisen_Berlin22_20220615174540_8145.jpg\" \/>\n\t<meta property=\"og:image:width\" content=\"1920\" \/>\n\t<meta property=\"og:image:height\" content=\"1281\" \/>\n\t<meta property=\"og:image:type\" content=\"image\/jpeg\" \/>\n<meta name=\"author\" content=\"Mia Lehmann\" \/>\n<meta name=\"twitter:card\" content=\"summary_large_image\" \/>\n<meta name=\"twitter:creator\" content=\"@herole_reisen\" \/>\n<meta name=\"twitter:site\" content=\"@herole_reisen\" \/>\n<meta name=\"twitter:label1\" content=\"Verfasst von\" \/>\n\t<meta name=\"twitter:data1\" content=\"Mia Lehmann\" \/>\n\t<meta name=\"twitter:label2\" content=\"Gesch\u00e4tzte Lesezeit\" \/>\n\t<meta name=\"twitter:data2\" content=\"10\u00a0Minuten\" \/>\n<script type=\"application\/ld+json\" class=\"yoast-schema-graph\">{\"@context\":\"https:\/\/schema.org\",\"@graph\":[{\"@type\":\"Article\",\"@id\":\"https:\/\/www.herole.de\/blog\/nachhaltigkeit-im-klassenzimmer\/#article\",\"isPartOf\":{\"@id\":\"https:\/\/www.herole.de\/blog\/nachhaltigkeit-im-klassenzimmer\/\"},\"author\":{\"name\":\"Mia Lehmann\",\"@id\":\"https:\/\/www.herole.de\/blog\/#\/schema\/person\/408ea1f0b02ceaced45cd1a319be2482\"},\"headline\":\"Nachhaltigkeit: Ideen f\u00fcr den Schulunterricht\",\"datePublished\":\"2023-04-18T06:07:05+00:00\",\"dateModified\":\"2026-03-27T09:41:01+00:00\",\"mainEntityOfPage\":{\"@id\":\"https:\/\/www.herole.de\/blog\/nachhaltigkeit-im-klassenzimmer\/\"},\"wordCount\":1617,\"publisher\":{\"@id\":\"https:\/\/www.herole.de\/blog\/#organization\"},\"image\":{\"@id\":\"https:\/\/www.herole.de\/blog\/nachhaltigkeit-im-klassenzimmer\/#primaryimage\"},\"thumbnailUrl\":\"https:\/\/www.herole.de\/blog\/wp-content\/uploads\/Herole-Reisen_Berlin22_20220615174540_8145.jpg\",\"articleSection\":[\"Nachhaltigkeit\"],\"inLanguage\":\"de\"},{\"@type\":\"WebPage\",\"@id\":\"https:\/\/www.herole.de\/blog\/nachhaltigkeit-im-klassenzimmer\/\",\"url\":\"https:\/\/www.herole.de\/blog\/nachhaltigkeit-im-klassenzimmer\/\",\"name\":\"Nachhaltigkeit: Ideen f\u00fcr den Schulunterricht\",\"isPartOf\":{\"@id\":\"https:\/\/www.herole.de\/blog\/#website\"},\"primaryImageOfPage\":{\"@id\":\"https:\/\/www.herole.de\/blog\/nachhaltigkeit-im-klassenzimmer\/#primaryimage\"},\"image\":{\"@id\":\"https:\/\/www.herole.de\/blog\/nachhaltigkeit-im-klassenzimmer\/#primaryimage\"},\"thumbnailUrl\":\"https:\/\/www.herole.de\/blog\/wp-content\/uploads\/Herole-Reisen_Berlin22_20220615174540_8145.jpg\",\"datePublished\":\"2023-04-18T06:07:05+00:00\",\"dateModified\":\"2026-03-27T09:41:01+00:00\",\"description\":\"Lehrer:innen aufgepasst! Hier finden Sie Unterrichtstipps, wie Sie das Thema Nachhaltigkeit im Unterricht und auch praxisnah anwenden k\u00f6nnen.\",\"breadcrumb\":{\"@id\":\"https:\/\/www.herole.de\/blog\/nachhaltigkeit-im-klassenzimmer\/#breadcrumb\"},\"inLanguage\":\"de\",\"potentialAction\":[{\"@type\":\"ReadAction\",\"target\":[\"https:\/\/www.herole.de\/blog\/nachhaltigkeit-im-klassenzimmer\/\"]}]},{\"@type\":\"ImageObject\",\"inLanguage\":\"de\",\"@id\":\"https:\/\/www.herole.de\/blog\/nachhaltigkeit-im-klassenzimmer\/#primaryimage\",\"url\":\"https:\/\/www.herole.de\/blog\/wp-content\/uploads\/Herole-Reisen_Berlin22_20220615174540_8145.jpg\",\"contentUrl\":\"https:\/\/www.herole.de\/blog\/wp-content\/uploads\/Herole-Reisen_Berlin22_20220615174540_8145.jpg\",\"width\":1920,\"height\":1281,\"caption\":\"BNE zum Anfassen: Lernen im Gr\u00fcnen mit HEROL\u00c9.\"},{\"@type\":\"BreadcrumbList\",\"@id\":\"https:\/\/www.herole.de\/blog\/nachhaltigkeit-im-klassenzimmer\/#breadcrumb\",\"itemListElement\":[{\"@type\":\"ListItem\",\"position\":1,\"name\":\"Startseite\",\"item\":\"https:\/\/www.herole.de\/blog\/\"},{\"@type\":\"ListItem\",\"position\":2,\"name\":\"Nachhaltigkeit: Ideen f\u00fcr den Schulunterricht\"}]},{\"@type\":\"WebSite\",\"@id\":\"https:\/\/www.herole.de\/blog\/#website\",\"url\":\"https:\/\/www.herole.de\/blog\/\",\"name\":\"HEROL\u00c9 Ratgeber\",\"description\":\"Wissenswertes rund um die Organisation von Klassenfahrten, zudem Lehrertipps und Themen des Schulalltags.\",\"publisher\":{\"@id\":\"https:\/\/www.herole.de\/blog\/#organization\"},\"potentialAction\":[{\"@type\":\"SearchAction\",\"target\":{\"@type\":\"EntryPoint\",\"urlTemplate\":\"https:\/\/www.herole.de\/blog\/?s={search_term_string}\"},\"query-input\":{\"@type\":\"PropertyValueSpecification\",\"valueRequired\":true,\"valueName\":\"search_term_string\"}}],\"inLanguage\":\"de\"},{\"@type\":\"Organization\",\"@id\":\"https:\/\/www.herole.de\/blog\/#organization\",\"name\":\"HEROL\u00c9 Reisen GmbH\",\"url\":\"https:\/\/www.herole.de\/blog\/\",\"logo\":{\"@type\":\"ImageObject\",\"inLanguage\":\"de\",\"@id\":\"https:\/\/www.herole.de\/blog\/#\/schema\/logo\/image\/\",\"url\":\"https:\/\/www.herole.de\/blog\/wp-content\/uploads\/herole-logo.png\",\"contentUrl\":\"https:\/\/www.herole.de\/blog\/wp-content\/uploads\/herole-logo.png\",\"width\":274,\"height\":70,\"caption\":\"HEROL\u00c9 Reisen GmbH\"},\"image\":{\"@id\":\"https:\/\/www.herole.de\/blog\/#\/schema\/logo\/image\/\"},\"sameAs\":[\"https:\/\/www.facebook.com\/HeroleKlassenfahrten\",\"https:\/\/x.com\/herole_reisen\",\"https:\/\/instagram.com\/heroleklassenfahrten\",\"https:\/\/www.youtube.com\/HeroleReisen\"]},{\"@type\":\"Person\",\"@id\":\"https:\/\/www.herole.de\/blog\/#\/schema\/person\/408ea1f0b02ceaced45cd1a319be2482\",\"name\":\"Mia Lehmann\",\"image\":{\"@type\":\"ImageObject\",\"inLanguage\":\"de\",\"@id\":\"https:\/\/www.herole.de\/blog\/#\/schema\/person\/image\/\",\"url\":\"https:\/\/secure.gravatar.com\/avatar\/d61fa27838650681e6190ce4107aff3197f4e6355b0870c225e66c3e5dc4e7b8?s=96&d=mm&r=g\",\"contentUrl\":\"https:\/\/secure.gravatar.com\/avatar\/d61fa27838650681e6190ce4107aff3197f4e6355b0870c225e66c3e5dc4e7b8?s=96&d=mm&r=g\",\"caption\":\"Mia Lehmann\"}}]}<\/script>\n<!-- \/ Yoast SEO plugin. -->","yoast_head_json":{"title":"Nachhaltigkeit: Ideen f\u00fcr den Schulunterricht","description":"Lehrer:innen aufgepasst! Hier finden Sie Unterrichtstipps, wie Sie das Thema Nachhaltigkeit im Unterricht und auch praxisnah anwenden k\u00f6nnen.","robots":{"index":"index","follow":"follow","max-snippet":"max-snippet:-1","max-image-preview":"max-image-preview:large","max-video-preview":"max-video-preview:-1"},"canonical":"https:\/\/www.herole.de\/blog\/nachhaltigkeit-im-klassenzimmer\/","og_locale":"de_DE","og_type":"article","og_title":"Nachhaltigkeit: Ideen f\u00fcr den Schulunterricht","og_description":"Lehrer:innen aufgepasst! Hier finden Sie Unterrichtstipps, wie Sie das Thema Nachhaltigkeit im Unterricht und auch praxisnah anwenden k\u00f6nnen.","og_url":"https:\/\/www.herole.de\/blog\/nachhaltigkeit-im-klassenzimmer\/","og_site_name":"HEROL\u00c9 Ratgeber","article_publisher":"https:\/\/www.facebook.com\/HeroleKlassenfahrten","article_published_time":"2023-04-18T06:07:05+00:00","article_modified_time":"2026-03-27T09:41:01+00:00","og_image":[{"width":1920,"height":1281,"url":"https:\/\/www.herole.de\/blog\/wp-content\/uploads\/Herole-Reisen_Berlin22_20220615174540_8145.jpg","type":"image\/jpeg"}],"author":"Mia Lehmann","twitter_card":"summary_large_image","twitter_creator":"@herole_reisen","twitter_site":"@herole_reisen","twitter_misc":{"Verfasst von":"Mia Lehmann","Gesch\u00e4tzte Lesezeit":"10\u00a0Minuten"},"schema":{"@context":"https:\/\/schema.org","@graph":[{"@type":"Article","@id":"https:\/\/www.herole.de\/blog\/nachhaltigkeit-im-klassenzimmer\/#article","isPartOf":{"@id":"https:\/\/www.herole.de\/blog\/nachhaltigkeit-im-klassenzimmer\/"},"author":{"name":"Mia Lehmann","@id":"https:\/\/www.herole.de\/blog\/#\/schema\/person\/408ea1f0b02ceaced45cd1a319be2482"},"headline":"Nachhaltigkeit: Ideen f\u00fcr den Schulunterricht","datePublished":"2023-04-18T06:07:05+00:00","dateModified":"2026-03-27T09:41:01+00:00","mainEntityOfPage":{"@id":"https:\/\/www.herole.de\/blog\/nachhaltigkeit-im-klassenzimmer\/"},"wordCount":1617,"publisher":{"@id":"https:\/\/www.herole.de\/blog\/#organization"},"image":{"@id":"https:\/\/www.herole.de\/blog\/nachhaltigkeit-im-klassenzimmer\/#primaryimage"},"thumbnailUrl":"https:\/\/www.herole.de\/blog\/wp-content\/uploads\/Herole-Reisen_Berlin22_20220615174540_8145.jpg","articleSection":["Nachhaltigkeit"],"inLanguage":"de"},{"@type":"WebPage","@id":"https:\/\/www.herole.de\/blog\/nachhaltigkeit-im-klassenzimmer\/","url":"https:\/\/www.herole.de\/blog\/nachhaltigkeit-im-klassenzimmer\/","name":"Nachhaltigkeit: Ideen f\u00fcr den Schulunterricht","isPartOf":{"@id":"https:\/\/www.herole.de\/blog\/#website"},"primaryImageOfPage":{"@id":"https:\/\/www.herole.de\/blog\/nachhaltigkeit-im-klassenzimmer\/#primaryimage"},"image":{"@id":"https:\/\/www.herole.de\/blog\/nachhaltigkeit-im-klassenzimmer\/#primaryimage"},"thumbnailUrl":"https:\/\/www.herole.de\/blog\/wp-content\/uploads\/Herole-Reisen_Berlin22_20220615174540_8145.jpg","datePublished":"2023-04-18T06:07:05+00:00","dateModified":"2026-03-27T09:41:01+00:00","description":"Lehrer:innen aufgepasst! Hier finden Sie Unterrichtstipps, wie Sie das Thema Nachhaltigkeit im Unterricht und auch praxisnah anwenden k\u00f6nnen.","breadcrumb":{"@id":"https:\/\/www.herole.de\/blog\/nachhaltigkeit-im-klassenzimmer\/#breadcrumb"},"inLanguage":"de","potentialAction":[{"@type":"ReadAction","target":["https:\/\/www.herole.de\/blog\/nachhaltigkeit-im-klassenzimmer\/"]}]},{"@type":"ImageObject","inLanguage":"de","@id":"https:\/\/www.herole.de\/blog\/nachhaltigkeit-im-klassenzimmer\/#primaryimage","url":"https:\/\/www.herole.de\/blog\/wp-content\/uploads\/Herole-Reisen_Berlin22_20220615174540_8145.jpg","contentUrl":"https:\/\/www.herole.de\/blog\/wp-content\/uploads\/Herole-Reisen_Berlin22_20220615174540_8145.jpg","width":1920,"height":1281,"caption":"BNE zum Anfassen: Lernen im Gr\u00fcnen mit HEROL\u00c9."},{"@type":"BreadcrumbList","@id":"https:\/\/www.herole.de\/blog\/nachhaltigkeit-im-klassenzimmer\/#breadcrumb","itemListElement":[{"@type":"ListItem","position":1,"name":"Startseite","item":"https:\/\/www.herole.de\/blog\/"},{"@type":"ListItem","position":2,"name":"Nachhaltigkeit: Ideen f\u00fcr den Schulunterricht"}]},{"@type":"WebSite","@id":"https:\/\/www.herole.de\/blog\/#website","url":"https:\/\/www.herole.de\/blog\/","name":"HEROL\u00c9 Ratgeber","description":"Wissenswertes rund um die Organisation von Klassenfahrten, zudem Lehrertipps und Themen des Schulalltags.","publisher":{"@id":"https:\/\/www.herole.de\/blog\/#organization"},"potentialAction":[{"@type":"SearchAction","target":{"@type":"EntryPoint","urlTemplate":"https:\/\/www.herole.de\/blog\/?s={search_term_string}"},"query-input":{"@type":"PropertyValueSpecification","valueRequired":true,"valueName":"search_term_string"}}],"inLanguage":"de"},{"@type":"Organization","@id":"https:\/\/www.herole.de\/blog\/#organization","name":"HEROL\u00c9 Reisen GmbH","url":"https:\/\/www.herole.de\/blog\/","logo":{"@type":"ImageObject","inLanguage":"de","@id":"https:\/\/www.herole.de\/blog\/#\/schema\/logo\/image\/","url":"https:\/\/www.herole.de\/blog\/wp-content\/uploads\/herole-logo.png","contentUrl":"https:\/\/www.herole.de\/blog\/wp-content\/uploads\/herole-logo.png","width":274,"height":70,"caption":"HEROL\u00c9 Reisen GmbH"},"image":{"@id":"https:\/\/www.herole.de\/blog\/#\/schema\/logo\/image\/"},"sameAs":["https:\/\/www.facebook.com\/HeroleKlassenfahrten","https:\/\/x.com\/herole_reisen","https:\/\/instagram.com\/heroleklassenfahrten","https:\/\/www.youtube.com\/HeroleReisen"]},{"@type":"Person","@id":"https:\/\/www.herole.de\/blog\/#\/schema\/person\/408ea1f0b02ceaced45cd1a319be2482","name":"Mia Lehmann","image":{"@type":"ImageObject","inLanguage":"de","@id":"https:\/\/www.herole.de\/blog\/#\/schema\/person\/image\/","url":"https:\/\/secure.gravatar.com\/avatar\/d61fa27838650681e6190ce4107aff3197f4e6355b0870c225e66c3e5dc4e7b8?s=96&d=mm&r=g","contentUrl":"https:\/\/secure.gravatar.com\/avatar\/d61fa27838650681e6190ce4107aff3197f4e6355b0870c225e66c3e5dc4e7b8?s=96&d=mm&r=g","caption":"Mia Lehmann"}}]}},"_links":{"self":[{"href":"https:\/\/www.herole.de\/blog\/wp-json\/wp\/v2\/posts\/10136","targetHints":{"allow":["GET"]}}],"collection":[{"href":"https:\/\/www.herole.de\/blog\/wp-json\/wp\/v2\/posts"}],"about":[{"href":"https:\/\/www.herole.de\/blog\/wp-json\/wp\/v2\/types\/post"}],"author":[{"embeddable":true,"href":"https:\/\/www.herole.de\/blog\/wp-json\/wp\/v2\/users\/18"}],"replies":[{"embeddable":true,"href":"https:\/\/www.herole.de\/blog\/wp-json\/wp\/v2\/comments?post=10136"}],"version-history":[{"count":2,"href":"https:\/\/www.herole.de\/blog\/wp-json\/wp\/v2\/posts\/10136\/revisions"}],"predecessor-version":[{"id":34524,"href":"https:\/\/www.herole.de\/blog\/wp-json\/wp\/v2\/posts\/10136\/revisions\/34524"}],"wp:featuredmedia":[{"embeddable":true,"href":"https:\/\/www.herole.de\/blog\/wp-json\/wp\/v2\/media\/29868"}],"wp:attachment":[{"href":"https:\/\/www.herole.de\/blog\/wp-json\/wp\/v2\/media?parent=10136"}],"wp:term":[{"taxonomy":"category","embeddable":true,"href":"https:\/\/www.herole.de\/blog\/wp-json\/wp\/v2\/categories?post=10136"},{"taxonomy":"post_tag","embeddable":true,"href":"https:\/\/www.herole.de\/blog\/wp-json\/wp\/v2\/tags?post=10136"}],"curies":[{"name":"wp","href":"https:\/\/api.w.org\/{rel}","templated":true}]}}